{"id":1123,"date":"2008-11-16T17:48:31","date_gmt":"2008-11-16T22:48:31","guid":{"rendered":"http:\/\/www.terjeaamodt.com\/blog\/2008\/11\/16\/buldrekonkuranse-moldeveggen\/"},"modified":"2009-09-23T05:09:56","modified_gmt":"2009-09-23T10:09:56","slug":"buldrekonkuranse-moldeveggen","status":"publish","type":"post","link":"https:\/\/www.terjeaamodt.com\/blog\/2008\/11\/16\/buldrekonkuranse-moldeveggen\/","title":{"rendered":"Buldrekonkuranse Moldeveggen"},"content":{"rendered":"<p>I helga ble det arrangert buldrekonkuranse i Moldeveggen. Det var utrolig mange som m\u00f8tte opp, og stemningen var p\u00e5 topp. P\u00e5 kvelden ble det servert pizza og Anders Kringstad holdt lysbilde foredrag.<\/p>\n<p><a href=\"http:\/\/www.terjeaamodt.com\/blog\/wp-content\/uploads\/2008\/11\/image01-1.jpg\" onclick=\"window.open('http:\/\/www.terjeaamodt.com\/blog\/wp-content\/uploads\/2008\/11\/image01-1.jpg','popup','width=720,height=520,scrollbars=no,resizable=yes,toolbar=no,directories=no,location=no,menubar=no,status=yes,left=0,top=0');return false\"><img decoding=\"async\" src=\"http:\/\/www.terjeaamodt.com\/blog\/wp-content\/uploads\/2008\/11\/image01-1-tm.jpg\" height=\"325\" width=\"450\" border=\"1\" hspace=\"4\" vspace=\"4\" alt=\"Image01-1\" \/><\/a><br \/>\nJohannes Hvidsten p\u00e5 ett av de mer bratte buldrene.<\/p>\n<p><a href=\"http:\/\/www.terjeaamodt.com\/blog\/wp-content\/uploads\/2008\/11\/image02-1.jpg\" onclick=\"window.open('http:\/\/www.terjeaamodt.com\/blog\/wp-content\/uploads\/2008\/11\/image02-1.jpg','popup','width=720,height=520,scrollbars=no,resizable=yes,toolbar=no,directories=no,location=no,menubar=no,status=yes,left=0,top=0');return false\"><img decoding=\"async\" src=\"http:\/\/www.terjeaamodt.com\/blog\/wp-content\/uploads\/2008\/11\/image02-1-tm.jpg\" height=\"325\" width=\"450\" border=\"1\" hspace=\"4\" vspace=\"4\" alt=\"Image02-1\" \/><\/a><br \/>\nMange hadde tatt turen og det var nesten gamle &laquo;bomberom&raquo; tendenser i hallen. <\/p>\n<p><a href=\"http:\/\/www.terjeaamodt.com\/blog\/wp-content\/uploads\/2008\/11\/image03-2.jpg\" onclick=\"window.open('http:\/\/www.terjeaamodt.com\/blog\/wp-content\/uploads\/2008\/11\/image03-2.jpg','popup','width=720,height=520,scrollbars=no,resizable=yes,toolbar=no,directories=no,location=no,menubar=no,status=yes,left=0,top=0');return false\"><img decoding=\"async\" src=\"http:\/\/www.terjeaamodt.com\/blog\/wp-content\/uploads\/2008\/11\/image03-2-tm.jpg\" height=\"325\" width=\"450\" border=\"1\" hspace=\"4\" vspace=\"4\" alt=\"Image03-2\" \/><\/a><\/p>\n<p><a href=\"http:\/\/www.terjeaamodt.com\/blog\/wp-content\/uploads\/2008\/11\/image04.jpg\" onclick=\"window.open('http:\/\/www.terjeaamodt.com\/blog\/wp-content\/uploads\/2008\/11\/image04.jpg','popup','width=720,height=520,scrollbars=no,resizable=yes,toolbar=no,directories=no,location=no,menubar=no,status=yes,left=0,top=0');return false\"><img decoding=\"async\" src=\"http:\/\/www.terjeaamodt.com\/blog\/wp-content\/uploads\/2008\/11\/image04-tm.jpg\" height=\"325\" width=\"450\" border=\"1\" hspace=\"4\" vspace=\"4\" alt=\"Image04\" \/><\/a><\/p>\n<p><a href=\"http:\/\/www.terjeaamodt.com\/blog\/wp-content\/uploads\/2008\/11\/image05.jpg\" onclick=\"window.open('http:\/\/www.terjeaamodt.com\/blog\/wp-content\/uploads\/2008\/11\/image05.jpg','popup','width=720,height=520,scrollbars=no,resizable=yes,toolbar=no,directories=no,location=no,menubar=no,status=yes,left=0,top=0');return false\"><img decoding=\"async\" src=\"http:\/\/www.terjeaamodt.com\/blog\/wp-content\/uploads\/2008\/11\/image05-tm.jpg\" height=\"325\" width=\"450\" border=\"1\" hspace=\"4\" vspace=\"4\" alt=\"Image05\" \/><\/a><\/p>\n<p><a href=\"http:\/\/www.terjeaamodt.com\/blog\/wp-content\/uploads\/2008\/11\/image06.jpg\" onclick=\"window.open('http:\/\/www.terjeaamodt.com\/blog\/wp-content\/uploads\/2008\/11\/image06.jpg','popup','width=720,height=520,scrollbars=no,resizable=yes,toolbar=no,directories=no,location=no,menubar=no,status=yes,left=0,top=0');return false\"><img decoding=\"async\" src=\"http:\/\/www.terjeaamodt.com\/blog\/wp-content\/uploads\/2008\/11\/image06-tm.jpg\" height=\"325\" width=\"450\" border=\"1\" hspace=\"4\" vspace=\"4\" alt=\"Image06\" \/><\/a><\/p>\n<p><a href=\"http:\/\/www.terjeaamodt.com\/blog\/wp-content\/uploads\/2008\/11\/image07.jpg\" onclick=\"window.open('http:\/\/www.terjeaamodt.com\/blog\/wp-content\/uploads\/2008\/11\/image07.jpg','popup','width=720,height=520,scrollbars=no,resizable=yes,toolbar=no,directories=no,location=no,menubar=no,status=yes,left=0,top=0');return false\"><img decoding=\"async\" src=\"http:\/\/www.terjeaamodt.com\/blog\/wp-content\/uploads\/2008\/11\/image07-tm.jpg\" height=\"325\" width=\"450\" border=\"1\" hspace=\"4\" vspace=\"4\" alt=\"Image07\" \/><\/a><\/p>\n<p><a href=\"http:\/\/www.terjeaamodt.com\/blog\/wp-content\/uploads\/2008\/11\/image08.jpg\" onclick=\"window.open('http:\/\/www.terjeaamodt.com\/blog\/wp-content\/uploads\/2008\/11\/image08.jpg','popup','width=720,height=520,scrollbars=no,resizable=yes,toolbar=no,directories=no,location=no,menubar=no,status=yes,left=0,top=0');return false\"><img decoding=\"async\" src=\"http:\/\/www.terjeaamodt.com\/blog\/wp-content\/uploads\/2008\/11\/image08-tm.jpg\" height=\"325\" width=\"450\" border=\"1\" hspace=\"4\" vspace=\"4\" alt=\"Image08\" \/><\/a><br \/>\nKonkuransen om beste mannlige og kvinnelige buldrer ble avgjort med h\u00e5ndbak for damene, og pushups for herrene til stor jubel fra publikum.<\/p>\n","protected":false},"excerpt":{"rendered":"<p>I helga ble det arrangert buldrekonkuranse i Moldeveggen. Det var utrolig mange som m\u00f8tte opp, og stemningen var p\u00e5 topp. P\u00e5 kvelden ble det servert pizza og Anders Kringstad holdt lysbilde foredrag. Johannes Hvidsten p\u00e5 ett av de mer bratte buldrene. Mange hadde tatt turen og det var nesten gamle &laquo;bomberom&raquo; tendenser i hallen. Konkuransen [&hellip;]<\/p>\n","protected":false},"author":1,"featured_media":0,"comment_status":"open","ping_status":"open","sticky":false,"template":"","format":"standard","meta":{"footnotes":""},"categories":[6],"tags":[],"class_list":["post-1123","post","type-post","status-publish","format-standard","hentry","category-klatring"],"yoast_head":"<!-- This site is optimized with the Yoast SEO plugin v27.1.1 - https:\/\/yoast.com\/product\/yoast-seo-wordpress\/ -->\n<title>Buldrekonkuranse Moldeveggen | Terje Aamodt Photography blog<\/title>\n<meta name=\"robots\" content=\"index, follow, max-snippet:-1, max-image-preview:large, max-video-preview:-1\" \/>\n<link rel=\"canonical\" href=\"https:\/\/www.terjeaamodt.com\/blog\/2008\/11\/16\/buldrekonkuranse-moldeveggen\/\" \/>\n<meta property=\"og:locale\" content=\"nb_NO\" \/>\n<meta property=\"og:type\" content=\"article\" \/>\n<meta property=\"og:title\" content=\"Buldrekonkuranse Moldeveggen | Terje Aamodt Photography blog\" \/>\n<meta property=\"og:description\" content=\"I helga ble det arrangert buldrekonkuranse i Moldeveggen. Det var utrolig mange som m\u00f8tte opp, og stemningen var p\u00e5 topp. P\u00e5 kvelden ble det servert pizza og Anders Kringstad holdt lysbilde foredrag. Johannes Hvidsten p\u00e5 ett av de mer bratte buldrene. Mange hadde tatt turen og det var nesten gamle &laquo;bomberom&raquo; tendenser i hallen. Konkuransen [&hellip;]\" \/>\n<meta property=\"og:url\" content=\"https:\/\/www.terjeaamodt.com\/blog\/2008\/11\/16\/buldrekonkuranse-moldeveggen\/\" \/>\n<meta property=\"og:site_name\" content=\"Terje Aamodt Photography blog\" \/>\n<meta property=\"article:publisher\" content=\"https:\/\/www.facebook.com\/Terje-Aamodt-Photography-161544107229708\/?ref=hl\" \/>\n<meta property=\"article:published_time\" content=\"2008-11-16T22:48:31+00:00\" \/>\n<meta property=\"article:modified_time\" content=\"2009-09-23T10:09:56+00:00\" \/>\n<meta property=\"og:image\" content=\"http:\/\/www.terjeaamodt.com\/blog\/wp-content\/uploads\/2008\/11\/image01-1-tm.jpg\" \/>\n<meta name=\"author\" content=\"Terje Aamodt\" \/>\n<meta name=\"twitter:card\" content=\"summary_large_image\" \/>\n<meta name=\"twitter:creator\" content=\"@aamodtfoto\" \/>\n<meta name=\"twitter:site\" content=\"@aamodtfoto\" \/>\n<meta name=\"twitter:label1\" content=\"Skrevet av\" \/>\n\t<meta name=\"twitter:data1\" content=\"Terje Aamodt\" \/>\n<script type=\"application\/ld+json\" class=\"yoast-schema-graph\">{\"@context\":\"https:\/\/schema.org\",\"@graph\":[{\"@type\":\"Article\",\"@id\":\"https:\/\/www.terjeaamodt.com\/blog\/2008\/11\/16\/buldrekonkuranse-moldeveggen\/#article\",\"isPartOf\":{\"@id\":\"https:\/\/www.terjeaamodt.com\/blog\/2008\/11\/16\/buldrekonkuranse-moldeveggen\/\"},\"author\":{\"name\":\"Terje Aamodt\",\"@id\":\"https:\/\/www.terjeaamodt.com\/blog\/#\/schema\/person\/421fe074073d41cf4e17a2aaa426f5bd\"},\"headline\":\"Buldrekonkuranse Moldeveggen\",\"datePublished\":\"2008-11-16T22:48:31+00:00\",\"dateModified\":\"2009-09-23T10:09:56+00:00\",\"mainEntityOfPage\":{\"@id\":\"https:\/\/www.terjeaamodt.com\/blog\/2008\/11\/16\/buldrekonkuranse-moldeveggen\/\"},\"wordCount\":80,\"commentCount\":1,\"image\":{\"@id\":\"https:\/\/www.terjeaamodt.com\/blog\/2008\/11\/16\/buldrekonkuranse-moldeveggen\/#primaryimage\"},\"thumbnailUrl\":\"http:\/\/www.terjeaamodt.com\/blog\/wp-content\/uploads\/2008\/11\/image01-1-tm.jpg\",\"articleSection\":[\"klatring\"],\"inLanguage\":\"nb-NO\",\"potentialAction\":[{\"@type\":\"CommentAction\",\"name\":\"Comment\",\"target\":[\"https:\/\/www.terjeaamodt.com\/blog\/2008\/11\/16\/buldrekonkuranse-moldeveggen\/#respond\"]}]},{\"@type\":\"WebPage\",\"@id\":\"https:\/\/www.terjeaamodt.com\/blog\/2008\/11\/16\/buldrekonkuranse-moldeveggen\/\",\"url\":\"https:\/\/www.terjeaamodt.com\/blog\/2008\/11\/16\/buldrekonkuranse-moldeveggen\/\",\"name\":\"Buldrekonkuranse Moldeveggen | Terje Aamodt Photography blog\",\"isPartOf\":{\"@id\":\"https:\/\/www.terjeaamodt.com\/blog\/#website\"},\"primaryImageOfPage\":{\"@id\":\"https:\/\/www.terjeaamodt.com\/blog\/2008\/11\/16\/buldrekonkuranse-moldeveggen\/#primaryimage\"},\"image\":{\"@id\":\"https:\/\/www.terjeaamodt.com\/blog\/2008\/11\/16\/buldrekonkuranse-moldeveggen\/#primaryimage\"},\"thumbnailUrl\":\"http:\/\/www.terjeaamodt.com\/blog\/wp-content\/uploads\/2008\/11\/image01-1-tm.jpg\",\"datePublished\":\"2008-11-16T22:48:31+00:00\",\"dateModified\":\"2009-09-23T10:09:56+00:00\",\"author\":{\"@id\":\"https:\/\/www.terjeaamodt.com\/blog\/#\/schema\/person\/421fe074073d41cf4e17a2aaa426f5bd\"},\"breadcrumb\":{\"@id\":\"https:\/\/www.terjeaamodt.com\/blog\/2008\/11\/16\/buldrekonkuranse-moldeveggen\/#breadcrumb\"},\"inLanguage\":\"nb-NO\",\"potentialAction\":[{\"@type\":\"ReadAction\",\"target\":[\"https:\/\/www.terjeaamodt.com\/blog\/2008\/11\/16\/buldrekonkuranse-moldeveggen\/\"]}]},{\"@type\":\"ImageObject\",\"inLanguage\":\"nb-NO\",\"@id\":\"https:\/\/www.terjeaamodt.com\/blog\/2008\/11\/16\/buldrekonkuranse-moldeveggen\/#primaryimage\",\"url\":\"http:\/\/www.terjeaamodt.com\/blog\/wp-content\/uploads\/2008\/11\/image01-1-tm.jpg\",\"contentUrl\":\"http:\/\/www.terjeaamodt.com\/blog\/wp-content\/uploads\/2008\/11\/image01-1-tm.jpg\"},{\"@type\":\"BreadcrumbList\",\"@id\":\"https:\/\/www.terjeaamodt.com\/blog\/2008\/11\/16\/buldrekonkuranse-moldeveggen\/#breadcrumb\",\"itemListElement\":[{\"@type\":\"ListItem\",\"position\":1,\"name\":\"Home\",\"item\":\"https:\/\/www.terjeaamodt.com\/blog\/\"},{\"@type\":\"ListItem\",\"position\":2,\"name\":\"Buldrekonkuranse Moldeveggen\"}]},{\"@type\":\"WebSite\",\"@id\":\"https:\/\/www.terjeaamodt.com\/blog\/#website\",\"url\":\"https:\/\/www.terjeaamodt.com\/blog\/\",\"name\":\"Terje Aamodt Photography blog\",\"description\":\"\",\"potentialAction\":[{\"@type\":\"SearchAction\",\"target\":{\"@type\":\"EntryPoint\",\"urlTemplate\":\"https:\/\/www.terjeaamodt.com\/blog\/?s={search_term_string}\"},\"query-input\":{\"@type\":\"PropertyValueSpecification\",\"valueRequired\":true,\"valueName\":\"search_term_string\"}}],\"inLanguage\":\"nb-NO\"},{\"@type\":\"Person\",\"@id\":\"https:\/\/www.terjeaamodt.com\/blog\/#\/schema\/person\/421fe074073d41cf4e17a2aaa426f5bd\",\"name\":\"Terje Aamodt\",\"image\":{\"@type\":\"ImageObject\",\"inLanguage\":\"nb-NO\",\"@id\":\"https:\/\/www.terjeaamodt.com\/blog\/#\/schema\/person\/image\/\",\"url\":\"https:\/\/secure.gravatar.com\/avatar\/42c15fcafccc8dea0466e1f48bbabee5d657af333b66d515f227538e430e6f37?s=96&d=mm&r=g\",\"contentUrl\":\"https:\/\/secure.gravatar.com\/avatar\/42c15fcafccc8dea0466e1f48bbabee5d657af333b66d515f227538e430e6f37?s=96&d=mm&r=g\",\"caption\":\"Terje Aamodt\"},\"description\":\"Terje Aamodt, fotograf og klattrer\",\"sameAs\":[\"http:\/\/www.terjeaamodt.com\"],\"url\":\"https:\/\/www.terjeaamodt.com\/blog\/author\/admin\/\"}]}<\/script>\n<!-- \/ Yoast SEO plugin. -->","yoast_head_json":{"title":"Buldrekonkuranse Moldeveggen | Terje Aamodt Photography blog","robots":{"index":"index","follow":"follow","max-snippet":"max-snippet:-1","max-image-preview":"max-image-preview:large","max-video-preview":"max-video-preview:-1"},"canonical":"https:\/\/www.terjeaamodt.com\/blog\/2008\/11\/16\/buldrekonkuranse-moldeveggen\/","og_locale":"nb_NO","og_type":"article","og_title":"Buldrekonkuranse Moldeveggen | Terje Aamodt Photography blog","og_description":"I helga ble det arrangert buldrekonkuranse i Moldeveggen. Det var utrolig mange som m\u00f8tte opp, og stemningen var p\u00e5 topp. P\u00e5 kvelden ble det servert pizza og Anders Kringstad holdt lysbilde foredrag. Johannes Hvidsten p\u00e5 ett av de mer bratte buldrene. Mange hadde tatt turen og det var nesten gamle &laquo;bomberom&raquo; tendenser i hallen. Konkuransen [&hellip;]","og_url":"https:\/\/www.terjeaamodt.com\/blog\/2008\/11\/16\/buldrekonkuranse-moldeveggen\/","og_site_name":"Terje Aamodt Photography blog","article_publisher":"https:\/\/www.facebook.com\/Terje-Aamodt-Photography-161544107229708\/?ref=hl","article_published_time":"2008-11-16T22:48:31+00:00","article_modified_time":"2009-09-23T10:09:56+00:00","og_image":[{"url":"http:\/\/www.terjeaamodt.com\/blog\/wp-content\/uploads\/2008\/11\/image01-1-tm.jpg","type":"","width":"","height":""}],"author":"Terje Aamodt","twitter_card":"summary_large_image","twitter_creator":"@aamodtfoto","twitter_site":"@aamodtfoto","twitter_misc":{"Skrevet av":"Terje Aamodt"},"schema":{"@context":"https:\/\/schema.org","@graph":[{"@type":"Article","@id":"https:\/\/www.terjeaamodt.com\/blog\/2008\/11\/16\/buldrekonkuranse-moldeveggen\/#article","isPartOf":{"@id":"https:\/\/www.terjeaamodt.com\/blog\/2008\/11\/16\/buldrekonkuranse-moldeveggen\/"},"author":{"name":"Terje Aamodt","@id":"https:\/\/www.terjeaamodt.com\/blog\/#\/schema\/person\/421fe074073d41cf4e17a2aaa426f5bd"},"headline":"Buldrekonkuranse Moldeveggen","datePublished":"2008-11-16T22:48:31+00:00","dateModified":"2009-09-23T10:09:56+00:00","mainEntityOfPage":{"@id":"https:\/\/www.terjeaamodt.com\/blog\/2008\/11\/16\/buldrekonkuranse-moldeveggen\/"},"wordCount":80,"commentCount":1,"image":{"@id":"https:\/\/www.terjeaamodt.com\/blog\/2008\/11\/16\/buldrekonkuranse-moldeveggen\/#primaryimage"},"thumbnailUrl":"http:\/\/www.terjeaamodt.com\/blog\/wp-content\/uploads\/2008\/11\/image01-1-tm.jpg","articleSection":["klatring"],"inLanguage":"nb-NO","potentialAction":[{"@type":"CommentAction","name":"Comment","target":["https:\/\/www.terjeaamodt.com\/blog\/2008\/11\/16\/buldrekonkuranse-moldeveggen\/#respond"]}]},{"@type":"WebPage","@id":"https:\/\/www.terjeaamodt.com\/blog\/2008\/11\/16\/buldrekonkuranse-moldeveggen\/","url":"https:\/\/www.terjeaamodt.com\/blog\/2008\/11\/16\/buldrekonkuranse-moldeveggen\/","name":"Buldrekonkuranse Moldeveggen | Terje Aamodt Photography blog","isPartOf":{"@id":"https:\/\/www.terjeaamodt.com\/blog\/#website"},"primaryImageOfPage":{"@id":"https:\/\/www.terjeaamodt.com\/blog\/2008\/11\/16\/buldrekonkuranse-moldeveggen\/#primaryimage"},"image":{"@id":"https:\/\/www.terjeaamodt.com\/blog\/2008\/11\/16\/buldrekonkuranse-moldeveggen\/#primaryimage"},"thumbnailUrl":"http:\/\/www.terjeaamodt.com\/blog\/wp-content\/uploads\/2008\/11\/image01-1-tm.jpg","datePublished":"2008-11-16T22:48:31+00:00","dateModified":"2009-09-23T10:09:56+00:00","author":{"@id":"https:\/\/www.terjeaamodt.com\/blog\/#\/schema\/person\/421fe074073d41cf4e17a2aaa426f5bd"},"breadcrumb":{"@id":"https:\/\/www.terjeaamodt.com\/blog\/2008\/11\/16\/buldrekonkuranse-moldeveggen\/#breadcrumb"},"inLanguage":"nb-NO","potentialAction":[{"@type":"ReadAction","target":["https:\/\/www.terjeaamodt.com\/blog\/2008\/11\/16\/buldrekonkuranse-moldeveggen\/"]}]},{"@type":"ImageObject","inLanguage":"nb-NO","@id":"https:\/\/www.terjeaamodt.com\/blog\/2008\/11\/16\/buldrekonkuranse-moldeveggen\/#primaryimage","url":"http:\/\/www.terjeaamodt.com\/blog\/wp-content\/uploads\/2008\/11\/image01-1-tm.jpg","contentUrl":"http:\/\/www.terjeaamodt.com\/blog\/wp-content\/uploads\/2008\/11\/image01-1-tm.jpg"},{"@type":"BreadcrumbList","@id":"https:\/\/www.terjeaamodt.com\/blog\/2008\/11\/16\/buldrekonkuranse-moldeveggen\/#breadcrumb","itemListElement":[{"@type":"ListItem","position":1,"name":"Home","item":"https:\/\/www.terjeaamodt.com\/blog\/"},{"@type":"ListItem","position":2,"name":"Buldrekonkuranse Moldeveggen"}]},{"@type":"WebSite","@id":"https:\/\/www.terjeaamodt.com\/blog\/#website","url":"https:\/\/www.terjeaamodt.com\/blog\/","name":"Terje Aamodt Photography blog","description":"","potentialAction":[{"@type":"SearchAction","target":{"@type":"EntryPoint","urlTemplate":"https:\/\/www.terjeaamodt.com\/blog\/?s={search_term_string}"},"query-input":{"@type":"PropertyValueSpecification","valueRequired":true,"valueName":"search_term_string"}}],"inLanguage":"nb-NO"},{"@type":"Person","@id":"https:\/\/www.terjeaamodt.com\/blog\/#\/schema\/person\/421fe074073d41cf4e17a2aaa426f5bd","name":"Terje Aamodt","image":{"@type":"ImageObject","inLanguage":"nb-NO","@id":"https:\/\/www.terjeaamodt.com\/blog\/#\/schema\/person\/image\/","url":"https:\/\/secure.gravatar.com\/avatar\/42c15fcafccc8dea0466e1f48bbabee5d657af333b66d515f227538e430e6f37?s=96&d=mm&r=g","contentUrl":"https:\/\/secure.gravatar.com\/avatar\/42c15fcafccc8dea0466e1f48bbabee5d657af333b66d515f227538e430e6f37?s=96&d=mm&r=g","caption":"Terje Aamodt"},"description":"Terje Aamodt, fotograf og klattrer","sameAs":["http:\/\/www.terjeaamodt.com"],"url":"https:\/\/www.terjeaamodt.com\/blog\/author\/admin\/"}]}},"_links":{"self":[{"href":"https:\/\/www.terjeaamodt.com\/blog\/wp-json\/wp\/v2\/posts\/1123","targetHints":{"allow":["GET"]}}],"collection":[{"href":"https:\/\/www.terjeaamodt.com\/blog\/wp-json\/wp\/v2\/posts"}],"about":[{"href":"https:\/\/www.terjeaamodt.com\/blog\/wp-json\/wp\/v2\/types\/post"}],"author":[{"embeddable":true,"href":"https:\/\/www.terjeaamodt.com\/blog\/wp-json\/wp\/v2\/users\/1"}],"replies":[{"embeddable":true,"href":"https:\/\/www.terjeaamodt.com\/blog\/wp-json\/wp\/v2\/comments?post=1123"}],"version-history":[{"count":1,"href":"https:\/\/www.terjeaamodt.com\/blog\/wp-json\/wp\/v2\/posts\/1123\/revisions"}],"predecessor-version":[{"id":1826,"href":"https:\/\/www.terjeaamodt.com\/blog\/wp-json\/wp\/v2\/posts\/1123\/revisions\/1826"}],"wp:attachment":[{"href":"https:\/\/www.terjeaamodt.com\/blog\/wp-json\/wp\/v2\/media?parent=1123"}],"wp:term":[{"taxonomy":"category","embeddable":true,"href":"https:\/\/www.terjeaamodt.com\/blog\/wp-json\/wp\/v2\/categories?post=1123"},{"taxonomy":"post_tag","embeddable":true,"href":"https:\/\/www.terjeaamodt.com\/blog\/wp-json\/wp\/v2\/tags?post=1123"}],"curies":[{"name":"wp","href":"https:\/\/api.w.org\/{rel}","templated":true}]}}