{"id":1364,"date":"2009-01-27T03:55:49","date_gmt":"2009-01-27T08:55:49","guid":{"rendered":"http:\/\/www.terjeaamodt.com\/blog\/2009\/01\/27\/tilbake-til-norge\/"},"modified":"2009-09-23T04:58:52","modified_gmt":"2009-09-23T09:58:52","slug":"tilbake-til-norge","status":"publish","type":"post","link":"https:\/\/www.terjeaamodt.com\/blog\/2009\/01\/27\/tilbake-til-norge\/","title":{"rendered":"Tilbake til Norge."},"content":{"rendered":"<p>Da er vi kommet tilbake til kalde Norge igjen. Trenger nok noen dager p\u00e5 \u00e5 avklimatisere meg kjenner jeg. Frem med stillongs og dunjakke.<br \/>\nN\u00e5 er det ski og vinter som gjelder.<br \/>\nHer er noen klatre bilder fra de siste dagene p\u00e5 Ton Sai.<br \/>\nKomer til \u00e5 legge ut et slide show med bilder fra turen s\u00e5 snart jeg f\u00e5r tid og anledning. Tok mer en 13000 bilder p\u00e5 turen, s\u00e5 det vil ta litt tid og g\u00e5 igjen alt.<\/p>\n<p><a onclick=\"window.open('http:\/\/www.terjeaamodt.com\/blog\/wp-content\/uploads\/2009\/01\/blog-ton-sai-13347.jpg','popup','width=720,height=520,scrollbars=no,resizable=yes,toolbar=no,directories=no,location=no,menubar=no,status=yes,left=0,top=0');return false\" href=\"http:\/\/www.terjeaamodt.com\/blog\/wp-content\/uploads\/2009\/01\/blog-ton-sai-13347.jpg\"><img decoding=\"async\" src=\"http:\/\/www.terjeaamodt.com\/blog\/wp-content\/uploads\/2009\/01\/blog-ton-sai-13347-tm.jpg\" border=\"1\" alt=\"Blog Ton Sai 13347\" hspace=\"4\" vspace=\"4\" width=\"450\" height=\"325\" \/><\/a><br \/>\nSaid Belhaj klatrer 3 taulengde p\u00e5 The king &amp; I. En fantastisk kul og eksponert 7B+<\/p>\n<p><a onclick=\"window.open('http:\/\/www.terjeaamodt.com\/blog\/wp-content\/uploads\/2009\/01\/blog-ton-sai-13348.jpg','popup','width=720,height=520,scrollbars=no,resizable=yes,toolbar=no,directories=no,location=no,menubar=no,status=yes,left=0,top=0');return false\" href=\"http:\/\/www.terjeaamodt.com\/blog\/wp-content\/uploads\/2009\/01\/blog-ton-sai-13348.jpg\"><img decoding=\"async\" src=\"http:\/\/www.terjeaamodt.com\/blog\/wp-content\/uploads\/2009\/01\/blog-ton-sai-13348-tm.jpg\" border=\"1\" alt=\"Blog Ton Sai 13348\" hspace=\"4\" vspace=\"4\" width=\"450\" height=\"325\" \/><\/a><br \/>\nSaid Belhaj onsight&#8217;er Asia Shadow Play 8A+.<\/p>\n<p><a onclick=\"window.open('http:\/\/www.terjeaamodt.com\/blog\/wp-content\/uploads\/2009\/01\/blog-ton-sai-13349.jpg','popup','width=720,height=520,scrollbars=no,resizable=yes,toolbar=no,directories=no,location=no,menubar=no,status=yes,left=0,top=0');return false\" href=\"http:\/\/www.terjeaamodt.com\/blog\/wp-content\/uploads\/2009\/01\/blog-ton-sai-13349.jpg\"><img decoding=\"async\" src=\"http:\/\/www.terjeaamodt.com\/blog\/wp-content\/uploads\/2009\/01\/blog-ton-sai-13349-tm.jpg\" border=\"1\" alt=\"Blog Ton Sai 13349\" hspace=\"4\" vspace=\"4\" width=\"450\" height=\"325\" \/><\/a><br \/>\nOla Brahammar p\u00e5 Greed.<\/p>\n<p><a onclick=\"window.open('http:\/\/www.terjeaamodt.com\/blog\/wp-content\/uploads\/2009\/01\/blog-ton-sai-13350.jpg','popup','width=720,height=520,scrollbars=no,resizable=yes,toolbar=no,directories=no,location=no,menubar=no,status=yes,left=0,top=0');return false\" href=\"http:\/\/www.terjeaamodt.com\/blog\/wp-content\/uploads\/2009\/01\/blog-ton-sai-13350.jpg\"><img decoding=\"async\" src=\"http:\/\/www.terjeaamodt.com\/blog\/wp-content\/uploads\/2009\/01\/blog-ton-sai-13350-tm.jpg\" border=\"1\" alt=\"Blog Ton Sai 13350\" hspace=\"4\" vspace=\"4\" width=\"450\" height=\"325\" \/><\/a><br \/>\nSangwon Son som nylig hadde v\u00e6rt i Norge og klatret. Her viser han hvordan Tantrum 8A+ kan gj\u00f8res dersom du er veldig sterk.<\/p>\n<p><a onclick=\"window.open('http:\/\/www.terjeaamodt.com\/blog\/wp-content\/uploads\/2009\/01\/blog-ton-sai-13351.jpg','popup','width=720,height=520,scrollbars=no,resizable=yes,toolbar=no,directories=no,location=no,menubar=no,status=yes,left=0,top=0');return false\" href=\"http:\/\/www.terjeaamodt.com\/blog\/wp-content\/uploads\/2009\/01\/blog-ton-sai-13351.jpg\"><img decoding=\"async\" src=\"http:\/\/www.terjeaamodt.com\/blog\/wp-content\/uploads\/2009\/01\/blog-ton-sai-13351-tm.jpg\" border=\"1\" alt=\"Blog Ton Sai 13351\" hspace=\"4\" vspace=\"4\" width=\"450\" height=\"325\" \/><\/a><br \/>\nSaid Belhaj.<\/p>\n<p><a onclick=\"window.open('http:\/\/www.terjeaamodt.com\/blog\/wp-content\/uploads\/2009\/01\/blog-ton-sai-13352.jpg','popup','width=720,height=520,scrollbars=no,resizable=yes,toolbar=no,directories=no,location=no,menubar=no,status=yes,left=0,top=0');return false\" href=\"http:\/\/www.terjeaamodt.com\/blog\/wp-content\/uploads\/2009\/01\/blog-ton-sai-13352.jpg\"><img decoding=\"async\" src=\"http:\/\/www.terjeaamodt.com\/blog\/wp-content\/uploads\/2009\/01\/blog-ton-sai-13352-tm.jpg\" border=\"1\" alt=\"Blog Ton Sai 13352\" hspace=\"4\" vspace=\"4\" width=\"450\" height=\"325\" \/><\/a><br \/>\nLina Colden kruser Ton Sai Playboy.<\/p>\n","protected":false},"excerpt":{"rendered":"<p>Da er vi kommet tilbake til kalde Norge igjen. Trenger nok noen dager p\u00e5 \u00e5 avklimatisere meg kjenner jeg. Frem med stillongs og dunjakke. N\u00e5 er det ski og vinter som gjelder. Her er noen klatre bilder fra de siste dagene p\u00e5 Ton Sai. Komer til \u00e5 legge ut et slide show med bilder fra [&hellip;]<\/p>\n","protected":false},"author":1,"featured_media":0,"comment_status":"open","ping_status":"open","sticky":false,"template":"","format":"standard","meta":{"footnotes":""},"categories":[6,11],"tags":[],"class_list":["post-1364","post","type-post","status-publish","format-standard","hentry","category-klatring","category-reise"],"yoast_head":"<!-- This site is optimized with the Yoast SEO plugin v27.1.1 - https:\/\/yoast.com\/product\/yoast-seo-wordpress\/ -->\n<title>Tilbake til Norge. | Terje Aamodt Photography blog<\/title>\n<meta name=\"robots\" content=\"index, follow, max-snippet:-1, max-image-preview:large, max-video-preview:-1\" \/>\n<link rel=\"canonical\" href=\"https:\/\/www.terjeaamodt.com\/blog\/2009\/01\/27\/tilbake-til-norge\/\" \/>\n<meta property=\"og:locale\" content=\"nb_NO\" \/>\n<meta property=\"og:type\" content=\"article\" \/>\n<meta property=\"og:title\" content=\"Tilbake til Norge. | Terje Aamodt Photography blog\" \/>\n<meta property=\"og:description\" content=\"Da er vi kommet tilbake til kalde Norge igjen. Trenger nok noen dager p\u00e5 \u00e5 avklimatisere meg kjenner jeg. Frem med stillongs og dunjakke. N\u00e5 er det ski og vinter som gjelder. Her er noen klatre bilder fra de siste dagene p\u00e5 Ton Sai. Komer til \u00e5 legge ut et slide show med bilder fra [&hellip;]\" \/>\n<meta property=\"og:url\" content=\"https:\/\/www.terjeaamodt.com\/blog\/2009\/01\/27\/tilbake-til-norge\/\" \/>\n<meta property=\"og:site_name\" content=\"Terje Aamodt Photography blog\" \/>\n<meta property=\"article:publisher\" content=\"https:\/\/www.facebook.com\/Terje-Aamodt-Photography-161544107229708\/?ref=hl\" \/>\n<meta property=\"article:published_time\" content=\"2009-01-27T08:55:49+00:00\" \/>\n<meta property=\"article:modified_time\" content=\"2009-09-23T09:58:52+00:00\" \/>\n<meta property=\"og:image\" content=\"http:\/\/www.terjeaamodt.com\/blog\/wp-content\/uploads\/2009\/01\/blog-ton-sai-13347-tm.jpg\" \/>\n<meta name=\"author\" content=\"Terje Aamodt\" \/>\n<meta name=\"twitter:card\" content=\"summary_large_image\" \/>\n<meta name=\"twitter:creator\" content=\"@aamodtfoto\" \/>\n<meta name=\"twitter:site\" content=\"@aamodtfoto\" \/>\n<meta name=\"twitter:label1\" content=\"Skrevet av\" \/>\n\t<meta name=\"twitter:data1\" content=\"Terje Aamodt\" \/>\n\t<meta name=\"twitter:label2\" content=\"Ansl. lesetid\" \/>\n\t<meta name=\"twitter:data2\" content=\"1 minutt\" \/>\n<script type=\"application\/ld+json\" class=\"yoast-schema-graph\">{\"@context\":\"https:\/\/schema.org\",\"@graph\":[{\"@type\":\"Article\",\"@id\":\"https:\/\/www.terjeaamodt.com\/blog\/2009\/01\/27\/tilbake-til-norge\/#article\",\"isPartOf\":{\"@id\":\"https:\/\/www.terjeaamodt.com\/blog\/2009\/01\/27\/tilbake-til-norge\/\"},\"author\":{\"name\":\"Terje Aamodt\",\"@id\":\"https:\/\/www.terjeaamodt.com\/blog\/#\/schema\/person\/421fe074073d41cf4e17a2aaa426f5bd\"},\"headline\":\"Tilbake til Norge.\",\"datePublished\":\"2009-01-27T08:55:49+00:00\",\"dateModified\":\"2009-09-23T09:58:52+00:00\",\"mainEntityOfPage\":{\"@id\":\"https:\/\/www.terjeaamodt.com\/blog\/2009\/01\/27\/tilbake-til-norge\/\"},\"wordCount\":141,\"commentCount\":0,\"image\":{\"@id\":\"https:\/\/www.terjeaamodt.com\/blog\/2009\/01\/27\/tilbake-til-norge\/#primaryimage\"},\"thumbnailUrl\":\"http:\/\/www.terjeaamodt.com\/blog\/wp-content\/uploads\/2009\/01\/blog-ton-sai-13347-tm.jpg\",\"articleSection\":[\"klatring\",\"Reise\"],\"inLanguage\":\"nb-NO\",\"potentialAction\":[{\"@type\":\"CommentAction\",\"name\":\"Comment\",\"target\":[\"https:\/\/www.terjeaamodt.com\/blog\/2009\/01\/27\/tilbake-til-norge\/#respond\"]}]},{\"@type\":\"WebPage\",\"@id\":\"https:\/\/www.terjeaamodt.com\/blog\/2009\/01\/27\/tilbake-til-norge\/\",\"url\":\"https:\/\/www.terjeaamodt.com\/blog\/2009\/01\/27\/tilbake-til-norge\/\",\"name\":\"Tilbake til Norge. | Terje Aamodt Photography blog\",\"isPartOf\":{\"@id\":\"https:\/\/www.terjeaamodt.com\/blog\/#website\"},\"primaryImageOfPage\":{\"@id\":\"https:\/\/www.terjeaamodt.com\/blog\/2009\/01\/27\/tilbake-til-norge\/#primaryimage\"},\"image\":{\"@id\":\"https:\/\/www.terjeaamodt.com\/blog\/2009\/01\/27\/tilbake-til-norge\/#primaryimage\"},\"thumbnailUrl\":\"http:\/\/www.terjeaamodt.com\/blog\/wp-content\/uploads\/2009\/01\/blog-ton-sai-13347-tm.jpg\",\"datePublished\":\"2009-01-27T08:55:49+00:00\",\"dateModified\":\"2009-09-23T09:58:52+00:00\",\"author\":{\"@id\":\"https:\/\/www.terjeaamodt.com\/blog\/#\/schema\/person\/421fe074073d41cf4e17a2aaa426f5bd\"},\"breadcrumb\":{\"@id\":\"https:\/\/www.terjeaamodt.com\/blog\/2009\/01\/27\/tilbake-til-norge\/#breadcrumb\"},\"inLanguage\":\"nb-NO\",\"potentialAction\":[{\"@type\":\"ReadAction\",\"target\":[\"https:\/\/www.terjeaamodt.com\/blog\/2009\/01\/27\/tilbake-til-norge\/\"]}]},{\"@type\":\"ImageObject\",\"inLanguage\":\"nb-NO\",\"@id\":\"https:\/\/www.terjeaamodt.com\/blog\/2009\/01\/27\/tilbake-til-norge\/#primaryimage\",\"url\":\"http:\/\/www.terjeaamodt.com\/blog\/wp-content\/uploads\/2009\/01\/blog-ton-sai-13347-tm.jpg\",\"contentUrl\":\"http:\/\/www.terjeaamodt.com\/blog\/wp-content\/uploads\/2009\/01\/blog-ton-sai-13347-tm.jpg\"},{\"@type\":\"BreadcrumbList\",\"@id\":\"https:\/\/www.terjeaamodt.com\/blog\/2009\/01\/27\/tilbake-til-norge\/#breadcrumb\",\"itemListElement\":[{\"@type\":\"ListItem\",\"position\":1,\"name\":\"Home\",\"item\":\"https:\/\/www.terjeaamodt.com\/blog\/\"},{\"@type\":\"ListItem\",\"position\":2,\"name\":\"Tilbake til Norge.\"}]},{\"@type\":\"WebSite\",\"@id\":\"https:\/\/www.terjeaamodt.com\/blog\/#website\",\"url\":\"https:\/\/www.terjeaamodt.com\/blog\/\",\"name\":\"Terje Aamodt Photography blog\",\"description\":\"\",\"potentialAction\":[{\"@type\":\"SearchAction\",\"target\":{\"@type\":\"EntryPoint\",\"urlTemplate\":\"https:\/\/www.terjeaamodt.com\/blog\/?s={search_term_string}\"},\"query-input\":{\"@type\":\"PropertyValueSpecification\",\"valueRequired\":true,\"valueName\":\"search_term_string\"}}],\"inLanguage\":\"nb-NO\"},{\"@type\":\"Person\",\"@id\":\"https:\/\/www.terjeaamodt.com\/blog\/#\/schema\/person\/421fe074073d41cf4e17a2aaa426f5bd\",\"name\":\"Terje Aamodt\",\"image\":{\"@type\":\"ImageObject\",\"inLanguage\":\"nb-NO\",\"@id\":\"https:\/\/www.terjeaamodt.com\/blog\/#\/schema\/person\/image\/\",\"url\":\"https:\/\/secure.gravatar.com\/avatar\/42c15fcafccc8dea0466e1f48bbabee5d657af333b66d515f227538e430e6f37?s=96&d=mm&r=g\",\"contentUrl\":\"https:\/\/secure.gravatar.com\/avatar\/42c15fcafccc8dea0466e1f48bbabee5d657af333b66d515f227538e430e6f37?s=96&d=mm&r=g\",\"caption\":\"Terje Aamodt\"},\"description\":\"Terje Aamodt, fotograf og klattrer\",\"sameAs\":[\"http:\/\/www.terjeaamodt.com\"],\"url\":\"https:\/\/www.terjeaamodt.com\/blog\/author\/admin\/\"}]}<\/script>\n<!-- \/ Yoast SEO plugin. -->","yoast_head_json":{"title":"Tilbake til Norge. | Terje Aamodt Photography blog","robots":{"index":"index","follow":"follow","max-snippet":"max-snippet:-1","max-image-preview":"max-image-preview:large","max-video-preview":"max-video-preview:-1"},"canonical":"https:\/\/www.terjeaamodt.com\/blog\/2009\/01\/27\/tilbake-til-norge\/","og_locale":"nb_NO","og_type":"article","og_title":"Tilbake til Norge. | Terje Aamodt Photography blog","og_description":"Da er vi kommet tilbake til kalde Norge igjen. Trenger nok noen dager p\u00e5 \u00e5 avklimatisere meg kjenner jeg. Frem med stillongs og dunjakke. N\u00e5 er det ski og vinter som gjelder. Her er noen klatre bilder fra de siste dagene p\u00e5 Ton Sai. Komer til \u00e5 legge ut et slide show med bilder fra [&hellip;]","og_url":"https:\/\/www.terjeaamodt.com\/blog\/2009\/01\/27\/tilbake-til-norge\/","og_site_name":"Terje Aamodt Photography blog","article_publisher":"https:\/\/www.facebook.com\/Terje-Aamodt-Photography-161544107229708\/?ref=hl","article_published_time":"2009-01-27T08:55:49+00:00","article_modified_time":"2009-09-23T09:58:52+00:00","og_image":[{"url":"http:\/\/www.terjeaamodt.com\/blog\/wp-content\/uploads\/2009\/01\/blog-ton-sai-13347-tm.jpg","type":"","width":"","height":""}],"author":"Terje Aamodt","twitter_card":"summary_large_image","twitter_creator":"@aamodtfoto","twitter_site":"@aamodtfoto","twitter_misc":{"Skrevet av":"Terje Aamodt","Ansl. lesetid":"1 minutt"},"schema":{"@context":"https:\/\/schema.org","@graph":[{"@type":"Article","@id":"https:\/\/www.terjeaamodt.com\/blog\/2009\/01\/27\/tilbake-til-norge\/#article","isPartOf":{"@id":"https:\/\/www.terjeaamodt.com\/blog\/2009\/01\/27\/tilbake-til-norge\/"},"author":{"name":"Terje Aamodt","@id":"https:\/\/www.terjeaamodt.com\/blog\/#\/schema\/person\/421fe074073d41cf4e17a2aaa426f5bd"},"headline":"Tilbake til Norge.","datePublished":"2009-01-27T08:55:49+00:00","dateModified":"2009-09-23T09:58:52+00:00","mainEntityOfPage":{"@id":"https:\/\/www.terjeaamodt.com\/blog\/2009\/01\/27\/tilbake-til-norge\/"},"wordCount":141,"commentCount":0,"image":{"@id":"https:\/\/www.terjeaamodt.com\/blog\/2009\/01\/27\/tilbake-til-norge\/#primaryimage"},"thumbnailUrl":"http:\/\/www.terjeaamodt.com\/blog\/wp-content\/uploads\/2009\/01\/blog-ton-sai-13347-tm.jpg","articleSection":["klatring","Reise"],"inLanguage":"nb-NO","potentialAction":[{"@type":"CommentAction","name":"Comment","target":["https:\/\/www.terjeaamodt.com\/blog\/2009\/01\/27\/tilbake-til-norge\/#respond"]}]},{"@type":"WebPage","@id":"https:\/\/www.terjeaamodt.com\/blog\/2009\/01\/27\/tilbake-til-norge\/","url":"https:\/\/www.terjeaamodt.com\/blog\/2009\/01\/27\/tilbake-til-norge\/","name":"Tilbake til Norge. | Terje Aamodt Photography blog","isPartOf":{"@id":"https:\/\/www.terjeaamodt.com\/blog\/#website"},"primaryImageOfPage":{"@id":"https:\/\/www.terjeaamodt.com\/blog\/2009\/01\/27\/tilbake-til-norge\/#primaryimage"},"image":{"@id":"https:\/\/www.terjeaamodt.com\/blog\/2009\/01\/27\/tilbake-til-norge\/#primaryimage"},"thumbnailUrl":"http:\/\/www.terjeaamodt.com\/blog\/wp-content\/uploads\/2009\/01\/blog-ton-sai-13347-tm.jpg","datePublished":"2009-01-27T08:55:49+00:00","dateModified":"2009-09-23T09:58:52+00:00","author":{"@id":"https:\/\/www.terjeaamodt.com\/blog\/#\/schema\/person\/421fe074073d41cf4e17a2aaa426f5bd"},"breadcrumb":{"@id":"https:\/\/www.terjeaamodt.com\/blog\/2009\/01\/27\/tilbake-til-norge\/#breadcrumb"},"inLanguage":"nb-NO","potentialAction":[{"@type":"ReadAction","target":["https:\/\/www.terjeaamodt.com\/blog\/2009\/01\/27\/tilbake-til-norge\/"]}]},{"@type":"ImageObject","inLanguage":"nb-NO","@id":"https:\/\/www.terjeaamodt.com\/blog\/2009\/01\/27\/tilbake-til-norge\/#primaryimage","url":"http:\/\/www.terjeaamodt.com\/blog\/wp-content\/uploads\/2009\/01\/blog-ton-sai-13347-tm.jpg","contentUrl":"http:\/\/www.terjeaamodt.com\/blog\/wp-content\/uploads\/2009\/01\/blog-ton-sai-13347-tm.jpg"},{"@type":"BreadcrumbList","@id":"https:\/\/www.terjeaamodt.com\/blog\/2009\/01\/27\/tilbake-til-norge\/#breadcrumb","itemListElement":[{"@type":"ListItem","position":1,"name":"Home","item":"https:\/\/www.terjeaamodt.com\/blog\/"},{"@type":"ListItem","position":2,"name":"Tilbake til Norge."}]},{"@type":"WebSite","@id":"https:\/\/www.terjeaamodt.com\/blog\/#website","url":"https:\/\/www.terjeaamodt.com\/blog\/","name":"Terje Aamodt Photography blog","description":"","potentialAction":[{"@type":"SearchAction","target":{"@type":"EntryPoint","urlTemplate":"https:\/\/www.terjeaamodt.com\/blog\/?s={search_term_string}"},"query-input":{"@type":"PropertyValueSpecification","valueRequired":true,"valueName":"search_term_string"}}],"inLanguage":"nb-NO"},{"@type":"Person","@id":"https:\/\/www.terjeaamodt.com\/blog\/#\/schema\/person\/421fe074073d41cf4e17a2aaa426f5bd","name":"Terje Aamodt","image":{"@type":"ImageObject","inLanguage":"nb-NO","@id":"https:\/\/www.terjeaamodt.com\/blog\/#\/schema\/person\/image\/","url":"https:\/\/secure.gravatar.com\/avatar\/42c15fcafccc8dea0466e1f48bbabee5d657af333b66d515f227538e430e6f37?s=96&d=mm&r=g","contentUrl":"https:\/\/secure.gravatar.com\/avatar\/42c15fcafccc8dea0466e1f48bbabee5d657af333b66d515f227538e430e6f37?s=96&d=mm&r=g","caption":"Terje Aamodt"},"description":"Terje Aamodt, fotograf og klattrer","sameAs":["http:\/\/www.terjeaamodt.com"],"url":"https:\/\/www.terjeaamodt.com\/blog\/author\/admin\/"}]}},"_links":{"self":[{"href":"https:\/\/www.terjeaamodt.com\/blog\/wp-json\/wp\/v2\/posts\/1364","targetHints":{"allow":["GET"]}}],"collection":[{"href":"https:\/\/www.terjeaamodt.com\/blog\/wp-json\/wp\/v2\/posts"}],"about":[{"href":"https:\/\/www.terjeaamodt.com\/blog\/wp-json\/wp\/v2\/types\/post"}],"author":[{"embeddable":true,"href":"https:\/\/www.terjeaamodt.com\/blog\/wp-json\/wp\/v2\/users\/1"}],"replies":[{"embeddable":true,"href":"https:\/\/www.terjeaamodt.com\/blog\/wp-json\/wp\/v2\/comments?post=1364"}],"version-history":[{"count":2,"href":"https:\/\/www.terjeaamodt.com\/blog\/wp-json\/wp\/v2\/posts\/1364\/revisions"}],"predecessor-version":[{"id":1807,"href":"https:\/\/www.terjeaamodt.com\/blog\/wp-json\/wp\/v2\/posts\/1364\/revisions\/1807"}],"wp:attachment":[{"href":"https:\/\/www.terjeaamodt.com\/blog\/wp-json\/wp\/v2\/media?parent=1364"}],"wp:term":[{"taxonomy":"category","embeddable":true,"href":"https:\/\/www.terjeaamodt.com\/blog\/wp-json\/wp\/v2\/categories?post=1364"},{"taxonomy":"post_tag","embeddable":true,"href":"https:\/\/www.terjeaamodt.com\/blog\/wp-json\/wp\/v2\/tags?post=1364"}],"curies":[{"name":"wp","href":"https:\/\/api.w.org\/{rel}","templated":true}]}}