{"id":1452,"date":"2009-03-15T14:08:44","date_gmt":"2009-03-15T19:08:44","guid":{"rendered":"http:\/\/www.terjeaamodt.com\/blog\/2009\/03\/15\/bilde-ton-sai-klatring\/"},"modified":"2009-09-23T04:32:14","modified_gmt":"2009-09-23T09:32:14","slug":"bilde-ton-sai-klatring","status":"publish","type":"post","link":"https:\/\/www.terjeaamodt.com\/blog\/2009\/03\/15\/bilde-ton-sai-klatring\/","title":{"rendered":"Bilde, Ton Sai, Klatring"},"content":{"rendered":"<p>Her kommer et bilde fra Ton Sai mens vi venter p\u00e5 v\u00e5r og sommer her hjemme.<\/p>\n<p><a href=\"http:\/\/www.terjeaamodt.com\/blog\/wp-content\/uploads\/2009\/03\/photography-template-vertikal-hvit-2-1.jpg\" onclick=\"window.open('http:\/\/www.terjeaamodt.com\/blog\/wp-content\/uploads\/2009\/03\/photography-template-vertikal-hvit-2-1.jpg','popup','width=520,height=720,scrollbars=no,resizable=yes,toolbar=no,directories=no,location=no,menubar=no,status=yes,left=0,top=0');return false\"><img decoding=\"async\" src=\"http:\/\/www.terjeaamodt.com\/blog\/wp-content\/uploads\/2009\/03\/photography-template-vertikal-hvit-2-1-tm.jpg\" height=\"623\" width=\"450\" border=\"1\" hspace=\"4\" vspace=\"4\" alt=\"Photography Template Vertikal Hvit 2-1\" \/><\/a><br \/>\nBildet er tatt p\u00e5 Escher Wall. &laquo;Best Route In Minesota&raquo; 6C<br \/>\nklatrer er Ola Brahammer.<\/p>\n","protected":false},"excerpt":{"rendered":"<p>Her kommer et bilde fra Ton Sai mens vi venter p\u00e5 v\u00e5r og sommer her hjemme. Bildet er tatt p\u00e5 Escher Wall. &laquo;Best Route In Minesota&raquo; 6C klatrer er Ola Brahammer.<\/p>\n","protected":false},"author":1,"featured_media":0,"comment_status":"open","ping_status":"open","sticky":false,"template":"","format":"standard","meta":{"footnotes":""},"categories":[6,10,11],"tags":[],"class_list":["post-1452","post","type-post","status-publish","format-standard","hentry","category-klatring","category-livsstil","category-reise"],"yoast_head":"<!-- This site is optimized with the Yoast SEO plugin v27.1.1 - https:\/\/yoast.com\/product\/yoast-seo-wordpress\/ -->\n<title>Bilde, Ton Sai, Klatring | Terje Aamodt Photography blog<\/title>\n<meta name=\"robots\" content=\"index, follow, max-snippet:-1, max-image-preview:large, max-video-preview:-1\" \/>\n<link rel=\"canonical\" href=\"https:\/\/www.terjeaamodt.com\/blog\/2009\/03\/15\/bilde-ton-sai-klatring\/\" \/>\n<meta property=\"og:locale\" content=\"nb_NO\" \/>\n<meta property=\"og:type\" content=\"article\" \/>\n<meta property=\"og:title\" content=\"Bilde, Ton Sai, Klatring | Terje Aamodt Photography blog\" \/>\n<meta property=\"og:description\" content=\"Her kommer et bilde fra Ton Sai mens vi venter p\u00e5 v\u00e5r og sommer her hjemme. Bildet er tatt p\u00e5 Escher Wall. &laquo;Best Route In Minesota&raquo; 6C klatrer er Ola Brahammer.\" \/>\n<meta property=\"og:url\" content=\"https:\/\/www.terjeaamodt.com\/blog\/2009\/03\/15\/bilde-ton-sai-klatring\/\" \/>\n<meta property=\"og:site_name\" content=\"Terje Aamodt Photography blog\" \/>\n<meta property=\"article:publisher\" content=\"https:\/\/www.facebook.com\/Terje-Aamodt-Photography-161544107229708\/?ref=hl\" \/>\n<meta property=\"article:published_time\" content=\"2009-03-15T19:08:44+00:00\" \/>\n<meta property=\"article:modified_time\" content=\"2009-09-23T09:32:14+00:00\" \/>\n<meta property=\"og:image\" content=\"http:\/\/www.terjeaamodt.com\/blog\/wp-content\/uploads\/2009\/03\/photography-template-vertikal-hvit-2-1-tm.jpg\" \/>\n<meta name=\"author\" content=\"Terje Aamodt\" \/>\n<meta name=\"twitter:card\" content=\"summary_large_image\" \/>\n<meta name=\"twitter:creator\" content=\"@aamodtfoto\" \/>\n<meta name=\"twitter:site\" content=\"@aamodtfoto\" \/>\n<meta name=\"twitter:label1\" content=\"Skrevet av\" \/>\n\t<meta name=\"twitter:data1\" content=\"Terje Aamodt\" \/>\n<script type=\"application\/ld+json\" class=\"yoast-schema-graph\">{\"@context\":\"https:\/\/schema.org\",\"@graph\":[{\"@type\":\"Article\",\"@id\":\"https:\/\/www.terjeaamodt.com\/blog\/2009\/03\/15\/bilde-ton-sai-klatring\/#article\",\"isPartOf\":{\"@id\":\"https:\/\/www.terjeaamodt.com\/blog\/2009\/03\/15\/bilde-ton-sai-klatring\/\"},\"author\":{\"name\":\"Terje Aamodt\",\"@id\":\"https:\/\/www.terjeaamodt.com\/blog\/#\/schema\/person\/421fe074073d41cf4e17a2aaa426f5bd\"},\"headline\":\"Bilde, Ton Sai, Klatring\",\"datePublished\":\"2009-03-15T19:08:44+00:00\",\"dateModified\":\"2009-09-23T09:32:14+00:00\",\"mainEntityOfPage\":{\"@id\":\"https:\/\/www.terjeaamodt.com\/blog\/2009\/03\/15\/bilde-ton-sai-klatring\/\"},\"wordCount\":36,\"commentCount\":0,\"image\":{\"@id\":\"https:\/\/www.terjeaamodt.com\/blog\/2009\/03\/15\/bilde-ton-sai-klatring\/#primaryimage\"},\"thumbnailUrl\":\"http:\/\/www.terjeaamodt.com\/blog\/wp-content\/uploads\/2009\/03\/photography-template-vertikal-hvit-2-1-tm.jpg\",\"articleSection\":[\"klatring\",\"livsstil\",\"Reise\"],\"inLanguage\":\"nb-NO\",\"potentialAction\":[{\"@type\":\"CommentAction\",\"name\":\"Comment\",\"target\":[\"https:\/\/www.terjeaamodt.com\/blog\/2009\/03\/15\/bilde-ton-sai-klatring\/#respond\"]}]},{\"@type\":\"WebPage\",\"@id\":\"https:\/\/www.terjeaamodt.com\/blog\/2009\/03\/15\/bilde-ton-sai-klatring\/\",\"url\":\"https:\/\/www.terjeaamodt.com\/blog\/2009\/03\/15\/bilde-ton-sai-klatring\/\",\"name\":\"Bilde, Ton Sai, Klatring | Terje Aamodt Photography blog\",\"isPartOf\":{\"@id\":\"https:\/\/www.terjeaamodt.com\/blog\/#website\"},\"primaryImageOfPage\":{\"@id\":\"https:\/\/www.terjeaamodt.com\/blog\/2009\/03\/15\/bilde-ton-sai-klatring\/#primaryimage\"},\"image\":{\"@id\":\"https:\/\/www.terjeaamodt.com\/blog\/2009\/03\/15\/bilde-ton-sai-klatring\/#primaryimage\"},\"thumbnailUrl\":\"http:\/\/www.terjeaamodt.com\/blog\/wp-content\/uploads\/2009\/03\/photography-template-vertikal-hvit-2-1-tm.jpg\",\"datePublished\":\"2009-03-15T19:08:44+00:00\",\"dateModified\":\"2009-09-23T09:32:14+00:00\",\"author\":{\"@id\":\"https:\/\/www.terjeaamodt.com\/blog\/#\/schema\/person\/421fe074073d41cf4e17a2aaa426f5bd\"},\"breadcrumb\":{\"@id\":\"https:\/\/www.terjeaamodt.com\/blog\/2009\/03\/15\/bilde-ton-sai-klatring\/#breadcrumb\"},\"inLanguage\":\"nb-NO\",\"potentialAction\":[{\"@type\":\"ReadAction\",\"target\":[\"https:\/\/www.terjeaamodt.com\/blog\/2009\/03\/15\/bilde-ton-sai-klatring\/\"]}]},{\"@type\":\"ImageObject\",\"inLanguage\":\"nb-NO\",\"@id\":\"https:\/\/www.terjeaamodt.com\/blog\/2009\/03\/15\/bilde-ton-sai-klatring\/#primaryimage\",\"url\":\"http:\/\/www.terjeaamodt.com\/blog\/wp-content\/uploads\/2009\/03\/photography-template-vertikal-hvit-2-1-tm.jpg\",\"contentUrl\":\"http:\/\/www.terjeaamodt.com\/blog\/wp-content\/uploads\/2009\/03\/photography-template-vertikal-hvit-2-1-tm.jpg\"},{\"@type\":\"BreadcrumbList\",\"@id\":\"https:\/\/www.terjeaamodt.com\/blog\/2009\/03\/15\/bilde-ton-sai-klatring\/#breadcrumb\",\"itemListElement\":[{\"@type\":\"ListItem\",\"position\":1,\"name\":\"Home\",\"item\":\"https:\/\/www.terjeaamodt.com\/blog\/\"},{\"@type\":\"ListItem\",\"position\":2,\"name\":\"Bilde, Ton Sai, Klatring\"}]},{\"@type\":\"WebSite\",\"@id\":\"https:\/\/www.terjeaamodt.com\/blog\/#website\",\"url\":\"https:\/\/www.terjeaamodt.com\/blog\/\",\"name\":\"Terje Aamodt Photography blog\",\"description\":\"\",\"potentialAction\":[{\"@type\":\"SearchAction\",\"target\":{\"@type\":\"EntryPoint\",\"urlTemplate\":\"https:\/\/www.terjeaamodt.com\/blog\/?s={search_term_string}\"},\"query-input\":{\"@type\":\"PropertyValueSpecification\",\"valueRequired\":true,\"valueName\":\"search_term_string\"}}],\"inLanguage\":\"nb-NO\"},{\"@type\":\"Person\",\"@id\":\"https:\/\/www.terjeaamodt.com\/blog\/#\/schema\/person\/421fe074073d41cf4e17a2aaa426f5bd\",\"name\":\"Terje Aamodt\",\"image\":{\"@type\":\"ImageObject\",\"inLanguage\":\"nb-NO\",\"@id\":\"https:\/\/www.terjeaamodt.com\/blog\/#\/schema\/person\/image\/\",\"url\":\"https:\/\/secure.gravatar.com\/avatar\/42c15fcafccc8dea0466e1f48bbabee5d657af333b66d515f227538e430e6f37?s=96&d=mm&r=g\",\"contentUrl\":\"https:\/\/secure.gravatar.com\/avatar\/42c15fcafccc8dea0466e1f48bbabee5d657af333b66d515f227538e430e6f37?s=96&d=mm&r=g\",\"caption\":\"Terje Aamodt\"},\"description\":\"Terje Aamodt, fotograf og klattrer\",\"sameAs\":[\"http:\/\/www.terjeaamodt.com\"],\"url\":\"https:\/\/www.terjeaamodt.com\/blog\/author\/admin\/\"}]}<\/script>\n<!-- \/ Yoast SEO plugin. -->","yoast_head_json":{"title":"Bilde, Ton Sai, Klatring | Terje Aamodt Photography blog","robots":{"index":"index","follow":"follow","max-snippet":"max-snippet:-1","max-image-preview":"max-image-preview:large","max-video-preview":"max-video-preview:-1"},"canonical":"https:\/\/www.terjeaamodt.com\/blog\/2009\/03\/15\/bilde-ton-sai-klatring\/","og_locale":"nb_NO","og_type":"article","og_title":"Bilde, Ton Sai, Klatring | Terje Aamodt Photography blog","og_description":"Her kommer et bilde fra Ton Sai mens vi venter p\u00e5 v\u00e5r og sommer her hjemme. Bildet er tatt p\u00e5 Escher Wall. &laquo;Best Route In Minesota&raquo; 6C klatrer er Ola Brahammer.","og_url":"https:\/\/www.terjeaamodt.com\/blog\/2009\/03\/15\/bilde-ton-sai-klatring\/","og_site_name":"Terje Aamodt Photography blog","article_publisher":"https:\/\/www.facebook.com\/Terje-Aamodt-Photography-161544107229708\/?ref=hl","article_published_time":"2009-03-15T19:08:44+00:00","article_modified_time":"2009-09-23T09:32:14+00:00","og_image":[{"url":"http:\/\/www.terjeaamodt.com\/blog\/wp-content\/uploads\/2009\/03\/photography-template-vertikal-hvit-2-1-tm.jpg","type":"","width":"","height":""}],"author":"Terje Aamodt","twitter_card":"summary_large_image","twitter_creator":"@aamodtfoto","twitter_site":"@aamodtfoto","twitter_misc":{"Skrevet av":"Terje Aamodt"},"schema":{"@context":"https:\/\/schema.org","@graph":[{"@type":"Article","@id":"https:\/\/www.terjeaamodt.com\/blog\/2009\/03\/15\/bilde-ton-sai-klatring\/#article","isPartOf":{"@id":"https:\/\/www.terjeaamodt.com\/blog\/2009\/03\/15\/bilde-ton-sai-klatring\/"},"author":{"name":"Terje Aamodt","@id":"https:\/\/www.terjeaamodt.com\/blog\/#\/schema\/person\/421fe074073d41cf4e17a2aaa426f5bd"},"headline":"Bilde, Ton Sai, Klatring","datePublished":"2009-03-15T19:08:44+00:00","dateModified":"2009-09-23T09:32:14+00:00","mainEntityOfPage":{"@id":"https:\/\/www.terjeaamodt.com\/blog\/2009\/03\/15\/bilde-ton-sai-klatring\/"},"wordCount":36,"commentCount":0,"image":{"@id":"https:\/\/www.terjeaamodt.com\/blog\/2009\/03\/15\/bilde-ton-sai-klatring\/#primaryimage"},"thumbnailUrl":"http:\/\/www.terjeaamodt.com\/blog\/wp-content\/uploads\/2009\/03\/photography-template-vertikal-hvit-2-1-tm.jpg","articleSection":["klatring","livsstil","Reise"],"inLanguage":"nb-NO","potentialAction":[{"@type":"CommentAction","name":"Comment","target":["https:\/\/www.terjeaamodt.com\/blog\/2009\/03\/15\/bilde-ton-sai-klatring\/#respond"]}]},{"@type":"WebPage","@id":"https:\/\/www.terjeaamodt.com\/blog\/2009\/03\/15\/bilde-ton-sai-klatring\/","url":"https:\/\/www.terjeaamodt.com\/blog\/2009\/03\/15\/bilde-ton-sai-klatring\/","name":"Bilde, Ton Sai, Klatring | Terje Aamodt Photography blog","isPartOf":{"@id":"https:\/\/www.terjeaamodt.com\/blog\/#website"},"primaryImageOfPage":{"@id":"https:\/\/www.terjeaamodt.com\/blog\/2009\/03\/15\/bilde-ton-sai-klatring\/#primaryimage"},"image":{"@id":"https:\/\/www.terjeaamodt.com\/blog\/2009\/03\/15\/bilde-ton-sai-klatring\/#primaryimage"},"thumbnailUrl":"http:\/\/www.terjeaamodt.com\/blog\/wp-content\/uploads\/2009\/03\/photography-template-vertikal-hvit-2-1-tm.jpg","datePublished":"2009-03-15T19:08:44+00:00","dateModified":"2009-09-23T09:32:14+00:00","author":{"@id":"https:\/\/www.terjeaamodt.com\/blog\/#\/schema\/person\/421fe074073d41cf4e17a2aaa426f5bd"},"breadcrumb":{"@id":"https:\/\/www.terjeaamodt.com\/blog\/2009\/03\/15\/bilde-ton-sai-klatring\/#breadcrumb"},"inLanguage":"nb-NO","potentialAction":[{"@type":"ReadAction","target":["https:\/\/www.terjeaamodt.com\/blog\/2009\/03\/15\/bilde-ton-sai-klatring\/"]}]},{"@type":"ImageObject","inLanguage":"nb-NO","@id":"https:\/\/www.terjeaamodt.com\/blog\/2009\/03\/15\/bilde-ton-sai-klatring\/#primaryimage","url":"http:\/\/www.terjeaamodt.com\/blog\/wp-content\/uploads\/2009\/03\/photography-template-vertikal-hvit-2-1-tm.jpg","contentUrl":"http:\/\/www.terjeaamodt.com\/blog\/wp-content\/uploads\/2009\/03\/photography-template-vertikal-hvit-2-1-tm.jpg"},{"@type":"BreadcrumbList","@id":"https:\/\/www.terjeaamodt.com\/blog\/2009\/03\/15\/bilde-ton-sai-klatring\/#breadcrumb","itemListElement":[{"@type":"ListItem","position":1,"name":"Home","item":"https:\/\/www.terjeaamodt.com\/blog\/"},{"@type":"ListItem","position":2,"name":"Bilde, Ton Sai, Klatring"}]},{"@type":"WebSite","@id":"https:\/\/www.terjeaamodt.com\/blog\/#website","url":"https:\/\/www.terjeaamodt.com\/blog\/","name":"Terje Aamodt Photography blog","description":"","potentialAction":[{"@type":"SearchAction","target":{"@type":"EntryPoint","urlTemplate":"https:\/\/www.terjeaamodt.com\/blog\/?s={search_term_string}"},"query-input":{"@type":"PropertyValueSpecification","valueRequired":true,"valueName":"search_term_string"}}],"inLanguage":"nb-NO"},{"@type":"Person","@id":"https:\/\/www.terjeaamodt.com\/blog\/#\/schema\/person\/421fe074073d41cf4e17a2aaa426f5bd","name":"Terje Aamodt","image":{"@type":"ImageObject","inLanguage":"nb-NO","@id":"https:\/\/www.terjeaamodt.com\/blog\/#\/schema\/person\/image\/","url":"https:\/\/secure.gravatar.com\/avatar\/42c15fcafccc8dea0466e1f48bbabee5d657af333b66d515f227538e430e6f37?s=96&d=mm&r=g","contentUrl":"https:\/\/secure.gravatar.com\/avatar\/42c15fcafccc8dea0466e1f48bbabee5d657af333b66d515f227538e430e6f37?s=96&d=mm&r=g","caption":"Terje Aamodt"},"description":"Terje Aamodt, fotograf og klattrer","sameAs":["http:\/\/www.terjeaamodt.com"],"url":"https:\/\/www.terjeaamodt.com\/blog\/author\/admin\/"}]}},"_links":{"self":[{"href":"https:\/\/www.terjeaamodt.com\/blog\/wp-json\/wp\/v2\/posts\/1452","targetHints":{"allow":["GET"]}}],"collection":[{"href":"https:\/\/www.terjeaamodt.com\/blog\/wp-json\/wp\/v2\/posts"}],"about":[{"href":"https:\/\/www.terjeaamodt.com\/blog\/wp-json\/wp\/v2\/types\/post"}],"author":[{"embeddable":true,"href":"https:\/\/www.terjeaamodt.com\/blog\/wp-json\/wp\/v2\/users\/1"}],"replies":[{"embeddable":true,"href":"https:\/\/www.terjeaamodt.com\/blog\/wp-json\/wp\/v2\/comments?post=1452"}],"version-history":[{"count":1,"href":"https:\/\/www.terjeaamodt.com\/blog\/wp-json\/wp\/v2\/posts\/1452\/revisions"}],"predecessor-version":[{"id":1794,"href":"https:\/\/www.terjeaamodt.com\/blog\/wp-json\/wp\/v2\/posts\/1452\/revisions\/1794"}],"wp:attachment":[{"href":"https:\/\/www.terjeaamodt.com\/blog\/wp-json\/wp\/v2\/media?parent=1452"}],"wp:term":[{"taxonomy":"category","embeddable":true,"href":"https:\/\/www.terjeaamodt.com\/blog\/wp-json\/wp\/v2\/categories?post=1452"},{"taxonomy":"post_tag","embeddable":true,"href":"https:\/\/www.terjeaamodt.com\/blog\/wp-json\/wp\/v2\/tags?post=1452"}],"curies":[{"name":"wp","href":"https:\/\/api.w.org\/{rel}","templated":true}]}}