{"id":1484,"date":"2009-04-20T21:30:54","date_gmt":"2009-04-21T02:30:54","guid":{"rendered":"http:\/\/www.terjeaamodt.com\/blog\/2009\/04\/21\/bilder-fontainebleau-buldring\/"},"modified":"2009-09-23T04:30:23","modified_gmt":"2009-09-23T09:30:23","slug":"bilder-fontainebleau-buldring","status":"publish","type":"post","link":"https:\/\/www.terjeaamodt.com\/blog\/2009\/04\/20\/bilder-fontainebleau-buldring\/","title":{"rendered":"Bilder, Fontainebleau, Buldring"},"content":{"rendered":"<p>Hei alle sammen. Da har jeg akkurat kommet hjem fra en fantastisk p\u00e5skeferie i Fontainebleau. Fontainebleau er et klatre-\/buldreomr\u00e5de som ligger ca 10 mil s\u00f8r for Paris. Vi var en hel gjeng som drog nedover, s\u00e5  til tider var det veldig sosialt. Vi hadde leid en gite\/leilighet som vi bodde i, og p\u00e5 det meste var vi 12 stykker i den, med flere nasjonaliteter fra bant annet Tyskland, USA og Sverige. En god venn av meg, Nathan Welton, hadde tatt turen hele veien fra Colorado i USA. Nathan er bryllupsfotograf og har v\u00e6rt til stor hjelp for meg, og l\u00e6rt meg utrolig mye n\u00e5r det gjelder fotografering. N\u00e5r vi m\u00f8tes ender vi som regel opp med \u00e5 ta uendelig mange bilder og slik ble det denne gangen ogs\u00e5. Mer en 10000 bilder ble tatt, mye jobb, men utrolig kjekt.<br \/>\nF\u00f8r jeg lar bildene tale for seg selv, vil jeg gi en stor takk til alle som var med p\u00e5 turen, og spesielt til Sivert som fikk det hele i gang. TUSEN TAKK FOR EN FANTASTIK P\u00c5SKE ALLE SAMMEN!! h\u00e5per vi kan gj\u00f8re det igjen en gang.<br \/>\nBildene som f\u00f8lger er tatt b\u00e5de av meg og Nathan.<\/p>\n<p><a href=\"http:\/\/www.terjeaamodt.com\/blog\/wp-content\/uploads\/2009\/04\/font-blog01.jpg\" onclick=\"window.open('http:\/\/www.terjeaamodt.com\/blog\/wp-content\/uploads\/2009\/04\/font-blog01.jpg','popup','width=720,height=520,scrollbars=no,resizable=yes,toolbar=no,directories=no,location=no,menubar=no,status=yes,left=0,top=0');return false\"><img decoding=\"async\" src=\"http:\/\/www.terjeaamodt.com\/blog\/wp-content\/uploads\/2009\/04\/font-blog01-tm.jpg\" height=\"325\" width=\"450\" border=\"1\" hspace=\"4\" vspace=\"4\" alt=\"Font Blog01\" \/><\/a><\/p>\n<p><a href=\"http:\/\/www.terjeaamodt.com\/blog\/wp-content\/uploads\/2009\/04\/font-blog02.jpg\" onclick=\"window.open('http:\/\/www.terjeaamodt.com\/blog\/wp-content\/uploads\/2009\/04\/font-blog02.jpg','popup','width=720,height=520,scrollbars=no,resizable=yes,toolbar=no,directories=no,location=no,menubar=no,status=yes,left=0,top=0');return false\"><img decoding=\"async\" src=\"http:\/\/www.terjeaamodt.com\/blog\/wp-content\/uploads\/2009\/04\/font-blog02-tm.jpg\" height=\"325\" width=\"450\" border=\"1\" hspace=\"4\" vspace=\"4\" alt=\"Font Blog02\" \/><\/a><\/p>\n<p><a href=\"http:\/\/www.terjeaamodt.com\/blog\/wp-content\/uploads\/2009\/04\/font-blog03.jpg\" onclick=\"window.open('http:\/\/www.terjeaamodt.com\/blog\/wp-content\/uploads\/2009\/04\/font-blog03.jpg','popup','width=720,height=520,scrollbars=no,resizable=yes,toolbar=no,directories=no,location=no,menubar=no,status=yes,left=0,top=0');return false\"><img decoding=\"async\" src=\"http:\/\/www.terjeaamodt.com\/blog\/wp-content\/uploads\/2009\/04\/font-blog03-tm.jpg\" height=\"325\" width=\"450\" border=\"1\" hspace=\"4\" vspace=\"4\" alt=\"Font Blog03\" \/><\/a><\/p>\n<p><a href=\"http:\/\/www.terjeaamodt.com\/blog\/wp-content\/uploads\/2009\/04\/font-blog04.jpg\" onclick=\"window.open('http:\/\/www.terjeaamodt.com\/blog\/wp-content\/uploads\/2009\/04\/font-blog04.jpg','popup','width=720,height=520,scrollbars=no,resizable=yes,toolbar=no,directories=no,location=no,menubar=no,status=yes,left=0,top=0');return false\"><img decoding=\"async\" src=\"http:\/\/www.terjeaamodt.com\/blog\/wp-content\/uploads\/2009\/04\/font-blog04-tm.jpg\" height=\"325\" width=\"450\" border=\"1\" hspace=\"4\" vspace=\"4\" alt=\"Font Blog04\" \/><\/a><\/p>\n<p><object type=\"application\/x-shockwave-flash\" width=\"600\" height=\"400\" id=\"showit_swf\" data=\"http:\/\/www.terjeaamodt.com\/slideshows\/font\/showit.swf\"><param name=\"movie\" value=\"http:\/\/www.terjeaamodt.com\/slideshows\/font\/showit.swf\" \/><param name=\"flashvars\" value=\"showit_embed=http:\/\/www.terjeaamodt.com\/slideshows\/font\/|600|400|1|0|0\" \/><param name=\"wmode\" value=\"transparent\" \/><param name=\"salign\" value=\"LT\" \/><param name=\"menu\" value=\"false\" \/><param name=\"loop\" value=\"false\" \/><param name=\"quality\" value=\"best\" \/><param name=\"bgcolor\" value=\"#FFFFFF\" \/><\/object><\/p>\n","protected":false},"excerpt":{"rendered":"<p>Hei alle sammen. Da har jeg akkurat kommet hjem fra en fantastisk p\u00e5skeferie i Fontainebleau. Fontainebleau er et klatre-\/buldreomr\u00e5de som ligger ca 10 mil s\u00f8r for Paris. Vi var en hel gjeng som drog nedover, s\u00e5 til tider var det veldig sosialt. Vi hadde leid en gite\/leilighet som vi bodde i, og p\u00e5 det meste [&hellip;]<\/p>\n","protected":false},"author":1,"featured_media":0,"comment_status":"open","ping_status":"open","sticky":false,"template":"","format":"standard","meta":{"footnotes":""},"categories":[6,11],"tags":[],"class_list":["post-1484","post","type-post","status-publish","format-standard","hentry","category-klatring","category-reise"],"yoast_head":"<!-- This site is optimized with the Yoast SEO plugin v27.1.1 - https:\/\/yoast.com\/product\/yoast-seo-wordpress\/ -->\n<title>Bilder, Fontainebleau, Buldring | Terje Aamodt Photography blog<\/title>\n<meta name=\"robots\" content=\"index, follow, max-snippet:-1, max-image-preview:large, max-video-preview:-1\" \/>\n<link rel=\"canonical\" href=\"https:\/\/www.terjeaamodt.com\/blog\/2009\/04\/20\/bilder-fontainebleau-buldring\/\" \/>\n<meta property=\"og:locale\" content=\"nb_NO\" \/>\n<meta property=\"og:type\" content=\"article\" \/>\n<meta property=\"og:title\" content=\"Bilder, Fontainebleau, Buldring | Terje Aamodt Photography blog\" \/>\n<meta property=\"og:description\" content=\"Hei alle sammen. Da har jeg akkurat kommet hjem fra en fantastisk p\u00e5skeferie i Fontainebleau. Fontainebleau er et klatre-\/buldreomr\u00e5de som ligger ca 10 mil s\u00f8r for Paris. Vi var en hel gjeng som drog nedover, s\u00e5 til tider var det veldig sosialt. Vi hadde leid en gite\/leilighet som vi bodde i, og p\u00e5 det meste [&hellip;]\" \/>\n<meta property=\"og:url\" content=\"https:\/\/www.terjeaamodt.com\/blog\/2009\/04\/20\/bilder-fontainebleau-buldring\/\" \/>\n<meta property=\"og:site_name\" content=\"Terje Aamodt Photography blog\" \/>\n<meta property=\"article:publisher\" content=\"https:\/\/www.facebook.com\/Terje-Aamodt-Photography-161544107229708\/?ref=hl\" \/>\n<meta property=\"article:published_time\" content=\"2009-04-21T02:30:54+00:00\" \/>\n<meta property=\"article:modified_time\" content=\"2009-09-23T09:30:23+00:00\" \/>\n<meta property=\"og:image\" content=\"http:\/\/www.terjeaamodt.com\/blog\/wp-content\/uploads\/2009\/04\/font-blog01-tm.jpg\" \/>\n<meta name=\"author\" content=\"Terje Aamodt\" \/>\n<meta name=\"twitter:card\" content=\"summary_large_image\" \/>\n<meta name=\"twitter:creator\" content=\"@aamodtfoto\" \/>\n<meta name=\"twitter:site\" content=\"@aamodtfoto\" \/>\n<meta name=\"twitter:label1\" content=\"Skrevet av\" \/>\n\t<meta name=\"twitter:data1\" content=\"Terje Aamodt\" \/>\n\t<meta name=\"twitter:label2\" content=\"Ansl. lesetid\" \/>\n\t<meta name=\"twitter:data2\" content=\"1 minutt\" \/>\n<script type=\"application\/ld+json\" class=\"yoast-schema-graph\">{\"@context\":\"https:\/\/schema.org\",\"@graph\":[{\"@type\":\"Article\",\"@id\":\"https:\/\/www.terjeaamodt.com\/blog\/2009\/04\/20\/bilder-fontainebleau-buldring\/#article\",\"isPartOf\":{\"@id\":\"https:\/\/www.terjeaamodt.com\/blog\/2009\/04\/20\/bilder-fontainebleau-buldring\/\"},\"author\":{\"name\":\"Terje Aamodt\",\"@id\":\"https:\/\/www.terjeaamodt.com\/blog\/#\/schema\/person\/421fe074073d41cf4e17a2aaa426f5bd\"},\"headline\":\"Bilder, Fontainebleau, Buldring\",\"datePublished\":\"2009-04-21T02:30:54+00:00\",\"dateModified\":\"2009-09-23T09:30:23+00:00\",\"mainEntityOfPage\":{\"@id\":\"https:\/\/www.terjeaamodt.com\/blog\/2009\/04\/20\/bilder-fontainebleau-buldring\/\"},\"wordCount\":211,\"commentCount\":1,\"image\":{\"@id\":\"https:\/\/www.terjeaamodt.com\/blog\/2009\/04\/20\/bilder-fontainebleau-buldring\/#primaryimage\"},\"thumbnailUrl\":\"http:\/\/www.terjeaamodt.com\/blog\/wp-content\/uploads\/2009\/04\/font-blog01-tm.jpg\",\"articleSection\":[\"klatring\",\"Reise\"],\"inLanguage\":\"nb-NO\",\"potentialAction\":[{\"@type\":\"CommentAction\",\"name\":\"Comment\",\"target\":[\"https:\/\/www.terjeaamodt.com\/blog\/2009\/04\/20\/bilder-fontainebleau-buldring\/#respond\"]}]},{\"@type\":\"WebPage\",\"@id\":\"https:\/\/www.terjeaamodt.com\/blog\/2009\/04\/20\/bilder-fontainebleau-buldring\/\",\"url\":\"https:\/\/www.terjeaamodt.com\/blog\/2009\/04\/20\/bilder-fontainebleau-buldring\/\",\"name\":\"Bilder, Fontainebleau, Buldring | Terje Aamodt Photography blog\",\"isPartOf\":{\"@id\":\"https:\/\/www.terjeaamodt.com\/blog\/#website\"},\"primaryImageOfPage\":{\"@id\":\"https:\/\/www.terjeaamodt.com\/blog\/2009\/04\/20\/bilder-fontainebleau-buldring\/#primaryimage\"},\"image\":{\"@id\":\"https:\/\/www.terjeaamodt.com\/blog\/2009\/04\/20\/bilder-fontainebleau-buldring\/#primaryimage\"},\"thumbnailUrl\":\"http:\/\/www.terjeaamodt.com\/blog\/wp-content\/uploads\/2009\/04\/font-blog01-tm.jpg\",\"datePublished\":\"2009-04-21T02:30:54+00:00\",\"dateModified\":\"2009-09-23T09:30:23+00:00\",\"author\":{\"@id\":\"https:\/\/www.terjeaamodt.com\/blog\/#\/schema\/person\/421fe074073d41cf4e17a2aaa426f5bd\"},\"breadcrumb\":{\"@id\":\"https:\/\/www.terjeaamodt.com\/blog\/2009\/04\/20\/bilder-fontainebleau-buldring\/#breadcrumb\"},\"inLanguage\":\"nb-NO\",\"potentialAction\":[{\"@type\":\"ReadAction\",\"target\":[\"https:\/\/www.terjeaamodt.com\/blog\/2009\/04\/20\/bilder-fontainebleau-buldring\/\"]}]},{\"@type\":\"ImageObject\",\"inLanguage\":\"nb-NO\",\"@id\":\"https:\/\/www.terjeaamodt.com\/blog\/2009\/04\/20\/bilder-fontainebleau-buldring\/#primaryimage\",\"url\":\"http:\/\/www.terjeaamodt.com\/blog\/wp-content\/uploads\/2009\/04\/font-blog01-tm.jpg\",\"contentUrl\":\"http:\/\/www.terjeaamodt.com\/blog\/wp-content\/uploads\/2009\/04\/font-blog01-tm.jpg\"},{\"@type\":\"BreadcrumbList\",\"@id\":\"https:\/\/www.terjeaamodt.com\/blog\/2009\/04\/20\/bilder-fontainebleau-buldring\/#breadcrumb\",\"itemListElement\":[{\"@type\":\"ListItem\",\"position\":1,\"name\":\"Home\",\"item\":\"https:\/\/www.terjeaamodt.com\/blog\/\"},{\"@type\":\"ListItem\",\"position\":2,\"name\":\"Bilder, Fontainebleau, Buldring\"}]},{\"@type\":\"WebSite\",\"@id\":\"https:\/\/www.terjeaamodt.com\/blog\/#website\",\"url\":\"https:\/\/www.terjeaamodt.com\/blog\/\",\"name\":\"Terje Aamodt Photography blog\",\"description\":\"\",\"potentialAction\":[{\"@type\":\"SearchAction\",\"target\":{\"@type\":\"EntryPoint\",\"urlTemplate\":\"https:\/\/www.terjeaamodt.com\/blog\/?s={search_term_string}\"},\"query-input\":{\"@type\":\"PropertyValueSpecification\",\"valueRequired\":true,\"valueName\":\"search_term_string\"}}],\"inLanguage\":\"nb-NO\"},{\"@type\":\"Person\",\"@id\":\"https:\/\/www.terjeaamodt.com\/blog\/#\/schema\/person\/421fe074073d41cf4e17a2aaa426f5bd\",\"name\":\"Terje Aamodt\",\"image\":{\"@type\":\"ImageObject\",\"inLanguage\":\"nb-NO\",\"@id\":\"https:\/\/www.terjeaamodt.com\/blog\/#\/schema\/person\/image\/\",\"url\":\"https:\/\/secure.gravatar.com\/avatar\/42c15fcafccc8dea0466e1f48bbabee5d657af333b66d515f227538e430e6f37?s=96&d=mm&r=g\",\"contentUrl\":\"https:\/\/secure.gravatar.com\/avatar\/42c15fcafccc8dea0466e1f48bbabee5d657af333b66d515f227538e430e6f37?s=96&d=mm&r=g\",\"caption\":\"Terje Aamodt\"},\"description\":\"Terje Aamodt, fotograf og klattrer\",\"sameAs\":[\"http:\/\/www.terjeaamodt.com\"],\"url\":\"https:\/\/www.terjeaamodt.com\/blog\/author\/admin\/\"}]}<\/script>\n<!-- \/ Yoast SEO plugin. -->","yoast_head_json":{"title":"Bilder, Fontainebleau, Buldring | Terje Aamodt Photography blog","robots":{"index":"index","follow":"follow","max-snippet":"max-snippet:-1","max-image-preview":"max-image-preview:large","max-video-preview":"max-video-preview:-1"},"canonical":"https:\/\/www.terjeaamodt.com\/blog\/2009\/04\/20\/bilder-fontainebleau-buldring\/","og_locale":"nb_NO","og_type":"article","og_title":"Bilder, Fontainebleau, Buldring | Terje Aamodt Photography blog","og_description":"Hei alle sammen. Da har jeg akkurat kommet hjem fra en fantastisk p\u00e5skeferie i Fontainebleau. Fontainebleau er et klatre-\/buldreomr\u00e5de som ligger ca 10 mil s\u00f8r for Paris. Vi var en hel gjeng som drog nedover, s\u00e5 til tider var det veldig sosialt. Vi hadde leid en gite\/leilighet som vi bodde i, og p\u00e5 det meste [&hellip;]","og_url":"https:\/\/www.terjeaamodt.com\/blog\/2009\/04\/20\/bilder-fontainebleau-buldring\/","og_site_name":"Terje Aamodt Photography blog","article_publisher":"https:\/\/www.facebook.com\/Terje-Aamodt-Photography-161544107229708\/?ref=hl","article_published_time":"2009-04-21T02:30:54+00:00","article_modified_time":"2009-09-23T09:30:23+00:00","og_image":[{"url":"http:\/\/www.terjeaamodt.com\/blog\/wp-content\/uploads\/2009\/04\/font-blog01-tm.jpg","type":"","width":"","height":""}],"author":"Terje Aamodt","twitter_card":"summary_large_image","twitter_creator":"@aamodtfoto","twitter_site":"@aamodtfoto","twitter_misc":{"Skrevet av":"Terje Aamodt","Ansl. lesetid":"1 minutt"},"schema":{"@context":"https:\/\/schema.org","@graph":[{"@type":"Article","@id":"https:\/\/www.terjeaamodt.com\/blog\/2009\/04\/20\/bilder-fontainebleau-buldring\/#article","isPartOf":{"@id":"https:\/\/www.terjeaamodt.com\/blog\/2009\/04\/20\/bilder-fontainebleau-buldring\/"},"author":{"name":"Terje Aamodt","@id":"https:\/\/www.terjeaamodt.com\/blog\/#\/schema\/person\/421fe074073d41cf4e17a2aaa426f5bd"},"headline":"Bilder, Fontainebleau, Buldring","datePublished":"2009-04-21T02:30:54+00:00","dateModified":"2009-09-23T09:30:23+00:00","mainEntityOfPage":{"@id":"https:\/\/www.terjeaamodt.com\/blog\/2009\/04\/20\/bilder-fontainebleau-buldring\/"},"wordCount":211,"commentCount":1,"image":{"@id":"https:\/\/www.terjeaamodt.com\/blog\/2009\/04\/20\/bilder-fontainebleau-buldring\/#primaryimage"},"thumbnailUrl":"http:\/\/www.terjeaamodt.com\/blog\/wp-content\/uploads\/2009\/04\/font-blog01-tm.jpg","articleSection":["klatring","Reise"],"inLanguage":"nb-NO","potentialAction":[{"@type":"CommentAction","name":"Comment","target":["https:\/\/www.terjeaamodt.com\/blog\/2009\/04\/20\/bilder-fontainebleau-buldring\/#respond"]}]},{"@type":"WebPage","@id":"https:\/\/www.terjeaamodt.com\/blog\/2009\/04\/20\/bilder-fontainebleau-buldring\/","url":"https:\/\/www.terjeaamodt.com\/blog\/2009\/04\/20\/bilder-fontainebleau-buldring\/","name":"Bilder, Fontainebleau, Buldring | Terje Aamodt Photography blog","isPartOf":{"@id":"https:\/\/www.terjeaamodt.com\/blog\/#website"},"primaryImageOfPage":{"@id":"https:\/\/www.terjeaamodt.com\/blog\/2009\/04\/20\/bilder-fontainebleau-buldring\/#primaryimage"},"image":{"@id":"https:\/\/www.terjeaamodt.com\/blog\/2009\/04\/20\/bilder-fontainebleau-buldring\/#primaryimage"},"thumbnailUrl":"http:\/\/www.terjeaamodt.com\/blog\/wp-content\/uploads\/2009\/04\/font-blog01-tm.jpg","datePublished":"2009-04-21T02:30:54+00:00","dateModified":"2009-09-23T09:30:23+00:00","author":{"@id":"https:\/\/www.terjeaamodt.com\/blog\/#\/schema\/person\/421fe074073d41cf4e17a2aaa426f5bd"},"breadcrumb":{"@id":"https:\/\/www.terjeaamodt.com\/blog\/2009\/04\/20\/bilder-fontainebleau-buldring\/#breadcrumb"},"inLanguage":"nb-NO","potentialAction":[{"@type":"ReadAction","target":["https:\/\/www.terjeaamodt.com\/blog\/2009\/04\/20\/bilder-fontainebleau-buldring\/"]}]},{"@type":"ImageObject","inLanguage":"nb-NO","@id":"https:\/\/www.terjeaamodt.com\/blog\/2009\/04\/20\/bilder-fontainebleau-buldring\/#primaryimage","url":"http:\/\/www.terjeaamodt.com\/blog\/wp-content\/uploads\/2009\/04\/font-blog01-tm.jpg","contentUrl":"http:\/\/www.terjeaamodt.com\/blog\/wp-content\/uploads\/2009\/04\/font-blog01-tm.jpg"},{"@type":"BreadcrumbList","@id":"https:\/\/www.terjeaamodt.com\/blog\/2009\/04\/20\/bilder-fontainebleau-buldring\/#breadcrumb","itemListElement":[{"@type":"ListItem","position":1,"name":"Home","item":"https:\/\/www.terjeaamodt.com\/blog\/"},{"@type":"ListItem","position":2,"name":"Bilder, Fontainebleau, Buldring"}]},{"@type":"WebSite","@id":"https:\/\/www.terjeaamodt.com\/blog\/#website","url":"https:\/\/www.terjeaamodt.com\/blog\/","name":"Terje Aamodt Photography blog","description":"","potentialAction":[{"@type":"SearchAction","target":{"@type":"EntryPoint","urlTemplate":"https:\/\/www.terjeaamodt.com\/blog\/?s={search_term_string}"},"query-input":{"@type":"PropertyValueSpecification","valueRequired":true,"valueName":"search_term_string"}}],"inLanguage":"nb-NO"},{"@type":"Person","@id":"https:\/\/www.terjeaamodt.com\/blog\/#\/schema\/person\/421fe074073d41cf4e17a2aaa426f5bd","name":"Terje Aamodt","image":{"@type":"ImageObject","inLanguage":"nb-NO","@id":"https:\/\/www.terjeaamodt.com\/blog\/#\/schema\/person\/image\/","url":"https:\/\/secure.gravatar.com\/avatar\/42c15fcafccc8dea0466e1f48bbabee5d657af333b66d515f227538e430e6f37?s=96&d=mm&r=g","contentUrl":"https:\/\/secure.gravatar.com\/avatar\/42c15fcafccc8dea0466e1f48bbabee5d657af333b66d515f227538e430e6f37?s=96&d=mm&r=g","caption":"Terje Aamodt"},"description":"Terje Aamodt, fotograf og klattrer","sameAs":["http:\/\/www.terjeaamodt.com"],"url":"https:\/\/www.terjeaamodt.com\/blog\/author\/admin\/"}]}},"_links":{"self":[{"href":"https:\/\/www.terjeaamodt.com\/blog\/wp-json\/wp\/v2\/posts\/1484","targetHints":{"allow":["GET"]}}],"collection":[{"href":"https:\/\/www.terjeaamodt.com\/blog\/wp-json\/wp\/v2\/posts"}],"about":[{"href":"https:\/\/www.terjeaamodt.com\/blog\/wp-json\/wp\/v2\/types\/post"}],"author":[{"embeddable":true,"href":"https:\/\/www.terjeaamodt.com\/blog\/wp-json\/wp\/v2\/users\/1"}],"replies":[{"embeddable":true,"href":"https:\/\/www.terjeaamodt.com\/blog\/wp-json\/wp\/v2\/comments?post=1484"}],"version-history":[{"count":1,"href":"https:\/\/www.terjeaamodt.com\/blog\/wp-json\/wp\/v2\/posts\/1484\/revisions"}],"predecessor-version":[{"id":1787,"href":"https:\/\/www.terjeaamodt.com\/blog\/wp-json\/wp\/v2\/posts\/1484\/revisions\/1787"}],"wp:attachment":[{"href":"https:\/\/www.terjeaamodt.com\/blog\/wp-json\/wp\/v2\/media?parent=1484"}],"wp:term":[{"taxonomy":"category","embeddable":true,"href":"https:\/\/www.terjeaamodt.com\/blog\/wp-json\/wp\/v2\/categories?post=1484"},{"taxonomy":"post_tag","embeddable":true,"href":"https:\/\/www.terjeaamodt.com\/blog\/wp-json\/wp\/v2\/tags?post=1484"}],"curies":[{"name":"wp","href":"https:\/\/api.w.org\/{rel}","templated":true}]}}