{"id":1507,"date":"2009-05-18T10:02:15","date_gmt":"2009-05-18T15:02:15","guid":{"rendered":"http:\/\/www.terjeaamodt.com\/blog\/2009\/05\/18\/klatring-eresfjord-balansekoden\/"},"modified":"2009-09-23T04:29:19","modified_gmt":"2009-09-23T09:29:19","slug":"klatring-eresfjord-balansekoden","status":"publish","type":"post","link":"https:\/\/www.terjeaamodt.com\/blog\/2009\/05\/18\/klatring-eresfjord-balansekoden\/","title":{"rendered":"Klatring Eresfjord, Balansekoden."},"content":{"rendered":"<p>Har f\u00e5tt i oppdrag \u00e5 ta noen bilder til den nye klatref\u00f8reren for Eresfjord. I den forbindelse fikk jeg en fantastisk tur opp &laquo;Balansekoden&raquo; for noen dager siden, sammen med Iver Gjelstenli og Tore Lundberg. &laquo;Balansekoden&raquo; er en 16 taulengders perle av en svarute som ender oppe, helt oppe p\u00e5 fjellet.<br \/>\n&laquo;Balansekoden&raquo; byr p\u00e5 variert og fin klatring og 12. og 13. taulengde er bare en nytelse som i seg selv er vert hele turen..<\/p>\n<p><a href=\"http:\/\/www.terjeaamodt.com\/blog\/wp-content\/uploads\/2009\/05\/eresfjorden-blog-01.jpg\" onclick=\"window.open('http:\/\/www.terjeaamodt.com\/blog\/wp-content\/uploads\/2009\/05\/eresfjorden-blog-01.jpg','popup','width=720,height=520,scrollbars=no,resizable=yes,toolbar=no,directories=no,location=no,menubar=no,status=yes,left=0,top=0');return false\"><img decoding=\"async\" src=\"http:\/\/www.terjeaamodt.com\/blog\/wp-content\/uploads\/2009\/05\/eresfjorden-blog-01-tm.jpg\" height=\"325\" width=\"450\" border=\"1\" hspace=\"4\" vspace=\"4\" alt=\"Eresfjorden Blog 01\" \/><\/a><br \/>\nIver Gjelstenli og Tore Lundberg p\u00e5 &laquo;Balansekoden&raquo;<\/p>\n<p><a href=\"http:\/\/www.terjeaamodt.com\/blog\/wp-content\/uploads\/2009\/05\/eresfjorden-blog-02.jpg\" onclick=\"window.open('http:\/\/www.terjeaamodt.com\/blog\/wp-content\/uploads\/2009\/05\/eresfjorden-blog-02.jpg','popup','width=520,height=720,scrollbars=no,resizable=yes,toolbar=no,directories=no,location=no,menubar=no,status=yes,left=0,top=0');return false\"><img decoding=\"async\" src=\"http:\/\/www.terjeaamodt.com\/blog\/wp-content\/uploads\/2009\/05\/eresfjorden-blog-02-tm.jpg\" height=\"415\" width=\"300\" border=\"1\" hspace=\"4\" vspace=\"4\" alt=\"Eresfjorden Blog 02\" \/><\/a><br \/>\nIver Gjelstenli med Eresfjord i bakrunnen.<\/p>\n<p><a href=\"http:\/\/www.terjeaamodt.com\/blog\/wp-content\/uploads\/2009\/05\/eresfjorden-blog-03.jpg\" onclick=\"window.open('http:\/\/www.terjeaamodt.com\/blog\/wp-content\/uploads\/2009\/05\/eresfjorden-blog-03.jpg','popup','width=520,height=720,scrollbars=no,resizable=yes,toolbar=no,directories=no,location=no,menubar=no,status=yes,left=0,top=0');return false\"><img decoding=\"async\" src=\"http:\/\/www.terjeaamodt.com\/blog\/wp-content\/uploads\/2009\/05\/eresfjorden-blog-03-tm.jpg\" height=\"415\" width=\"300\" border=\"1\" hspace=\"4\" vspace=\"4\" alt=\"Eresfjorden Blog 03\" \/><\/a><br \/>\nTore Lundberg p\u00e5 &laquo;Torvl\u00f8ysa&raquo;  <\/p>\n<p><a href=\"http:\/\/www.terjeaamodt.com\/blog\/wp-content\/uploads\/2009\/05\/eresfjorden-blog-04.jpg\" onclick=\"window.open('http:\/\/www.terjeaamodt.com\/blog\/wp-content\/uploads\/2009\/05\/eresfjorden-blog-04.jpg','popup','width=720,height=520,scrollbars=no,resizable=yes,toolbar=no,directories=no,location=no,menubar=no,status=yes,left=0,top=0');return false\"><img decoding=\"async\" src=\"http:\/\/www.terjeaamodt.com\/blog\/wp-content\/uploads\/2009\/05\/eresfjorden-blog-04-tm.jpg\" height=\"325\" width=\"450\" border=\"1\" hspace=\"4\" vspace=\"4\" alt=\"Eresfjorden Blog 04\" \/><\/a><\/p>\n","protected":false},"excerpt":{"rendered":"<p>Har f\u00e5tt i oppdrag \u00e5 ta noen bilder til den nye klatref\u00f8reren for Eresfjord. I den forbindelse fikk jeg en fantastisk tur opp &laquo;Balansekoden&raquo; for noen dager siden, sammen med Iver Gjelstenli og Tore Lundberg. &laquo;Balansekoden&raquo; er en 16 taulengders perle av en svarute som ender oppe, helt oppe p\u00e5 fjellet. &laquo;Balansekoden&raquo; byr p\u00e5 variert [&hellip;]<\/p>\n","protected":false},"author":1,"featured_media":0,"comment_status":"open","ping_status":"open","sticky":false,"template":"","format":"standard","meta":{"footnotes":""},"categories":[6],"tags":[],"class_list":["post-1507","post","type-post","status-publish","format-standard","hentry","category-klatring"],"yoast_head":"<!-- This site is optimized with the Yoast SEO plugin v27.1.1 - https:\/\/yoast.com\/product\/yoast-seo-wordpress\/ -->\n<title>Klatring Eresfjord, Balansekoden. | Terje Aamodt Photography blog<\/title>\n<meta name=\"robots\" content=\"index, follow, max-snippet:-1, max-image-preview:large, max-video-preview:-1\" \/>\n<link rel=\"canonical\" href=\"https:\/\/www.terjeaamodt.com\/blog\/2009\/05\/18\/klatring-eresfjord-balansekoden\/\" \/>\n<meta property=\"og:locale\" content=\"nb_NO\" \/>\n<meta property=\"og:type\" content=\"article\" \/>\n<meta property=\"og:title\" content=\"Klatring Eresfjord, Balansekoden. | Terje Aamodt Photography blog\" \/>\n<meta property=\"og:description\" content=\"Har f\u00e5tt i oppdrag \u00e5 ta noen bilder til den nye klatref\u00f8reren for Eresfjord. I den forbindelse fikk jeg en fantastisk tur opp &laquo;Balansekoden&raquo; for noen dager siden, sammen med Iver Gjelstenli og Tore Lundberg. &laquo;Balansekoden&raquo; er en 16 taulengders perle av en svarute som ender oppe, helt oppe p\u00e5 fjellet. &laquo;Balansekoden&raquo; byr p\u00e5 variert [&hellip;]\" \/>\n<meta property=\"og:url\" content=\"https:\/\/www.terjeaamodt.com\/blog\/2009\/05\/18\/klatring-eresfjord-balansekoden\/\" \/>\n<meta property=\"og:site_name\" content=\"Terje Aamodt Photography blog\" \/>\n<meta property=\"article:publisher\" content=\"https:\/\/www.facebook.com\/Terje-Aamodt-Photography-161544107229708\/?ref=hl\" \/>\n<meta property=\"article:published_time\" content=\"2009-05-18T15:02:15+00:00\" \/>\n<meta property=\"article:modified_time\" content=\"2009-09-23T09:29:19+00:00\" \/>\n<meta property=\"og:image\" content=\"http:\/\/www.terjeaamodt.com\/blog\/wp-content\/uploads\/2009\/05\/eresfjorden-blog-01-tm.jpg\" \/>\n<meta name=\"author\" content=\"Terje Aamodt\" \/>\n<meta name=\"twitter:card\" content=\"summary_large_image\" \/>\n<meta name=\"twitter:creator\" content=\"@aamodtfoto\" \/>\n<meta name=\"twitter:site\" content=\"@aamodtfoto\" \/>\n<meta name=\"twitter:label1\" content=\"Skrevet av\" \/>\n\t<meta name=\"twitter:data1\" content=\"Terje Aamodt\" \/>\n<script type=\"application\/ld+json\" class=\"yoast-schema-graph\">{\"@context\":\"https:\/\/schema.org\",\"@graph\":[{\"@type\":\"Article\",\"@id\":\"https:\/\/www.terjeaamodt.com\/blog\/2009\/05\/18\/klatring-eresfjord-balansekoden\/#article\",\"isPartOf\":{\"@id\":\"https:\/\/www.terjeaamodt.com\/blog\/2009\/05\/18\/klatring-eresfjord-balansekoden\/\"},\"author\":{\"name\":\"Terje Aamodt\",\"@id\":\"https:\/\/www.terjeaamodt.com\/blog\/#\/schema\/person\/421fe074073d41cf4e17a2aaa426f5bd\"},\"headline\":\"Klatring Eresfjord, Balansekoden.\",\"datePublished\":\"2009-05-18T15:02:15+00:00\",\"dateModified\":\"2009-09-23T09:29:19+00:00\",\"mainEntityOfPage\":{\"@id\":\"https:\/\/www.terjeaamodt.com\/blog\/2009\/05\/18\/klatring-eresfjord-balansekoden\/\"},\"wordCount\":94,\"commentCount\":1,\"image\":{\"@id\":\"https:\/\/www.terjeaamodt.com\/blog\/2009\/05\/18\/klatring-eresfjord-balansekoden\/#primaryimage\"},\"thumbnailUrl\":\"http:\/\/www.terjeaamodt.com\/blog\/wp-content\/uploads\/2009\/05\/eresfjorden-blog-01-tm.jpg\",\"articleSection\":[\"klatring\"],\"inLanguage\":\"nb-NO\",\"potentialAction\":[{\"@type\":\"CommentAction\",\"name\":\"Comment\",\"target\":[\"https:\/\/www.terjeaamodt.com\/blog\/2009\/05\/18\/klatring-eresfjord-balansekoden\/#respond\"]}]},{\"@type\":\"WebPage\",\"@id\":\"https:\/\/www.terjeaamodt.com\/blog\/2009\/05\/18\/klatring-eresfjord-balansekoden\/\",\"url\":\"https:\/\/www.terjeaamodt.com\/blog\/2009\/05\/18\/klatring-eresfjord-balansekoden\/\",\"name\":\"Klatring Eresfjord, Balansekoden. | Terje Aamodt Photography blog\",\"isPartOf\":{\"@id\":\"https:\/\/www.terjeaamodt.com\/blog\/#website\"},\"primaryImageOfPage\":{\"@id\":\"https:\/\/www.terjeaamodt.com\/blog\/2009\/05\/18\/klatring-eresfjord-balansekoden\/#primaryimage\"},\"image\":{\"@id\":\"https:\/\/www.terjeaamodt.com\/blog\/2009\/05\/18\/klatring-eresfjord-balansekoden\/#primaryimage\"},\"thumbnailUrl\":\"http:\/\/www.terjeaamodt.com\/blog\/wp-content\/uploads\/2009\/05\/eresfjorden-blog-01-tm.jpg\",\"datePublished\":\"2009-05-18T15:02:15+00:00\",\"dateModified\":\"2009-09-23T09:29:19+00:00\",\"author\":{\"@id\":\"https:\/\/www.terjeaamodt.com\/blog\/#\/schema\/person\/421fe074073d41cf4e17a2aaa426f5bd\"},\"breadcrumb\":{\"@id\":\"https:\/\/www.terjeaamodt.com\/blog\/2009\/05\/18\/klatring-eresfjord-balansekoden\/#breadcrumb\"},\"inLanguage\":\"nb-NO\",\"potentialAction\":[{\"@type\":\"ReadAction\",\"target\":[\"https:\/\/www.terjeaamodt.com\/blog\/2009\/05\/18\/klatring-eresfjord-balansekoden\/\"]}]},{\"@type\":\"ImageObject\",\"inLanguage\":\"nb-NO\",\"@id\":\"https:\/\/www.terjeaamodt.com\/blog\/2009\/05\/18\/klatring-eresfjord-balansekoden\/#primaryimage\",\"url\":\"http:\/\/www.terjeaamodt.com\/blog\/wp-content\/uploads\/2009\/05\/eresfjorden-blog-01-tm.jpg\",\"contentUrl\":\"http:\/\/www.terjeaamodt.com\/blog\/wp-content\/uploads\/2009\/05\/eresfjorden-blog-01-tm.jpg\"},{\"@type\":\"BreadcrumbList\",\"@id\":\"https:\/\/www.terjeaamodt.com\/blog\/2009\/05\/18\/klatring-eresfjord-balansekoden\/#breadcrumb\",\"itemListElement\":[{\"@type\":\"ListItem\",\"position\":1,\"name\":\"Home\",\"item\":\"https:\/\/www.terjeaamodt.com\/blog\/\"},{\"@type\":\"ListItem\",\"position\":2,\"name\":\"Klatring Eresfjord, Balansekoden.\"}]},{\"@type\":\"WebSite\",\"@id\":\"https:\/\/www.terjeaamodt.com\/blog\/#website\",\"url\":\"https:\/\/www.terjeaamodt.com\/blog\/\",\"name\":\"Terje Aamodt Photography blog\",\"description\":\"\",\"potentialAction\":[{\"@type\":\"SearchAction\",\"target\":{\"@type\":\"EntryPoint\",\"urlTemplate\":\"https:\/\/www.terjeaamodt.com\/blog\/?s={search_term_string}\"},\"query-input\":{\"@type\":\"PropertyValueSpecification\",\"valueRequired\":true,\"valueName\":\"search_term_string\"}}],\"inLanguage\":\"nb-NO\"},{\"@type\":\"Person\",\"@id\":\"https:\/\/www.terjeaamodt.com\/blog\/#\/schema\/person\/421fe074073d41cf4e17a2aaa426f5bd\",\"name\":\"Terje Aamodt\",\"image\":{\"@type\":\"ImageObject\",\"inLanguage\":\"nb-NO\",\"@id\":\"https:\/\/www.terjeaamodt.com\/blog\/#\/schema\/person\/image\/\",\"url\":\"https:\/\/secure.gravatar.com\/avatar\/42c15fcafccc8dea0466e1f48bbabee5d657af333b66d515f227538e430e6f37?s=96&d=mm&r=g\",\"contentUrl\":\"https:\/\/secure.gravatar.com\/avatar\/42c15fcafccc8dea0466e1f48bbabee5d657af333b66d515f227538e430e6f37?s=96&d=mm&r=g\",\"caption\":\"Terje Aamodt\"},\"description\":\"Terje Aamodt, fotograf og klattrer\",\"sameAs\":[\"http:\/\/www.terjeaamodt.com\"],\"url\":\"https:\/\/www.terjeaamodt.com\/blog\/author\/admin\/\"}]}<\/script>\n<!-- \/ Yoast SEO plugin. -->","yoast_head_json":{"title":"Klatring Eresfjord, Balansekoden. | Terje Aamodt Photography blog","robots":{"index":"index","follow":"follow","max-snippet":"max-snippet:-1","max-image-preview":"max-image-preview:large","max-video-preview":"max-video-preview:-1"},"canonical":"https:\/\/www.terjeaamodt.com\/blog\/2009\/05\/18\/klatring-eresfjord-balansekoden\/","og_locale":"nb_NO","og_type":"article","og_title":"Klatring Eresfjord, Balansekoden. | Terje Aamodt Photography blog","og_description":"Har f\u00e5tt i oppdrag \u00e5 ta noen bilder til den nye klatref\u00f8reren for Eresfjord. I den forbindelse fikk jeg en fantastisk tur opp &laquo;Balansekoden&raquo; for noen dager siden, sammen med Iver Gjelstenli og Tore Lundberg. &laquo;Balansekoden&raquo; er en 16 taulengders perle av en svarute som ender oppe, helt oppe p\u00e5 fjellet. &laquo;Balansekoden&raquo; byr p\u00e5 variert [&hellip;]","og_url":"https:\/\/www.terjeaamodt.com\/blog\/2009\/05\/18\/klatring-eresfjord-balansekoden\/","og_site_name":"Terje Aamodt Photography blog","article_publisher":"https:\/\/www.facebook.com\/Terje-Aamodt-Photography-161544107229708\/?ref=hl","article_published_time":"2009-05-18T15:02:15+00:00","article_modified_time":"2009-09-23T09:29:19+00:00","og_image":[{"url":"http:\/\/www.terjeaamodt.com\/blog\/wp-content\/uploads\/2009\/05\/eresfjorden-blog-01-tm.jpg","type":"","width":"","height":""}],"author":"Terje Aamodt","twitter_card":"summary_large_image","twitter_creator":"@aamodtfoto","twitter_site":"@aamodtfoto","twitter_misc":{"Skrevet av":"Terje Aamodt"},"schema":{"@context":"https:\/\/schema.org","@graph":[{"@type":"Article","@id":"https:\/\/www.terjeaamodt.com\/blog\/2009\/05\/18\/klatring-eresfjord-balansekoden\/#article","isPartOf":{"@id":"https:\/\/www.terjeaamodt.com\/blog\/2009\/05\/18\/klatring-eresfjord-balansekoden\/"},"author":{"name":"Terje Aamodt","@id":"https:\/\/www.terjeaamodt.com\/blog\/#\/schema\/person\/421fe074073d41cf4e17a2aaa426f5bd"},"headline":"Klatring Eresfjord, Balansekoden.","datePublished":"2009-05-18T15:02:15+00:00","dateModified":"2009-09-23T09:29:19+00:00","mainEntityOfPage":{"@id":"https:\/\/www.terjeaamodt.com\/blog\/2009\/05\/18\/klatring-eresfjord-balansekoden\/"},"wordCount":94,"commentCount":1,"image":{"@id":"https:\/\/www.terjeaamodt.com\/blog\/2009\/05\/18\/klatring-eresfjord-balansekoden\/#primaryimage"},"thumbnailUrl":"http:\/\/www.terjeaamodt.com\/blog\/wp-content\/uploads\/2009\/05\/eresfjorden-blog-01-tm.jpg","articleSection":["klatring"],"inLanguage":"nb-NO","potentialAction":[{"@type":"CommentAction","name":"Comment","target":["https:\/\/www.terjeaamodt.com\/blog\/2009\/05\/18\/klatring-eresfjord-balansekoden\/#respond"]}]},{"@type":"WebPage","@id":"https:\/\/www.terjeaamodt.com\/blog\/2009\/05\/18\/klatring-eresfjord-balansekoden\/","url":"https:\/\/www.terjeaamodt.com\/blog\/2009\/05\/18\/klatring-eresfjord-balansekoden\/","name":"Klatring Eresfjord, Balansekoden. | Terje Aamodt Photography blog","isPartOf":{"@id":"https:\/\/www.terjeaamodt.com\/blog\/#website"},"primaryImageOfPage":{"@id":"https:\/\/www.terjeaamodt.com\/blog\/2009\/05\/18\/klatring-eresfjord-balansekoden\/#primaryimage"},"image":{"@id":"https:\/\/www.terjeaamodt.com\/blog\/2009\/05\/18\/klatring-eresfjord-balansekoden\/#primaryimage"},"thumbnailUrl":"http:\/\/www.terjeaamodt.com\/blog\/wp-content\/uploads\/2009\/05\/eresfjorden-blog-01-tm.jpg","datePublished":"2009-05-18T15:02:15+00:00","dateModified":"2009-09-23T09:29:19+00:00","author":{"@id":"https:\/\/www.terjeaamodt.com\/blog\/#\/schema\/person\/421fe074073d41cf4e17a2aaa426f5bd"},"breadcrumb":{"@id":"https:\/\/www.terjeaamodt.com\/blog\/2009\/05\/18\/klatring-eresfjord-balansekoden\/#breadcrumb"},"inLanguage":"nb-NO","potentialAction":[{"@type":"ReadAction","target":["https:\/\/www.terjeaamodt.com\/blog\/2009\/05\/18\/klatring-eresfjord-balansekoden\/"]}]},{"@type":"ImageObject","inLanguage":"nb-NO","@id":"https:\/\/www.terjeaamodt.com\/blog\/2009\/05\/18\/klatring-eresfjord-balansekoden\/#primaryimage","url":"http:\/\/www.terjeaamodt.com\/blog\/wp-content\/uploads\/2009\/05\/eresfjorden-blog-01-tm.jpg","contentUrl":"http:\/\/www.terjeaamodt.com\/blog\/wp-content\/uploads\/2009\/05\/eresfjorden-blog-01-tm.jpg"},{"@type":"BreadcrumbList","@id":"https:\/\/www.terjeaamodt.com\/blog\/2009\/05\/18\/klatring-eresfjord-balansekoden\/#breadcrumb","itemListElement":[{"@type":"ListItem","position":1,"name":"Home","item":"https:\/\/www.terjeaamodt.com\/blog\/"},{"@type":"ListItem","position":2,"name":"Klatring Eresfjord, Balansekoden."}]},{"@type":"WebSite","@id":"https:\/\/www.terjeaamodt.com\/blog\/#website","url":"https:\/\/www.terjeaamodt.com\/blog\/","name":"Terje Aamodt Photography blog","description":"","potentialAction":[{"@type":"SearchAction","target":{"@type":"EntryPoint","urlTemplate":"https:\/\/www.terjeaamodt.com\/blog\/?s={search_term_string}"},"query-input":{"@type":"PropertyValueSpecification","valueRequired":true,"valueName":"search_term_string"}}],"inLanguage":"nb-NO"},{"@type":"Person","@id":"https:\/\/www.terjeaamodt.com\/blog\/#\/schema\/person\/421fe074073d41cf4e17a2aaa426f5bd","name":"Terje Aamodt","image":{"@type":"ImageObject","inLanguage":"nb-NO","@id":"https:\/\/www.terjeaamodt.com\/blog\/#\/schema\/person\/image\/","url":"https:\/\/secure.gravatar.com\/avatar\/42c15fcafccc8dea0466e1f48bbabee5d657af333b66d515f227538e430e6f37?s=96&d=mm&r=g","contentUrl":"https:\/\/secure.gravatar.com\/avatar\/42c15fcafccc8dea0466e1f48bbabee5d657af333b66d515f227538e430e6f37?s=96&d=mm&r=g","caption":"Terje Aamodt"},"description":"Terje Aamodt, fotograf og klattrer","sameAs":["http:\/\/www.terjeaamodt.com"],"url":"https:\/\/www.terjeaamodt.com\/blog\/author\/admin\/"}]}},"_links":{"self":[{"href":"https:\/\/www.terjeaamodt.com\/blog\/wp-json\/wp\/v2\/posts\/1507","targetHints":{"allow":["GET"]}}],"collection":[{"href":"https:\/\/www.terjeaamodt.com\/blog\/wp-json\/wp\/v2\/posts"}],"about":[{"href":"https:\/\/www.terjeaamodt.com\/blog\/wp-json\/wp\/v2\/types\/post"}],"author":[{"embeddable":true,"href":"https:\/\/www.terjeaamodt.com\/blog\/wp-json\/wp\/v2\/users\/1"}],"replies":[{"embeddable":true,"href":"https:\/\/www.terjeaamodt.com\/blog\/wp-json\/wp\/v2\/comments?post=1507"}],"version-history":[{"count":1,"href":"https:\/\/www.terjeaamodt.com\/blog\/wp-json\/wp\/v2\/posts\/1507\/revisions"}],"predecessor-version":[{"id":1782,"href":"https:\/\/www.terjeaamodt.com\/blog\/wp-json\/wp\/v2\/posts\/1507\/revisions\/1782"}],"wp:attachment":[{"href":"https:\/\/www.terjeaamodt.com\/blog\/wp-json\/wp\/v2\/media?parent=1507"}],"wp:term":[{"taxonomy":"category","embeddable":true,"href":"https:\/\/www.terjeaamodt.com\/blog\/wp-json\/wp\/v2\/categories?post=1507"},{"taxonomy":"post_tag","embeddable":true,"href":"https:\/\/www.terjeaamodt.com\/blog\/wp-json\/wp\/v2\/tags?post=1507"}],"curies":[{"name":"wp","href":"https:\/\/api.w.org\/{rel}","templated":true}]}}