{"id":1562,"date":"2009-06-04T05:15:11","date_gmt":"2009-06-04T10:15:11","guid":{"rendered":"http:\/\/www.terjeaamodt.com\/blog\/2009\/06\/04\/makrobilder-molde\/"},"modified":"2009-09-23T04:28:16","modified_gmt":"2009-09-23T09:28:16","slug":"makrobilder-molde","status":"publish","type":"post","link":"https:\/\/www.terjeaamodt.com\/blog\/2009\/06\/04\/makrobilder-molde\/","title":{"rendered":"Makrobilder, Molde"},"content":{"rendered":"<p>Regnv\u00e6r er en fin m\u00e5te \u00e5 f\u00e5 utfolde kreativiteten sin p\u00e5 \ud83d\ude42<\/p>\n<p>Her er noen bilder jeg tok i g\u00e5r mens v\u00e6ret var som p\u00e5 det v\u00e5teste.<\/p>\n<p><a href=\"http:\/\/www.terjeaamodt.com\/blog\/wp-content\/uploads\/2009\/06\/waterdrops-blog01.jpg\" onclick=\"window.open('http:\/\/www.terjeaamodt.com\/blog\/wp-content\/uploads\/2009\/06\/waterdrops-blog01.jpg','popup','width=720,height=520,scrollbars=no,resizable=yes,toolbar=no,directories=no,location=no,menubar=no,status=yes,left=0,top=0');return false\"><img decoding=\"async\" src=\"http:\/\/www.terjeaamodt.com\/blog\/wp-content\/uploads\/2009\/06\/waterdrops-blog01-tm.jpg\" height=\"325\" width=\"450\" border=\"1\" hspace=\"4\" vspace=\"4\" alt=\"Waterdrops Blog01\" \/><\/a><\/p>\n<p><a href=\"http:\/\/www.terjeaamodt.com\/blog\/wp-content\/uploads\/2009\/06\/waterdrops-blog02.jpg\" onclick=\"window.open('http:\/\/www.terjeaamodt.com\/blog\/wp-content\/uploads\/2009\/06\/waterdrops-blog02.jpg','popup','width=720,height=520,scrollbars=no,resizable=yes,toolbar=no,directories=no,location=no,menubar=no,status=yes,left=0,top=0');return false\"><img decoding=\"async\" src=\"http:\/\/www.terjeaamodt.com\/blog\/wp-content\/uploads\/2009\/06\/waterdrops-blog02-tm.jpg\" height=\"325\" width=\"450\" border=\"1\" hspace=\"4\" vspace=\"4\" alt=\"Waterdrops Blog02\" \/><\/a><\/p>\n<p><a href=\"http:\/\/www.terjeaamodt.com\/blog\/wp-content\/uploads\/2009\/06\/waterdrops-blog03.jpg\" onclick=\"window.open('http:\/\/www.terjeaamodt.com\/blog\/wp-content\/uploads\/2009\/06\/waterdrops-blog03.jpg','popup','width=720,height=520,scrollbars=no,resizable=yes,toolbar=no,directories=no,location=no,menubar=no,status=yes,left=0,top=0');return false\"><img decoding=\"async\" src=\"http:\/\/www.terjeaamodt.com\/blog\/wp-content\/uploads\/2009\/06\/waterdrops-blog03-tm.jpg\" height=\"325\" width=\"450\" border=\"1\" hspace=\"4\" vspace=\"4\" alt=\"Waterdrops Blog03\" \/><\/a><\/p>\n<p><a href=\"http:\/\/www.terjeaamodt.com\/blog\/wp-content\/uploads\/2009\/06\/waterdrops-blog04.jpg\" onclick=\"window.open('http:\/\/www.terjeaamodt.com\/blog\/wp-content\/uploads\/2009\/06\/waterdrops-blog04.jpg','popup','width=720,height=520,scrollbars=no,resizable=yes,toolbar=no,directories=no,location=no,menubar=no,status=yes,left=0,top=0');return false\"><img decoding=\"async\" src=\"http:\/\/www.terjeaamodt.com\/blog\/wp-content\/uploads\/2009\/06\/waterdrops-blog04-tm.jpg\" height=\"325\" width=\"450\" border=\"1\" hspace=\"4\" vspace=\"4\" alt=\"Waterdrops Blog04\" \/><\/a><\/p>\n","protected":false},"excerpt":{"rendered":"<p>Regnv\u00e6r er en fin m\u00e5te \u00e5 f\u00e5 utfolde kreativiteten sin p\u00e5 \ud83d\ude42 Her er noen bilder jeg tok i g\u00e5r mens v\u00e6ret var som p\u00e5 det v\u00e5teste.<\/p>\n","protected":false},"author":1,"featured_media":0,"comment_status":"open","ping_status":"open","sticky":false,"template":"","format":"standard","meta":{"footnotes":""},"categories":[9],"tags":[],"class_list":["post-1562","post","type-post","status-publish","format-standard","hentry","category-natur"],"yoast_head":"<!-- This site is optimized with the Yoast SEO plugin v27.1.1 - https:\/\/yoast.com\/product\/yoast-seo-wordpress\/ -->\n<title>Makrobilder, Molde | Terje Aamodt Photography blog<\/title>\n<meta name=\"robots\" content=\"index, follow, max-snippet:-1, max-image-preview:large, max-video-preview:-1\" \/>\n<link rel=\"canonical\" href=\"https:\/\/www.terjeaamodt.com\/blog\/2009\/06\/04\/makrobilder-molde\/\" \/>\n<meta property=\"og:locale\" content=\"nb_NO\" \/>\n<meta property=\"og:type\" content=\"article\" \/>\n<meta property=\"og:title\" content=\"Makrobilder, Molde | Terje Aamodt Photography blog\" \/>\n<meta property=\"og:description\" content=\"Regnv\u00e6r er en fin m\u00e5te \u00e5 f\u00e5 utfolde kreativiteten sin p\u00e5 \ud83d\ude42 Her er noen bilder jeg tok i g\u00e5r mens v\u00e6ret var som p\u00e5 det v\u00e5teste.\" \/>\n<meta property=\"og:url\" content=\"https:\/\/www.terjeaamodt.com\/blog\/2009\/06\/04\/makrobilder-molde\/\" \/>\n<meta property=\"og:site_name\" content=\"Terje Aamodt Photography blog\" \/>\n<meta property=\"article:publisher\" content=\"https:\/\/www.facebook.com\/Terje-Aamodt-Photography-161544107229708\/?ref=hl\" \/>\n<meta property=\"article:published_time\" content=\"2009-06-04T10:15:11+00:00\" \/>\n<meta property=\"article:modified_time\" content=\"2009-09-23T09:28:16+00:00\" \/>\n<meta property=\"og:image\" content=\"http:\/\/www.terjeaamodt.com\/blog\/wp-content\/uploads\/2009\/06\/waterdrops-blog01-tm.jpg\" \/>\n<meta name=\"author\" content=\"Terje Aamodt\" \/>\n<meta name=\"twitter:card\" content=\"summary_large_image\" \/>\n<meta name=\"twitter:creator\" content=\"@aamodtfoto\" \/>\n<meta name=\"twitter:site\" content=\"@aamodtfoto\" \/>\n<meta name=\"twitter:label1\" content=\"Skrevet av\" \/>\n\t<meta name=\"twitter:data1\" content=\"Terje Aamodt\" \/>\n<script type=\"application\/ld+json\" class=\"yoast-schema-graph\">{\"@context\":\"https:\/\/schema.org\",\"@graph\":[{\"@type\":\"Article\",\"@id\":\"https:\/\/www.terjeaamodt.com\/blog\/2009\/06\/04\/makrobilder-molde\/#article\",\"isPartOf\":{\"@id\":\"https:\/\/www.terjeaamodt.com\/blog\/2009\/06\/04\/makrobilder-molde\/\"},\"author\":{\"name\":\"Terje Aamodt\",\"@id\":\"https:\/\/www.terjeaamodt.com\/blog\/#\/schema\/person\/421fe074073d41cf4e17a2aaa426f5bd\"},\"headline\":\"Makrobilder, Molde\",\"datePublished\":\"2009-06-04T10:15:11+00:00\",\"dateModified\":\"2009-09-23T09:28:16+00:00\",\"mainEntityOfPage\":{\"@id\":\"https:\/\/www.terjeaamodt.com\/blog\/2009\/06\/04\/makrobilder-molde\/\"},\"wordCount\":33,\"commentCount\":0,\"image\":{\"@id\":\"https:\/\/www.terjeaamodt.com\/blog\/2009\/06\/04\/makrobilder-molde\/#primaryimage\"},\"thumbnailUrl\":\"http:\/\/www.terjeaamodt.com\/blog\/wp-content\/uploads\/2009\/06\/waterdrops-blog01-tm.jpg\",\"articleSection\":[\"Natur\"],\"inLanguage\":\"nb-NO\",\"potentialAction\":[{\"@type\":\"CommentAction\",\"name\":\"Comment\",\"target\":[\"https:\/\/www.terjeaamodt.com\/blog\/2009\/06\/04\/makrobilder-molde\/#respond\"]}]},{\"@type\":\"WebPage\",\"@id\":\"https:\/\/www.terjeaamodt.com\/blog\/2009\/06\/04\/makrobilder-molde\/\",\"url\":\"https:\/\/www.terjeaamodt.com\/blog\/2009\/06\/04\/makrobilder-molde\/\",\"name\":\"Makrobilder, Molde | Terje Aamodt Photography blog\",\"isPartOf\":{\"@id\":\"https:\/\/www.terjeaamodt.com\/blog\/#website\"},\"primaryImageOfPage\":{\"@id\":\"https:\/\/www.terjeaamodt.com\/blog\/2009\/06\/04\/makrobilder-molde\/#primaryimage\"},\"image\":{\"@id\":\"https:\/\/www.terjeaamodt.com\/blog\/2009\/06\/04\/makrobilder-molde\/#primaryimage\"},\"thumbnailUrl\":\"http:\/\/www.terjeaamodt.com\/blog\/wp-content\/uploads\/2009\/06\/waterdrops-blog01-tm.jpg\",\"datePublished\":\"2009-06-04T10:15:11+00:00\",\"dateModified\":\"2009-09-23T09:28:16+00:00\",\"author\":{\"@id\":\"https:\/\/www.terjeaamodt.com\/blog\/#\/schema\/person\/421fe074073d41cf4e17a2aaa426f5bd\"},\"breadcrumb\":{\"@id\":\"https:\/\/www.terjeaamodt.com\/blog\/2009\/06\/04\/makrobilder-molde\/#breadcrumb\"},\"inLanguage\":\"nb-NO\",\"potentialAction\":[{\"@type\":\"ReadAction\",\"target\":[\"https:\/\/www.terjeaamodt.com\/blog\/2009\/06\/04\/makrobilder-molde\/\"]}]},{\"@type\":\"ImageObject\",\"inLanguage\":\"nb-NO\",\"@id\":\"https:\/\/www.terjeaamodt.com\/blog\/2009\/06\/04\/makrobilder-molde\/#primaryimage\",\"url\":\"http:\/\/www.terjeaamodt.com\/blog\/wp-content\/uploads\/2009\/06\/waterdrops-blog01-tm.jpg\",\"contentUrl\":\"http:\/\/www.terjeaamodt.com\/blog\/wp-content\/uploads\/2009\/06\/waterdrops-blog01-tm.jpg\"},{\"@type\":\"BreadcrumbList\",\"@id\":\"https:\/\/www.terjeaamodt.com\/blog\/2009\/06\/04\/makrobilder-molde\/#breadcrumb\",\"itemListElement\":[{\"@type\":\"ListItem\",\"position\":1,\"name\":\"Home\",\"item\":\"https:\/\/www.terjeaamodt.com\/blog\/\"},{\"@type\":\"ListItem\",\"position\":2,\"name\":\"Makrobilder, Molde\"}]},{\"@type\":\"WebSite\",\"@id\":\"https:\/\/www.terjeaamodt.com\/blog\/#website\",\"url\":\"https:\/\/www.terjeaamodt.com\/blog\/\",\"name\":\"Terje Aamodt Photography blog\",\"description\":\"\",\"potentialAction\":[{\"@type\":\"SearchAction\",\"target\":{\"@type\":\"EntryPoint\",\"urlTemplate\":\"https:\/\/www.terjeaamodt.com\/blog\/?s={search_term_string}\"},\"query-input\":{\"@type\":\"PropertyValueSpecification\",\"valueRequired\":true,\"valueName\":\"search_term_string\"}}],\"inLanguage\":\"nb-NO\"},{\"@type\":\"Person\",\"@id\":\"https:\/\/www.terjeaamodt.com\/blog\/#\/schema\/person\/421fe074073d41cf4e17a2aaa426f5bd\",\"name\":\"Terje Aamodt\",\"image\":{\"@type\":\"ImageObject\",\"inLanguage\":\"nb-NO\",\"@id\":\"https:\/\/www.terjeaamodt.com\/blog\/#\/schema\/person\/image\/\",\"url\":\"https:\/\/secure.gravatar.com\/avatar\/42c15fcafccc8dea0466e1f48bbabee5d657af333b66d515f227538e430e6f37?s=96&d=mm&r=g\",\"contentUrl\":\"https:\/\/secure.gravatar.com\/avatar\/42c15fcafccc8dea0466e1f48bbabee5d657af333b66d515f227538e430e6f37?s=96&d=mm&r=g\",\"caption\":\"Terje Aamodt\"},\"description\":\"Terje Aamodt, fotograf og klattrer\",\"sameAs\":[\"http:\/\/www.terjeaamodt.com\"],\"url\":\"https:\/\/www.terjeaamodt.com\/blog\/author\/admin\/\"}]}<\/script>\n<!-- \/ Yoast SEO plugin. -->","yoast_head_json":{"title":"Makrobilder, Molde | Terje Aamodt Photography blog","robots":{"index":"index","follow":"follow","max-snippet":"max-snippet:-1","max-image-preview":"max-image-preview:large","max-video-preview":"max-video-preview:-1"},"canonical":"https:\/\/www.terjeaamodt.com\/blog\/2009\/06\/04\/makrobilder-molde\/","og_locale":"nb_NO","og_type":"article","og_title":"Makrobilder, Molde | Terje Aamodt Photography blog","og_description":"Regnv\u00e6r er en fin m\u00e5te \u00e5 f\u00e5 utfolde kreativiteten sin p\u00e5 \ud83d\ude42 Her er noen bilder jeg tok i g\u00e5r mens v\u00e6ret var som p\u00e5 det v\u00e5teste.","og_url":"https:\/\/www.terjeaamodt.com\/blog\/2009\/06\/04\/makrobilder-molde\/","og_site_name":"Terje Aamodt Photography blog","article_publisher":"https:\/\/www.facebook.com\/Terje-Aamodt-Photography-161544107229708\/?ref=hl","article_published_time":"2009-06-04T10:15:11+00:00","article_modified_time":"2009-09-23T09:28:16+00:00","og_image":[{"url":"http:\/\/www.terjeaamodt.com\/blog\/wp-content\/uploads\/2009\/06\/waterdrops-blog01-tm.jpg","type":"","width":"","height":""}],"author":"Terje Aamodt","twitter_card":"summary_large_image","twitter_creator":"@aamodtfoto","twitter_site":"@aamodtfoto","twitter_misc":{"Skrevet av":"Terje Aamodt"},"schema":{"@context":"https:\/\/schema.org","@graph":[{"@type":"Article","@id":"https:\/\/www.terjeaamodt.com\/blog\/2009\/06\/04\/makrobilder-molde\/#article","isPartOf":{"@id":"https:\/\/www.terjeaamodt.com\/blog\/2009\/06\/04\/makrobilder-molde\/"},"author":{"name":"Terje Aamodt","@id":"https:\/\/www.terjeaamodt.com\/blog\/#\/schema\/person\/421fe074073d41cf4e17a2aaa426f5bd"},"headline":"Makrobilder, Molde","datePublished":"2009-06-04T10:15:11+00:00","dateModified":"2009-09-23T09:28:16+00:00","mainEntityOfPage":{"@id":"https:\/\/www.terjeaamodt.com\/blog\/2009\/06\/04\/makrobilder-molde\/"},"wordCount":33,"commentCount":0,"image":{"@id":"https:\/\/www.terjeaamodt.com\/blog\/2009\/06\/04\/makrobilder-molde\/#primaryimage"},"thumbnailUrl":"http:\/\/www.terjeaamodt.com\/blog\/wp-content\/uploads\/2009\/06\/waterdrops-blog01-tm.jpg","articleSection":["Natur"],"inLanguage":"nb-NO","potentialAction":[{"@type":"CommentAction","name":"Comment","target":["https:\/\/www.terjeaamodt.com\/blog\/2009\/06\/04\/makrobilder-molde\/#respond"]}]},{"@type":"WebPage","@id":"https:\/\/www.terjeaamodt.com\/blog\/2009\/06\/04\/makrobilder-molde\/","url":"https:\/\/www.terjeaamodt.com\/blog\/2009\/06\/04\/makrobilder-molde\/","name":"Makrobilder, Molde | Terje Aamodt Photography blog","isPartOf":{"@id":"https:\/\/www.terjeaamodt.com\/blog\/#website"},"primaryImageOfPage":{"@id":"https:\/\/www.terjeaamodt.com\/blog\/2009\/06\/04\/makrobilder-molde\/#primaryimage"},"image":{"@id":"https:\/\/www.terjeaamodt.com\/blog\/2009\/06\/04\/makrobilder-molde\/#primaryimage"},"thumbnailUrl":"http:\/\/www.terjeaamodt.com\/blog\/wp-content\/uploads\/2009\/06\/waterdrops-blog01-tm.jpg","datePublished":"2009-06-04T10:15:11+00:00","dateModified":"2009-09-23T09:28:16+00:00","author":{"@id":"https:\/\/www.terjeaamodt.com\/blog\/#\/schema\/person\/421fe074073d41cf4e17a2aaa426f5bd"},"breadcrumb":{"@id":"https:\/\/www.terjeaamodt.com\/blog\/2009\/06\/04\/makrobilder-molde\/#breadcrumb"},"inLanguage":"nb-NO","potentialAction":[{"@type":"ReadAction","target":["https:\/\/www.terjeaamodt.com\/blog\/2009\/06\/04\/makrobilder-molde\/"]}]},{"@type":"ImageObject","inLanguage":"nb-NO","@id":"https:\/\/www.terjeaamodt.com\/blog\/2009\/06\/04\/makrobilder-molde\/#primaryimage","url":"http:\/\/www.terjeaamodt.com\/blog\/wp-content\/uploads\/2009\/06\/waterdrops-blog01-tm.jpg","contentUrl":"http:\/\/www.terjeaamodt.com\/blog\/wp-content\/uploads\/2009\/06\/waterdrops-blog01-tm.jpg"},{"@type":"BreadcrumbList","@id":"https:\/\/www.terjeaamodt.com\/blog\/2009\/06\/04\/makrobilder-molde\/#breadcrumb","itemListElement":[{"@type":"ListItem","position":1,"name":"Home","item":"https:\/\/www.terjeaamodt.com\/blog\/"},{"@type":"ListItem","position":2,"name":"Makrobilder, Molde"}]},{"@type":"WebSite","@id":"https:\/\/www.terjeaamodt.com\/blog\/#website","url":"https:\/\/www.terjeaamodt.com\/blog\/","name":"Terje Aamodt Photography blog","description":"","potentialAction":[{"@type":"SearchAction","target":{"@type":"EntryPoint","urlTemplate":"https:\/\/www.terjeaamodt.com\/blog\/?s={search_term_string}"},"query-input":{"@type":"PropertyValueSpecification","valueRequired":true,"valueName":"search_term_string"}}],"inLanguage":"nb-NO"},{"@type":"Person","@id":"https:\/\/www.terjeaamodt.com\/blog\/#\/schema\/person\/421fe074073d41cf4e17a2aaa426f5bd","name":"Terje Aamodt","image":{"@type":"ImageObject","inLanguage":"nb-NO","@id":"https:\/\/www.terjeaamodt.com\/blog\/#\/schema\/person\/image\/","url":"https:\/\/secure.gravatar.com\/avatar\/42c15fcafccc8dea0466e1f48bbabee5d657af333b66d515f227538e430e6f37?s=96&d=mm&r=g","contentUrl":"https:\/\/secure.gravatar.com\/avatar\/42c15fcafccc8dea0466e1f48bbabee5d657af333b66d515f227538e430e6f37?s=96&d=mm&r=g","caption":"Terje Aamodt"},"description":"Terje Aamodt, fotograf og klattrer","sameAs":["http:\/\/www.terjeaamodt.com"],"url":"https:\/\/www.terjeaamodt.com\/blog\/author\/admin\/"}]}},"_links":{"self":[{"href":"https:\/\/www.terjeaamodt.com\/blog\/wp-json\/wp\/v2\/posts\/1562","targetHints":{"allow":["GET"]}}],"collection":[{"href":"https:\/\/www.terjeaamodt.com\/blog\/wp-json\/wp\/v2\/posts"}],"about":[{"href":"https:\/\/www.terjeaamodt.com\/blog\/wp-json\/wp\/v2\/types\/post"}],"author":[{"embeddable":true,"href":"https:\/\/www.terjeaamodt.com\/blog\/wp-json\/wp\/v2\/users\/1"}],"replies":[{"embeddable":true,"href":"https:\/\/www.terjeaamodt.com\/blog\/wp-json\/wp\/v2\/comments?post=1562"}],"version-history":[{"count":1,"href":"https:\/\/www.terjeaamodt.com\/blog\/wp-json\/wp\/v2\/posts\/1562\/revisions"}],"predecessor-version":[{"id":1778,"href":"https:\/\/www.terjeaamodt.com\/blog\/wp-json\/wp\/v2\/posts\/1562\/revisions\/1778"}],"wp:attachment":[{"href":"https:\/\/www.terjeaamodt.com\/blog\/wp-json\/wp\/v2\/media?parent=1562"}],"wp:term":[{"taxonomy":"category","embeddable":true,"href":"https:\/\/www.terjeaamodt.com\/blog\/wp-json\/wp\/v2\/categories?post=1562"},{"taxonomy":"post_tag","embeddable":true,"href":"https:\/\/www.terjeaamodt.com\/blog\/wp-json\/wp\/v2\/tags?post=1562"}],"curies":[{"name":"wp","href":"https:\/\/api.w.org\/{rel}","templated":true}]}}