{"id":1615,"date":"2009-07-01T11:29:19","date_gmt":"2009-07-01T16:29:19","guid":{"rendered":"http:\/\/www.terjeaamodt.com\/blog\/2009\/07\/01\/romsdal-fjellredningsgruppe\/"},"modified":"2009-09-23T04:27:12","modified_gmt":"2009-09-23T09:27:12","slug":"romsdal-fjellredningsgruppe","status":"publish","type":"post","link":"https:\/\/www.terjeaamodt.com\/blog\/2009\/07\/01\/romsdal-fjellredningsgruppe\/","title":{"rendered":"Romsdal fjellredningsgruppe."},"content":{"rendered":"<p>Er med i Romsdal fjellredningsgruppe og p\u00e5 noen av de siste \u00f8velsene vi har hatt i sommer, har jeg tatt med kameraet. Skulle gjerne hatt mer tid til \u00e5 ta bilder, men det er nok \u00e5 henge fingrene i under \u00f8velsen.<\/p>\n<p>\n<img decoding=\"async\" src=\"http:\/\/www.terjeaamodt.com\/blog\/wp-content\/uploads\/2009\/07\/330-skvadronen-blog01.jpg\" width=\"950\" height=\"668\" alt=\"330 skvadronen blog01.JPG\" \/> <img decoding=\"async\" src=\"http:\/\/www.terjeaamodt.com\/blog\/wp-content\/uploads\/2009\/07\/330-skvadronen-blog02.jpg\" width=\"950\" height=\"668\" alt=\"330 skvadronen blog02.JPG\" \/> <img decoding=\"async\" src=\"http:\/\/www.terjeaamodt.com\/blog\/wp-content\/uploads\/2009\/07\/330-skvadronen-blog03.jpg\" width=\"950\" height=\"668\" alt=\"330 skvadronen blog03.JPG\" \/> <img decoding=\"async\" src=\"http:\/\/www.terjeaamodt.com\/blog\/wp-content\/uploads\/2009\/07\/330-skvadronen-blog04.jpg\" width=\"950\" height=\"668\" alt=\"330 skvadronen blog04.JPG\" \/> <img decoding=\"async\" src=\"http:\/\/www.terjeaamodt.com\/blog\/wp-content\/uploads\/2009\/07\/330-skvadronen-blog05.jpg\" width=\"950\" height=\"668\" alt=\"330 skvadronen blog05.JPG\" \/> <img decoding=\"async\" src=\"http:\/\/www.terjeaamodt.com\/blog\/wp-content\/uploads\/2009\/07\/330-skvadronen-blog06.jpg\" width=\"950\" height=\"668\" alt=\"330 skvadronen blog06.JPG\" \/> <img decoding=\"async\" src=\"http:\/\/www.terjeaamodt.com\/blog\/wp-content\/uploads\/2009\/07\/330-skvadronen-blog07.jpg\" width=\"950\" height=\"668\" alt=\"330 skvadronen blog07.JPG\" \/> <img decoding=\"async\" src=\"http:\/\/www.terjeaamodt.com\/blog\/wp-content\/uploads\/2009\/07\/330-skvadronen-blog08.jpg\" width=\"950\" height=\"668\" alt=\"330 skvadronen blog08.JPG\" \/> <img decoding=\"async\" src=\"http:\/\/www.terjeaamodt.com\/blog\/wp-content\/uploads\/2009\/07\/330-skvadronen-blog09.jpg\" width=\"950\" height=\"668\" alt=\"330 skvadronen blog09.JPG\" \/> <img decoding=\"async\" src=\"http:\/\/www.terjeaamodt.com\/blog\/wp-content\/uploads\/2009\/07\/330-skvadronen-blog10.jpg\" width=\"950\" height=\"668\" alt=\"330 skvadronen blog10.JPG\" \/> <img decoding=\"async\" src=\"http:\/\/www.terjeaamodt.com\/blog\/wp-content\/uploads\/2009\/07\/330-skvadronen-blog11.jpg\" width=\"950\" height=\"668\" alt=\"330 skvadronen blog11.JPG\" \/><\/p>\n","protected":false},"excerpt":{"rendered":"<p>Er med i Romsdal fjellredningsgruppe og p\u00e5 noen av de siste \u00f8velsene vi har hatt i sommer, har jeg tatt med kameraet. Skulle gjerne hatt mer tid til \u00e5 ta bilder, men det er nok \u00e5 henge fingrene i under \u00f8velsen.<\/p>\n","protected":false},"author":1,"featured_media":0,"comment_status":"open","ping_status":"closed","sticky":false,"template":"","format":"standard","meta":{"footnotes":""},"categories":[12,6],"tags":[],"class_list":["post-1615","post","type-post","status-publish","format-standard","hentry","category-diverse","category-klatring"],"yoast_head":"<!-- This site is optimized with the Yoast SEO plugin v27.1.1 - https:\/\/yoast.com\/product\/yoast-seo-wordpress\/ -->\n<title>Romsdal fjellredningsgruppe. | Terje Aamodt Photography blog<\/title>\n<meta name=\"robots\" content=\"index, follow, max-snippet:-1, max-image-preview:large, max-video-preview:-1\" \/>\n<link rel=\"canonical\" href=\"https:\/\/www.terjeaamodt.com\/blog\/2009\/07\/01\/romsdal-fjellredningsgruppe\/\" \/>\n<meta property=\"og:locale\" content=\"nb_NO\" \/>\n<meta property=\"og:type\" content=\"article\" \/>\n<meta property=\"og:title\" content=\"Romsdal fjellredningsgruppe. | Terje Aamodt Photography blog\" \/>\n<meta property=\"og:description\" content=\"Er med i Romsdal fjellredningsgruppe og p\u00e5 noen av de siste \u00f8velsene vi har hatt i sommer, har jeg tatt med kameraet. Skulle gjerne hatt mer tid til \u00e5 ta bilder, men det er nok \u00e5 henge fingrene i under \u00f8velsen.\" \/>\n<meta property=\"og:url\" content=\"https:\/\/www.terjeaamodt.com\/blog\/2009\/07\/01\/romsdal-fjellredningsgruppe\/\" \/>\n<meta property=\"og:site_name\" content=\"Terje Aamodt Photography blog\" \/>\n<meta property=\"article:publisher\" content=\"https:\/\/www.facebook.com\/Terje-Aamodt-Photography-161544107229708\/?ref=hl\" \/>\n<meta property=\"article:published_time\" content=\"2009-07-01T16:29:19+00:00\" \/>\n<meta property=\"article:modified_time\" content=\"2009-09-23T09:27:12+00:00\" \/>\n<meta property=\"og:image\" content=\"http:\/\/www.terjeaamodt.com\/blog\/wp-content\/uploads\/2009\/07\/330-skvadronen-blog01.jpg\" \/>\n<meta name=\"author\" content=\"Terje Aamodt\" \/>\n<meta name=\"twitter:card\" content=\"summary_large_image\" \/>\n<meta name=\"twitter:creator\" content=\"@aamodtfoto\" \/>\n<meta name=\"twitter:site\" content=\"@aamodtfoto\" \/>\n<meta name=\"twitter:label1\" content=\"Skrevet av\" \/>\n\t<meta name=\"twitter:data1\" content=\"Terje Aamodt\" \/>\n<script type=\"application\/ld+json\" class=\"yoast-schema-graph\">{\"@context\":\"https:\/\/schema.org\",\"@graph\":[{\"@type\":\"Article\",\"@id\":\"https:\/\/www.terjeaamodt.com\/blog\/2009\/07\/01\/romsdal-fjellredningsgruppe\/#article\",\"isPartOf\":{\"@id\":\"https:\/\/www.terjeaamodt.com\/blog\/2009\/07\/01\/romsdal-fjellredningsgruppe\/\"},\"author\":{\"name\":\"Terje Aamodt\",\"@id\":\"https:\/\/www.terjeaamodt.com\/blog\/#\/schema\/person\/421fe074073d41cf4e17a2aaa426f5bd\"},\"headline\":\"Romsdal fjellredningsgruppe.\",\"datePublished\":\"2009-07-01T16:29:19+00:00\",\"dateModified\":\"2009-09-23T09:27:12+00:00\",\"mainEntityOfPage\":{\"@id\":\"https:\/\/www.terjeaamodt.com\/blog\/2009\/07\/01\/romsdal-fjellredningsgruppe\/\"},\"wordCount\":41,\"commentCount\":0,\"image\":{\"@id\":\"https:\/\/www.terjeaamodt.com\/blog\/2009\/07\/01\/romsdal-fjellredningsgruppe\/#primaryimage\"},\"thumbnailUrl\":\"http:\/\/www.terjeaamodt.com\/blog\/wp-content\/uploads\/2009\/07\/330-skvadronen-blog01.jpg\",\"articleSection\":[\"Diverse\",\"klatring\"],\"inLanguage\":\"nb-NO\",\"potentialAction\":[{\"@type\":\"CommentAction\",\"name\":\"Comment\",\"target\":[\"https:\/\/www.terjeaamodt.com\/blog\/2009\/07\/01\/romsdal-fjellredningsgruppe\/#respond\"]}]},{\"@type\":\"WebPage\",\"@id\":\"https:\/\/www.terjeaamodt.com\/blog\/2009\/07\/01\/romsdal-fjellredningsgruppe\/\",\"url\":\"https:\/\/www.terjeaamodt.com\/blog\/2009\/07\/01\/romsdal-fjellredningsgruppe\/\",\"name\":\"Romsdal fjellredningsgruppe. | Terje Aamodt Photography blog\",\"isPartOf\":{\"@id\":\"https:\/\/www.terjeaamodt.com\/blog\/#website\"},\"primaryImageOfPage\":{\"@id\":\"https:\/\/www.terjeaamodt.com\/blog\/2009\/07\/01\/romsdal-fjellredningsgruppe\/#primaryimage\"},\"image\":{\"@id\":\"https:\/\/www.terjeaamodt.com\/blog\/2009\/07\/01\/romsdal-fjellredningsgruppe\/#primaryimage\"},\"thumbnailUrl\":\"http:\/\/www.terjeaamodt.com\/blog\/wp-content\/uploads\/2009\/07\/330-skvadronen-blog01.jpg\",\"datePublished\":\"2009-07-01T16:29:19+00:00\",\"dateModified\":\"2009-09-23T09:27:12+00:00\",\"author\":{\"@id\":\"https:\/\/www.terjeaamodt.com\/blog\/#\/schema\/person\/421fe074073d41cf4e17a2aaa426f5bd\"},\"breadcrumb\":{\"@id\":\"https:\/\/www.terjeaamodt.com\/blog\/2009\/07\/01\/romsdal-fjellredningsgruppe\/#breadcrumb\"},\"inLanguage\":\"nb-NO\",\"potentialAction\":[{\"@type\":\"ReadAction\",\"target\":[\"https:\/\/www.terjeaamodt.com\/blog\/2009\/07\/01\/romsdal-fjellredningsgruppe\/\"]}]},{\"@type\":\"ImageObject\",\"inLanguage\":\"nb-NO\",\"@id\":\"https:\/\/www.terjeaamodt.com\/blog\/2009\/07\/01\/romsdal-fjellredningsgruppe\/#primaryimage\",\"url\":\"http:\/\/www.terjeaamodt.com\/blog\/wp-content\/uploads\/2009\/07\/330-skvadronen-blog01.jpg\",\"contentUrl\":\"http:\/\/www.terjeaamodt.com\/blog\/wp-content\/uploads\/2009\/07\/330-skvadronen-blog01.jpg\"},{\"@type\":\"BreadcrumbList\",\"@id\":\"https:\/\/www.terjeaamodt.com\/blog\/2009\/07\/01\/romsdal-fjellredningsgruppe\/#breadcrumb\",\"itemListElement\":[{\"@type\":\"ListItem\",\"position\":1,\"name\":\"Home\",\"item\":\"https:\/\/www.terjeaamodt.com\/blog\/\"},{\"@type\":\"ListItem\",\"position\":2,\"name\":\"Romsdal fjellredningsgruppe.\"}]},{\"@type\":\"WebSite\",\"@id\":\"https:\/\/www.terjeaamodt.com\/blog\/#website\",\"url\":\"https:\/\/www.terjeaamodt.com\/blog\/\",\"name\":\"Terje Aamodt Photography blog\",\"description\":\"\",\"potentialAction\":[{\"@type\":\"SearchAction\",\"target\":{\"@type\":\"EntryPoint\",\"urlTemplate\":\"https:\/\/www.terjeaamodt.com\/blog\/?s={search_term_string}\"},\"query-input\":{\"@type\":\"PropertyValueSpecification\",\"valueRequired\":true,\"valueName\":\"search_term_string\"}}],\"inLanguage\":\"nb-NO\"},{\"@type\":\"Person\",\"@id\":\"https:\/\/www.terjeaamodt.com\/blog\/#\/schema\/person\/421fe074073d41cf4e17a2aaa426f5bd\",\"name\":\"Terje Aamodt\",\"image\":{\"@type\":\"ImageObject\",\"inLanguage\":\"nb-NO\",\"@id\":\"https:\/\/www.terjeaamodt.com\/blog\/#\/schema\/person\/image\/\",\"url\":\"https:\/\/secure.gravatar.com\/avatar\/42c15fcafccc8dea0466e1f48bbabee5d657af333b66d515f227538e430e6f37?s=96&d=mm&r=g\",\"contentUrl\":\"https:\/\/secure.gravatar.com\/avatar\/42c15fcafccc8dea0466e1f48bbabee5d657af333b66d515f227538e430e6f37?s=96&d=mm&r=g\",\"caption\":\"Terje Aamodt\"},\"description\":\"Terje Aamodt, fotograf og klattrer\",\"sameAs\":[\"http:\/\/www.terjeaamodt.com\"],\"url\":\"https:\/\/www.terjeaamodt.com\/blog\/author\/admin\/\"}]}<\/script>\n<!-- \/ Yoast SEO plugin. -->","yoast_head_json":{"title":"Romsdal fjellredningsgruppe. | Terje Aamodt Photography blog","robots":{"index":"index","follow":"follow","max-snippet":"max-snippet:-1","max-image-preview":"max-image-preview:large","max-video-preview":"max-video-preview:-1"},"canonical":"https:\/\/www.terjeaamodt.com\/blog\/2009\/07\/01\/romsdal-fjellredningsgruppe\/","og_locale":"nb_NO","og_type":"article","og_title":"Romsdal fjellredningsgruppe. | Terje Aamodt Photography blog","og_description":"Er med i Romsdal fjellredningsgruppe og p\u00e5 noen av de siste \u00f8velsene vi har hatt i sommer, har jeg tatt med kameraet. Skulle gjerne hatt mer tid til \u00e5 ta bilder, men det er nok \u00e5 henge fingrene i under \u00f8velsen.","og_url":"https:\/\/www.terjeaamodt.com\/blog\/2009\/07\/01\/romsdal-fjellredningsgruppe\/","og_site_name":"Terje Aamodt Photography blog","article_publisher":"https:\/\/www.facebook.com\/Terje-Aamodt-Photography-161544107229708\/?ref=hl","article_published_time":"2009-07-01T16:29:19+00:00","article_modified_time":"2009-09-23T09:27:12+00:00","og_image":[{"url":"http:\/\/www.terjeaamodt.com\/blog\/wp-content\/uploads\/2009\/07\/330-skvadronen-blog01.jpg","type":"","width":"","height":""}],"author":"Terje Aamodt","twitter_card":"summary_large_image","twitter_creator":"@aamodtfoto","twitter_site":"@aamodtfoto","twitter_misc":{"Skrevet av":"Terje Aamodt"},"schema":{"@context":"https:\/\/schema.org","@graph":[{"@type":"Article","@id":"https:\/\/www.terjeaamodt.com\/blog\/2009\/07\/01\/romsdal-fjellredningsgruppe\/#article","isPartOf":{"@id":"https:\/\/www.terjeaamodt.com\/blog\/2009\/07\/01\/romsdal-fjellredningsgruppe\/"},"author":{"name":"Terje Aamodt","@id":"https:\/\/www.terjeaamodt.com\/blog\/#\/schema\/person\/421fe074073d41cf4e17a2aaa426f5bd"},"headline":"Romsdal fjellredningsgruppe.","datePublished":"2009-07-01T16:29:19+00:00","dateModified":"2009-09-23T09:27:12+00:00","mainEntityOfPage":{"@id":"https:\/\/www.terjeaamodt.com\/blog\/2009\/07\/01\/romsdal-fjellredningsgruppe\/"},"wordCount":41,"commentCount":0,"image":{"@id":"https:\/\/www.terjeaamodt.com\/blog\/2009\/07\/01\/romsdal-fjellredningsgruppe\/#primaryimage"},"thumbnailUrl":"http:\/\/www.terjeaamodt.com\/blog\/wp-content\/uploads\/2009\/07\/330-skvadronen-blog01.jpg","articleSection":["Diverse","klatring"],"inLanguage":"nb-NO","potentialAction":[{"@type":"CommentAction","name":"Comment","target":["https:\/\/www.terjeaamodt.com\/blog\/2009\/07\/01\/romsdal-fjellredningsgruppe\/#respond"]}]},{"@type":"WebPage","@id":"https:\/\/www.terjeaamodt.com\/blog\/2009\/07\/01\/romsdal-fjellredningsgruppe\/","url":"https:\/\/www.terjeaamodt.com\/blog\/2009\/07\/01\/romsdal-fjellredningsgruppe\/","name":"Romsdal fjellredningsgruppe. | Terje Aamodt Photography blog","isPartOf":{"@id":"https:\/\/www.terjeaamodt.com\/blog\/#website"},"primaryImageOfPage":{"@id":"https:\/\/www.terjeaamodt.com\/blog\/2009\/07\/01\/romsdal-fjellredningsgruppe\/#primaryimage"},"image":{"@id":"https:\/\/www.terjeaamodt.com\/blog\/2009\/07\/01\/romsdal-fjellredningsgruppe\/#primaryimage"},"thumbnailUrl":"http:\/\/www.terjeaamodt.com\/blog\/wp-content\/uploads\/2009\/07\/330-skvadronen-blog01.jpg","datePublished":"2009-07-01T16:29:19+00:00","dateModified":"2009-09-23T09:27:12+00:00","author":{"@id":"https:\/\/www.terjeaamodt.com\/blog\/#\/schema\/person\/421fe074073d41cf4e17a2aaa426f5bd"},"breadcrumb":{"@id":"https:\/\/www.terjeaamodt.com\/blog\/2009\/07\/01\/romsdal-fjellredningsgruppe\/#breadcrumb"},"inLanguage":"nb-NO","potentialAction":[{"@type":"ReadAction","target":["https:\/\/www.terjeaamodt.com\/blog\/2009\/07\/01\/romsdal-fjellredningsgruppe\/"]}]},{"@type":"ImageObject","inLanguage":"nb-NO","@id":"https:\/\/www.terjeaamodt.com\/blog\/2009\/07\/01\/romsdal-fjellredningsgruppe\/#primaryimage","url":"http:\/\/www.terjeaamodt.com\/blog\/wp-content\/uploads\/2009\/07\/330-skvadronen-blog01.jpg","contentUrl":"http:\/\/www.terjeaamodt.com\/blog\/wp-content\/uploads\/2009\/07\/330-skvadronen-blog01.jpg"},{"@type":"BreadcrumbList","@id":"https:\/\/www.terjeaamodt.com\/blog\/2009\/07\/01\/romsdal-fjellredningsgruppe\/#breadcrumb","itemListElement":[{"@type":"ListItem","position":1,"name":"Home","item":"https:\/\/www.terjeaamodt.com\/blog\/"},{"@type":"ListItem","position":2,"name":"Romsdal fjellredningsgruppe."}]},{"@type":"WebSite","@id":"https:\/\/www.terjeaamodt.com\/blog\/#website","url":"https:\/\/www.terjeaamodt.com\/blog\/","name":"Terje Aamodt Photography blog","description":"","potentialAction":[{"@type":"SearchAction","target":{"@type":"EntryPoint","urlTemplate":"https:\/\/www.terjeaamodt.com\/blog\/?s={search_term_string}"},"query-input":{"@type":"PropertyValueSpecification","valueRequired":true,"valueName":"search_term_string"}}],"inLanguage":"nb-NO"},{"@type":"Person","@id":"https:\/\/www.terjeaamodt.com\/blog\/#\/schema\/person\/421fe074073d41cf4e17a2aaa426f5bd","name":"Terje Aamodt","image":{"@type":"ImageObject","inLanguage":"nb-NO","@id":"https:\/\/www.terjeaamodt.com\/blog\/#\/schema\/person\/image\/","url":"https:\/\/secure.gravatar.com\/avatar\/42c15fcafccc8dea0466e1f48bbabee5d657af333b66d515f227538e430e6f37?s=96&d=mm&r=g","contentUrl":"https:\/\/secure.gravatar.com\/avatar\/42c15fcafccc8dea0466e1f48bbabee5d657af333b66d515f227538e430e6f37?s=96&d=mm&r=g","caption":"Terje Aamodt"},"description":"Terje Aamodt, fotograf og klattrer","sameAs":["http:\/\/www.terjeaamodt.com"],"url":"https:\/\/www.terjeaamodt.com\/blog\/author\/admin\/"}]}},"_links":{"self":[{"href":"https:\/\/www.terjeaamodt.com\/blog\/wp-json\/wp\/v2\/posts\/1615","targetHints":{"allow":["GET"]}}],"collection":[{"href":"https:\/\/www.terjeaamodt.com\/blog\/wp-json\/wp\/v2\/posts"}],"about":[{"href":"https:\/\/www.terjeaamodt.com\/blog\/wp-json\/wp\/v2\/types\/post"}],"author":[{"embeddable":true,"href":"https:\/\/www.terjeaamodt.com\/blog\/wp-json\/wp\/v2\/users\/1"}],"replies":[{"embeddable":true,"href":"https:\/\/www.terjeaamodt.com\/blog\/wp-json\/wp\/v2\/comments?post=1615"}],"version-history":[{"count":1,"href":"https:\/\/www.terjeaamodt.com\/blog\/wp-json\/wp\/v2\/posts\/1615\/revisions"}],"predecessor-version":[{"id":1774,"href":"https:\/\/www.terjeaamodt.com\/blog\/wp-json\/wp\/v2\/posts\/1615\/revisions\/1774"}],"wp:attachment":[{"href":"https:\/\/www.terjeaamodt.com\/blog\/wp-json\/wp\/v2\/media?parent=1615"}],"wp:term":[{"taxonomy":"category","embeddable":true,"href":"https:\/\/www.terjeaamodt.com\/blog\/wp-json\/wp\/v2\/categories?post=1615"},{"taxonomy":"post_tag","embeddable":true,"href":"https:\/\/www.terjeaamodt.com\/blog\/wp-json\/wp\/v2\/tags?post=1615"}],"curies":[{"name":"wp","href":"https:\/\/api.w.org\/{rel}","templated":true}]}}