{"id":1946,"date":"2009-11-08T15:34:47","date_gmt":"2009-11-08T20:34:47","guid":{"rendered":"http:\/\/www.terjeaamodt.com\/blog\/2009\/11\/08\/buldring-skotten-bilder\/"},"modified":"2009-11-08T15:38:55","modified_gmt":"2009-11-08T20:38:55","slug":"buldring-skotten-bilder","status":"publish","type":"post","link":"https:\/\/www.terjeaamodt.com\/blog\/2009\/11\/08\/buldring-skotten-bilder\/","title":{"rendered":"Buldring Skotten, bilder"},"content":{"rendered":"<p>Selv om det begynner \u00e5 bli sent p\u00e5 \u00e5ret, s\u00e5 g\u00e5r det fortsatt fint \u00e5 f\u00e5 seg en klatre\u00f8kt ute.<\/p>\n<p>I dag hadde jeg en fantastisk tur p\u00e5 Skotten. Skotten ligger p\u00e5 Farstad i Fr\u00e6na kommune. Her kommer det ett par bilder av Frode \u00d8stby som f\u00f8rstebestiger nok ett kult bulder. For de som er interessert i \u00e5 g\u00e5 nye ting, finst det mange flotte linjer der ute, som bare venter p\u00e5 \u00e5 bli b\u00f8rstet frem.<\/p>\n<p>\n<img decoding=\"async\" src=\"http:\/\/www.terjeaamodt.com\/blog\/wp-content\/uploads\/2009\/11\/skotten-blog02.jpg\" width=\"950\" height=\"668\" alt=\"skotten blog02.jpg\" \/> <img decoding=\"async\" src=\"http:\/\/www.terjeaamodt.com\/blog\/wp-content\/uploads\/2009\/11\/skotten-blog03.jpg\" width=\"950\" height=\"668\" alt=\"skotten blog03.jpg\" \/><\/p>\n","protected":false},"excerpt":{"rendered":"<p>Selv om det begynner \u00e5 bli sent p\u00e5 \u00e5ret, s\u00e5 g\u00e5r det fortsatt fint \u00e5 f\u00e5 seg en klatre\u00f8kt ute. I dag hadde jeg en fantastisk tur p\u00e5 Skotten. Skotten ligger p\u00e5 Farstad i Fr\u00e6na kommune. Her kommer det ett par bilder av Frode \u00d8stby som f\u00f8rstebestiger nok ett kult bulder. For de som er [&hellip;]<\/p>\n","protected":false},"author":1,"featured_media":0,"comment_status":"open","ping_status":"closed","sticky":false,"template":"","format":"standard","meta":{"footnotes":""},"categories":[6],"tags":[642],"class_list":["post-1946","post","type-post","status-publish","format-standard","hentry","category-klatring","tag-klatring"],"yoast_head":"<!-- This site is optimized with the Yoast SEO plugin v27.1.1 - https:\/\/yoast.com\/product\/yoast-seo-wordpress\/ -->\n<title>Buldring Skotten, bilder | Terje Aamodt Photography blog<\/title>\n<meta name=\"robots\" content=\"index, follow, max-snippet:-1, max-image-preview:large, max-video-preview:-1\" \/>\n<link rel=\"canonical\" href=\"https:\/\/www.terjeaamodt.com\/blog\/2009\/11\/08\/buldring-skotten-bilder\/\" \/>\n<meta property=\"og:locale\" content=\"nb_NO\" \/>\n<meta property=\"og:type\" content=\"article\" \/>\n<meta property=\"og:title\" content=\"Buldring Skotten, bilder | Terje Aamodt Photography blog\" \/>\n<meta property=\"og:description\" content=\"Selv om det begynner \u00e5 bli sent p\u00e5 \u00e5ret, s\u00e5 g\u00e5r det fortsatt fint \u00e5 f\u00e5 seg en klatre\u00f8kt ute. I dag hadde jeg en fantastisk tur p\u00e5 Skotten. Skotten ligger p\u00e5 Farstad i Fr\u00e6na kommune. Her kommer det ett par bilder av Frode \u00d8stby som f\u00f8rstebestiger nok ett kult bulder. For de som er [&hellip;]\" \/>\n<meta property=\"og:url\" content=\"https:\/\/www.terjeaamodt.com\/blog\/2009\/11\/08\/buldring-skotten-bilder\/\" \/>\n<meta property=\"og:site_name\" content=\"Terje Aamodt Photography blog\" \/>\n<meta property=\"article:publisher\" content=\"https:\/\/www.facebook.com\/Terje-Aamodt-Photography-161544107229708\/?ref=hl\" \/>\n<meta property=\"article:published_time\" content=\"2009-11-08T20:34:47+00:00\" \/>\n<meta property=\"article:modified_time\" content=\"2009-11-08T20:38:55+00:00\" \/>\n<meta property=\"og:image\" content=\"http:\/\/www.terjeaamodt.com\/blog\/wp-content\/uploads\/2009\/11\/skotten-blog02.jpg\" \/>\n<meta name=\"author\" content=\"Terje Aamodt\" \/>\n<meta name=\"twitter:card\" content=\"summary_large_image\" \/>\n<meta name=\"twitter:creator\" content=\"@aamodtfoto\" \/>\n<meta name=\"twitter:site\" content=\"@aamodtfoto\" \/>\n<meta name=\"twitter:label1\" content=\"Skrevet av\" \/>\n\t<meta name=\"twitter:data1\" content=\"Terje Aamodt\" \/>\n<script type=\"application\/ld+json\" class=\"yoast-schema-graph\">{\"@context\":\"https:\/\/schema.org\",\"@graph\":[{\"@type\":\"Article\",\"@id\":\"https:\/\/www.terjeaamodt.com\/blog\/2009\/11\/08\/buldring-skotten-bilder\/#article\",\"isPartOf\":{\"@id\":\"https:\/\/www.terjeaamodt.com\/blog\/2009\/11\/08\/buldring-skotten-bilder\/\"},\"author\":{\"name\":\"Terje Aamodt\",\"@id\":\"https:\/\/www.terjeaamodt.com\/blog\/#\/schema\/person\/421fe074073d41cf4e17a2aaa426f5bd\"},\"headline\":\"Buldring Skotten, bilder\",\"datePublished\":\"2009-11-08T20:34:47+00:00\",\"dateModified\":\"2009-11-08T20:38:55+00:00\",\"mainEntityOfPage\":{\"@id\":\"https:\/\/www.terjeaamodt.com\/blog\/2009\/11\/08\/buldring-skotten-bilder\/\"},\"wordCount\":80,\"commentCount\":2,\"image\":{\"@id\":\"https:\/\/www.terjeaamodt.com\/blog\/2009\/11\/08\/buldring-skotten-bilder\/#primaryimage\"},\"thumbnailUrl\":\"http:\/\/www.terjeaamodt.com\/blog\/wp-content\/uploads\/2009\/11\/skotten-blog02.jpg\",\"keywords\":[\"klatring\"],\"articleSection\":[\"klatring\"],\"inLanguage\":\"nb-NO\",\"potentialAction\":[{\"@type\":\"CommentAction\",\"name\":\"Comment\",\"target\":[\"https:\/\/www.terjeaamodt.com\/blog\/2009\/11\/08\/buldring-skotten-bilder\/#respond\"]}]},{\"@type\":\"WebPage\",\"@id\":\"https:\/\/www.terjeaamodt.com\/blog\/2009\/11\/08\/buldring-skotten-bilder\/\",\"url\":\"https:\/\/www.terjeaamodt.com\/blog\/2009\/11\/08\/buldring-skotten-bilder\/\",\"name\":\"Buldring Skotten, bilder | Terje Aamodt Photography blog\",\"isPartOf\":{\"@id\":\"https:\/\/www.terjeaamodt.com\/blog\/#website\"},\"primaryImageOfPage\":{\"@id\":\"https:\/\/www.terjeaamodt.com\/blog\/2009\/11\/08\/buldring-skotten-bilder\/#primaryimage\"},\"image\":{\"@id\":\"https:\/\/www.terjeaamodt.com\/blog\/2009\/11\/08\/buldring-skotten-bilder\/#primaryimage\"},\"thumbnailUrl\":\"http:\/\/www.terjeaamodt.com\/blog\/wp-content\/uploads\/2009\/11\/skotten-blog02.jpg\",\"datePublished\":\"2009-11-08T20:34:47+00:00\",\"dateModified\":\"2009-11-08T20:38:55+00:00\",\"author\":{\"@id\":\"https:\/\/www.terjeaamodt.com\/blog\/#\/schema\/person\/421fe074073d41cf4e17a2aaa426f5bd\"},\"breadcrumb\":{\"@id\":\"https:\/\/www.terjeaamodt.com\/blog\/2009\/11\/08\/buldring-skotten-bilder\/#breadcrumb\"},\"inLanguage\":\"nb-NO\",\"potentialAction\":[{\"@type\":\"ReadAction\",\"target\":[\"https:\/\/www.terjeaamodt.com\/blog\/2009\/11\/08\/buldring-skotten-bilder\/\"]}]},{\"@type\":\"ImageObject\",\"inLanguage\":\"nb-NO\",\"@id\":\"https:\/\/www.terjeaamodt.com\/blog\/2009\/11\/08\/buldring-skotten-bilder\/#primaryimage\",\"url\":\"http:\/\/www.terjeaamodt.com\/blog\/wp-content\/uploads\/2009\/11\/skotten-blog02.jpg\",\"contentUrl\":\"http:\/\/www.terjeaamodt.com\/blog\/wp-content\/uploads\/2009\/11\/skotten-blog02.jpg\"},{\"@type\":\"BreadcrumbList\",\"@id\":\"https:\/\/www.terjeaamodt.com\/blog\/2009\/11\/08\/buldring-skotten-bilder\/#breadcrumb\",\"itemListElement\":[{\"@type\":\"ListItem\",\"position\":1,\"name\":\"Home\",\"item\":\"https:\/\/www.terjeaamodt.com\/blog\/\"},{\"@type\":\"ListItem\",\"position\":2,\"name\":\"Buldring Skotten, bilder\"}]},{\"@type\":\"WebSite\",\"@id\":\"https:\/\/www.terjeaamodt.com\/blog\/#website\",\"url\":\"https:\/\/www.terjeaamodt.com\/blog\/\",\"name\":\"Terje Aamodt Photography blog\",\"description\":\"\",\"potentialAction\":[{\"@type\":\"SearchAction\",\"target\":{\"@type\":\"EntryPoint\",\"urlTemplate\":\"https:\/\/www.terjeaamodt.com\/blog\/?s={search_term_string}\"},\"query-input\":{\"@type\":\"PropertyValueSpecification\",\"valueRequired\":true,\"valueName\":\"search_term_string\"}}],\"inLanguage\":\"nb-NO\"},{\"@type\":\"Person\",\"@id\":\"https:\/\/www.terjeaamodt.com\/blog\/#\/schema\/person\/421fe074073d41cf4e17a2aaa426f5bd\",\"name\":\"Terje Aamodt\",\"image\":{\"@type\":\"ImageObject\",\"inLanguage\":\"nb-NO\",\"@id\":\"https:\/\/www.terjeaamodt.com\/blog\/#\/schema\/person\/image\/\",\"url\":\"https:\/\/secure.gravatar.com\/avatar\/42c15fcafccc8dea0466e1f48bbabee5d657af333b66d515f227538e430e6f37?s=96&d=mm&r=g\",\"contentUrl\":\"https:\/\/secure.gravatar.com\/avatar\/42c15fcafccc8dea0466e1f48bbabee5d657af333b66d515f227538e430e6f37?s=96&d=mm&r=g\",\"caption\":\"Terje Aamodt\"},\"description\":\"Terje Aamodt, fotograf og klattrer\",\"sameAs\":[\"http:\/\/www.terjeaamodt.com\"],\"url\":\"https:\/\/www.terjeaamodt.com\/blog\/author\/admin\/\"}]}<\/script>\n<!-- \/ Yoast SEO plugin. -->","yoast_head_json":{"title":"Buldring Skotten, bilder | Terje Aamodt Photography blog","robots":{"index":"index","follow":"follow","max-snippet":"max-snippet:-1","max-image-preview":"max-image-preview:large","max-video-preview":"max-video-preview:-1"},"canonical":"https:\/\/www.terjeaamodt.com\/blog\/2009\/11\/08\/buldring-skotten-bilder\/","og_locale":"nb_NO","og_type":"article","og_title":"Buldring Skotten, bilder | Terje Aamodt Photography blog","og_description":"Selv om det begynner \u00e5 bli sent p\u00e5 \u00e5ret, s\u00e5 g\u00e5r det fortsatt fint \u00e5 f\u00e5 seg en klatre\u00f8kt ute. I dag hadde jeg en fantastisk tur p\u00e5 Skotten. Skotten ligger p\u00e5 Farstad i Fr\u00e6na kommune. Her kommer det ett par bilder av Frode \u00d8stby som f\u00f8rstebestiger nok ett kult bulder. For de som er [&hellip;]","og_url":"https:\/\/www.terjeaamodt.com\/blog\/2009\/11\/08\/buldring-skotten-bilder\/","og_site_name":"Terje Aamodt Photography blog","article_publisher":"https:\/\/www.facebook.com\/Terje-Aamodt-Photography-161544107229708\/?ref=hl","article_published_time":"2009-11-08T20:34:47+00:00","article_modified_time":"2009-11-08T20:38:55+00:00","og_image":[{"url":"http:\/\/www.terjeaamodt.com\/blog\/wp-content\/uploads\/2009\/11\/skotten-blog02.jpg","type":"","width":"","height":""}],"author":"Terje Aamodt","twitter_card":"summary_large_image","twitter_creator":"@aamodtfoto","twitter_site":"@aamodtfoto","twitter_misc":{"Skrevet av":"Terje Aamodt"},"schema":{"@context":"https:\/\/schema.org","@graph":[{"@type":"Article","@id":"https:\/\/www.terjeaamodt.com\/blog\/2009\/11\/08\/buldring-skotten-bilder\/#article","isPartOf":{"@id":"https:\/\/www.terjeaamodt.com\/blog\/2009\/11\/08\/buldring-skotten-bilder\/"},"author":{"name":"Terje Aamodt","@id":"https:\/\/www.terjeaamodt.com\/blog\/#\/schema\/person\/421fe074073d41cf4e17a2aaa426f5bd"},"headline":"Buldring Skotten, bilder","datePublished":"2009-11-08T20:34:47+00:00","dateModified":"2009-11-08T20:38:55+00:00","mainEntityOfPage":{"@id":"https:\/\/www.terjeaamodt.com\/blog\/2009\/11\/08\/buldring-skotten-bilder\/"},"wordCount":80,"commentCount":2,"image":{"@id":"https:\/\/www.terjeaamodt.com\/blog\/2009\/11\/08\/buldring-skotten-bilder\/#primaryimage"},"thumbnailUrl":"http:\/\/www.terjeaamodt.com\/blog\/wp-content\/uploads\/2009\/11\/skotten-blog02.jpg","keywords":["klatring"],"articleSection":["klatring"],"inLanguage":"nb-NO","potentialAction":[{"@type":"CommentAction","name":"Comment","target":["https:\/\/www.terjeaamodt.com\/blog\/2009\/11\/08\/buldring-skotten-bilder\/#respond"]}]},{"@type":"WebPage","@id":"https:\/\/www.terjeaamodt.com\/blog\/2009\/11\/08\/buldring-skotten-bilder\/","url":"https:\/\/www.terjeaamodt.com\/blog\/2009\/11\/08\/buldring-skotten-bilder\/","name":"Buldring Skotten, bilder | Terje Aamodt Photography blog","isPartOf":{"@id":"https:\/\/www.terjeaamodt.com\/blog\/#website"},"primaryImageOfPage":{"@id":"https:\/\/www.terjeaamodt.com\/blog\/2009\/11\/08\/buldring-skotten-bilder\/#primaryimage"},"image":{"@id":"https:\/\/www.terjeaamodt.com\/blog\/2009\/11\/08\/buldring-skotten-bilder\/#primaryimage"},"thumbnailUrl":"http:\/\/www.terjeaamodt.com\/blog\/wp-content\/uploads\/2009\/11\/skotten-blog02.jpg","datePublished":"2009-11-08T20:34:47+00:00","dateModified":"2009-11-08T20:38:55+00:00","author":{"@id":"https:\/\/www.terjeaamodt.com\/blog\/#\/schema\/person\/421fe074073d41cf4e17a2aaa426f5bd"},"breadcrumb":{"@id":"https:\/\/www.terjeaamodt.com\/blog\/2009\/11\/08\/buldring-skotten-bilder\/#breadcrumb"},"inLanguage":"nb-NO","potentialAction":[{"@type":"ReadAction","target":["https:\/\/www.terjeaamodt.com\/blog\/2009\/11\/08\/buldring-skotten-bilder\/"]}]},{"@type":"ImageObject","inLanguage":"nb-NO","@id":"https:\/\/www.terjeaamodt.com\/blog\/2009\/11\/08\/buldring-skotten-bilder\/#primaryimage","url":"http:\/\/www.terjeaamodt.com\/blog\/wp-content\/uploads\/2009\/11\/skotten-blog02.jpg","contentUrl":"http:\/\/www.terjeaamodt.com\/blog\/wp-content\/uploads\/2009\/11\/skotten-blog02.jpg"},{"@type":"BreadcrumbList","@id":"https:\/\/www.terjeaamodt.com\/blog\/2009\/11\/08\/buldring-skotten-bilder\/#breadcrumb","itemListElement":[{"@type":"ListItem","position":1,"name":"Home","item":"https:\/\/www.terjeaamodt.com\/blog\/"},{"@type":"ListItem","position":2,"name":"Buldring Skotten, bilder"}]},{"@type":"WebSite","@id":"https:\/\/www.terjeaamodt.com\/blog\/#website","url":"https:\/\/www.terjeaamodt.com\/blog\/","name":"Terje Aamodt Photography blog","description":"","potentialAction":[{"@type":"SearchAction","target":{"@type":"EntryPoint","urlTemplate":"https:\/\/www.terjeaamodt.com\/blog\/?s={search_term_string}"},"query-input":{"@type":"PropertyValueSpecification","valueRequired":true,"valueName":"search_term_string"}}],"inLanguage":"nb-NO"},{"@type":"Person","@id":"https:\/\/www.terjeaamodt.com\/blog\/#\/schema\/person\/421fe074073d41cf4e17a2aaa426f5bd","name":"Terje Aamodt","image":{"@type":"ImageObject","inLanguage":"nb-NO","@id":"https:\/\/www.terjeaamodt.com\/blog\/#\/schema\/person\/image\/","url":"https:\/\/secure.gravatar.com\/avatar\/42c15fcafccc8dea0466e1f48bbabee5d657af333b66d515f227538e430e6f37?s=96&d=mm&r=g","contentUrl":"https:\/\/secure.gravatar.com\/avatar\/42c15fcafccc8dea0466e1f48bbabee5d657af333b66d515f227538e430e6f37?s=96&d=mm&r=g","caption":"Terje Aamodt"},"description":"Terje Aamodt, fotograf og klattrer","sameAs":["http:\/\/www.terjeaamodt.com"],"url":"https:\/\/www.terjeaamodt.com\/blog\/author\/admin\/"}]}},"_links":{"self":[{"href":"https:\/\/www.terjeaamodt.com\/blog\/wp-json\/wp\/v2\/posts\/1946","targetHints":{"allow":["GET"]}}],"collection":[{"href":"https:\/\/www.terjeaamodt.com\/blog\/wp-json\/wp\/v2\/posts"}],"about":[{"href":"https:\/\/www.terjeaamodt.com\/blog\/wp-json\/wp\/v2\/types\/post"}],"author":[{"embeddable":true,"href":"https:\/\/www.terjeaamodt.com\/blog\/wp-json\/wp\/v2\/users\/1"}],"replies":[{"embeddable":true,"href":"https:\/\/www.terjeaamodt.com\/blog\/wp-json\/wp\/v2\/comments?post=1946"}],"version-history":[{"count":1,"href":"https:\/\/www.terjeaamodt.com\/blog\/wp-json\/wp\/v2\/posts\/1946\/revisions"}],"predecessor-version":[{"id":1947,"href":"https:\/\/www.terjeaamodt.com\/blog\/wp-json\/wp\/v2\/posts\/1946\/revisions\/1947"}],"wp:attachment":[{"href":"https:\/\/www.terjeaamodt.com\/blog\/wp-json\/wp\/v2\/media?parent=1946"}],"wp:term":[{"taxonomy":"category","embeddable":true,"href":"https:\/\/www.terjeaamodt.com\/blog\/wp-json\/wp\/v2\/categories?post=1946"},{"taxonomy":"post_tag","embeddable":true,"href":"https:\/\/www.terjeaamodt.com\/blog\/wp-json\/wp\/v2\/tags?post=1946"}],"curies":[{"name":"wp","href":"https:\/\/api.w.org\/{rel}","templated":true}]}}