{"id":1956,"date":"2009-12-08T11:06:16","date_gmt":"2009-12-08T16:06:16","guid":{"rendered":"http:\/\/www.terjeaamodt.com\/blog\/2009\/12\/08\/klatring-i-eresfjord-ny-klatref%c3%b8rer-for-eresfjorden\/"},"modified":"2009-12-08T11:06:16","modified_gmt":"2009-12-08T16:06:16","slug":"klatring-i-eresfjord-ny-klatref%c3%b8rer-for-eresfjorden","status":"publish","type":"post","link":"https:\/\/www.terjeaamodt.com\/blog\/2009\/12\/08\/klatring-i-eresfjord-ny-klatref%c3%b8rer-for-eresfjorden\/","title":{"rendered":"Klatring i Eresfjord, Ny Klatref\u00f8rer for Eresfjorden."},"content":{"rendered":"<p>For en stund tilbake ble jeg spurt om jeg ville v\u00e6re med \u00e5 ta bilder for en ny klatref\u00f8rer for Eresfjorden. Klart jeg ville! Eresfjorden har veldig mye flott klatring \u00e5 by p\u00e5, s\u00e5 det \u00e5 f\u00e5 seg noen dager dere inne med fortografering og klatring er ikke \u00e5 forakte.<\/p>\n<p>N\u00e5 er den alts\u00e5 kommet for salg, og jeg var s\u00e5 heldig \u00e5 f\u00e5 et eksemplar her om dagen. Syns den ble kjempeflott og den presenterer 45 klatreruter i \u00e5tte klatreomr\u00e5der i Eresfjord: Goks\u00f8yra, Skjorta, \u00d8rmagj\u00f8let, H\u00e5hammeren, Gaidsvaet, Ulvesvaet, Forklesvaet og Utkleiva. De som har st\u00e5tt ansvarlig for boka er Bj\u00f8rn Magne \u00d8ver\u00e5s, Iver Gjelstenli og Bj\u00f8rn Bergsvik.<\/p>\n<p>De har ogs\u00e5 opprettet ett nettsted for nye ruter, oppdateringer, rettinger og komentarer som du finner p\u00e5: <a href=\"http:\/\/www.eresfjord.no\/klatring\" title=\"http:\/\/www.eresfjord.no\/klatring\">http:\/\/www.eresfjord.no\/klatring<\/a><\/p>\n<p>TIl slutt vil jeg bare si gratulere med godt utf\u00f8rt arbeid!<\/p>\n<p>Slik ser den ut:<\/p>\n<p><img decoding=\"async\" src=\"http:\/\/www.terjeaamodt.com\/blog\/wp-content\/uploads\/2009\/12\/blog_eresfjordf\u00f8rer.jpg\" width=\"950\" height=\"668\" alt=\"blog_eresfjordf\u00f8rer.jpg\" \/><\/p>\n","protected":false},"excerpt":{"rendered":"<p>For en stund tilbake ble jeg spurt om jeg ville v\u00e6re med \u00e5 ta bilder for en ny klatref\u00f8rer for Eresfjorden. Klart jeg ville! Eresfjorden har veldig mye flott klatring \u00e5 by p\u00e5, s\u00e5 det \u00e5 f\u00e5 seg noen dager dere inne med fortografering og klatring er ikke \u00e5 forakte. N\u00e5 er den alts\u00e5 kommet [&hellip;]<\/p>\n","protected":false},"author":1,"featured_media":0,"comment_status":"open","ping_status":"closed","sticky":false,"template":"","format":"standard","meta":{"footnotes":""},"categories":[12,6],"tags":[642],"class_list":["post-1956","post","type-post","status-publish","format-standard","hentry","category-diverse","category-klatring","tag-klatring"],"yoast_head":"<!-- This site is optimized with the Yoast SEO plugin v27.1.1 - https:\/\/yoast.com\/product\/yoast-seo-wordpress\/ -->\n<title>Klatring i Eresfjord, Ny Klatref\u00f8rer for Eresfjorden. | Terje Aamodt Photography blog<\/title>\n<meta name=\"robots\" content=\"index, follow, max-snippet:-1, max-image-preview:large, max-video-preview:-1\" \/>\n<link rel=\"canonical\" href=\"https:\/\/www.terjeaamodt.com\/blog\/2009\/12\/08\/klatring-i-eresfjord-ny-klatref\u00f8rer-for-eresfjorden\/\" \/>\n<meta property=\"og:locale\" content=\"nb_NO\" \/>\n<meta property=\"og:type\" content=\"article\" \/>\n<meta property=\"og:title\" content=\"Klatring i Eresfjord, Ny Klatref\u00f8rer for Eresfjorden. | Terje Aamodt Photography blog\" \/>\n<meta property=\"og:description\" content=\"For en stund tilbake ble jeg spurt om jeg ville v\u00e6re med \u00e5 ta bilder for en ny klatref\u00f8rer for Eresfjorden. Klart jeg ville! Eresfjorden har veldig mye flott klatring \u00e5 by p\u00e5, s\u00e5 det \u00e5 f\u00e5 seg noen dager dere inne med fortografering og klatring er ikke \u00e5 forakte. N\u00e5 er den alts\u00e5 kommet [&hellip;]\" \/>\n<meta property=\"og:url\" content=\"https:\/\/www.terjeaamodt.com\/blog\/2009\/12\/08\/klatring-i-eresfjord-ny-klatref\u00f8rer-for-eresfjorden\/\" \/>\n<meta property=\"og:site_name\" content=\"Terje Aamodt Photography blog\" \/>\n<meta property=\"article:publisher\" content=\"https:\/\/www.facebook.com\/Terje-Aamodt-Photography-161544107229708\/?ref=hl\" \/>\n<meta property=\"article:published_time\" content=\"2009-12-08T16:06:16+00:00\" \/>\n<meta name=\"author\" content=\"Terje Aamodt\" \/>\n<meta name=\"twitter:card\" content=\"summary_large_image\" \/>\n<meta name=\"twitter:creator\" content=\"@aamodtfoto\" \/>\n<meta name=\"twitter:site\" content=\"@aamodtfoto\" \/>\n<meta name=\"twitter:label1\" content=\"Skrevet av\" \/>\n\t<meta name=\"twitter:data1\" content=\"Terje Aamodt\" \/>\n\t<meta name=\"twitter:label2\" content=\"Ansl. lesetid\" \/>\n\t<meta name=\"twitter:data2\" content=\"1 minutt\" \/>\n<script type=\"application\/ld+json\" class=\"yoast-schema-graph\">{\"@context\":\"https:\/\/schema.org\",\"@graph\":[{\"@type\":\"Article\",\"@id\":\"https:\/\/www.terjeaamodt.com\/blog\/2009\/12\/08\/klatring-i-eresfjord-ny-klatref%c3%b8rer-for-eresfjorden\/#article\",\"isPartOf\":{\"@id\":\"https:\/\/www.terjeaamodt.com\/blog\/2009\/12\/08\/klatring-i-eresfjord-ny-klatref%c3%b8rer-for-eresfjorden\/\"},\"author\":{\"name\":\"Terje Aamodt\",\"@id\":\"https:\/\/www.terjeaamodt.com\/blog\/#\/schema\/person\/421fe074073d41cf4e17a2aaa426f5bd\"},\"headline\":\"Klatring i Eresfjord, Ny Klatref\u00f8rer for Eresfjorden.\",\"datePublished\":\"2009-12-08T16:06:16+00:00\",\"mainEntityOfPage\":{\"@id\":\"https:\/\/www.terjeaamodt.com\/blog\/2009\/12\/08\/klatring-i-eresfjord-ny-klatref%c3%b8rer-for-eresfjorden\/\"},\"wordCount\":158,\"commentCount\":0,\"keywords\":[\"klatring\"],\"articleSection\":[\"Diverse\",\"klatring\"],\"inLanguage\":\"nb-NO\",\"potentialAction\":[{\"@type\":\"CommentAction\",\"name\":\"Comment\",\"target\":[\"https:\/\/www.terjeaamodt.com\/blog\/2009\/12\/08\/klatring-i-eresfjord-ny-klatref%c3%b8rer-for-eresfjorden\/#respond\"]}]},{\"@type\":\"WebPage\",\"@id\":\"https:\/\/www.terjeaamodt.com\/blog\/2009\/12\/08\/klatring-i-eresfjord-ny-klatref%c3%b8rer-for-eresfjorden\/\",\"url\":\"https:\/\/www.terjeaamodt.com\/blog\/2009\/12\/08\/klatring-i-eresfjord-ny-klatref%c3%b8rer-for-eresfjorden\/\",\"name\":\"Klatring i Eresfjord, Ny Klatref\u00f8rer for Eresfjorden. | Terje Aamodt Photography blog\",\"isPartOf\":{\"@id\":\"https:\/\/www.terjeaamodt.com\/blog\/#website\"},\"datePublished\":\"2009-12-08T16:06:16+00:00\",\"author\":{\"@id\":\"https:\/\/www.terjeaamodt.com\/blog\/#\/schema\/person\/421fe074073d41cf4e17a2aaa426f5bd\"},\"breadcrumb\":{\"@id\":\"https:\/\/www.terjeaamodt.com\/blog\/2009\/12\/08\/klatring-i-eresfjord-ny-klatref%c3%b8rer-for-eresfjorden\/#breadcrumb\"},\"inLanguage\":\"nb-NO\",\"potentialAction\":[{\"@type\":\"ReadAction\",\"target\":[\"https:\/\/www.terjeaamodt.com\/blog\/2009\/12\/08\/klatring-i-eresfjord-ny-klatref%c3%b8rer-for-eresfjorden\/\"]}]},{\"@type\":\"BreadcrumbList\",\"@id\":\"https:\/\/www.terjeaamodt.com\/blog\/2009\/12\/08\/klatring-i-eresfjord-ny-klatref%c3%b8rer-for-eresfjorden\/#breadcrumb\",\"itemListElement\":[{\"@type\":\"ListItem\",\"position\":1,\"name\":\"Home\",\"item\":\"https:\/\/www.terjeaamodt.com\/blog\/\"},{\"@type\":\"ListItem\",\"position\":2,\"name\":\"Klatring i Eresfjord, Ny Klatref\u00f8rer for Eresfjorden.\"}]},{\"@type\":\"WebSite\",\"@id\":\"https:\/\/www.terjeaamodt.com\/blog\/#website\",\"url\":\"https:\/\/www.terjeaamodt.com\/blog\/\",\"name\":\"Terje Aamodt Photography blog\",\"description\":\"\",\"potentialAction\":[{\"@type\":\"SearchAction\",\"target\":{\"@type\":\"EntryPoint\",\"urlTemplate\":\"https:\/\/www.terjeaamodt.com\/blog\/?s={search_term_string}\"},\"query-input\":{\"@type\":\"PropertyValueSpecification\",\"valueRequired\":true,\"valueName\":\"search_term_string\"}}],\"inLanguage\":\"nb-NO\"},{\"@type\":\"Person\",\"@id\":\"https:\/\/www.terjeaamodt.com\/blog\/#\/schema\/person\/421fe074073d41cf4e17a2aaa426f5bd\",\"name\":\"Terje Aamodt\",\"image\":{\"@type\":\"ImageObject\",\"inLanguage\":\"nb-NO\",\"@id\":\"https:\/\/www.terjeaamodt.com\/blog\/#\/schema\/person\/image\/\",\"url\":\"https:\/\/secure.gravatar.com\/avatar\/42c15fcafccc8dea0466e1f48bbabee5d657af333b66d515f227538e430e6f37?s=96&d=mm&r=g\",\"contentUrl\":\"https:\/\/secure.gravatar.com\/avatar\/42c15fcafccc8dea0466e1f48bbabee5d657af333b66d515f227538e430e6f37?s=96&d=mm&r=g\",\"caption\":\"Terje Aamodt\"},\"description\":\"Terje Aamodt, fotograf og klattrer\",\"sameAs\":[\"http:\/\/www.terjeaamodt.com\"],\"url\":\"https:\/\/www.terjeaamodt.com\/blog\/author\/admin\/\"}]}<\/script>\n<!-- \/ Yoast SEO plugin. -->","yoast_head_json":{"title":"Klatring i Eresfjord, Ny Klatref\u00f8rer for Eresfjorden. | Terje Aamodt Photography blog","robots":{"index":"index","follow":"follow","max-snippet":"max-snippet:-1","max-image-preview":"max-image-preview:large","max-video-preview":"max-video-preview:-1"},"canonical":"https:\/\/www.terjeaamodt.com\/blog\/2009\/12\/08\/klatring-i-eresfjord-ny-klatref\u00f8rer-for-eresfjorden\/","og_locale":"nb_NO","og_type":"article","og_title":"Klatring i Eresfjord, Ny Klatref\u00f8rer for Eresfjorden. | Terje Aamodt Photography blog","og_description":"For en stund tilbake ble jeg spurt om jeg ville v\u00e6re med \u00e5 ta bilder for en ny klatref\u00f8rer for Eresfjorden. Klart jeg ville! Eresfjorden har veldig mye flott klatring \u00e5 by p\u00e5, s\u00e5 det \u00e5 f\u00e5 seg noen dager dere inne med fortografering og klatring er ikke \u00e5 forakte. N\u00e5 er den alts\u00e5 kommet [&hellip;]","og_url":"https:\/\/www.terjeaamodt.com\/blog\/2009\/12\/08\/klatring-i-eresfjord-ny-klatref\u00f8rer-for-eresfjorden\/","og_site_name":"Terje Aamodt Photography blog","article_publisher":"https:\/\/www.facebook.com\/Terje-Aamodt-Photography-161544107229708\/?ref=hl","article_published_time":"2009-12-08T16:06:16+00:00","author":"Terje Aamodt","twitter_card":"summary_large_image","twitter_creator":"@aamodtfoto","twitter_site":"@aamodtfoto","twitter_misc":{"Skrevet av":"Terje Aamodt","Ansl. lesetid":"1 minutt"},"schema":{"@context":"https:\/\/schema.org","@graph":[{"@type":"Article","@id":"https:\/\/www.terjeaamodt.com\/blog\/2009\/12\/08\/klatring-i-eresfjord-ny-klatref%c3%b8rer-for-eresfjorden\/#article","isPartOf":{"@id":"https:\/\/www.terjeaamodt.com\/blog\/2009\/12\/08\/klatring-i-eresfjord-ny-klatref%c3%b8rer-for-eresfjorden\/"},"author":{"name":"Terje Aamodt","@id":"https:\/\/www.terjeaamodt.com\/blog\/#\/schema\/person\/421fe074073d41cf4e17a2aaa426f5bd"},"headline":"Klatring i Eresfjord, Ny Klatref\u00f8rer for Eresfjorden.","datePublished":"2009-12-08T16:06:16+00:00","mainEntityOfPage":{"@id":"https:\/\/www.terjeaamodt.com\/blog\/2009\/12\/08\/klatring-i-eresfjord-ny-klatref%c3%b8rer-for-eresfjorden\/"},"wordCount":158,"commentCount":0,"keywords":["klatring"],"articleSection":["Diverse","klatring"],"inLanguage":"nb-NO","potentialAction":[{"@type":"CommentAction","name":"Comment","target":["https:\/\/www.terjeaamodt.com\/blog\/2009\/12\/08\/klatring-i-eresfjord-ny-klatref%c3%b8rer-for-eresfjorden\/#respond"]}]},{"@type":"WebPage","@id":"https:\/\/www.terjeaamodt.com\/blog\/2009\/12\/08\/klatring-i-eresfjord-ny-klatref%c3%b8rer-for-eresfjorden\/","url":"https:\/\/www.terjeaamodt.com\/blog\/2009\/12\/08\/klatring-i-eresfjord-ny-klatref%c3%b8rer-for-eresfjorden\/","name":"Klatring i Eresfjord, Ny Klatref\u00f8rer for Eresfjorden. | Terje Aamodt Photography blog","isPartOf":{"@id":"https:\/\/www.terjeaamodt.com\/blog\/#website"},"datePublished":"2009-12-08T16:06:16+00:00","author":{"@id":"https:\/\/www.terjeaamodt.com\/blog\/#\/schema\/person\/421fe074073d41cf4e17a2aaa426f5bd"},"breadcrumb":{"@id":"https:\/\/www.terjeaamodt.com\/blog\/2009\/12\/08\/klatring-i-eresfjord-ny-klatref%c3%b8rer-for-eresfjorden\/#breadcrumb"},"inLanguage":"nb-NO","potentialAction":[{"@type":"ReadAction","target":["https:\/\/www.terjeaamodt.com\/blog\/2009\/12\/08\/klatring-i-eresfjord-ny-klatref%c3%b8rer-for-eresfjorden\/"]}]},{"@type":"BreadcrumbList","@id":"https:\/\/www.terjeaamodt.com\/blog\/2009\/12\/08\/klatring-i-eresfjord-ny-klatref%c3%b8rer-for-eresfjorden\/#breadcrumb","itemListElement":[{"@type":"ListItem","position":1,"name":"Home","item":"https:\/\/www.terjeaamodt.com\/blog\/"},{"@type":"ListItem","position":2,"name":"Klatring i Eresfjord, Ny Klatref\u00f8rer for Eresfjorden."}]},{"@type":"WebSite","@id":"https:\/\/www.terjeaamodt.com\/blog\/#website","url":"https:\/\/www.terjeaamodt.com\/blog\/","name":"Terje Aamodt Photography blog","description":"","potentialAction":[{"@type":"SearchAction","target":{"@type":"EntryPoint","urlTemplate":"https:\/\/www.terjeaamodt.com\/blog\/?s={search_term_string}"},"query-input":{"@type":"PropertyValueSpecification","valueRequired":true,"valueName":"search_term_string"}}],"inLanguage":"nb-NO"},{"@type":"Person","@id":"https:\/\/www.terjeaamodt.com\/blog\/#\/schema\/person\/421fe074073d41cf4e17a2aaa426f5bd","name":"Terje Aamodt","image":{"@type":"ImageObject","inLanguage":"nb-NO","@id":"https:\/\/www.terjeaamodt.com\/blog\/#\/schema\/person\/image\/","url":"https:\/\/secure.gravatar.com\/avatar\/42c15fcafccc8dea0466e1f48bbabee5d657af333b66d515f227538e430e6f37?s=96&d=mm&r=g","contentUrl":"https:\/\/secure.gravatar.com\/avatar\/42c15fcafccc8dea0466e1f48bbabee5d657af333b66d515f227538e430e6f37?s=96&d=mm&r=g","caption":"Terje Aamodt"},"description":"Terje Aamodt, fotograf og klattrer","sameAs":["http:\/\/www.terjeaamodt.com"],"url":"https:\/\/www.terjeaamodt.com\/blog\/author\/admin\/"}]}},"_links":{"self":[{"href":"https:\/\/www.terjeaamodt.com\/blog\/wp-json\/wp\/v2\/posts\/1956","targetHints":{"allow":["GET"]}}],"collection":[{"href":"https:\/\/www.terjeaamodt.com\/blog\/wp-json\/wp\/v2\/posts"}],"about":[{"href":"https:\/\/www.terjeaamodt.com\/blog\/wp-json\/wp\/v2\/types\/post"}],"author":[{"embeddable":true,"href":"https:\/\/www.terjeaamodt.com\/blog\/wp-json\/wp\/v2\/users\/1"}],"replies":[{"embeddable":true,"href":"https:\/\/www.terjeaamodt.com\/blog\/wp-json\/wp\/v2\/comments?post=1956"}],"version-history":[{"count":0,"href":"https:\/\/www.terjeaamodt.com\/blog\/wp-json\/wp\/v2\/posts\/1956\/revisions"}],"wp:attachment":[{"href":"https:\/\/www.terjeaamodt.com\/blog\/wp-json\/wp\/v2\/media?parent=1956"}],"wp:term":[{"taxonomy":"category","embeddable":true,"href":"https:\/\/www.terjeaamodt.com\/blog\/wp-json\/wp\/v2\/categories?post=1956"},{"taxonomy":"post_tag","embeddable":true,"href":"https:\/\/www.terjeaamodt.com\/blog\/wp-json\/wp\/v2\/tags?post=1956"}],"curies":[{"name":"wp","href":"https:\/\/api.w.org\/{rel}","templated":true}]}}