{"id":2125,"date":"2010-05-11T08:07:02","date_gmt":"2010-05-11T13:07:02","guid":{"rendered":"http:\/\/www.terjeaamodt.com\/blog\/2010\/05\/11\/skotten-farstad-buldring-klatring\/"},"modified":"2010-05-11T08:07:02","modified_gmt":"2010-05-11T13:07:02","slug":"skotten-farstad-buldring-klatring","status":"publish","type":"post","link":"https:\/\/www.terjeaamodt.com\/blog\/2010\/05\/11\/skotten-farstad-buldring-klatring\/","title":{"rendered":"Skotten-Farstad-Buldring-Klatring"},"content":{"rendered":"<p>Her er de Maja Gr\u00f8nset som pr\u00f8ver seg p\u00e5 en av mange flotte linjer ute p\u00e5 Skotten. Klatringen p\u00e5 Skotten er til tider sv\u00e6rt bra, s\u00e5 selv om noen av buldrene har litt d\u00e5rlig landing, er det ikke v\u00e6re enn at de fleste linjene kan g\u00e5es med litt god spotting og en god crashpad.<\/p>\n<p><img decoding=\"async\" src=\"http:\/\/www.terjeaamodt.com\/blog\/wp-content\/uploads\/2010\/05\/majablog2.jpg\" width=\"950\" height=\"668\" alt=\"majablog2.jpg\" \/><\/p>\n","protected":false},"excerpt":{"rendered":"<p>Her er de Maja Gr\u00f8nset som pr\u00f8ver seg p\u00e5 en av mange flotte linjer ute p\u00e5 Skotten. Klatringen p\u00e5 Skotten er til tider sv\u00e6rt bra, s\u00e5 selv om noen av buldrene har litt d\u00e5rlig landing, er det ikke v\u00e6re enn at de fleste linjene kan g\u00e5es med litt god spotting og en god crashpad.<\/p>\n","protected":false},"author":1,"featured_media":0,"comment_status":"open","ping_status":"closed","sticky":false,"template":"","format":"standard","meta":{"footnotes":""},"categories":[6,10],"tags":[642],"class_list":["post-2125","post","type-post","status-publish","format-standard","hentry","category-klatring","category-livsstil","tag-klatring"],"yoast_head":"<!-- This site is optimized with the Yoast SEO plugin v27.1.1 - https:\/\/yoast.com\/product\/yoast-seo-wordpress\/ -->\n<title>Skotten-Farstad-Buldring-Klatring | Terje Aamodt Photography blog<\/title>\n<meta name=\"robots\" content=\"index, follow, max-snippet:-1, max-image-preview:large, max-video-preview:-1\" \/>\n<link rel=\"canonical\" href=\"https:\/\/www.terjeaamodt.com\/blog\/2010\/05\/11\/skotten-farstad-buldring-klatring\/\" \/>\n<meta property=\"og:locale\" content=\"nb_NO\" \/>\n<meta property=\"og:type\" content=\"article\" \/>\n<meta property=\"og:title\" content=\"Skotten-Farstad-Buldring-Klatring | Terje Aamodt Photography blog\" \/>\n<meta property=\"og:description\" content=\"Her er de Maja Gr\u00f8nset som pr\u00f8ver seg p\u00e5 en av mange flotte linjer ute p\u00e5 Skotten. Klatringen p\u00e5 Skotten er til tider sv\u00e6rt bra, s\u00e5 selv om noen av buldrene har litt d\u00e5rlig landing, er det ikke v\u00e6re enn at de fleste linjene kan g\u00e5es med litt god spotting og en god crashpad.\" \/>\n<meta property=\"og:url\" content=\"https:\/\/www.terjeaamodt.com\/blog\/2010\/05\/11\/skotten-farstad-buldring-klatring\/\" \/>\n<meta property=\"og:site_name\" content=\"Terje Aamodt Photography blog\" \/>\n<meta property=\"article:publisher\" content=\"https:\/\/www.facebook.com\/Terje-Aamodt-Photography-161544107229708\/?ref=hl\" \/>\n<meta property=\"article:published_time\" content=\"2010-05-11T13:07:02+00:00\" \/>\n<meta property=\"og:image\" content=\"http:\/\/www.terjeaamodt.com\/blog\/wp-content\/uploads\/2010\/05\/majablog2.jpg\" \/>\n<meta name=\"author\" content=\"Terje Aamodt\" \/>\n<meta name=\"twitter:card\" content=\"summary_large_image\" \/>\n<meta name=\"twitter:creator\" content=\"@aamodtfoto\" \/>\n<meta name=\"twitter:site\" content=\"@aamodtfoto\" \/>\n<meta name=\"twitter:label1\" content=\"Skrevet av\" \/>\n\t<meta name=\"twitter:data1\" content=\"Terje Aamodt\" \/>\n<script type=\"application\/ld+json\" class=\"yoast-schema-graph\">{\"@context\":\"https:\/\/schema.org\",\"@graph\":[{\"@type\":\"Article\",\"@id\":\"https:\/\/www.terjeaamodt.com\/blog\/2010\/05\/11\/skotten-farstad-buldring-klatring\/#article\",\"isPartOf\":{\"@id\":\"https:\/\/www.terjeaamodt.com\/blog\/2010\/05\/11\/skotten-farstad-buldring-klatring\/\"},\"author\":{\"name\":\"Terje Aamodt\",\"@id\":\"https:\/\/www.terjeaamodt.com\/blog\/#\/schema\/person\/421fe074073d41cf4e17a2aaa426f5bd\"},\"headline\":\"Skotten-Farstad-Buldring-Klatring\",\"datePublished\":\"2010-05-11T13:07:02+00:00\",\"mainEntityOfPage\":{\"@id\":\"https:\/\/www.terjeaamodt.com\/blog\/2010\/05\/11\/skotten-farstad-buldring-klatring\/\"},\"wordCount\":61,\"commentCount\":0,\"image\":{\"@id\":\"https:\/\/www.terjeaamodt.com\/blog\/2010\/05\/11\/skotten-farstad-buldring-klatring\/#primaryimage\"},\"thumbnailUrl\":\"http:\/\/www.terjeaamodt.com\/blog\/wp-content\/uploads\/2010\/05\/majablog2.jpg\",\"keywords\":[\"klatring\"],\"articleSection\":[\"klatring\",\"livsstil\"],\"inLanguage\":\"nb-NO\",\"potentialAction\":[{\"@type\":\"CommentAction\",\"name\":\"Comment\",\"target\":[\"https:\/\/www.terjeaamodt.com\/blog\/2010\/05\/11\/skotten-farstad-buldring-klatring\/#respond\"]}]},{\"@type\":\"WebPage\",\"@id\":\"https:\/\/www.terjeaamodt.com\/blog\/2010\/05\/11\/skotten-farstad-buldring-klatring\/\",\"url\":\"https:\/\/www.terjeaamodt.com\/blog\/2010\/05\/11\/skotten-farstad-buldring-klatring\/\",\"name\":\"Skotten-Farstad-Buldring-Klatring | Terje Aamodt Photography blog\",\"isPartOf\":{\"@id\":\"https:\/\/www.terjeaamodt.com\/blog\/#website\"},\"primaryImageOfPage\":{\"@id\":\"https:\/\/www.terjeaamodt.com\/blog\/2010\/05\/11\/skotten-farstad-buldring-klatring\/#primaryimage\"},\"image\":{\"@id\":\"https:\/\/www.terjeaamodt.com\/blog\/2010\/05\/11\/skotten-farstad-buldring-klatring\/#primaryimage\"},\"thumbnailUrl\":\"http:\/\/www.terjeaamodt.com\/blog\/wp-content\/uploads\/2010\/05\/majablog2.jpg\",\"datePublished\":\"2010-05-11T13:07:02+00:00\",\"author\":{\"@id\":\"https:\/\/www.terjeaamodt.com\/blog\/#\/schema\/person\/421fe074073d41cf4e17a2aaa426f5bd\"},\"breadcrumb\":{\"@id\":\"https:\/\/www.terjeaamodt.com\/blog\/2010\/05\/11\/skotten-farstad-buldring-klatring\/#breadcrumb\"},\"inLanguage\":\"nb-NO\",\"potentialAction\":[{\"@type\":\"ReadAction\",\"target\":[\"https:\/\/www.terjeaamodt.com\/blog\/2010\/05\/11\/skotten-farstad-buldring-klatring\/\"]}]},{\"@type\":\"ImageObject\",\"inLanguage\":\"nb-NO\",\"@id\":\"https:\/\/www.terjeaamodt.com\/blog\/2010\/05\/11\/skotten-farstad-buldring-klatring\/#primaryimage\",\"url\":\"http:\/\/www.terjeaamodt.com\/blog\/wp-content\/uploads\/2010\/05\/majablog2.jpg\",\"contentUrl\":\"http:\/\/www.terjeaamodt.com\/blog\/wp-content\/uploads\/2010\/05\/majablog2.jpg\"},{\"@type\":\"BreadcrumbList\",\"@id\":\"https:\/\/www.terjeaamodt.com\/blog\/2010\/05\/11\/skotten-farstad-buldring-klatring\/#breadcrumb\",\"itemListElement\":[{\"@type\":\"ListItem\",\"position\":1,\"name\":\"Home\",\"item\":\"https:\/\/www.terjeaamodt.com\/blog\/\"},{\"@type\":\"ListItem\",\"position\":2,\"name\":\"Skotten-Farstad-Buldring-Klatring\"}]},{\"@type\":\"WebSite\",\"@id\":\"https:\/\/www.terjeaamodt.com\/blog\/#website\",\"url\":\"https:\/\/www.terjeaamodt.com\/blog\/\",\"name\":\"Terje Aamodt Photography blog\",\"description\":\"\",\"potentialAction\":[{\"@type\":\"SearchAction\",\"target\":{\"@type\":\"EntryPoint\",\"urlTemplate\":\"https:\/\/www.terjeaamodt.com\/blog\/?s={search_term_string}\"},\"query-input\":{\"@type\":\"PropertyValueSpecification\",\"valueRequired\":true,\"valueName\":\"search_term_string\"}}],\"inLanguage\":\"nb-NO\"},{\"@type\":\"Person\",\"@id\":\"https:\/\/www.terjeaamodt.com\/blog\/#\/schema\/person\/421fe074073d41cf4e17a2aaa426f5bd\",\"name\":\"Terje Aamodt\",\"image\":{\"@type\":\"ImageObject\",\"inLanguage\":\"nb-NO\",\"@id\":\"https:\/\/www.terjeaamodt.com\/blog\/#\/schema\/person\/image\/\",\"url\":\"https:\/\/secure.gravatar.com\/avatar\/42c15fcafccc8dea0466e1f48bbabee5d657af333b66d515f227538e430e6f37?s=96&d=mm&r=g\",\"contentUrl\":\"https:\/\/secure.gravatar.com\/avatar\/42c15fcafccc8dea0466e1f48bbabee5d657af333b66d515f227538e430e6f37?s=96&d=mm&r=g\",\"caption\":\"Terje Aamodt\"},\"description\":\"Terje Aamodt, fotograf og klattrer\",\"sameAs\":[\"http:\/\/www.terjeaamodt.com\"],\"url\":\"https:\/\/www.terjeaamodt.com\/blog\/author\/admin\/\"}]}<\/script>\n<!-- \/ Yoast SEO plugin. -->","yoast_head_json":{"title":"Skotten-Farstad-Buldring-Klatring | Terje Aamodt Photography blog","robots":{"index":"index","follow":"follow","max-snippet":"max-snippet:-1","max-image-preview":"max-image-preview:large","max-video-preview":"max-video-preview:-1"},"canonical":"https:\/\/www.terjeaamodt.com\/blog\/2010\/05\/11\/skotten-farstad-buldring-klatring\/","og_locale":"nb_NO","og_type":"article","og_title":"Skotten-Farstad-Buldring-Klatring | Terje Aamodt Photography blog","og_description":"Her er de Maja Gr\u00f8nset som pr\u00f8ver seg p\u00e5 en av mange flotte linjer ute p\u00e5 Skotten. Klatringen p\u00e5 Skotten er til tider sv\u00e6rt bra, s\u00e5 selv om noen av buldrene har litt d\u00e5rlig landing, er det ikke v\u00e6re enn at de fleste linjene kan g\u00e5es med litt god spotting og en god crashpad.","og_url":"https:\/\/www.terjeaamodt.com\/blog\/2010\/05\/11\/skotten-farstad-buldring-klatring\/","og_site_name":"Terje Aamodt Photography blog","article_publisher":"https:\/\/www.facebook.com\/Terje-Aamodt-Photography-161544107229708\/?ref=hl","article_published_time":"2010-05-11T13:07:02+00:00","og_image":[{"url":"http:\/\/www.terjeaamodt.com\/blog\/wp-content\/uploads\/2010\/05\/majablog2.jpg","type":"","width":"","height":""}],"author":"Terje Aamodt","twitter_card":"summary_large_image","twitter_creator":"@aamodtfoto","twitter_site":"@aamodtfoto","twitter_misc":{"Skrevet av":"Terje Aamodt"},"schema":{"@context":"https:\/\/schema.org","@graph":[{"@type":"Article","@id":"https:\/\/www.terjeaamodt.com\/blog\/2010\/05\/11\/skotten-farstad-buldring-klatring\/#article","isPartOf":{"@id":"https:\/\/www.terjeaamodt.com\/blog\/2010\/05\/11\/skotten-farstad-buldring-klatring\/"},"author":{"name":"Terje Aamodt","@id":"https:\/\/www.terjeaamodt.com\/blog\/#\/schema\/person\/421fe074073d41cf4e17a2aaa426f5bd"},"headline":"Skotten-Farstad-Buldring-Klatring","datePublished":"2010-05-11T13:07:02+00:00","mainEntityOfPage":{"@id":"https:\/\/www.terjeaamodt.com\/blog\/2010\/05\/11\/skotten-farstad-buldring-klatring\/"},"wordCount":61,"commentCount":0,"image":{"@id":"https:\/\/www.terjeaamodt.com\/blog\/2010\/05\/11\/skotten-farstad-buldring-klatring\/#primaryimage"},"thumbnailUrl":"http:\/\/www.terjeaamodt.com\/blog\/wp-content\/uploads\/2010\/05\/majablog2.jpg","keywords":["klatring"],"articleSection":["klatring","livsstil"],"inLanguage":"nb-NO","potentialAction":[{"@type":"CommentAction","name":"Comment","target":["https:\/\/www.terjeaamodt.com\/blog\/2010\/05\/11\/skotten-farstad-buldring-klatring\/#respond"]}]},{"@type":"WebPage","@id":"https:\/\/www.terjeaamodt.com\/blog\/2010\/05\/11\/skotten-farstad-buldring-klatring\/","url":"https:\/\/www.terjeaamodt.com\/blog\/2010\/05\/11\/skotten-farstad-buldring-klatring\/","name":"Skotten-Farstad-Buldring-Klatring | Terje Aamodt Photography blog","isPartOf":{"@id":"https:\/\/www.terjeaamodt.com\/blog\/#website"},"primaryImageOfPage":{"@id":"https:\/\/www.terjeaamodt.com\/blog\/2010\/05\/11\/skotten-farstad-buldring-klatring\/#primaryimage"},"image":{"@id":"https:\/\/www.terjeaamodt.com\/blog\/2010\/05\/11\/skotten-farstad-buldring-klatring\/#primaryimage"},"thumbnailUrl":"http:\/\/www.terjeaamodt.com\/blog\/wp-content\/uploads\/2010\/05\/majablog2.jpg","datePublished":"2010-05-11T13:07:02+00:00","author":{"@id":"https:\/\/www.terjeaamodt.com\/blog\/#\/schema\/person\/421fe074073d41cf4e17a2aaa426f5bd"},"breadcrumb":{"@id":"https:\/\/www.terjeaamodt.com\/blog\/2010\/05\/11\/skotten-farstad-buldring-klatring\/#breadcrumb"},"inLanguage":"nb-NO","potentialAction":[{"@type":"ReadAction","target":["https:\/\/www.terjeaamodt.com\/blog\/2010\/05\/11\/skotten-farstad-buldring-klatring\/"]}]},{"@type":"ImageObject","inLanguage":"nb-NO","@id":"https:\/\/www.terjeaamodt.com\/blog\/2010\/05\/11\/skotten-farstad-buldring-klatring\/#primaryimage","url":"http:\/\/www.terjeaamodt.com\/blog\/wp-content\/uploads\/2010\/05\/majablog2.jpg","contentUrl":"http:\/\/www.terjeaamodt.com\/blog\/wp-content\/uploads\/2010\/05\/majablog2.jpg"},{"@type":"BreadcrumbList","@id":"https:\/\/www.terjeaamodt.com\/blog\/2010\/05\/11\/skotten-farstad-buldring-klatring\/#breadcrumb","itemListElement":[{"@type":"ListItem","position":1,"name":"Home","item":"https:\/\/www.terjeaamodt.com\/blog\/"},{"@type":"ListItem","position":2,"name":"Skotten-Farstad-Buldring-Klatring"}]},{"@type":"WebSite","@id":"https:\/\/www.terjeaamodt.com\/blog\/#website","url":"https:\/\/www.terjeaamodt.com\/blog\/","name":"Terje Aamodt Photography blog","description":"","potentialAction":[{"@type":"SearchAction","target":{"@type":"EntryPoint","urlTemplate":"https:\/\/www.terjeaamodt.com\/blog\/?s={search_term_string}"},"query-input":{"@type":"PropertyValueSpecification","valueRequired":true,"valueName":"search_term_string"}}],"inLanguage":"nb-NO"},{"@type":"Person","@id":"https:\/\/www.terjeaamodt.com\/blog\/#\/schema\/person\/421fe074073d41cf4e17a2aaa426f5bd","name":"Terje Aamodt","image":{"@type":"ImageObject","inLanguage":"nb-NO","@id":"https:\/\/www.terjeaamodt.com\/blog\/#\/schema\/person\/image\/","url":"https:\/\/secure.gravatar.com\/avatar\/42c15fcafccc8dea0466e1f48bbabee5d657af333b66d515f227538e430e6f37?s=96&d=mm&r=g","contentUrl":"https:\/\/secure.gravatar.com\/avatar\/42c15fcafccc8dea0466e1f48bbabee5d657af333b66d515f227538e430e6f37?s=96&d=mm&r=g","caption":"Terje Aamodt"},"description":"Terje Aamodt, fotograf og klattrer","sameAs":["http:\/\/www.terjeaamodt.com"],"url":"https:\/\/www.terjeaamodt.com\/blog\/author\/admin\/"}]}},"_links":{"self":[{"href":"https:\/\/www.terjeaamodt.com\/blog\/wp-json\/wp\/v2\/posts\/2125","targetHints":{"allow":["GET"]}}],"collection":[{"href":"https:\/\/www.terjeaamodt.com\/blog\/wp-json\/wp\/v2\/posts"}],"about":[{"href":"https:\/\/www.terjeaamodt.com\/blog\/wp-json\/wp\/v2\/types\/post"}],"author":[{"embeddable":true,"href":"https:\/\/www.terjeaamodt.com\/blog\/wp-json\/wp\/v2\/users\/1"}],"replies":[{"embeddable":true,"href":"https:\/\/www.terjeaamodt.com\/blog\/wp-json\/wp\/v2\/comments?post=2125"}],"version-history":[{"count":0,"href":"https:\/\/www.terjeaamodt.com\/blog\/wp-json\/wp\/v2\/posts\/2125\/revisions"}],"wp:attachment":[{"href":"https:\/\/www.terjeaamodt.com\/blog\/wp-json\/wp\/v2\/media?parent=2125"}],"wp:term":[{"taxonomy":"category","embeddable":true,"href":"https:\/\/www.terjeaamodt.com\/blog\/wp-json\/wp\/v2\/categories?post=2125"},{"taxonomy":"post_tag","embeddable":true,"href":"https:\/\/www.terjeaamodt.com\/blog\/wp-json\/wp\/v2\/tags?post=2125"}],"curies":[{"name":"wp","href":"https:\/\/api.w.org\/{rel}","templated":true}]}}