{"id":2316,"date":"2010-08-24T16:51:15","date_gmt":"2010-08-24T21:51:15","guid":{"rendered":"http:\/\/www.terjeaamodt.com\/blog\/2010\/08\/24\/klatring-buldring-julsundet-eikesdalen\/"},"modified":"2010-08-24T16:51:54","modified_gmt":"2010-08-24T21:51:54","slug":"klatring-buldring-julsundet-eikesdalen","status":"publish","type":"post","link":"https:\/\/www.terjeaamodt.com\/blog\/2010\/08\/24\/klatring-buldring-julsundet-eikesdalen\/","title":{"rendered":"Klatring, buldring, Julsundet, Eikesdalen."},"content":{"rendered":"<p>Selv om det ikke har v\u00e6rt s\u00e5 veldig mye tid til klatring i det siste, s\u00e5 har de gangene jeg har f\u00e5tt tid v\u00e6rt desto artigere. Her kommer noen klatrebilder fra Julsundet og Eikesdalen.<\/p>\n<p><img decoding=\"async\" src=\"http:\/\/www.terjeaamodt.com\/blog\/wp-content\/uploads\/2010\/08\/klatring_blog01.jpg\" width=\"950\" height=\"668\" alt=\"klatring_blog01.jpg\" \/><\/p>\n<p>Rannveig Aamodt p\u00e5 ett av mange nye bulder som ble pusset frem, under en liten mini samling vi hadde i Eikesdalen for en stund tilbake.<\/p>\n<p><img decoding=\"async\" src=\"http:\/\/www.terjeaamodt.com\/blog\/wp-content\/uploads\/2010\/08\/klatring_blog02.jpg\" width=\"668\" height=\"950\" alt=\"klatring_blog02.jpg\" \/><\/p>\n<p>Rannveig Aamodt og Maja Gr\u00f8nset g\u00e5r &laquo;Att Du T\u00f8r &laquo;i Julsundet. Fantastisk klatring, men litt langt mellom sikringene..<\/p>\n<p><img decoding=\"async\" src=\"http:\/\/www.terjeaamodt.com\/blog\/wp-content\/uploads\/2010\/08\/klatring_blog03.jpg\" width=\"950\" height=\"668\" alt=\"klatring_blog03.jpg\" \/><\/p>\n<p>Rannveig p\u00e5 nok ett bulder i Eikesdalen.<\/p>\n","protected":false},"excerpt":{"rendered":"<p>Selv om det ikke har v\u00e6rt s\u00e5 veldig mye tid til klatring i det siste, s\u00e5 har de gangene jeg har f\u00e5tt tid v\u00e6rt desto artigere. Her kommer noen klatrebilder fra Julsundet og Eikesdalen. Rannveig Aamodt p\u00e5 ett av mange nye bulder som ble pusset frem, under en liten mini samling vi hadde i Eikesdalen [&hellip;]<\/p>\n","protected":false},"author":1,"featured_media":0,"comment_status":"open","ping_status":"closed","sticky":false,"template":"","format":"standard","meta":{"footnotes":""},"categories":[6,10,39],"tags":[61,60,59,58,642],"class_list":["post-2316","post","type-post","status-publish","format-standard","hentry","category-klatring","category-livsstil","category-sport","tag-buldring","tag-eikesdalen","tag-julsundet","tag-klatrebilder","tag-klatring"],"yoast_head":"<!-- This site is optimized with the Yoast SEO plugin v27.1.1 - https:\/\/yoast.com\/product\/yoast-seo-wordpress\/ -->\n<title>Klatring, buldring, Julsundet, Eikesdalen. | Terje Aamodt Photography blog<\/title>\n<meta name=\"robots\" content=\"index, follow, max-snippet:-1, max-image-preview:large, max-video-preview:-1\" \/>\n<link rel=\"canonical\" href=\"https:\/\/www.terjeaamodt.com\/blog\/2010\/08\/24\/klatring-buldring-julsundet-eikesdalen\/\" \/>\n<meta property=\"og:locale\" content=\"nb_NO\" \/>\n<meta property=\"og:type\" content=\"article\" \/>\n<meta property=\"og:title\" content=\"Klatring, buldring, Julsundet, Eikesdalen. | Terje Aamodt Photography blog\" \/>\n<meta property=\"og:description\" content=\"Selv om det ikke har v\u00e6rt s\u00e5 veldig mye tid til klatring i det siste, s\u00e5 har de gangene jeg har f\u00e5tt tid v\u00e6rt desto artigere. Her kommer noen klatrebilder fra Julsundet og Eikesdalen. Rannveig Aamodt p\u00e5 ett av mange nye bulder som ble pusset frem, under en liten mini samling vi hadde i Eikesdalen [&hellip;]\" \/>\n<meta property=\"og:url\" content=\"https:\/\/www.terjeaamodt.com\/blog\/2010\/08\/24\/klatring-buldring-julsundet-eikesdalen\/\" \/>\n<meta property=\"og:site_name\" content=\"Terje Aamodt Photography blog\" \/>\n<meta property=\"article:publisher\" content=\"https:\/\/www.facebook.com\/Terje-Aamodt-Photography-161544107229708\/?ref=hl\" \/>\n<meta property=\"article:published_time\" content=\"2010-08-24T21:51:15+00:00\" \/>\n<meta property=\"article:modified_time\" content=\"2010-08-24T21:51:54+00:00\" \/>\n<meta property=\"og:image\" content=\"http:\/\/www.terjeaamodt.com\/blog\/wp-content\/uploads\/2010\/08\/klatring_blog01.jpg\" \/>\n<meta name=\"author\" content=\"Terje Aamodt\" \/>\n<meta name=\"twitter:card\" content=\"summary_large_image\" \/>\n<meta name=\"twitter:creator\" content=\"@aamodtfoto\" \/>\n<meta name=\"twitter:site\" content=\"@aamodtfoto\" \/>\n<meta name=\"twitter:label1\" content=\"Skrevet av\" \/>\n\t<meta name=\"twitter:data1\" content=\"Terje Aamodt\" \/>\n<script type=\"application\/ld+json\" class=\"yoast-schema-graph\">{\"@context\":\"https:\/\/schema.org\",\"@graph\":[{\"@type\":\"Article\",\"@id\":\"https:\/\/www.terjeaamodt.com\/blog\/2010\/08\/24\/klatring-buldring-julsundet-eikesdalen\/#article\",\"isPartOf\":{\"@id\":\"https:\/\/www.terjeaamodt.com\/blog\/2010\/08\/24\/klatring-buldring-julsundet-eikesdalen\/\"},\"author\":{\"name\":\"Terje Aamodt\",\"@id\":\"https:\/\/www.terjeaamodt.com\/blog\/#\/schema\/person\/421fe074073d41cf4e17a2aaa426f5bd\"},\"headline\":\"Klatring, buldring, Julsundet, Eikesdalen.\",\"datePublished\":\"2010-08-24T21:51:15+00:00\",\"dateModified\":\"2010-08-24T21:51:54+00:00\",\"mainEntityOfPage\":{\"@id\":\"https:\/\/www.terjeaamodt.com\/blog\/2010\/08\/24\/klatring-buldring-julsundet-eikesdalen\/\"},\"wordCount\":94,\"commentCount\":7,\"image\":{\"@id\":\"https:\/\/www.terjeaamodt.com\/blog\/2010\/08\/24\/klatring-buldring-julsundet-eikesdalen\/#primaryimage\"},\"thumbnailUrl\":\"http:\/\/www.terjeaamodt.com\/blog\/wp-content\/uploads\/2010\/08\/klatring_blog01.jpg\",\"keywords\":[\"Buldring\",\"Eikesdalen\",\"Julsundet\",\"klatrebilder\",\"klatring\"],\"articleSection\":[\"klatring\",\"livsstil\",\"Sport\"],\"inLanguage\":\"nb-NO\",\"potentialAction\":[{\"@type\":\"CommentAction\",\"name\":\"Comment\",\"target\":[\"https:\/\/www.terjeaamodt.com\/blog\/2010\/08\/24\/klatring-buldring-julsundet-eikesdalen\/#respond\"]}]},{\"@type\":\"WebPage\",\"@id\":\"https:\/\/www.terjeaamodt.com\/blog\/2010\/08\/24\/klatring-buldring-julsundet-eikesdalen\/\",\"url\":\"https:\/\/www.terjeaamodt.com\/blog\/2010\/08\/24\/klatring-buldring-julsundet-eikesdalen\/\",\"name\":\"Klatring, buldring, Julsundet, Eikesdalen. | Terje Aamodt Photography blog\",\"isPartOf\":{\"@id\":\"https:\/\/www.terjeaamodt.com\/blog\/#website\"},\"primaryImageOfPage\":{\"@id\":\"https:\/\/www.terjeaamodt.com\/blog\/2010\/08\/24\/klatring-buldring-julsundet-eikesdalen\/#primaryimage\"},\"image\":{\"@id\":\"https:\/\/www.terjeaamodt.com\/blog\/2010\/08\/24\/klatring-buldring-julsundet-eikesdalen\/#primaryimage\"},\"thumbnailUrl\":\"http:\/\/www.terjeaamodt.com\/blog\/wp-content\/uploads\/2010\/08\/klatring_blog01.jpg\",\"datePublished\":\"2010-08-24T21:51:15+00:00\",\"dateModified\":\"2010-08-24T21:51:54+00:00\",\"author\":{\"@id\":\"https:\/\/www.terjeaamodt.com\/blog\/#\/schema\/person\/421fe074073d41cf4e17a2aaa426f5bd\"},\"breadcrumb\":{\"@id\":\"https:\/\/www.terjeaamodt.com\/blog\/2010\/08\/24\/klatring-buldring-julsundet-eikesdalen\/#breadcrumb\"},\"inLanguage\":\"nb-NO\",\"potentialAction\":[{\"@type\":\"ReadAction\",\"target\":[\"https:\/\/www.terjeaamodt.com\/blog\/2010\/08\/24\/klatring-buldring-julsundet-eikesdalen\/\"]}]},{\"@type\":\"ImageObject\",\"inLanguage\":\"nb-NO\",\"@id\":\"https:\/\/www.terjeaamodt.com\/blog\/2010\/08\/24\/klatring-buldring-julsundet-eikesdalen\/#primaryimage\",\"url\":\"http:\/\/www.terjeaamodt.com\/blog\/wp-content\/uploads\/2010\/08\/klatring_blog01.jpg\",\"contentUrl\":\"http:\/\/www.terjeaamodt.com\/blog\/wp-content\/uploads\/2010\/08\/klatring_blog01.jpg\"},{\"@type\":\"BreadcrumbList\",\"@id\":\"https:\/\/www.terjeaamodt.com\/blog\/2010\/08\/24\/klatring-buldring-julsundet-eikesdalen\/#breadcrumb\",\"itemListElement\":[{\"@type\":\"ListItem\",\"position\":1,\"name\":\"Home\",\"item\":\"https:\/\/www.terjeaamodt.com\/blog\/\"},{\"@type\":\"ListItem\",\"position\":2,\"name\":\"Klatring, buldring, Julsundet, Eikesdalen.\"}]},{\"@type\":\"WebSite\",\"@id\":\"https:\/\/www.terjeaamodt.com\/blog\/#website\",\"url\":\"https:\/\/www.terjeaamodt.com\/blog\/\",\"name\":\"Terje Aamodt Photography blog\",\"description\":\"\",\"potentialAction\":[{\"@type\":\"SearchAction\",\"target\":{\"@type\":\"EntryPoint\",\"urlTemplate\":\"https:\/\/www.terjeaamodt.com\/blog\/?s={search_term_string}\"},\"query-input\":{\"@type\":\"PropertyValueSpecification\",\"valueRequired\":true,\"valueName\":\"search_term_string\"}}],\"inLanguage\":\"nb-NO\"},{\"@type\":\"Person\",\"@id\":\"https:\/\/www.terjeaamodt.com\/blog\/#\/schema\/person\/421fe074073d41cf4e17a2aaa426f5bd\",\"name\":\"Terje Aamodt\",\"image\":{\"@type\":\"ImageObject\",\"inLanguage\":\"nb-NO\",\"@id\":\"https:\/\/www.terjeaamodt.com\/blog\/#\/schema\/person\/image\/\",\"url\":\"https:\/\/secure.gravatar.com\/avatar\/42c15fcafccc8dea0466e1f48bbabee5d657af333b66d515f227538e430e6f37?s=96&d=mm&r=g\",\"contentUrl\":\"https:\/\/secure.gravatar.com\/avatar\/42c15fcafccc8dea0466e1f48bbabee5d657af333b66d515f227538e430e6f37?s=96&d=mm&r=g\",\"caption\":\"Terje Aamodt\"},\"description\":\"Terje Aamodt, fotograf og klattrer\",\"sameAs\":[\"http:\/\/www.terjeaamodt.com\"],\"url\":\"https:\/\/www.terjeaamodt.com\/blog\/author\/admin\/\"}]}<\/script>\n<!-- \/ Yoast SEO plugin. -->","yoast_head_json":{"title":"Klatring, buldring, Julsundet, Eikesdalen. | Terje Aamodt Photography blog","robots":{"index":"index","follow":"follow","max-snippet":"max-snippet:-1","max-image-preview":"max-image-preview:large","max-video-preview":"max-video-preview:-1"},"canonical":"https:\/\/www.terjeaamodt.com\/blog\/2010\/08\/24\/klatring-buldring-julsundet-eikesdalen\/","og_locale":"nb_NO","og_type":"article","og_title":"Klatring, buldring, Julsundet, Eikesdalen. | Terje Aamodt Photography blog","og_description":"Selv om det ikke har v\u00e6rt s\u00e5 veldig mye tid til klatring i det siste, s\u00e5 har de gangene jeg har f\u00e5tt tid v\u00e6rt desto artigere. Her kommer noen klatrebilder fra Julsundet og Eikesdalen. Rannveig Aamodt p\u00e5 ett av mange nye bulder som ble pusset frem, under en liten mini samling vi hadde i Eikesdalen [&hellip;]","og_url":"https:\/\/www.terjeaamodt.com\/blog\/2010\/08\/24\/klatring-buldring-julsundet-eikesdalen\/","og_site_name":"Terje Aamodt Photography blog","article_publisher":"https:\/\/www.facebook.com\/Terje-Aamodt-Photography-161544107229708\/?ref=hl","article_published_time":"2010-08-24T21:51:15+00:00","article_modified_time":"2010-08-24T21:51:54+00:00","og_image":[{"url":"http:\/\/www.terjeaamodt.com\/blog\/wp-content\/uploads\/2010\/08\/klatring_blog01.jpg","type":"","width":"","height":""}],"author":"Terje Aamodt","twitter_card":"summary_large_image","twitter_creator":"@aamodtfoto","twitter_site":"@aamodtfoto","twitter_misc":{"Skrevet av":"Terje Aamodt"},"schema":{"@context":"https:\/\/schema.org","@graph":[{"@type":"Article","@id":"https:\/\/www.terjeaamodt.com\/blog\/2010\/08\/24\/klatring-buldring-julsundet-eikesdalen\/#article","isPartOf":{"@id":"https:\/\/www.terjeaamodt.com\/blog\/2010\/08\/24\/klatring-buldring-julsundet-eikesdalen\/"},"author":{"name":"Terje Aamodt","@id":"https:\/\/www.terjeaamodt.com\/blog\/#\/schema\/person\/421fe074073d41cf4e17a2aaa426f5bd"},"headline":"Klatring, buldring, Julsundet, Eikesdalen.","datePublished":"2010-08-24T21:51:15+00:00","dateModified":"2010-08-24T21:51:54+00:00","mainEntityOfPage":{"@id":"https:\/\/www.terjeaamodt.com\/blog\/2010\/08\/24\/klatring-buldring-julsundet-eikesdalen\/"},"wordCount":94,"commentCount":7,"image":{"@id":"https:\/\/www.terjeaamodt.com\/blog\/2010\/08\/24\/klatring-buldring-julsundet-eikesdalen\/#primaryimage"},"thumbnailUrl":"http:\/\/www.terjeaamodt.com\/blog\/wp-content\/uploads\/2010\/08\/klatring_blog01.jpg","keywords":["Buldring","Eikesdalen","Julsundet","klatrebilder","klatring"],"articleSection":["klatring","livsstil","Sport"],"inLanguage":"nb-NO","potentialAction":[{"@type":"CommentAction","name":"Comment","target":["https:\/\/www.terjeaamodt.com\/blog\/2010\/08\/24\/klatring-buldring-julsundet-eikesdalen\/#respond"]}]},{"@type":"WebPage","@id":"https:\/\/www.terjeaamodt.com\/blog\/2010\/08\/24\/klatring-buldring-julsundet-eikesdalen\/","url":"https:\/\/www.terjeaamodt.com\/blog\/2010\/08\/24\/klatring-buldring-julsundet-eikesdalen\/","name":"Klatring, buldring, Julsundet, Eikesdalen. | Terje Aamodt Photography blog","isPartOf":{"@id":"https:\/\/www.terjeaamodt.com\/blog\/#website"},"primaryImageOfPage":{"@id":"https:\/\/www.terjeaamodt.com\/blog\/2010\/08\/24\/klatring-buldring-julsundet-eikesdalen\/#primaryimage"},"image":{"@id":"https:\/\/www.terjeaamodt.com\/blog\/2010\/08\/24\/klatring-buldring-julsundet-eikesdalen\/#primaryimage"},"thumbnailUrl":"http:\/\/www.terjeaamodt.com\/blog\/wp-content\/uploads\/2010\/08\/klatring_blog01.jpg","datePublished":"2010-08-24T21:51:15+00:00","dateModified":"2010-08-24T21:51:54+00:00","author":{"@id":"https:\/\/www.terjeaamodt.com\/blog\/#\/schema\/person\/421fe074073d41cf4e17a2aaa426f5bd"},"breadcrumb":{"@id":"https:\/\/www.terjeaamodt.com\/blog\/2010\/08\/24\/klatring-buldring-julsundet-eikesdalen\/#breadcrumb"},"inLanguage":"nb-NO","potentialAction":[{"@type":"ReadAction","target":["https:\/\/www.terjeaamodt.com\/blog\/2010\/08\/24\/klatring-buldring-julsundet-eikesdalen\/"]}]},{"@type":"ImageObject","inLanguage":"nb-NO","@id":"https:\/\/www.terjeaamodt.com\/blog\/2010\/08\/24\/klatring-buldring-julsundet-eikesdalen\/#primaryimage","url":"http:\/\/www.terjeaamodt.com\/blog\/wp-content\/uploads\/2010\/08\/klatring_blog01.jpg","contentUrl":"http:\/\/www.terjeaamodt.com\/blog\/wp-content\/uploads\/2010\/08\/klatring_blog01.jpg"},{"@type":"BreadcrumbList","@id":"https:\/\/www.terjeaamodt.com\/blog\/2010\/08\/24\/klatring-buldring-julsundet-eikesdalen\/#breadcrumb","itemListElement":[{"@type":"ListItem","position":1,"name":"Home","item":"https:\/\/www.terjeaamodt.com\/blog\/"},{"@type":"ListItem","position":2,"name":"Klatring, buldring, Julsundet, Eikesdalen."}]},{"@type":"WebSite","@id":"https:\/\/www.terjeaamodt.com\/blog\/#website","url":"https:\/\/www.terjeaamodt.com\/blog\/","name":"Terje Aamodt Photography blog","description":"","potentialAction":[{"@type":"SearchAction","target":{"@type":"EntryPoint","urlTemplate":"https:\/\/www.terjeaamodt.com\/blog\/?s={search_term_string}"},"query-input":{"@type":"PropertyValueSpecification","valueRequired":true,"valueName":"search_term_string"}}],"inLanguage":"nb-NO"},{"@type":"Person","@id":"https:\/\/www.terjeaamodt.com\/blog\/#\/schema\/person\/421fe074073d41cf4e17a2aaa426f5bd","name":"Terje Aamodt","image":{"@type":"ImageObject","inLanguage":"nb-NO","@id":"https:\/\/www.terjeaamodt.com\/blog\/#\/schema\/person\/image\/","url":"https:\/\/secure.gravatar.com\/avatar\/42c15fcafccc8dea0466e1f48bbabee5d657af333b66d515f227538e430e6f37?s=96&d=mm&r=g","contentUrl":"https:\/\/secure.gravatar.com\/avatar\/42c15fcafccc8dea0466e1f48bbabee5d657af333b66d515f227538e430e6f37?s=96&d=mm&r=g","caption":"Terje Aamodt"},"description":"Terje Aamodt, fotograf og klattrer","sameAs":["http:\/\/www.terjeaamodt.com"],"url":"https:\/\/www.terjeaamodt.com\/blog\/author\/admin\/"}]}},"_links":{"self":[{"href":"https:\/\/www.terjeaamodt.com\/blog\/wp-json\/wp\/v2\/posts\/2316","targetHints":{"allow":["GET"]}}],"collection":[{"href":"https:\/\/www.terjeaamodt.com\/blog\/wp-json\/wp\/v2\/posts"}],"about":[{"href":"https:\/\/www.terjeaamodt.com\/blog\/wp-json\/wp\/v2\/types\/post"}],"author":[{"embeddable":true,"href":"https:\/\/www.terjeaamodt.com\/blog\/wp-json\/wp\/v2\/users\/1"}],"replies":[{"embeddable":true,"href":"https:\/\/www.terjeaamodt.com\/blog\/wp-json\/wp\/v2\/comments?post=2316"}],"version-history":[{"count":1,"href":"https:\/\/www.terjeaamodt.com\/blog\/wp-json\/wp\/v2\/posts\/2316\/revisions"}],"predecessor-version":[{"id":2317,"href":"https:\/\/www.terjeaamodt.com\/blog\/wp-json\/wp\/v2\/posts\/2316\/revisions\/2317"}],"wp:attachment":[{"href":"https:\/\/www.terjeaamodt.com\/blog\/wp-json\/wp\/v2\/media?parent=2316"}],"wp:term":[{"taxonomy":"category","embeddable":true,"href":"https:\/\/www.terjeaamodt.com\/blog\/wp-json\/wp\/v2\/categories?post=2316"},{"taxonomy":"post_tag","embeddable":true,"href":"https:\/\/www.terjeaamodt.com\/blog\/wp-json\/wp\/v2\/tags?post=2316"}],"curies":[{"name":"wp","href":"https:\/\/api.w.org\/{rel}","templated":true}]}}