{"id":2511,"date":"2010-10-23T06:26:09","date_gmt":"2010-10-23T11:26:09","guid":{"rendered":"http:\/\/www.terjeaamodt.com\/blog\/2010\/10\/23\/moskusbilder-moskussafari-dovre-dovrefjell\/"},"modified":"2011-03-27T12:57:36","modified_gmt":"2011-03-27T17:57:36","slug":"moskusbilder-moskussafari-dovre-dovrefjell","status":"publish","type":"post","link":"https:\/\/www.terjeaamodt.com\/blog\/2010\/10\/23\/moskusbilder-moskussafari-dovre-dovrefjell\/","title":{"rendered":"Moskusbilder, Moskussafari, Dovre, Dovrefjell"},"content":{"rendered":"<p>For en liten stund tilbake hadde jeg og Rannveig en liten privat moskussafari p\u00e5 Dovrefjell. Planen var \u00e5 g\u00e5 fra Gr\u00f8nnbakken og innover mot Reinheim for \u00e5 se om vi var s\u00e5 heldig \u00e5 finne noen <a href=\"http:\/\/no.wikipedia.org\/wiki\/Moskus\" title=\"moskus\">moskus<\/a> \u00e5 ta bilder av. Allerede etter ca. 5 kilometer f\u00e5r vi v\u00e5rt f\u00f8rste og kanskje litt ufrivillige m\u00f8te med de flotte dyrene. Mens vi g\u00e5r og sm\u00e5prater og lurer p\u00e5 om vi snart skal f\u00e5 se noe moskus passerer vi en liten bakketopp, og der p\u00e5 stien ca 20 meter forran oss st\u00e5r det en flokk p\u00e5 n\u00e6rmere 10 dyr. Vi br\u00e5venner og med hjertet i halsen lister vi oss tilbake dit vi kom fra. Etter \u00e5 ha f\u00e5tt summet oss litt, blir vi litt t\u00f8ffere igjen og finner frem kameraene. Det var veldig inspirerende og kjekt \u00e5 tilbringe noen av \u00e5rets f\u00f8rste vinterdager p\u00e5 fjellet, samtidig som en fikk lov \u00e5 skue slike praktfulle og majestetiske dyr p\u00e5 n\u00e6rt hold. H\u00e5per det ikke blir lenge til neste gang jeg f\u00e5r anledning til \u00e5 ta flere moskusbilder.<\/p>\n<p><img decoding=\"async\" src=\"http:\/\/www.terjeaamodt.com\/blog\/wp-content\/uploads\/2010\/10\/20101021_blog_01.jpg\" width=\"950\" height=\"668\" alt=\"20101021_blog_01.jpg\" \/> <img decoding=\"async\" src=\"http:\/\/www.terjeaamodt.com\/blog\/wp-content\/uploads\/2010\/10\/20101021_blog_02.jpg\" width=\"950\" height=\"668\" alt=\"20101021_blog_02.jpg\" \/> <img decoding=\"async\" src=\"http:\/\/www.terjeaamodt.com\/blog\/wp-content\/uploads\/2010\/10\/20101021_blog_03.jpg\" width=\"950\" height=\"668\" alt=\"20101021_blog_03.jpg\" \/><\/p>\n<p>Her kommer ett bilde av meg p\u00e5 turen.<\/p>\n<p>Foto: Rannveig Aamodt<\/p>\n<p><img decoding=\"async\" src=\"http:\/\/www.terjeaamodt.com\/blog\/wp-content\/uploads\/2010\/10\/20101021_blog_04.jpg\" width=\"950\" height=\"668\" alt=\"20101021_blog_04.jpg\" \/> <img decoding=\"async\" src=\"http:\/\/www.terjeaamodt.com\/blog\/wp-content\/uploads\/2010\/10\/20101021_blog_05.jpg\" width=\"950\" height=\"668\" alt=\"20101021_blog_05.jpg\" \/> <img decoding=\"async\" src=\"http:\/\/www.terjeaamodt.com\/blog\/wp-content\/uploads\/2010\/10\/20101021_blog_06.jpg\" width=\"950\" height=\"668\" alt=\"20101021_blog_06.jpg\" \/> <img decoding=\"async\" src=\"http:\/\/www.terjeaamodt.com\/blog\/wp-content\/uploads\/2010\/10\/20101021_blog_07.jpg\" width=\"950\" height=\"668\" alt=\"20101021_blog_07.jpg\" \/> <img decoding=\"async\" src=\"http:\/\/www.terjeaamodt.com\/blog\/wp-content\/uploads\/2010\/10\/20101021_blog_08.jpg\" width=\"950\" height=\"668\" alt=\"20101021_blog_08.jpg\" \/> <img decoding=\"async\" src=\"http:\/\/www.terjeaamodt.com\/blog\/wp-content\/uploads\/2010\/10\/20101021_blog_09.jpg\" width=\"950\" height=\"668\" alt=\"20101021_blog_09.jpg\" \/> <img decoding=\"async\" src=\"http:\/\/www.terjeaamodt.com\/blog\/wp-content\/uploads\/2010\/10\/20101021_blog_10.jpg\" width=\"950\" height=\"668\" alt=\"20101021_blog_10.jpg\" \/> <img decoding=\"async\" src=\"http:\/\/www.terjeaamodt.com\/blog\/wp-content\/uploads\/2010\/10\/20101021_blog_11.jpg\" width=\"950\" height=\"668\" alt=\"20101021_blog_11.jpg\" \/> <img decoding=\"async\" src=\"http:\/\/www.terjeaamodt.com\/blog\/wp-content\/uploads\/2010\/10\/20101021_blog_12.jpg\" width=\"950\" height=\"668\" alt=\"20101021_blog_12.jpg\" \/><\/p>\n","protected":false},"excerpt":{"rendered":"<p>For en liten stund tilbake hadde jeg og Rannveig en liten privat moskussafari p\u00e5 Dovrefjell. Planen var \u00e5 g\u00e5 fra Gr\u00f8nnbakken og innover mot Reinheim for \u00e5 se om vi var s\u00e5 heldig \u00e5 finne noen moskus \u00e5 ta bilder av. Allerede etter ca. 5 kilometer f\u00e5r vi v\u00e5rt f\u00f8rste og kanskje litt ufrivillige m\u00f8te [&hellip;]<\/p>\n","protected":false},"author":1,"featured_media":0,"comment_status":"open","ping_status":"closed","sticky":false,"template":"","format":"standard","meta":{"footnotes":""},"categories":[9,13],"tags":[89,86,90,88,87,82,81,76],"class_list":["post-2511","post","type-post","status-publish","format-standard","hentry","category-natur","category-vinter","tag-bilder-moskus","tag-dovre","tag-dovrefjell","tag-moskus","tag-moskusbilder","tag-naturbilder","tag-naturfoto","tag-naturfotograf"],"yoast_head":"<!-- This site is optimized with the Yoast SEO plugin v27.1.1 - https:\/\/yoast.com\/product\/yoast-seo-wordpress\/ -->\n<title>Moskusbilder, Moskussafari, Dovre, Dovrefjell | Terje Aamodt Photography blog<\/title>\n<meta name=\"robots\" content=\"index, follow, max-snippet:-1, max-image-preview:large, max-video-preview:-1\" \/>\n<link rel=\"canonical\" href=\"https:\/\/www.terjeaamodt.com\/blog\/2010\/10\/23\/moskusbilder-moskussafari-dovre-dovrefjell\/\" \/>\n<meta property=\"og:locale\" content=\"nb_NO\" \/>\n<meta property=\"og:type\" content=\"article\" \/>\n<meta property=\"og:title\" content=\"Moskusbilder, Moskussafari, Dovre, Dovrefjell | Terje Aamodt Photography blog\" \/>\n<meta property=\"og:description\" content=\"For en liten stund tilbake hadde jeg og Rannveig en liten privat moskussafari p\u00e5 Dovrefjell. Planen var \u00e5 g\u00e5 fra Gr\u00f8nnbakken og innover mot Reinheim for \u00e5 se om vi var s\u00e5 heldig \u00e5 finne noen moskus \u00e5 ta bilder av. Allerede etter ca. 5 kilometer f\u00e5r vi v\u00e5rt f\u00f8rste og kanskje litt ufrivillige m\u00f8te [&hellip;]\" \/>\n<meta property=\"og:url\" content=\"https:\/\/www.terjeaamodt.com\/blog\/2010\/10\/23\/moskusbilder-moskussafari-dovre-dovrefjell\/\" \/>\n<meta property=\"og:site_name\" content=\"Terje Aamodt Photography blog\" \/>\n<meta property=\"article:publisher\" content=\"https:\/\/www.facebook.com\/Terje-Aamodt-Photography-161544107229708\/?ref=hl\" \/>\n<meta property=\"article:published_time\" content=\"2010-10-23T11:26:09+00:00\" \/>\n<meta property=\"article:modified_time\" content=\"2011-03-27T17:57:36+00:00\" \/>\n<meta property=\"og:image\" content=\"http:\/\/www.terjeaamodt.com\/blog\/wp-content\/uploads\/2010\/10\/20101021_blog_01.jpg\" \/>\n<meta name=\"author\" content=\"Terje Aamodt\" \/>\n<meta name=\"twitter:card\" content=\"summary_large_image\" \/>\n<meta name=\"twitter:creator\" content=\"@aamodtfoto\" \/>\n<meta name=\"twitter:site\" content=\"@aamodtfoto\" \/>\n<meta name=\"twitter:label1\" content=\"Skrevet av\" \/>\n\t<meta name=\"twitter:data1\" content=\"Terje Aamodt\" \/>\n\t<meta name=\"twitter:label2\" content=\"Ansl. lesetid\" \/>\n\t<meta name=\"twitter:data2\" content=\"1 minutt\" \/>\n<script type=\"application\/ld+json\" class=\"yoast-schema-graph\">{\"@context\":\"https:\/\/schema.org\",\"@graph\":[{\"@type\":\"Article\",\"@id\":\"https:\/\/www.terjeaamodt.com\/blog\/2010\/10\/23\/moskusbilder-moskussafari-dovre-dovrefjell\/#article\",\"isPartOf\":{\"@id\":\"https:\/\/www.terjeaamodt.com\/blog\/2010\/10\/23\/moskusbilder-moskussafari-dovre-dovrefjell\/\"},\"author\":{\"name\":\"Terje Aamodt\",\"@id\":\"https:\/\/www.terjeaamodt.com\/blog\/#\/schema\/person\/421fe074073d41cf4e17a2aaa426f5bd\"},\"headline\":\"Moskusbilder, Moskussafari, Dovre, Dovrefjell\",\"datePublished\":\"2010-10-23T11:26:09+00:00\",\"dateModified\":\"2011-03-27T17:57:36+00:00\",\"mainEntityOfPage\":{\"@id\":\"https:\/\/www.terjeaamodt.com\/blog\/2010\/10\/23\/moskusbilder-moskussafari-dovre-dovrefjell\/\"},\"wordCount\":194,\"commentCount\":2,\"image\":{\"@id\":\"https:\/\/www.terjeaamodt.com\/blog\/2010\/10\/23\/moskusbilder-moskussafari-dovre-dovrefjell\/#primaryimage\"},\"thumbnailUrl\":\"http:\/\/www.terjeaamodt.com\/blog\/wp-content\/uploads\/2010\/10\/20101021_blog_01.jpg\",\"keywords\":[\"bilder moskus\",\"Dovre\",\"dovrefjell\",\"moskus\",\"Moskusbilder\",\"Naturbilder\",\"Naturfoto\",\"Naturfotograf\"],\"articleSection\":[\"Natur\",\"Vinter\"],\"inLanguage\":\"nb-NO\",\"potentialAction\":[{\"@type\":\"CommentAction\",\"name\":\"Comment\",\"target\":[\"https:\/\/www.terjeaamodt.com\/blog\/2010\/10\/23\/moskusbilder-moskussafari-dovre-dovrefjell\/#respond\"]}]},{\"@type\":\"WebPage\",\"@id\":\"https:\/\/www.terjeaamodt.com\/blog\/2010\/10\/23\/moskusbilder-moskussafari-dovre-dovrefjell\/\",\"url\":\"https:\/\/www.terjeaamodt.com\/blog\/2010\/10\/23\/moskusbilder-moskussafari-dovre-dovrefjell\/\",\"name\":\"Moskusbilder, Moskussafari, Dovre, Dovrefjell | Terje Aamodt Photography blog\",\"isPartOf\":{\"@id\":\"https:\/\/www.terjeaamodt.com\/blog\/#website\"},\"primaryImageOfPage\":{\"@id\":\"https:\/\/www.terjeaamodt.com\/blog\/2010\/10\/23\/moskusbilder-moskussafari-dovre-dovrefjell\/#primaryimage\"},\"image\":{\"@id\":\"https:\/\/www.terjeaamodt.com\/blog\/2010\/10\/23\/moskusbilder-moskussafari-dovre-dovrefjell\/#primaryimage\"},\"thumbnailUrl\":\"http:\/\/www.terjeaamodt.com\/blog\/wp-content\/uploads\/2010\/10\/20101021_blog_01.jpg\",\"datePublished\":\"2010-10-23T11:26:09+00:00\",\"dateModified\":\"2011-03-27T17:57:36+00:00\",\"author\":{\"@id\":\"https:\/\/www.terjeaamodt.com\/blog\/#\/schema\/person\/421fe074073d41cf4e17a2aaa426f5bd\"},\"breadcrumb\":{\"@id\":\"https:\/\/www.terjeaamodt.com\/blog\/2010\/10\/23\/moskusbilder-moskussafari-dovre-dovrefjell\/#breadcrumb\"},\"inLanguage\":\"nb-NO\",\"potentialAction\":[{\"@type\":\"ReadAction\",\"target\":[\"https:\/\/www.terjeaamodt.com\/blog\/2010\/10\/23\/moskusbilder-moskussafari-dovre-dovrefjell\/\"]}]},{\"@type\":\"ImageObject\",\"inLanguage\":\"nb-NO\",\"@id\":\"https:\/\/www.terjeaamodt.com\/blog\/2010\/10\/23\/moskusbilder-moskussafari-dovre-dovrefjell\/#primaryimage\",\"url\":\"http:\/\/www.terjeaamodt.com\/blog\/wp-content\/uploads\/2010\/10\/20101021_blog_01.jpg\",\"contentUrl\":\"http:\/\/www.terjeaamodt.com\/blog\/wp-content\/uploads\/2010\/10\/20101021_blog_01.jpg\"},{\"@type\":\"BreadcrumbList\",\"@id\":\"https:\/\/www.terjeaamodt.com\/blog\/2010\/10\/23\/moskusbilder-moskussafari-dovre-dovrefjell\/#breadcrumb\",\"itemListElement\":[{\"@type\":\"ListItem\",\"position\":1,\"name\":\"Home\",\"item\":\"https:\/\/www.terjeaamodt.com\/blog\/\"},{\"@type\":\"ListItem\",\"position\":2,\"name\":\"Moskusbilder, Moskussafari, Dovre, Dovrefjell\"}]},{\"@type\":\"WebSite\",\"@id\":\"https:\/\/www.terjeaamodt.com\/blog\/#website\",\"url\":\"https:\/\/www.terjeaamodt.com\/blog\/\",\"name\":\"Terje Aamodt Photography blog\",\"description\":\"\",\"potentialAction\":[{\"@type\":\"SearchAction\",\"target\":{\"@type\":\"EntryPoint\",\"urlTemplate\":\"https:\/\/www.terjeaamodt.com\/blog\/?s={search_term_string}\"},\"query-input\":{\"@type\":\"PropertyValueSpecification\",\"valueRequired\":true,\"valueName\":\"search_term_string\"}}],\"inLanguage\":\"nb-NO\"},{\"@type\":\"Person\",\"@id\":\"https:\/\/www.terjeaamodt.com\/blog\/#\/schema\/person\/421fe074073d41cf4e17a2aaa426f5bd\",\"name\":\"Terje Aamodt\",\"image\":{\"@type\":\"ImageObject\",\"inLanguage\":\"nb-NO\",\"@id\":\"https:\/\/www.terjeaamodt.com\/blog\/#\/schema\/person\/image\/\",\"url\":\"https:\/\/secure.gravatar.com\/avatar\/42c15fcafccc8dea0466e1f48bbabee5d657af333b66d515f227538e430e6f37?s=96&d=mm&r=g\",\"contentUrl\":\"https:\/\/secure.gravatar.com\/avatar\/42c15fcafccc8dea0466e1f48bbabee5d657af333b66d515f227538e430e6f37?s=96&d=mm&r=g\",\"caption\":\"Terje Aamodt\"},\"description\":\"Terje Aamodt, fotograf og klattrer\",\"sameAs\":[\"http:\/\/www.terjeaamodt.com\"],\"url\":\"https:\/\/www.terjeaamodt.com\/blog\/author\/admin\/\"}]}<\/script>\n<!-- \/ Yoast SEO plugin. -->","yoast_head_json":{"title":"Moskusbilder, Moskussafari, Dovre, Dovrefjell | Terje Aamodt Photography blog","robots":{"index":"index","follow":"follow","max-snippet":"max-snippet:-1","max-image-preview":"max-image-preview:large","max-video-preview":"max-video-preview:-1"},"canonical":"https:\/\/www.terjeaamodt.com\/blog\/2010\/10\/23\/moskusbilder-moskussafari-dovre-dovrefjell\/","og_locale":"nb_NO","og_type":"article","og_title":"Moskusbilder, Moskussafari, Dovre, Dovrefjell | Terje Aamodt Photography blog","og_description":"For en liten stund tilbake hadde jeg og Rannveig en liten privat moskussafari p\u00e5 Dovrefjell. Planen var \u00e5 g\u00e5 fra Gr\u00f8nnbakken og innover mot Reinheim for \u00e5 se om vi var s\u00e5 heldig \u00e5 finne noen moskus \u00e5 ta bilder av. Allerede etter ca. 5 kilometer f\u00e5r vi v\u00e5rt f\u00f8rste og kanskje litt ufrivillige m\u00f8te [&hellip;]","og_url":"https:\/\/www.terjeaamodt.com\/blog\/2010\/10\/23\/moskusbilder-moskussafari-dovre-dovrefjell\/","og_site_name":"Terje Aamodt Photography blog","article_publisher":"https:\/\/www.facebook.com\/Terje-Aamodt-Photography-161544107229708\/?ref=hl","article_published_time":"2010-10-23T11:26:09+00:00","article_modified_time":"2011-03-27T17:57:36+00:00","og_image":[{"url":"http:\/\/www.terjeaamodt.com\/blog\/wp-content\/uploads\/2010\/10\/20101021_blog_01.jpg","type":"","width":"","height":""}],"author":"Terje Aamodt","twitter_card":"summary_large_image","twitter_creator":"@aamodtfoto","twitter_site":"@aamodtfoto","twitter_misc":{"Skrevet av":"Terje Aamodt","Ansl. lesetid":"1 minutt"},"schema":{"@context":"https:\/\/schema.org","@graph":[{"@type":"Article","@id":"https:\/\/www.terjeaamodt.com\/blog\/2010\/10\/23\/moskusbilder-moskussafari-dovre-dovrefjell\/#article","isPartOf":{"@id":"https:\/\/www.terjeaamodt.com\/blog\/2010\/10\/23\/moskusbilder-moskussafari-dovre-dovrefjell\/"},"author":{"name":"Terje Aamodt","@id":"https:\/\/www.terjeaamodt.com\/blog\/#\/schema\/person\/421fe074073d41cf4e17a2aaa426f5bd"},"headline":"Moskusbilder, Moskussafari, Dovre, Dovrefjell","datePublished":"2010-10-23T11:26:09+00:00","dateModified":"2011-03-27T17:57:36+00:00","mainEntityOfPage":{"@id":"https:\/\/www.terjeaamodt.com\/blog\/2010\/10\/23\/moskusbilder-moskussafari-dovre-dovrefjell\/"},"wordCount":194,"commentCount":2,"image":{"@id":"https:\/\/www.terjeaamodt.com\/blog\/2010\/10\/23\/moskusbilder-moskussafari-dovre-dovrefjell\/#primaryimage"},"thumbnailUrl":"http:\/\/www.terjeaamodt.com\/blog\/wp-content\/uploads\/2010\/10\/20101021_blog_01.jpg","keywords":["bilder moskus","Dovre","dovrefjell","moskus","Moskusbilder","Naturbilder","Naturfoto","Naturfotograf"],"articleSection":["Natur","Vinter"],"inLanguage":"nb-NO","potentialAction":[{"@type":"CommentAction","name":"Comment","target":["https:\/\/www.terjeaamodt.com\/blog\/2010\/10\/23\/moskusbilder-moskussafari-dovre-dovrefjell\/#respond"]}]},{"@type":"WebPage","@id":"https:\/\/www.terjeaamodt.com\/blog\/2010\/10\/23\/moskusbilder-moskussafari-dovre-dovrefjell\/","url":"https:\/\/www.terjeaamodt.com\/blog\/2010\/10\/23\/moskusbilder-moskussafari-dovre-dovrefjell\/","name":"Moskusbilder, Moskussafari, Dovre, Dovrefjell | Terje Aamodt Photography blog","isPartOf":{"@id":"https:\/\/www.terjeaamodt.com\/blog\/#website"},"primaryImageOfPage":{"@id":"https:\/\/www.terjeaamodt.com\/blog\/2010\/10\/23\/moskusbilder-moskussafari-dovre-dovrefjell\/#primaryimage"},"image":{"@id":"https:\/\/www.terjeaamodt.com\/blog\/2010\/10\/23\/moskusbilder-moskussafari-dovre-dovrefjell\/#primaryimage"},"thumbnailUrl":"http:\/\/www.terjeaamodt.com\/blog\/wp-content\/uploads\/2010\/10\/20101021_blog_01.jpg","datePublished":"2010-10-23T11:26:09+00:00","dateModified":"2011-03-27T17:57:36+00:00","author":{"@id":"https:\/\/www.terjeaamodt.com\/blog\/#\/schema\/person\/421fe074073d41cf4e17a2aaa426f5bd"},"breadcrumb":{"@id":"https:\/\/www.terjeaamodt.com\/blog\/2010\/10\/23\/moskusbilder-moskussafari-dovre-dovrefjell\/#breadcrumb"},"inLanguage":"nb-NO","potentialAction":[{"@type":"ReadAction","target":["https:\/\/www.terjeaamodt.com\/blog\/2010\/10\/23\/moskusbilder-moskussafari-dovre-dovrefjell\/"]}]},{"@type":"ImageObject","inLanguage":"nb-NO","@id":"https:\/\/www.terjeaamodt.com\/blog\/2010\/10\/23\/moskusbilder-moskussafari-dovre-dovrefjell\/#primaryimage","url":"http:\/\/www.terjeaamodt.com\/blog\/wp-content\/uploads\/2010\/10\/20101021_blog_01.jpg","contentUrl":"http:\/\/www.terjeaamodt.com\/blog\/wp-content\/uploads\/2010\/10\/20101021_blog_01.jpg"},{"@type":"BreadcrumbList","@id":"https:\/\/www.terjeaamodt.com\/blog\/2010\/10\/23\/moskusbilder-moskussafari-dovre-dovrefjell\/#breadcrumb","itemListElement":[{"@type":"ListItem","position":1,"name":"Home","item":"https:\/\/www.terjeaamodt.com\/blog\/"},{"@type":"ListItem","position":2,"name":"Moskusbilder, Moskussafari, Dovre, Dovrefjell"}]},{"@type":"WebSite","@id":"https:\/\/www.terjeaamodt.com\/blog\/#website","url":"https:\/\/www.terjeaamodt.com\/blog\/","name":"Terje Aamodt Photography blog","description":"","potentialAction":[{"@type":"SearchAction","target":{"@type":"EntryPoint","urlTemplate":"https:\/\/www.terjeaamodt.com\/blog\/?s={search_term_string}"},"query-input":{"@type":"PropertyValueSpecification","valueRequired":true,"valueName":"search_term_string"}}],"inLanguage":"nb-NO"},{"@type":"Person","@id":"https:\/\/www.terjeaamodt.com\/blog\/#\/schema\/person\/421fe074073d41cf4e17a2aaa426f5bd","name":"Terje Aamodt","image":{"@type":"ImageObject","inLanguage":"nb-NO","@id":"https:\/\/www.terjeaamodt.com\/blog\/#\/schema\/person\/image\/","url":"https:\/\/secure.gravatar.com\/avatar\/42c15fcafccc8dea0466e1f48bbabee5d657af333b66d515f227538e430e6f37?s=96&d=mm&r=g","contentUrl":"https:\/\/secure.gravatar.com\/avatar\/42c15fcafccc8dea0466e1f48bbabee5d657af333b66d515f227538e430e6f37?s=96&d=mm&r=g","caption":"Terje Aamodt"},"description":"Terje Aamodt, fotograf og klattrer","sameAs":["http:\/\/www.terjeaamodt.com"],"url":"https:\/\/www.terjeaamodt.com\/blog\/author\/admin\/"}]}},"_links":{"self":[{"href":"https:\/\/www.terjeaamodt.com\/blog\/wp-json\/wp\/v2\/posts\/2511","targetHints":{"allow":["GET"]}}],"collection":[{"href":"https:\/\/www.terjeaamodt.com\/blog\/wp-json\/wp\/v2\/posts"}],"about":[{"href":"https:\/\/www.terjeaamodt.com\/blog\/wp-json\/wp\/v2\/types\/post"}],"author":[{"embeddable":true,"href":"https:\/\/www.terjeaamodt.com\/blog\/wp-json\/wp\/v2\/users\/1"}],"replies":[{"embeddable":true,"href":"https:\/\/www.terjeaamodt.com\/blog\/wp-json\/wp\/v2\/comments?post=2511"}],"version-history":[{"count":2,"href":"https:\/\/www.terjeaamodt.com\/blog\/wp-json\/wp\/v2\/posts\/2511\/revisions"}],"predecessor-version":[{"id":2846,"href":"https:\/\/www.terjeaamodt.com\/blog\/wp-json\/wp\/v2\/posts\/2511\/revisions\/2846"}],"wp:attachment":[{"href":"https:\/\/www.terjeaamodt.com\/blog\/wp-json\/wp\/v2\/media?parent=2511"}],"wp:term":[{"taxonomy":"category","embeddable":true,"href":"https:\/\/www.terjeaamodt.com\/blog\/wp-json\/wp\/v2\/categories?post=2511"},{"taxonomy":"post_tag","embeddable":true,"href":"https:\/\/www.terjeaamodt.com\/blog\/wp-json\/wp\/v2\/tags?post=2511"}],"curies":[{"name":"wp","href":"https:\/\/api.w.org\/{rel}","templated":true}]}}