{"id":2617,"date":"2010-12-10T17:58:32","date_gmt":"2010-12-10T22:58:32","guid":{"rendered":"http:\/\/www.terjeaamodt.com\/blog\/2010\/12\/10\/isklatring-romsdalen\/"},"modified":"2010-12-10T18:00:58","modified_gmt":"2010-12-10T23:00:58","slug":"isklatring-romsdalen","status":"publish","type":"post","link":"https:\/\/www.terjeaamodt.com\/blog\/2010\/12\/10\/isklatring-romsdalen\/","title":{"rendered":"Isklatring, Romsdalen"},"content":{"rendered":"<p>Isklatring i Romsdalen. Hadde planer om \u00e5 f\u00e5 tatt mange flere bilder, men p\u00e5 grunn av d\u00e5rlig is og til tider tett sn\u00f8drev, ble det ikke s\u00e5 mange bilder som jeg hadde h\u00e5pet p\u00e5..<\/p>\n<p>Fikk likevell ett bilde av Odd Tokle som jeg syns ble bra.<\/p>\n<p><img decoding=\"async\" src=\"http:\/\/www.terjeaamodt.com\/blog\/wp-content\/uploads\/2010\/12\/20101210_blog.jpg\" width=\"950\" height=\"668\" alt=\"20101210_blog.jpg\" \/><\/p>\n","protected":false},"excerpt":{"rendered":"<p>Isklatring i Romsdalen. Hadde planer om \u00e5 f\u00e5 tatt mange flere bilder, men p\u00e5 grunn av d\u00e5rlig is og til tider tett sn\u00f8drev, ble det ikke s\u00e5 mange bilder som jeg hadde h\u00e5pet p\u00e5.. Fikk likevell ett bilde av Odd Tokle som jeg syns ble bra.<\/p>\n","protected":false},"author":1,"featured_media":0,"comment_status":"open","ping_status":"closed","sticky":false,"template":"","format":"standard","meta":{"footnotes":""},"categories":[6],"tags":[103,129,128,58,642],"class_list":["post-2617","post","type-post","status-publish","format-standard","hentry","category-klatring","tag-climbing","tag-ice-climbing-in-norway","tag-isklatring","tag-klatrebilder","tag-klatring"],"yoast_head":"<!-- This site is optimized with the Yoast SEO plugin v27.1.1 - https:\/\/yoast.com\/product\/yoast-seo-wordpress\/ -->\n<title>Isklatring, Romsdalen | Terje Aamodt Photography blog<\/title>\n<meta name=\"robots\" content=\"index, follow, max-snippet:-1, max-image-preview:large, max-video-preview:-1\" \/>\n<link rel=\"canonical\" href=\"https:\/\/www.terjeaamodt.com\/blog\/2010\/12\/10\/isklatring-romsdalen\/\" \/>\n<meta property=\"og:locale\" content=\"nb_NO\" \/>\n<meta property=\"og:type\" content=\"article\" \/>\n<meta property=\"og:title\" content=\"Isklatring, Romsdalen | Terje Aamodt Photography blog\" \/>\n<meta property=\"og:description\" content=\"Isklatring i Romsdalen. Hadde planer om \u00e5 f\u00e5 tatt mange flere bilder, men p\u00e5 grunn av d\u00e5rlig is og til tider tett sn\u00f8drev, ble det ikke s\u00e5 mange bilder som jeg hadde h\u00e5pet p\u00e5.. Fikk likevell ett bilde av Odd Tokle som jeg syns ble bra.\" \/>\n<meta property=\"og:url\" content=\"https:\/\/www.terjeaamodt.com\/blog\/2010\/12\/10\/isklatring-romsdalen\/\" \/>\n<meta property=\"og:site_name\" content=\"Terje Aamodt Photography blog\" \/>\n<meta property=\"article:publisher\" content=\"https:\/\/www.facebook.com\/Terje-Aamodt-Photography-161544107229708\/?ref=hl\" \/>\n<meta property=\"article:published_time\" content=\"2010-12-10T22:58:32+00:00\" \/>\n<meta property=\"article:modified_time\" content=\"2010-12-10T23:00:58+00:00\" \/>\n<meta property=\"og:image\" content=\"http:\/\/www.terjeaamodt.com\/blog\/wp-content\/uploads\/2010\/12\/20101210_blog.jpg\" \/>\n<meta name=\"author\" content=\"Terje Aamodt\" \/>\n<meta name=\"twitter:card\" content=\"summary_large_image\" \/>\n<meta name=\"twitter:creator\" content=\"@aamodtfoto\" \/>\n<meta name=\"twitter:site\" content=\"@aamodtfoto\" \/>\n<meta name=\"twitter:label1\" content=\"Skrevet av\" \/>\n\t<meta name=\"twitter:data1\" content=\"Terje Aamodt\" \/>\n<script type=\"application\/ld+json\" class=\"yoast-schema-graph\">{\"@context\":\"https:\/\/schema.org\",\"@graph\":[{\"@type\":\"Article\",\"@id\":\"https:\/\/www.terjeaamodt.com\/blog\/2010\/12\/10\/isklatring-romsdalen\/#article\",\"isPartOf\":{\"@id\":\"https:\/\/www.terjeaamodt.com\/blog\/2010\/12\/10\/isklatring-romsdalen\/\"},\"author\":{\"name\":\"Terje Aamodt\",\"@id\":\"https:\/\/www.terjeaamodt.com\/blog\/#\/schema\/person\/421fe074073d41cf4e17a2aaa426f5bd\"},\"headline\":\"Isklatring, Romsdalen\",\"datePublished\":\"2010-12-10T22:58:32+00:00\",\"dateModified\":\"2010-12-10T23:00:58+00:00\",\"mainEntityOfPage\":{\"@id\":\"https:\/\/www.terjeaamodt.com\/blog\/2010\/12\/10\/isklatring-romsdalen\/\"},\"wordCount\":50,\"commentCount\":3,\"image\":{\"@id\":\"https:\/\/www.terjeaamodt.com\/blog\/2010\/12\/10\/isklatring-romsdalen\/#primaryimage\"},\"thumbnailUrl\":\"http:\/\/www.terjeaamodt.com\/blog\/wp-content\/uploads\/2010\/12\/20101210_blog.jpg\",\"keywords\":[\"Climbing\",\"ice climbing in Norway\",\"isklatring\",\"klatrebilder\",\"klatring\"],\"articleSection\":[\"klatring\"],\"inLanguage\":\"nb-NO\",\"potentialAction\":[{\"@type\":\"CommentAction\",\"name\":\"Comment\",\"target\":[\"https:\/\/www.terjeaamodt.com\/blog\/2010\/12\/10\/isklatring-romsdalen\/#respond\"]}]},{\"@type\":\"WebPage\",\"@id\":\"https:\/\/www.terjeaamodt.com\/blog\/2010\/12\/10\/isklatring-romsdalen\/\",\"url\":\"https:\/\/www.terjeaamodt.com\/blog\/2010\/12\/10\/isklatring-romsdalen\/\",\"name\":\"Isklatring, Romsdalen | Terje Aamodt Photography blog\",\"isPartOf\":{\"@id\":\"https:\/\/www.terjeaamodt.com\/blog\/#website\"},\"primaryImageOfPage\":{\"@id\":\"https:\/\/www.terjeaamodt.com\/blog\/2010\/12\/10\/isklatring-romsdalen\/#primaryimage\"},\"image\":{\"@id\":\"https:\/\/www.terjeaamodt.com\/blog\/2010\/12\/10\/isklatring-romsdalen\/#primaryimage\"},\"thumbnailUrl\":\"http:\/\/www.terjeaamodt.com\/blog\/wp-content\/uploads\/2010\/12\/20101210_blog.jpg\",\"datePublished\":\"2010-12-10T22:58:32+00:00\",\"dateModified\":\"2010-12-10T23:00:58+00:00\",\"author\":{\"@id\":\"https:\/\/www.terjeaamodt.com\/blog\/#\/schema\/person\/421fe074073d41cf4e17a2aaa426f5bd\"},\"breadcrumb\":{\"@id\":\"https:\/\/www.terjeaamodt.com\/blog\/2010\/12\/10\/isklatring-romsdalen\/#breadcrumb\"},\"inLanguage\":\"nb-NO\",\"potentialAction\":[{\"@type\":\"ReadAction\",\"target\":[\"https:\/\/www.terjeaamodt.com\/blog\/2010\/12\/10\/isklatring-romsdalen\/\"]}]},{\"@type\":\"ImageObject\",\"inLanguage\":\"nb-NO\",\"@id\":\"https:\/\/www.terjeaamodt.com\/blog\/2010\/12\/10\/isklatring-romsdalen\/#primaryimage\",\"url\":\"http:\/\/www.terjeaamodt.com\/blog\/wp-content\/uploads\/2010\/12\/20101210_blog.jpg\",\"contentUrl\":\"http:\/\/www.terjeaamodt.com\/blog\/wp-content\/uploads\/2010\/12\/20101210_blog.jpg\"},{\"@type\":\"BreadcrumbList\",\"@id\":\"https:\/\/www.terjeaamodt.com\/blog\/2010\/12\/10\/isklatring-romsdalen\/#breadcrumb\",\"itemListElement\":[{\"@type\":\"ListItem\",\"position\":1,\"name\":\"Home\",\"item\":\"https:\/\/www.terjeaamodt.com\/blog\/\"},{\"@type\":\"ListItem\",\"position\":2,\"name\":\"Isklatring, Romsdalen\"}]},{\"@type\":\"WebSite\",\"@id\":\"https:\/\/www.terjeaamodt.com\/blog\/#website\",\"url\":\"https:\/\/www.terjeaamodt.com\/blog\/\",\"name\":\"Terje Aamodt Photography blog\",\"description\":\"\",\"potentialAction\":[{\"@type\":\"SearchAction\",\"target\":{\"@type\":\"EntryPoint\",\"urlTemplate\":\"https:\/\/www.terjeaamodt.com\/blog\/?s={search_term_string}\"},\"query-input\":{\"@type\":\"PropertyValueSpecification\",\"valueRequired\":true,\"valueName\":\"search_term_string\"}}],\"inLanguage\":\"nb-NO\"},{\"@type\":\"Person\",\"@id\":\"https:\/\/www.terjeaamodt.com\/blog\/#\/schema\/person\/421fe074073d41cf4e17a2aaa426f5bd\",\"name\":\"Terje Aamodt\",\"image\":{\"@type\":\"ImageObject\",\"inLanguage\":\"nb-NO\",\"@id\":\"https:\/\/www.terjeaamodt.com\/blog\/#\/schema\/person\/image\/\",\"url\":\"https:\/\/secure.gravatar.com\/avatar\/42c15fcafccc8dea0466e1f48bbabee5d657af333b66d515f227538e430e6f37?s=96&d=mm&r=g\",\"contentUrl\":\"https:\/\/secure.gravatar.com\/avatar\/42c15fcafccc8dea0466e1f48bbabee5d657af333b66d515f227538e430e6f37?s=96&d=mm&r=g\",\"caption\":\"Terje Aamodt\"},\"description\":\"Terje Aamodt, fotograf og klattrer\",\"sameAs\":[\"http:\/\/www.terjeaamodt.com\"],\"url\":\"https:\/\/www.terjeaamodt.com\/blog\/author\/admin\/\"}]}<\/script>\n<!-- \/ Yoast SEO plugin. -->","yoast_head_json":{"title":"Isklatring, Romsdalen | Terje Aamodt Photography blog","robots":{"index":"index","follow":"follow","max-snippet":"max-snippet:-1","max-image-preview":"max-image-preview:large","max-video-preview":"max-video-preview:-1"},"canonical":"https:\/\/www.terjeaamodt.com\/blog\/2010\/12\/10\/isklatring-romsdalen\/","og_locale":"nb_NO","og_type":"article","og_title":"Isklatring, Romsdalen | Terje Aamodt Photography blog","og_description":"Isklatring i Romsdalen. Hadde planer om \u00e5 f\u00e5 tatt mange flere bilder, men p\u00e5 grunn av d\u00e5rlig is og til tider tett sn\u00f8drev, ble det ikke s\u00e5 mange bilder som jeg hadde h\u00e5pet p\u00e5.. Fikk likevell ett bilde av Odd Tokle som jeg syns ble bra.","og_url":"https:\/\/www.terjeaamodt.com\/blog\/2010\/12\/10\/isklatring-romsdalen\/","og_site_name":"Terje Aamodt Photography blog","article_publisher":"https:\/\/www.facebook.com\/Terje-Aamodt-Photography-161544107229708\/?ref=hl","article_published_time":"2010-12-10T22:58:32+00:00","article_modified_time":"2010-12-10T23:00:58+00:00","og_image":[{"url":"http:\/\/www.terjeaamodt.com\/blog\/wp-content\/uploads\/2010\/12\/20101210_blog.jpg","type":"","width":"","height":""}],"author":"Terje Aamodt","twitter_card":"summary_large_image","twitter_creator":"@aamodtfoto","twitter_site":"@aamodtfoto","twitter_misc":{"Skrevet av":"Terje Aamodt"},"schema":{"@context":"https:\/\/schema.org","@graph":[{"@type":"Article","@id":"https:\/\/www.terjeaamodt.com\/blog\/2010\/12\/10\/isklatring-romsdalen\/#article","isPartOf":{"@id":"https:\/\/www.terjeaamodt.com\/blog\/2010\/12\/10\/isklatring-romsdalen\/"},"author":{"name":"Terje Aamodt","@id":"https:\/\/www.terjeaamodt.com\/blog\/#\/schema\/person\/421fe074073d41cf4e17a2aaa426f5bd"},"headline":"Isklatring, Romsdalen","datePublished":"2010-12-10T22:58:32+00:00","dateModified":"2010-12-10T23:00:58+00:00","mainEntityOfPage":{"@id":"https:\/\/www.terjeaamodt.com\/blog\/2010\/12\/10\/isklatring-romsdalen\/"},"wordCount":50,"commentCount":3,"image":{"@id":"https:\/\/www.terjeaamodt.com\/blog\/2010\/12\/10\/isklatring-romsdalen\/#primaryimage"},"thumbnailUrl":"http:\/\/www.terjeaamodt.com\/blog\/wp-content\/uploads\/2010\/12\/20101210_blog.jpg","keywords":["Climbing","ice climbing in Norway","isklatring","klatrebilder","klatring"],"articleSection":["klatring"],"inLanguage":"nb-NO","potentialAction":[{"@type":"CommentAction","name":"Comment","target":["https:\/\/www.terjeaamodt.com\/blog\/2010\/12\/10\/isklatring-romsdalen\/#respond"]}]},{"@type":"WebPage","@id":"https:\/\/www.terjeaamodt.com\/blog\/2010\/12\/10\/isklatring-romsdalen\/","url":"https:\/\/www.terjeaamodt.com\/blog\/2010\/12\/10\/isklatring-romsdalen\/","name":"Isklatring, Romsdalen | Terje Aamodt Photography blog","isPartOf":{"@id":"https:\/\/www.terjeaamodt.com\/blog\/#website"},"primaryImageOfPage":{"@id":"https:\/\/www.terjeaamodt.com\/blog\/2010\/12\/10\/isklatring-romsdalen\/#primaryimage"},"image":{"@id":"https:\/\/www.terjeaamodt.com\/blog\/2010\/12\/10\/isklatring-romsdalen\/#primaryimage"},"thumbnailUrl":"http:\/\/www.terjeaamodt.com\/blog\/wp-content\/uploads\/2010\/12\/20101210_blog.jpg","datePublished":"2010-12-10T22:58:32+00:00","dateModified":"2010-12-10T23:00:58+00:00","author":{"@id":"https:\/\/www.terjeaamodt.com\/blog\/#\/schema\/person\/421fe074073d41cf4e17a2aaa426f5bd"},"breadcrumb":{"@id":"https:\/\/www.terjeaamodt.com\/blog\/2010\/12\/10\/isklatring-romsdalen\/#breadcrumb"},"inLanguage":"nb-NO","potentialAction":[{"@type":"ReadAction","target":["https:\/\/www.terjeaamodt.com\/blog\/2010\/12\/10\/isklatring-romsdalen\/"]}]},{"@type":"ImageObject","inLanguage":"nb-NO","@id":"https:\/\/www.terjeaamodt.com\/blog\/2010\/12\/10\/isklatring-romsdalen\/#primaryimage","url":"http:\/\/www.terjeaamodt.com\/blog\/wp-content\/uploads\/2010\/12\/20101210_blog.jpg","contentUrl":"http:\/\/www.terjeaamodt.com\/blog\/wp-content\/uploads\/2010\/12\/20101210_blog.jpg"},{"@type":"BreadcrumbList","@id":"https:\/\/www.terjeaamodt.com\/blog\/2010\/12\/10\/isklatring-romsdalen\/#breadcrumb","itemListElement":[{"@type":"ListItem","position":1,"name":"Home","item":"https:\/\/www.terjeaamodt.com\/blog\/"},{"@type":"ListItem","position":2,"name":"Isklatring, Romsdalen"}]},{"@type":"WebSite","@id":"https:\/\/www.terjeaamodt.com\/blog\/#website","url":"https:\/\/www.terjeaamodt.com\/blog\/","name":"Terje Aamodt Photography blog","description":"","potentialAction":[{"@type":"SearchAction","target":{"@type":"EntryPoint","urlTemplate":"https:\/\/www.terjeaamodt.com\/blog\/?s={search_term_string}"},"query-input":{"@type":"PropertyValueSpecification","valueRequired":true,"valueName":"search_term_string"}}],"inLanguage":"nb-NO"},{"@type":"Person","@id":"https:\/\/www.terjeaamodt.com\/blog\/#\/schema\/person\/421fe074073d41cf4e17a2aaa426f5bd","name":"Terje Aamodt","image":{"@type":"ImageObject","inLanguage":"nb-NO","@id":"https:\/\/www.terjeaamodt.com\/blog\/#\/schema\/person\/image\/","url":"https:\/\/secure.gravatar.com\/avatar\/42c15fcafccc8dea0466e1f48bbabee5d657af333b66d515f227538e430e6f37?s=96&d=mm&r=g","contentUrl":"https:\/\/secure.gravatar.com\/avatar\/42c15fcafccc8dea0466e1f48bbabee5d657af333b66d515f227538e430e6f37?s=96&d=mm&r=g","caption":"Terje Aamodt"},"description":"Terje Aamodt, fotograf og klattrer","sameAs":["http:\/\/www.terjeaamodt.com"],"url":"https:\/\/www.terjeaamodt.com\/blog\/author\/admin\/"}]}},"_links":{"self":[{"href":"https:\/\/www.terjeaamodt.com\/blog\/wp-json\/wp\/v2\/posts\/2617","targetHints":{"allow":["GET"]}}],"collection":[{"href":"https:\/\/www.terjeaamodt.com\/blog\/wp-json\/wp\/v2\/posts"}],"about":[{"href":"https:\/\/www.terjeaamodt.com\/blog\/wp-json\/wp\/v2\/types\/post"}],"author":[{"embeddable":true,"href":"https:\/\/www.terjeaamodt.com\/blog\/wp-json\/wp\/v2\/users\/1"}],"replies":[{"embeddable":true,"href":"https:\/\/www.terjeaamodt.com\/blog\/wp-json\/wp\/v2\/comments?post=2617"}],"version-history":[{"count":1,"href":"https:\/\/www.terjeaamodt.com\/blog\/wp-json\/wp\/v2\/posts\/2617\/revisions"}],"predecessor-version":[{"id":2618,"href":"https:\/\/www.terjeaamodt.com\/blog\/wp-json\/wp\/v2\/posts\/2617\/revisions\/2618"}],"wp:attachment":[{"href":"https:\/\/www.terjeaamodt.com\/blog\/wp-json\/wp\/v2\/media?parent=2617"}],"wp:term":[{"taxonomy":"category","embeddable":true,"href":"https:\/\/www.terjeaamodt.com\/blog\/wp-json\/wp\/v2\/categories?post=2617"},{"taxonomy":"post_tag","embeddable":true,"href":"https:\/\/www.terjeaamodt.com\/blog\/wp-json\/wp\/v2\/tags?post=2617"}],"curies":[{"name":"wp","href":"https:\/\/api.w.org\/{rel}","templated":true}]}}