{"id":2809,"date":"2011-01-30T16:35:25","date_gmt":"2011-01-30T21:35:25","guid":{"rendered":"http:\/\/www.terjeaamodt.com\/blog\/2011\/01\/30\/stemningsbilder-fra-mode-norge-natur-og-landskapsfotografering\/"},"modified":"2011-01-30T16:37:25","modified_gmt":"2011-01-30T21:37:25","slug":"stemningsbilder-fra-mode-norge-natur-og-landskapsfotografering","status":"publish","type":"post","link":"https:\/\/www.terjeaamodt.com\/blog\/2011\/01\/30\/stemningsbilder-fra-mode-norge-natur-og-landskapsfotografering\/","title":{"rendered":"Stemningsbilder fra Mode, Norge | Natur og Landskapsfotografering"},"content":{"rendered":"<p>Hvordan ta gode natur og stemningsbilder handler i bunn og grunn om \u00e5 alltid ha kameraet tilgjengelig. \u00d8yeblikk som dette varer sjelden lenge, og er du heldig f\u00e5r du gjerne bare noen f\u00e5 minutter p\u00e5 deg, f\u00f8r det hele er over. Alle bildene under er eksempler p\u00e5 slike \u00f8yeblikk, og har blitt til fordi jeg sjelden greier \u00e5 legge igjen kameraet hjemme.<\/p>\n<p>For dere som \u00f8nsker \u00e5 se flere slike bilder, og gjerne vil f\u00f8lge med p\u00e5 blogen min, m\u00e5 dere gjerne trykke p\u00e5 <a href=\"feed:\/\/www.terjeaamodt.com\/blog\/feed\/\" title=\"SUBSCRIBE\">SUBSCRIBE<\/a> og under Actions nederst i h\u00f8yre hj\u00f8rne, trykk &laquo;Subscribe in mail&raquo;<\/p>\n<p>Jeg har ogs\u00e5 f\u00e5tt opprettet en egen <a href=\"http:\/\/www.facebook.com\/pages\/Terje-Aamodt-Photography\/161544107229708\" title=\"facebook\">facebook<\/a> side. Der kommer jeg til \u00e5 legge ut siste nytt av det som skjer, samt litt annen innformasjon som ikke n\u00f8dvendigvis kommer med her p\u00e5 blogen. H\u00e5per s\u00e5 mange som mulig vil klikke <a href=\"http:\/\/www.facebook.com\/pages\/Terje-Aamodt-Photography\/161544107229708\" title=\"HER\">HER<\/a> for \u00e5 f\u00e5 siste oppdateringer p\u00e5 facebook.<\/p>\n<p>\u00d8nsker alle sammen en riktig flott uke.<\/p>\n<p><img decoding=\"async\" src=\"http:\/\/www.terjeaamodt.com\/blog\/wp-content\/uploads\/2011\/01\/20110130_naturbilder_molde_01.jpg\" width=\"950\" height=\"668\" alt=\"20110130_naturbilder_molde_01.jpg\" \/><\/p>\n<p><img decoding=\"async\" src=\"http:\/\/www.terjeaamodt.com\/blog\/wp-content\/uploads\/2011\/01\/20110130_naturbilder_molde_02.jpg\" width=\"950\" height=\"668\" alt=\"20110130_naturbilder_molde_02.jpg\" \/><\/p>\n<p>Stemningsfult utenfor Rica Seilet i Molde.<\/p>\n<p><img decoding=\"async\" src=\"http:\/\/www.terjeaamodt.com\/blog\/wp-content\/uploads\/2011\/01\/20110130_naturbilder_molde_03.jpg\" width=\"950\" height=\"668\" alt=\"20110130_naturbilder_molde_03.jpg\" \/><\/p>\n<p>Kveldslys over Vengetind.<\/p>\n<p><img decoding=\"async\" src=\"http:\/\/www.terjeaamodt.com\/blog\/wp-content\/uploads\/2011\/01\/20110130_naturbilder_molde_04.jpg\" width=\"950\" height=\"668\" alt=\"20110130_naturbilder_molde_04.jpg\" \/><\/p>\n<p>Sola titter frem fra sn\u00f8drevet.<\/p>\n<p><img decoding=\"async\" src=\"http:\/\/www.terjeaamodt.com\/blog\/wp-content\/uploads\/2011\/01\/20110130_naturbilder_molde_05.jpg\" width=\"950\" height=\"668\" alt=\"20110130_naturbilder_molde_05.jpg\" \/><\/p>\n<p><img decoding=\"async\" src=\"http:\/\/www.terjeaamodt.com\/blog\/wp-content\/uploads\/2011\/01\/20110130_naturbilder_molde_06.jpg\" width=\"950\" height=\"668\" alt=\"20110130_naturbilder_molde_06.jpg\" \/><\/p>\n","protected":false},"excerpt":{"rendered":"<p>Hvordan ta gode natur og stemningsbilder handler i bunn og grunn om \u00e5 alltid ha kameraet tilgjengelig. \u00d8yeblikk som dette varer sjelden lenge, og er du heldig f\u00e5r du gjerne bare noen f\u00e5 minutter p\u00e5 deg, f\u00f8r det hele er over. Alle bildene under er eksempler p\u00e5 slike \u00f8yeblikk, og har blitt til fordi jeg [&hellip;]<\/p>\n","protected":false},"author":1,"featured_media":0,"comment_status":"open","ping_status":"closed","sticky":false,"template":"","format":"standard","meta":{"footnotes":""},"categories":[12,9],"tags":[159,82,81,76,160],"class_list":["post-2809","post","type-post","status-publish","format-standard","hentry","category-diverse","category-natur","tag-landskapsfotografering","tag-naturbilder","tag-naturfoto","tag-naturfotograf","tag-naturfotografering"],"yoast_head":"<!-- This site is optimized with the Yoast SEO plugin v27.1.1 - https:\/\/yoast.com\/product\/yoast-seo-wordpress\/ -->\n<title>Stemningsbilder fra Mode, Norge | Natur og Landskapsfotografering | Terje Aamodt Photography blog<\/title>\n<meta name=\"robots\" content=\"index, follow, max-snippet:-1, max-image-preview:large, max-video-preview:-1\" \/>\n<link rel=\"canonical\" href=\"https:\/\/www.terjeaamodt.com\/blog\/2011\/01\/30\/stemningsbilder-fra-mode-norge-natur-og-landskapsfotografering\/\" \/>\n<meta property=\"og:locale\" content=\"nb_NO\" \/>\n<meta property=\"og:type\" content=\"article\" \/>\n<meta property=\"og:title\" content=\"Stemningsbilder fra Mode, Norge | Natur og Landskapsfotografering | Terje Aamodt Photography blog\" \/>\n<meta property=\"og:description\" content=\"Hvordan ta gode natur og stemningsbilder handler i bunn og grunn om \u00e5 alltid ha kameraet tilgjengelig. \u00d8yeblikk som dette varer sjelden lenge, og er du heldig f\u00e5r du gjerne bare noen f\u00e5 minutter p\u00e5 deg, f\u00f8r det hele er over. Alle bildene under er eksempler p\u00e5 slike \u00f8yeblikk, og har blitt til fordi jeg [&hellip;]\" \/>\n<meta property=\"og:url\" content=\"https:\/\/www.terjeaamodt.com\/blog\/2011\/01\/30\/stemningsbilder-fra-mode-norge-natur-og-landskapsfotografering\/\" \/>\n<meta property=\"og:site_name\" content=\"Terje Aamodt Photography blog\" \/>\n<meta property=\"article:publisher\" content=\"https:\/\/www.facebook.com\/Terje-Aamodt-Photography-161544107229708\/?ref=hl\" \/>\n<meta property=\"article:published_time\" content=\"2011-01-30T21:35:25+00:00\" \/>\n<meta property=\"article:modified_time\" content=\"2011-01-30T21:37:25+00:00\" \/>\n<meta property=\"og:image\" content=\"http:\/\/www.terjeaamodt.com\/blog\/wp-content\/uploads\/2011\/01\/20110130_naturbilder_molde_01.jpg\" \/>\n<meta name=\"author\" content=\"Terje Aamodt\" \/>\n<meta name=\"twitter:card\" content=\"summary_large_image\" \/>\n<meta name=\"twitter:creator\" content=\"@aamodtfoto\" \/>\n<meta name=\"twitter:site\" content=\"@aamodtfoto\" \/>\n<meta name=\"twitter:label1\" content=\"Skrevet av\" \/>\n\t<meta name=\"twitter:data1\" content=\"Terje Aamodt\" \/>\n\t<meta name=\"twitter:label2\" content=\"Ansl. lesetid\" \/>\n\t<meta name=\"twitter:data2\" content=\"1 minutt\" \/>\n<script type=\"application\/ld+json\" class=\"yoast-schema-graph\">{\"@context\":\"https:\/\/schema.org\",\"@graph\":[{\"@type\":\"Article\",\"@id\":\"https:\/\/www.terjeaamodt.com\/blog\/2011\/01\/30\/stemningsbilder-fra-mode-norge-natur-og-landskapsfotografering\/#article\",\"isPartOf\":{\"@id\":\"https:\/\/www.terjeaamodt.com\/blog\/2011\/01\/30\/stemningsbilder-fra-mode-norge-natur-og-landskapsfotografering\/\"},\"author\":{\"name\":\"Terje Aamodt\",\"@id\":\"https:\/\/www.terjeaamodt.com\/blog\/#\/schema\/person\/421fe074073d41cf4e17a2aaa426f5bd\"},\"headline\":\"Stemningsbilder fra Mode, Norge | Natur og Landskapsfotografering\",\"datePublished\":\"2011-01-30T21:35:25+00:00\",\"dateModified\":\"2011-01-30T21:37:25+00:00\",\"mainEntityOfPage\":{\"@id\":\"https:\/\/www.terjeaamodt.com\/blog\/2011\/01\/30\/stemningsbilder-fra-mode-norge-natur-og-landskapsfotografering\/\"},\"wordCount\":177,\"commentCount\":5,\"image\":{\"@id\":\"https:\/\/www.terjeaamodt.com\/blog\/2011\/01\/30\/stemningsbilder-fra-mode-norge-natur-og-landskapsfotografering\/#primaryimage\"},\"thumbnailUrl\":\"http:\/\/www.terjeaamodt.com\/blog\/wp-content\/uploads\/2011\/01\/20110130_naturbilder_molde_01.jpg\",\"keywords\":[\"landskapsfotografering\",\"Naturbilder\",\"Naturfoto\",\"Naturfotograf\",\"naturfotografering\"],\"articleSection\":[\"Diverse\",\"Natur\"],\"inLanguage\":\"nb-NO\",\"potentialAction\":[{\"@type\":\"CommentAction\",\"name\":\"Comment\",\"target\":[\"https:\/\/www.terjeaamodt.com\/blog\/2011\/01\/30\/stemningsbilder-fra-mode-norge-natur-og-landskapsfotografering\/#respond\"]}]},{\"@type\":\"WebPage\",\"@id\":\"https:\/\/www.terjeaamodt.com\/blog\/2011\/01\/30\/stemningsbilder-fra-mode-norge-natur-og-landskapsfotografering\/\",\"url\":\"https:\/\/www.terjeaamodt.com\/blog\/2011\/01\/30\/stemningsbilder-fra-mode-norge-natur-og-landskapsfotografering\/\",\"name\":\"Stemningsbilder fra Mode, Norge | Natur og Landskapsfotografering | Terje Aamodt Photography blog\",\"isPartOf\":{\"@id\":\"https:\/\/www.terjeaamodt.com\/blog\/#website\"},\"primaryImageOfPage\":{\"@id\":\"https:\/\/www.terjeaamodt.com\/blog\/2011\/01\/30\/stemningsbilder-fra-mode-norge-natur-og-landskapsfotografering\/#primaryimage\"},\"image\":{\"@id\":\"https:\/\/www.terjeaamodt.com\/blog\/2011\/01\/30\/stemningsbilder-fra-mode-norge-natur-og-landskapsfotografering\/#primaryimage\"},\"thumbnailUrl\":\"http:\/\/www.terjeaamodt.com\/blog\/wp-content\/uploads\/2011\/01\/20110130_naturbilder_molde_01.jpg\",\"datePublished\":\"2011-01-30T21:35:25+00:00\",\"dateModified\":\"2011-01-30T21:37:25+00:00\",\"author\":{\"@id\":\"https:\/\/www.terjeaamodt.com\/blog\/#\/schema\/person\/421fe074073d41cf4e17a2aaa426f5bd\"},\"breadcrumb\":{\"@id\":\"https:\/\/www.terjeaamodt.com\/blog\/2011\/01\/30\/stemningsbilder-fra-mode-norge-natur-og-landskapsfotografering\/#breadcrumb\"},\"inLanguage\":\"nb-NO\",\"potentialAction\":[{\"@type\":\"ReadAction\",\"target\":[\"https:\/\/www.terjeaamodt.com\/blog\/2011\/01\/30\/stemningsbilder-fra-mode-norge-natur-og-landskapsfotografering\/\"]}]},{\"@type\":\"ImageObject\",\"inLanguage\":\"nb-NO\",\"@id\":\"https:\/\/www.terjeaamodt.com\/blog\/2011\/01\/30\/stemningsbilder-fra-mode-norge-natur-og-landskapsfotografering\/#primaryimage\",\"url\":\"http:\/\/www.terjeaamodt.com\/blog\/wp-content\/uploads\/2011\/01\/20110130_naturbilder_molde_01.jpg\",\"contentUrl\":\"http:\/\/www.terjeaamodt.com\/blog\/wp-content\/uploads\/2011\/01\/20110130_naturbilder_molde_01.jpg\"},{\"@type\":\"BreadcrumbList\",\"@id\":\"https:\/\/www.terjeaamodt.com\/blog\/2011\/01\/30\/stemningsbilder-fra-mode-norge-natur-og-landskapsfotografering\/#breadcrumb\",\"itemListElement\":[{\"@type\":\"ListItem\",\"position\":1,\"name\":\"Home\",\"item\":\"https:\/\/www.terjeaamodt.com\/blog\/\"},{\"@type\":\"ListItem\",\"position\":2,\"name\":\"Stemningsbilder fra Mode, Norge | Natur og Landskapsfotografering\"}]},{\"@type\":\"WebSite\",\"@id\":\"https:\/\/www.terjeaamodt.com\/blog\/#website\",\"url\":\"https:\/\/www.terjeaamodt.com\/blog\/\",\"name\":\"Terje Aamodt Photography blog\",\"description\":\"\",\"potentialAction\":[{\"@type\":\"SearchAction\",\"target\":{\"@type\":\"EntryPoint\",\"urlTemplate\":\"https:\/\/www.terjeaamodt.com\/blog\/?s={search_term_string}\"},\"query-input\":{\"@type\":\"PropertyValueSpecification\",\"valueRequired\":true,\"valueName\":\"search_term_string\"}}],\"inLanguage\":\"nb-NO\"},{\"@type\":\"Person\",\"@id\":\"https:\/\/www.terjeaamodt.com\/blog\/#\/schema\/person\/421fe074073d41cf4e17a2aaa426f5bd\",\"name\":\"Terje Aamodt\",\"image\":{\"@type\":\"ImageObject\",\"inLanguage\":\"nb-NO\",\"@id\":\"https:\/\/www.terjeaamodt.com\/blog\/#\/schema\/person\/image\/\",\"url\":\"https:\/\/secure.gravatar.com\/avatar\/42c15fcafccc8dea0466e1f48bbabee5d657af333b66d515f227538e430e6f37?s=96&d=mm&r=g\",\"contentUrl\":\"https:\/\/secure.gravatar.com\/avatar\/42c15fcafccc8dea0466e1f48bbabee5d657af333b66d515f227538e430e6f37?s=96&d=mm&r=g\",\"caption\":\"Terje Aamodt\"},\"description\":\"Terje Aamodt, fotograf og klattrer\",\"sameAs\":[\"http:\/\/www.terjeaamodt.com\"],\"url\":\"https:\/\/www.terjeaamodt.com\/blog\/author\/admin\/\"}]}<\/script>\n<!-- \/ Yoast SEO plugin. -->","yoast_head_json":{"title":"Stemningsbilder fra Mode, Norge | Natur og Landskapsfotografering | Terje Aamodt Photography blog","robots":{"index":"index","follow":"follow","max-snippet":"max-snippet:-1","max-image-preview":"max-image-preview:large","max-video-preview":"max-video-preview:-1"},"canonical":"https:\/\/www.terjeaamodt.com\/blog\/2011\/01\/30\/stemningsbilder-fra-mode-norge-natur-og-landskapsfotografering\/","og_locale":"nb_NO","og_type":"article","og_title":"Stemningsbilder fra Mode, Norge | Natur og Landskapsfotografering | Terje Aamodt Photography blog","og_description":"Hvordan ta gode natur og stemningsbilder handler i bunn og grunn om \u00e5 alltid ha kameraet tilgjengelig. \u00d8yeblikk som dette varer sjelden lenge, og er du heldig f\u00e5r du gjerne bare noen f\u00e5 minutter p\u00e5 deg, f\u00f8r det hele er over. Alle bildene under er eksempler p\u00e5 slike \u00f8yeblikk, og har blitt til fordi jeg [&hellip;]","og_url":"https:\/\/www.terjeaamodt.com\/blog\/2011\/01\/30\/stemningsbilder-fra-mode-norge-natur-og-landskapsfotografering\/","og_site_name":"Terje Aamodt Photography blog","article_publisher":"https:\/\/www.facebook.com\/Terje-Aamodt-Photography-161544107229708\/?ref=hl","article_published_time":"2011-01-30T21:35:25+00:00","article_modified_time":"2011-01-30T21:37:25+00:00","og_image":[{"url":"http:\/\/www.terjeaamodt.com\/blog\/wp-content\/uploads\/2011\/01\/20110130_naturbilder_molde_01.jpg","type":"","width":"","height":""}],"author":"Terje Aamodt","twitter_card":"summary_large_image","twitter_creator":"@aamodtfoto","twitter_site":"@aamodtfoto","twitter_misc":{"Skrevet av":"Terje Aamodt","Ansl. lesetid":"1 minutt"},"schema":{"@context":"https:\/\/schema.org","@graph":[{"@type":"Article","@id":"https:\/\/www.terjeaamodt.com\/blog\/2011\/01\/30\/stemningsbilder-fra-mode-norge-natur-og-landskapsfotografering\/#article","isPartOf":{"@id":"https:\/\/www.terjeaamodt.com\/blog\/2011\/01\/30\/stemningsbilder-fra-mode-norge-natur-og-landskapsfotografering\/"},"author":{"name":"Terje Aamodt","@id":"https:\/\/www.terjeaamodt.com\/blog\/#\/schema\/person\/421fe074073d41cf4e17a2aaa426f5bd"},"headline":"Stemningsbilder fra Mode, Norge | Natur og Landskapsfotografering","datePublished":"2011-01-30T21:35:25+00:00","dateModified":"2011-01-30T21:37:25+00:00","mainEntityOfPage":{"@id":"https:\/\/www.terjeaamodt.com\/blog\/2011\/01\/30\/stemningsbilder-fra-mode-norge-natur-og-landskapsfotografering\/"},"wordCount":177,"commentCount":5,"image":{"@id":"https:\/\/www.terjeaamodt.com\/blog\/2011\/01\/30\/stemningsbilder-fra-mode-norge-natur-og-landskapsfotografering\/#primaryimage"},"thumbnailUrl":"http:\/\/www.terjeaamodt.com\/blog\/wp-content\/uploads\/2011\/01\/20110130_naturbilder_molde_01.jpg","keywords":["landskapsfotografering","Naturbilder","Naturfoto","Naturfotograf","naturfotografering"],"articleSection":["Diverse","Natur"],"inLanguage":"nb-NO","potentialAction":[{"@type":"CommentAction","name":"Comment","target":["https:\/\/www.terjeaamodt.com\/blog\/2011\/01\/30\/stemningsbilder-fra-mode-norge-natur-og-landskapsfotografering\/#respond"]}]},{"@type":"WebPage","@id":"https:\/\/www.terjeaamodt.com\/blog\/2011\/01\/30\/stemningsbilder-fra-mode-norge-natur-og-landskapsfotografering\/","url":"https:\/\/www.terjeaamodt.com\/blog\/2011\/01\/30\/stemningsbilder-fra-mode-norge-natur-og-landskapsfotografering\/","name":"Stemningsbilder fra Mode, Norge | Natur og Landskapsfotografering | Terje Aamodt Photography blog","isPartOf":{"@id":"https:\/\/www.terjeaamodt.com\/blog\/#website"},"primaryImageOfPage":{"@id":"https:\/\/www.terjeaamodt.com\/blog\/2011\/01\/30\/stemningsbilder-fra-mode-norge-natur-og-landskapsfotografering\/#primaryimage"},"image":{"@id":"https:\/\/www.terjeaamodt.com\/blog\/2011\/01\/30\/stemningsbilder-fra-mode-norge-natur-og-landskapsfotografering\/#primaryimage"},"thumbnailUrl":"http:\/\/www.terjeaamodt.com\/blog\/wp-content\/uploads\/2011\/01\/20110130_naturbilder_molde_01.jpg","datePublished":"2011-01-30T21:35:25+00:00","dateModified":"2011-01-30T21:37:25+00:00","author":{"@id":"https:\/\/www.terjeaamodt.com\/blog\/#\/schema\/person\/421fe074073d41cf4e17a2aaa426f5bd"},"breadcrumb":{"@id":"https:\/\/www.terjeaamodt.com\/blog\/2011\/01\/30\/stemningsbilder-fra-mode-norge-natur-og-landskapsfotografering\/#breadcrumb"},"inLanguage":"nb-NO","potentialAction":[{"@type":"ReadAction","target":["https:\/\/www.terjeaamodt.com\/blog\/2011\/01\/30\/stemningsbilder-fra-mode-norge-natur-og-landskapsfotografering\/"]}]},{"@type":"ImageObject","inLanguage":"nb-NO","@id":"https:\/\/www.terjeaamodt.com\/blog\/2011\/01\/30\/stemningsbilder-fra-mode-norge-natur-og-landskapsfotografering\/#primaryimage","url":"http:\/\/www.terjeaamodt.com\/blog\/wp-content\/uploads\/2011\/01\/20110130_naturbilder_molde_01.jpg","contentUrl":"http:\/\/www.terjeaamodt.com\/blog\/wp-content\/uploads\/2011\/01\/20110130_naturbilder_molde_01.jpg"},{"@type":"BreadcrumbList","@id":"https:\/\/www.terjeaamodt.com\/blog\/2011\/01\/30\/stemningsbilder-fra-mode-norge-natur-og-landskapsfotografering\/#breadcrumb","itemListElement":[{"@type":"ListItem","position":1,"name":"Home","item":"https:\/\/www.terjeaamodt.com\/blog\/"},{"@type":"ListItem","position":2,"name":"Stemningsbilder fra Mode, Norge | Natur og Landskapsfotografering"}]},{"@type":"WebSite","@id":"https:\/\/www.terjeaamodt.com\/blog\/#website","url":"https:\/\/www.terjeaamodt.com\/blog\/","name":"Terje Aamodt Photography blog","description":"","potentialAction":[{"@type":"SearchAction","target":{"@type":"EntryPoint","urlTemplate":"https:\/\/www.terjeaamodt.com\/blog\/?s={search_term_string}"},"query-input":{"@type":"PropertyValueSpecification","valueRequired":true,"valueName":"search_term_string"}}],"inLanguage":"nb-NO"},{"@type":"Person","@id":"https:\/\/www.terjeaamodt.com\/blog\/#\/schema\/person\/421fe074073d41cf4e17a2aaa426f5bd","name":"Terje Aamodt","image":{"@type":"ImageObject","inLanguage":"nb-NO","@id":"https:\/\/www.terjeaamodt.com\/blog\/#\/schema\/person\/image\/","url":"https:\/\/secure.gravatar.com\/avatar\/42c15fcafccc8dea0466e1f48bbabee5d657af333b66d515f227538e430e6f37?s=96&d=mm&r=g","contentUrl":"https:\/\/secure.gravatar.com\/avatar\/42c15fcafccc8dea0466e1f48bbabee5d657af333b66d515f227538e430e6f37?s=96&d=mm&r=g","caption":"Terje Aamodt"},"description":"Terje Aamodt, fotograf og klattrer","sameAs":["http:\/\/www.terjeaamodt.com"],"url":"https:\/\/www.terjeaamodt.com\/blog\/author\/admin\/"}]}},"_links":{"self":[{"href":"https:\/\/www.terjeaamodt.com\/blog\/wp-json\/wp\/v2\/posts\/2809","targetHints":{"allow":["GET"]}}],"collection":[{"href":"https:\/\/www.terjeaamodt.com\/blog\/wp-json\/wp\/v2\/posts"}],"about":[{"href":"https:\/\/www.terjeaamodt.com\/blog\/wp-json\/wp\/v2\/types\/post"}],"author":[{"embeddable":true,"href":"https:\/\/www.terjeaamodt.com\/blog\/wp-json\/wp\/v2\/users\/1"}],"replies":[{"embeddable":true,"href":"https:\/\/www.terjeaamodt.com\/blog\/wp-json\/wp\/v2\/comments?post=2809"}],"version-history":[{"count":1,"href":"https:\/\/www.terjeaamodt.com\/blog\/wp-json\/wp\/v2\/posts\/2809\/revisions"}],"predecessor-version":[{"id":2810,"href":"https:\/\/www.terjeaamodt.com\/blog\/wp-json\/wp\/v2\/posts\/2809\/revisions\/2810"}],"wp:attachment":[{"href":"https:\/\/www.terjeaamodt.com\/blog\/wp-json\/wp\/v2\/media?parent=2809"}],"wp:term":[{"taxonomy":"category","embeddable":true,"href":"https:\/\/www.terjeaamodt.com\/blog\/wp-json\/wp\/v2\/categories?post=2809"},{"taxonomy":"post_tag","embeddable":true,"href":"https:\/\/www.terjeaamodt.com\/blog\/wp-json\/wp\/v2\/tags?post=2809"}],"curies":[{"name":"wp","href":"https:\/\/api.w.org\/{rel}","templated":true}]}}