{"id":2969,"date":"2011-05-17T17:12:57","date_gmt":"2011-05-17T22:12:57","guid":{"rendered":"http:\/\/www.terjeaamodt.com\/blog\/2011\/05\/17\/yoga-bilde-fra-hustadvika-natur-og-portrettfotograf-norge\/"},"modified":"2011-05-17T17:21:32","modified_gmt":"2011-05-17T22:21:32","slug":"yoga-bilde-fra-hustadvika-natur-og-portrettfotograf-norge","status":"publish","type":"post","link":"https:\/\/www.terjeaamodt.com\/blog\/2011\/05\/17\/yoga-bilde-fra-hustadvika-natur-og-portrettfotograf-norge\/","title":{"rendered":"Yoga bilde fra Hustadvika | Natur og Portrettfotograf Norge"},"content":{"rendered":"<p>Her kommer ett Yoga bilde jeg tok av Maja, mens vi hadde oss en kveldstur p\u00e5 Hustadvika for en stund tilbake. Det var en fantastisk kveld, og det er lenge siden jeg har sett en s\u00e5 flott solnedgang.<\/p>\n<p>\u00c5 husk: Ikke glem \u00e5 f\u00f8lg med p\u00e5 <a href=\"http:\/\/www.facebook.com\/pages\/Terje-Aamodt-Photography\/161544107229708\" title=\"FACEBOOK\">FACEBOOK<\/a>&nbsp;&nbsp;siden min, eller <a href=\"feed:\/\/www.terjeaamodt.com\/blog\/feed\/\" title=\"SUBSCRIBE\">SUBSCRIBE<\/a> for oppdateringer.<\/p>\n<p><img decoding=\"async\" src=\"http:\/\/www.terjeaamodt.com\/blog\/wp-content\/uploads\/2011\/05\/blogtemplates_1000_hvit.jpg\" width=\"1000\" height=\"667\" alt=\"blogtemplates_1000_hvit.jpg\" \/><\/p>\n","protected":false},"excerpt":{"rendered":"<p>Her kommer ett Yoga bilde jeg tok av Maja, mens vi hadde oss en kveldstur p\u00e5 Hustadvika for en stund tilbake. Det var en fantastisk kveld, og det er lenge siden jeg har sett en s\u00e5 flott solnedgang. \u00c5 husk: Ikke glem \u00e5 f\u00f8lg med p\u00e5 FACEBOOK&nbsp;&nbsp;siden min, eller SUBSCRIBE for oppdateringer.<\/p>\n","protected":false},"author":1,"featured_media":0,"comment_status":"open","ping_status":"closed","sticky":false,"template":"","format":"standard","meta":{"footnotes":""},"categories":[10,9,5],"tags":[641,189,74,75],"class_list":["post-2969","post","type-post","status-publish","format-standard","hentry","category-livsstil","category-natur","category-portrett","tag-portrett","tag-solnedgangsbilde","tag-yoga","tag-yoga-bilder"],"yoast_head":"<!-- This site is optimized with the Yoast SEO plugin v27.1.1 - https:\/\/yoast.com\/product\/yoast-seo-wordpress\/ -->\n<title>Yoga bilde fra Hustadvika | Natur og Portrettfotograf Norge | Terje Aamodt Photography blog<\/title>\n<meta name=\"robots\" content=\"index, follow, max-snippet:-1, max-image-preview:large, max-video-preview:-1\" \/>\n<link rel=\"canonical\" href=\"https:\/\/www.terjeaamodt.com\/blog\/2011\/05\/17\/yoga-bilde-fra-hustadvika-natur-og-portrettfotograf-norge\/\" \/>\n<meta property=\"og:locale\" content=\"nb_NO\" \/>\n<meta property=\"og:type\" content=\"article\" \/>\n<meta property=\"og:title\" content=\"Yoga bilde fra Hustadvika | Natur og Portrettfotograf Norge | Terje Aamodt Photography blog\" \/>\n<meta property=\"og:description\" content=\"Her kommer ett Yoga bilde jeg tok av Maja, mens vi hadde oss en kveldstur p\u00e5 Hustadvika for en stund tilbake. Det var en fantastisk kveld, og det er lenge siden jeg har sett en s\u00e5 flott solnedgang. \u00c5 husk: Ikke glem \u00e5 f\u00f8lg med p\u00e5 FACEBOOK&nbsp;&nbsp;siden min, eller SUBSCRIBE for oppdateringer.\" \/>\n<meta property=\"og:url\" content=\"https:\/\/www.terjeaamodt.com\/blog\/2011\/05\/17\/yoga-bilde-fra-hustadvika-natur-og-portrettfotograf-norge\/\" \/>\n<meta property=\"og:site_name\" content=\"Terje Aamodt Photography blog\" \/>\n<meta property=\"article:publisher\" content=\"https:\/\/www.facebook.com\/Terje-Aamodt-Photography-161544107229708\/?ref=hl\" \/>\n<meta property=\"article:published_time\" content=\"2011-05-17T22:12:57+00:00\" \/>\n<meta property=\"article:modified_time\" content=\"2011-05-17T22:21:32+00:00\" \/>\n<meta property=\"og:image\" content=\"http:\/\/www.terjeaamodt.com\/blog\/wp-content\/uploads\/2011\/05\/blogtemplates_1000_hvit.jpg\" \/>\n<meta name=\"author\" content=\"Terje Aamodt\" \/>\n<meta name=\"twitter:card\" content=\"summary_large_image\" \/>\n<meta name=\"twitter:creator\" content=\"@aamodtfoto\" \/>\n<meta name=\"twitter:site\" content=\"@aamodtfoto\" \/>\n<meta name=\"twitter:label1\" content=\"Skrevet av\" \/>\n\t<meta name=\"twitter:data1\" content=\"Terje Aamodt\" \/>\n<script type=\"application\/ld+json\" class=\"yoast-schema-graph\">{\"@context\":\"https:\/\/schema.org\",\"@graph\":[{\"@type\":\"Article\",\"@id\":\"https:\/\/www.terjeaamodt.com\/blog\/2011\/05\/17\/yoga-bilde-fra-hustadvika-natur-og-portrettfotograf-norge\/#article\",\"isPartOf\":{\"@id\":\"https:\/\/www.terjeaamodt.com\/blog\/2011\/05\/17\/yoga-bilde-fra-hustadvika-natur-og-portrettfotograf-norge\/\"},\"author\":{\"name\":\"Terje Aamodt\",\"@id\":\"https:\/\/www.terjeaamodt.com\/blog\/#\/schema\/person\/421fe074073d41cf4e17a2aaa426f5bd\"},\"headline\":\"Yoga bilde fra Hustadvika | Natur og Portrettfotograf Norge\",\"datePublished\":\"2011-05-17T22:12:57+00:00\",\"dateModified\":\"2011-05-17T22:21:32+00:00\",\"mainEntityOfPage\":{\"@id\":\"https:\/\/www.terjeaamodt.com\/blog\/2011\/05\/17\/yoga-bilde-fra-hustadvika-natur-og-portrettfotograf-norge\/\"},\"wordCount\":62,\"commentCount\":1,\"image\":{\"@id\":\"https:\/\/www.terjeaamodt.com\/blog\/2011\/05\/17\/yoga-bilde-fra-hustadvika-natur-og-portrettfotograf-norge\/#primaryimage\"},\"thumbnailUrl\":\"http:\/\/www.terjeaamodt.com\/blog\/wp-content\/uploads\/2011\/05\/blogtemplates_1000_hvit.jpg\",\"keywords\":[\"Portrett\",\"Solnedgangsbilde\",\"Yoga\",\"Yoga bilder\"],\"articleSection\":[\"livsstil\",\"Natur\",\"Portrett\"],\"inLanguage\":\"nb-NO\",\"potentialAction\":[{\"@type\":\"CommentAction\",\"name\":\"Comment\",\"target\":[\"https:\/\/www.terjeaamodt.com\/blog\/2011\/05\/17\/yoga-bilde-fra-hustadvika-natur-og-portrettfotograf-norge\/#respond\"]}]},{\"@type\":\"WebPage\",\"@id\":\"https:\/\/www.terjeaamodt.com\/blog\/2011\/05\/17\/yoga-bilde-fra-hustadvika-natur-og-portrettfotograf-norge\/\",\"url\":\"https:\/\/www.terjeaamodt.com\/blog\/2011\/05\/17\/yoga-bilde-fra-hustadvika-natur-og-portrettfotograf-norge\/\",\"name\":\"Yoga bilde fra Hustadvika | Natur og Portrettfotograf Norge | Terje Aamodt Photography blog\",\"isPartOf\":{\"@id\":\"https:\/\/www.terjeaamodt.com\/blog\/#website\"},\"primaryImageOfPage\":{\"@id\":\"https:\/\/www.terjeaamodt.com\/blog\/2011\/05\/17\/yoga-bilde-fra-hustadvika-natur-og-portrettfotograf-norge\/#primaryimage\"},\"image\":{\"@id\":\"https:\/\/www.terjeaamodt.com\/blog\/2011\/05\/17\/yoga-bilde-fra-hustadvika-natur-og-portrettfotograf-norge\/#primaryimage\"},\"thumbnailUrl\":\"http:\/\/www.terjeaamodt.com\/blog\/wp-content\/uploads\/2011\/05\/blogtemplates_1000_hvit.jpg\",\"datePublished\":\"2011-05-17T22:12:57+00:00\",\"dateModified\":\"2011-05-17T22:21:32+00:00\",\"author\":{\"@id\":\"https:\/\/www.terjeaamodt.com\/blog\/#\/schema\/person\/421fe074073d41cf4e17a2aaa426f5bd\"},\"breadcrumb\":{\"@id\":\"https:\/\/www.terjeaamodt.com\/blog\/2011\/05\/17\/yoga-bilde-fra-hustadvika-natur-og-portrettfotograf-norge\/#breadcrumb\"},\"inLanguage\":\"nb-NO\",\"potentialAction\":[{\"@type\":\"ReadAction\",\"target\":[\"https:\/\/www.terjeaamodt.com\/blog\/2011\/05\/17\/yoga-bilde-fra-hustadvika-natur-og-portrettfotograf-norge\/\"]}]},{\"@type\":\"ImageObject\",\"inLanguage\":\"nb-NO\",\"@id\":\"https:\/\/www.terjeaamodt.com\/blog\/2011\/05\/17\/yoga-bilde-fra-hustadvika-natur-og-portrettfotograf-norge\/#primaryimage\",\"url\":\"http:\/\/www.terjeaamodt.com\/blog\/wp-content\/uploads\/2011\/05\/blogtemplates_1000_hvit.jpg\",\"contentUrl\":\"http:\/\/www.terjeaamodt.com\/blog\/wp-content\/uploads\/2011\/05\/blogtemplates_1000_hvit.jpg\"},{\"@type\":\"BreadcrumbList\",\"@id\":\"https:\/\/www.terjeaamodt.com\/blog\/2011\/05\/17\/yoga-bilde-fra-hustadvika-natur-og-portrettfotograf-norge\/#breadcrumb\",\"itemListElement\":[{\"@type\":\"ListItem\",\"position\":1,\"name\":\"Home\",\"item\":\"https:\/\/www.terjeaamodt.com\/blog\/\"},{\"@type\":\"ListItem\",\"position\":2,\"name\":\"Yoga bilde fra Hustadvika | Natur og Portrettfotograf Norge\"}]},{\"@type\":\"WebSite\",\"@id\":\"https:\/\/www.terjeaamodt.com\/blog\/#website\",\"url\":\"https:\/\/www.terjeaamodt.com\/blog\/\",\"name\":\"Terje Aamodt Photography blog\",\"description\":\"\",\"potentialAction\":[{\"@type\":\"SearchAction\",\"target\":{\"@type\":\"EntryPoint\",\"urlTemplate\":\"https:\/\/www.terjeaamodt.com\/blog\/?s={search_term_string}\"},\"query-input\":{\"@type\":\"PropertyValueSpecification\",\"valueRequired\":true,\"valueName\":\"search_term_string\"}}],\"inLanguage\":\"nb-NO\"},{\"@type\":\"Person\",\"@id\":\"https:\/\/www.terjeaamodt.com\/blog\/#\/schema\/person\/421fe074073d41cf4e17a2aaa426f5bd\",\"name\":\"Terje Aamodt\",\"image\":{\"@type\":\"ImageObject\",\"inLanguage\":\"nb-NO\",\"@id\":\"https:\/\/www.terjeaamodt.com\/blog\/#\/schema\/person\/image\/\",\"url\":\"https:\/\/secure.gravatar.com\/avatar\/42c15fcafccc8dea0466e1f48bbabee5d657af333b66d515f227538e430e6f37?s=96&d=mm&r=g\",\"contentUrl\":\"https:\/\/secure.gravatar.com\/avatar\/42c15fcafccc8dea0466e1f48bbabee5d657af333b66d515f227538e430e6f37?s=96&d=mm&r=g\",\"caption\":\"Terje Aamodt\"},\"description\":\"Terje Aamodt, fotograf og klattrer\",\"sameAs\":[\"http:\/\/www.terjeaamodt.com\"],\"url\":\"https:\/\/www.terjeaamodt.com\/blog\/author\/admin\/\"}]}<\/script>\n<!-- \/ Yoast SEO plugin. -->","yoast_head_json":{"title":"Yoga bilde fra Hustadvika | Natur og Portrettfotograf Norge | Terje Aamodt Photography blog","robots":{"index":"index","follow":"follow","max-snippet":"max-snippet:-1","max-image-preview":"max-image-preview:large","max-video-preview":"max-video-preview:-1"},"canonical":"https:\/\/www.terjeaamodt.com\/blog\/2011\/05\/17\/yoga-bilde-fra-hustadvika-natur-og-portrettfotograf-norge\/","og_locale":"nb_NO","og_type":"article","og_title":"Yoga bilde fra Hustadvika | Natur og Portrettfotograf Norge | Terje Aamodt Photography blog","og_description":"Her kommer ett Yoga bilde jeg tok av Maja, mens vi hadde oss en kveldstur p\u00e5 Hustadvika for en stund tilbake. Det var en fantastisk kveld, og det er lenge siden jeg har sett en s\u00e5 flott solnedgang. \u00c5 husk: Ikke glem \u00e5 f\u00f8lg med p\u00e5 FACEBOOK&nbsp;&nbsp;siden min, eller SUBSCRIBE for oppdateringer.","og_url":"https:\/\/www.terjeaamodt.com\/blog\/2011\/05\/17\/yoga-bilde-fra-hustadvika-natur-og-portrettfotograf-norge\/","og_site_name":"Terje Aamodt Photography blog","article_publisher":"https:\/\/www.facebook.com\/Terje-Aamodt-Photography-161544107229708\/?ref=hl","article_published_time":"2011-05-17T22:12:57+00:00","article_modified_time":"2011-05-17T22:21:32+00:00","og_image":[{"url":"http:\/\/www.terjeaamodt.com\/blog\/wp-content\/uploads\/2011\/05\/blogtemplates_1000_hvit.jpg","type":"","width":"","height":""}],"author":"Terje Aamodt","twitter_card":"summary_large_image","twitter_creator":"@aamodtfoto","twitter_site":"@aamodtfoto","twitter_misc":{"Skrevet av":"Terje Aamodt"},"schema":{"@context":"https:\/\/schema.org","@graph":[{"@type":"Article","@id":"https:\/\/www.terjeaamodt.com\/blog\/2011\/05\/17\/yoga-bilde-fra-hustadvika-natur-og-portrettfotograf-norge\/#article","isPartOf":{"@id":"https:\/\/www.terjeaamodt.com\/blog\/2011\/05\/17\/yoga-bilde-fra-hustadvika-natur-og-portrettfotograf-norge\/"},"author":{"name":"Terje Aamodt","@id":"https:\/\/www.terjeaamodt.com\/blog\/#\/schema\/person\/421fe074073d41cf4e17a2aaa426f5bd"},"headline":"Yoga bilde fra Hustadvika | Natur og Portrettfotograf Norge","datePublished":"2011-05-17T22:12:57+00:00","dateModified":"2011-05-17T22:21:32+00:00","mainEntityOfPage":{"@id":"https:\/\/www.terjeaamodt.com\/blog\/2011\/05\/17\/yoga-bilde-fra-hustadvika-natur-og-portrettfotograf-norge\/"},"wordCount":62,"commentCount":1,"image":{"@id":"https:\/\/www.terjeaamodt.com\/blog\/2011\/05\/17\/yoga-bilde-fra-hustadvika-natur-og-portrettfotograf-norge\/#primaryimage"},"thumbnailUrl":"http:\/\/www.terjeaamodt.com\/blog\/wp-content\/uploads\/2011\/05\/blogtemplates_1000_hvit.jpg","keywords":["Portrett","Solnedgangsbilde","Yoga","Yoga bilder"],"articleSection":["livsstil","Natur","Portrett"],"inLanguage":"nb-NO","potentialAction":[{"@type":"CommentAction","name":"Comment","target":["https:\/\/www.terjeaamodt.com\/blog\/2011\/05\/17\/yoga-bilde-fra-hustadvika-natur-og-portrettfotograf-norge\/#respond"]}]},{"@type":"WebPage","@id":"https:\/\/www.terjeaamodt.com\/blog\/2011\/05\/17\/yoga-bilde-fra-hustadvika-natur-og-portrettfotograf-norge\/","url":"https:\/\/www.terjeaamodt.com\/blog\/2011\/05\/17\/yoga-bilde-fra-hustadvika-natur-og-portrettfotograf-norge\/","name":"Yoga bilde fra Hustadvika | Natur og Portrettfotograf Norge | Terje Aamodt Photography blog","isPartOf":{"@id":"https:\/\/www.terjeaamodt.com\/blog\/#website"},"primaryImageOfPage":{"@id":"https:\/\/www.terjeaamodt.com\/blog\/2011\/05\/17\/yoga-bilde-fra-hustadvika-natur-og-portrettfotograf-norge\/#primaryimage"},"image":{"@id":"https:\/\/www.terjeaamodt.com\/blog\/2011\/05\/17\/yoga-bilde-fra-hustadvika-natur-og-portrettfotograf-norge\/#primaryimage"},"thumbnailUrl":"http:\/\/www.terjeaamodt.com\/blog\/wp-content\/uploads\/2011\/05\/blogtemplates_1000_hvit.jpg","datePublished":"2011-05-17T22:12:57+00:00","dateModified":"2011-05-17T22:21:32+00:00","author":{"@id":"https:\/\/www.terjeaamodt.com\/blog\/#\/schema\/person\/421fe074073d41cf4e17a2aaa426f5bd"},"breadcrumb":{"@id":"https:\/\/www.terjeaamodt.com\/blog\/2011\/05\/17\/yoga-bilde-fra-hustadvika-natur-og-portrettfotograf-norge\/#breadcrumb"},"inLanguage":"nb-NO","potentialAction":[{"@type":"ReadAction","target":["https:\/\/www.terjeaamodt.com\/blog\/2011\/05\/17\/yoga-bilde-fra-hustadvika-natur-og-portrettfotograf-norge\/"]}]},{"@type":"ImageObject","inLanguage":"nb-NO","@id":"https:\/\/www.terjeaamodt.com\/blog\/2011\/05\/17\/yoga-bilde-fra-hustadvika-natur-og-portrettfotograf-norge\/#primaryimage","url":"http:\/\/www.terjeaamodt.com\/blog\/wp-content\/uploads\/2011\/05\/blogtemplates_1000_hvit.jpg","contentUrl":"http:\/\/www.terjeaamodt.com\/blog\/wp-content\/uploads\/2011\/05\/blogtemplates_1000_hvit.jpg"},{"@type":"BreadcrumbList","@id":"https:\/\/www.terjeaamodt.com\/blog\/2011\/05\/17\/yoga-bilde-fra-hustadvika-natur-og-portrettfotograf-norge\/#breadcrumb","itemListElement":[{"@type":"ListItem","position":1,"name":"Home","item":"https:\/\/www.terjeaamodt.com\/blog\/"},{"@type":"ListItem","position":2,"name":"Yoga bilde fra Hustadvika | Natur og Portrettfotograf Norge"}]},{"@type":"WebSite","@id":"https:\/\/www.terjeaamodt.com\/blog\/#website","url":"https:\/\/www.terjeaamodt.com\/blog\/","name":"Terje Aamodt Photography blog","description":"","potentialAction":[{"@type":"SearchAction","target":{"@type":"EntryPoint","urlTemplate":"https:\/\/www.terjeaamodt.com\/blog\/?s={search_term_string}"},"query-input":{"@type":"PropertyValueSpecification","valueRequired":true,"valueName":"search_term_string"}}],"inLanguage":"nb-NO"},{"@type":"Person","@id":"https:\/\/www.terjeaamodt.com\/blog\/#\/schema\/person\/421fe074073d41cf4e17a2aaa426f5bd","name":"Terje Aamodt","image":{"@type":"ImageObject","inLanguage":"nb-NO","@id":"https:\/\/www.terjeaamodt.com\/blog\/#\/schema\/person\/image\/","url":"https:\/\/secure.gravatar.com\/avatar\/42c15fcafccc8dea0466e1f48bbabee5d657af333b66d515f227538e430e6f37?s=96&d=mm&r=g","contentUrl":"https:\/\/secure.gravatar.com\/avatar\/42c15fcafccc8dea0466e1f48bbabee5d657af333b66d515f227538e430e6f37?s=96&d=mm&r=g","caption":"Terje Aamodt"},"description":"Terje Aamodt, fotograf og klattrer","sameAs":["http:\/\/www.terjeaamodt.com"],"url":"https:\/\/www.terjeaamodt.com\/blog\/author\/admin\/"}]}},"_links":{"self":[{"href":"https:\/\/www.terjeaamodt.com\/blog\/wp-json\/wp\/v2\/posts\/2969","targetHints":{"allow":["GET"]}}],"collection":[{"href":"https:\/\/www.terjeaamodt.com\/blog\/wp-json\/wp\/v2\/posts"}],"about":[{"href":"https:\/\/www.terjeaamodt.com\/blog\/wp-json\/wp\/v2\/types\/post"}],"author":[{"embeddable":true,"href":"https:\/\/www.terjeaamodt.com\/blog\/wp-json\/wp\/v2\/users\/1"}],"replies":[{"embeddable":true,"href":"https:\/\/www.terjeaamodt.com\/blog\/wp-json\/wp\/v2\/comments?post=2969"}],"version-history":[{"count":1,"href":"https:\/\/www.terjeaamodt.com\/blog\/wp-json\/wp\/v2\/posts\/2969\/revisions"}],"predecessor-version":[{"id":2970,"href":"https:\/\/www.terjeaamodt.com\/blog\/wp-json\/wp\/v2\/posts\/2969\/revisions\/2970"}],"wp:attachment":[{"href":"https:\/\/www.terjeaamodt.com\/blog\/wp-json\/wp\/v2\/media?parent=2969"}],"wp:term":[{"taxonomy":"category","embeddable":true,"href":"https:\/\/www.terjeaamodt.com\/blog\/wp-json\/wp\/v2\/categories?post=2969"},{"taxonomy":"post_tag","embeddable":true,"href":"https:\/\/www.terjeaamodt.com\/blog\/wp-json\/wp\/v2\/tags?post=2969"}],"curies":[{"name":"wp","href":"https:\/\/api.w.org\/{rel}","templated":true}]}}