{"id":2989,"date":"2011-05-28T04:34:17","date_gmt":"2011-05-28T09:34:17","guid":{"rendered":"http:\/\/www.terjeaamodt.com\/blog\/2011\/05\/28\/forside-i-klatring-climbing-photography-in-norway\/"},"modified":"2011-05-28T10:43:17","modified_gmt":"2011-05-28T15:43:17","slug":"forside-i-klatring-climbing-photography-in-norway","status":"publish","type":"post","link":"https:\/\/www.terjeaamodt.com\/blog\/2011\/05\/28\/forside-i-klatring-climbing-photography-in-norway\/","title":{"rendered":"Norsk Klatring | Climbing Photography in Norway"},"content":{"rendered":"<p>Det var en gledelig overaskelse \u00e5 lese siste utgave av <a href=\"http:\/\/www.norsk-klatring.no\/index.php\" title=\"Klatring\">Klatring<\/a> da det kom i posten for noen dager siden. Bildene mine var representert p\u00e5 ikke mindre en 12 sider inkludert forsiden. P\u00e5 forsiden er det Rannveig Aamodt som leder At du T\u00f8r (6+) p\u00e5 Stabben i Julsundet sikret av Maja Gr\u00f8nset. At du t\u00f8r byr p\u00e5 noe av den fineste klatringen som er i Julsundet, selv om det til tider kan v\u00e6re noe langt mellom sikringene. (Kanske derav navnet?)<\/p>\n<p>\u00c5 husk: f\u00f8lg gjerne med p\u00e5 <a href=\"http:\/\/www.facebook.com\/pages\/Terje-Aamodt-Photography\/161544107229708\" title=\"FACEBOOK\">FACEBOOK<\/a>&nbsp;&nbsp;siden min, eller <a href=\"feed:\/\/www.terjeaamodt.com\/blog\/feed\/\" title=\"SUBSCRIBE\">SUBSCRIBE<\/a> for oppdateringer.<\/p>\n<p><img decoding=\"async\" src=\"http:\/\/www.terjeaamodt.com\/blog\/wp-content\/uploads\/2011\/05\/2011052_klatring_01.jpg\" width=\"667\" height=\"1000\" alt=\"2011052_klatring_01.jpg\" \/><\/p>\n<p><img decoding=\"async\" src=\"http:\/\/www.terjeaamodt.com\/blog\/wp-content\/uploads\/2011\/05\/2011052_klatring_02.jpg\" width=\"992\" height=\"661\" alt=\"2011052_klatring_02.jpg\" \/><\/p>\n<p>Bilde av Iver Gjelstenli og Tore Lundberg p\u00e5 Balansekoden i Eresfjorden. Balansekoden best\u00e5r av 700 meter med nydelig svaklatring, fordelt over 15 taulengder. Alle taulengdene er boltet. <img decoding=\"async\" src=\"http:\/\/www.terjeaamodt.com\/blog\/wp-content\/uploads\/2011\/05\/2011052_klatring_03.jpg\" width=\"1000\" height=\"667\" alt=\"2011052_klatring_03.jpg\" \/><\/p>\n<p>Thor Johan Nesje klatrer andre taulengde p\u00e5 den gamle klasikeren Ravnflogruta i Julsundet<\/p>\n<p><img decoding=\"async\" src=\"http:\/\/www.terjeaamodt.com\/blog\/wp-content\/uploads\/2011\/05\/2011052_klatring_04.jpg\" width=\"1000\" height=\"667\" alt=\"2011052_klatring_04.jpg\" \/><\/p>\n<p><img decoding=\"async\" src=\"http:\/\/www.terjeaamodt.com\/blog\/wp-content\/uploads\/2011\/05\/2011052_klatring_05.jpg\" width=\"1000\" height=\"667\" alt=\"2011052_klatring_05.jpg\" \/> <img decoding=\"async\" src=\"http:\/\/www.terjeaamodt.com\/blog\/wp-content\/uploads\/2011\/05\/2011052_klatring_06.jpg\" width=\"1000\" height=\"667\" alt=\"2011052_klatring_06.jpg\" \/> <img decoding=\"async\" src=\"http:\/\/www.terjeaamodt.com\/blog\/wp-content\/uploads\/2011\/05\/2011052_klatring_07.jpg\" width=\"1000\" height=\"667\" alt=\"2011052_klatring_07.jpg\" \/><\/p>\n","protected":false},"excerpt":{"rendered":"<p>Det var en gledelig overaskelse \u00e5 lese siste utgave av Klatring da det kom i posten for noen dager siden. Bildene mine var representert p\u00e5 ikke mindre en 12 sider inkludert forsiden. P\u00e5 forsiden er det Rannveig Aamodt som leder At du T\u00f8r (6+) p\u00e5 Stabben i Julsundet sikret av Maja Gr\u00f8nset. At du t\u00f8r [&hellip;]<\/p>\n","protected":false},"author":1,"featured_media":0,"comment_status":"open","ping_status":"closed","sticky":false,"template":"","format":"standard","meta":{"footnotes":""},"categories":[6,10,168,39],"tags":[195,59,196,58,642],"class_list":["post-2989","post","type-post","status-publish","format-standard","hentry","category-klatring","category-livsstil","category-presse","category-sport","tag-climbing-photography-norway","tag-julsundet","tag-klatre-foto","tag-klatrebilder","tag-klatring"],"yoast_head":"<!-- This site is optimized with the Yoast SEO plugin v27.1.1 - https:\/\/yoast.com\/product\/yoast-seo-wordpress\/ -->\n<title>Norsk Klatring | Climbing Photography in Norway | Terje Aamodt Photography blog<\/title>\n<meta name=\"robots\" content=\"index, follow, max-snippet:-1, max-image-preview:large, max-video-preview:-1\" \/>\n<link rel=\"canonical\" href=\"https:\/\/www.terjeaamodt.com\/blog\/2011\/05\/28\/forside-i-klatring-climbing-photography-in-norway\/\" \/>\n<meta property=\"og:locale\" content=\"nb_NO\" \/>\n<meta property=\"og:type\" content=\"article\" \/>\n<meta property=\"og:title\" content=\"Norsk Klatring | Climbing Photography in Norway | Terje Aamodt Photography blog\" \/>\n<meta property=\"og:description\" content=\"Det var en gledelig overaskelse \u00e5 lese siste utgave av Klatring da det kom i posten for noen dager siden. Bildene mine var representert p\u00e5 ikke mindre en 12 sider inkludert forsiden. P\u00e5 forsiden er det Rannveig Aamodt som leder At du T\u00f8r (6+) p\u00e5 Stabben i Julsundet sikret av Maja Gr\u00f8nset. At du t\u00f8r [&hellip;]\" \/>\n<meta property=\"og:url\" content=\"https:\/\/www.terjeaamodt.com\/blog\/2011\/05\/28\/forside-i-klatring-climbing-photography-in-norway\/\" \/>\n<meta property=\"og:site_name\" content=\"Terje Aamodt Photography blog\" \/>\n<meta property=\"article:publisher\" content=\"https:\/\/www.facebook.com\/Terje-Aamodt-Photography-161544107229708\/?ref=hl\" \/>\n<meta property=\"article:published_time\" content=\"2011-05-28T09:34:17+00:00\" \/>\n<meta property=\"article:modified_time\" content=\"2011-05-28T15:43:17+00:00\" \/>\n<meta property=\"og:image\" content=\"http:\/\/www.terjeaamodt.com\/blog\/wp-content\/uploads\/2011\/05\/2011052_klatring_01.jpg\" \/>\n<meta name=\"author\" content=\"Terje Aamodt\" \/>\n<meta name=\"twitter:card\" content=\"summary_large_image\" \/>\n<meta name=\"twitter:creator\" content=\"@aamodtfoto\" \/>\n<meta name=\"twitter:site\" content=\"@aamodtfoto\" \/>\n<meta name=\"twitter:label1\" content=\"Skrevet av\" \/>\n\t<meta name=\"twitter:data1\" content=\"Terje Aamodt\" \/>\n\t<meta name=\"twitter:label2\" content=\"Ansl. lesetid\" \/>\n\t<meta name=\"twitter:data2\" content=\"1 minutt\" \/>\n<script type=\"application\/ld+json\" class=\"yoast-schema-graph\">{\"@context\":\"https:\/\/schema.org\",\"@graph\":[{\"@type\":\"Article\",\"@id\":\"https:\/\/www.terjeaamodt.com\/blog\/2011\/05\/28\/forside-i-klatring-climbing-photography-in-norway\/#article\",\"isPartOf\":{\"@id\":\"https:\/\/www.terjeaamodt.com\/blog\/2011\/05\/28\/forside-i-klatring-climbing-photography-in-norway\/\"},\"author\":{\"name\":\"Terje Aamodt\",\"@id\":\"https:\/\/www.terjeaamodt.com\/blog\/#\/schema\/person\/421fe074073d41cf4e17a2aaa426f5bd\"},\"headline\":\"Norsk Klatring | Climbing Photography in Norway\",\"datePublished\":\"2011-05-28T09:34:17+00:00\",\"dateModified\":\"2011-05-28T15:43:17+00:00\",\"mainEntityOfPage\":{\"@id\":\"https:\/\/www.terjeaamodt.com\/blog\/2011\/05\/28\/forside-i-klatring-climbing-photography-in-norway\/\"},\"wordCount\":141,\"commentCount\":1,\"image\":{\"@id\":\"https:\/\/www.terjeaamodt.com\/blog\/2011\/05\/28\/forside-i-klatring-climbing-photography-in-norway\/#primaryimage\"},\"thumbnailUrl\":\"http:\/\/www.terjeaamodt.com\/blog\/wp-content\/uploads\/2011\/05\/2011052_klatring_01.jpg\",\"keywords\":[\"climbing photography Norway\",\"Julsundet\",\"klatre foto\",\"klatrebilder\",\"klatring\"],\"articleSection\":[\"klatring\",\"livsstil\",\"Presse\",\"Sport\"],\"inLanguage\":\"nb-NO\",\"potentialAction\":[{\"@type\":\"CommentAction\",\"name\":\"Comment\",\"target\":[\"https:\/\/www.terjeaamodt.com\/blog\/2011\/05\/28\/forside-i-klatring-climbing-photography-in-norway\/#respond\"]}]},{\"@type\":\"WebPage\",\"@id\":\"https:\/\/www.terjeaamodt.com\/blog\/2011\/05\/28\/forside-i-klatring-climbing-photography-in-norway\/\",\"url\":\"https:\/\/www.terjeaamodt.com\/blog\/2011\/05\/28\/forside-i-klatring-climbing-photography-in-norway\/\",\"name\":\"Norsk Klatring | Climbing Photography in Norway | Terje Aamodt Photography blog\",\"isPartOf\":{\"@id\":\"https:\/\/www.terjeaamodt.com\/blog\/#website\"},\"primaryImageOfPage\":{\"@id\":\"https:\/\/www.terjeaamodt.com\/blog\/2011\/05\/28\/forside-i-klatring-climbing-photography-in-norway\/#primaryimage\"},\"image\":{\"@id\":\"https:\/\/www.terjeaamodt.com\/blog\/2011\/05\/28\/forside-i-klatring-climbing-photography-in-norway\/#primaryimage\"},\"thumbnailUrl\":\"http:\/\/www.terjeaamodt.com\/blog\/wp-content\/uploads\/2011\/05\/2011052_klatring_01.jpg\",\"datePublished\":\"2011-05-28T09:34:17+00:00\",\"dateModified\":\"2011-05-28T15:43:17+00:00\",\"author\":{\"@id\":\"https:\/\/www.terjeaamodt.com\/blog\/#\/schema\/person\/421fe074073d41cf4e17a2aaa426f5bd\"},\"breadcrumb\":{\"@id\":\"https:\/\/www.terjeaamodt.com\/blog\/2011\/05\/28\/forside-i-klatring-climbing-photography-in-norway\/#breadcrumb\"},\"inLanguage\":\"nb-NO\",\"potentialAction\":[{\"@type\":\"ReadAction\",\"target\":[\"https:\/\/www.terjeaamodt.com\/blog\/2011\/05\/28\/forside-i-klatring-climbing-photography-in-norway\/\"]}]},{\"@type\":\"ImageObject\",\"inLanguage\":\"nb-NO\",\"@id\":\"https:\/\/www.terjeaamodt.com\/blog\/2011\/05\/28\/forside-i-klatring-climbing-photography-in-norway\/#primaryimage\",\"url\":\"http:\/\/www.terjeaamodt.com\/blog\/wp-content\/uploads\/2011\/05\/2011052_klatring_01.jpg\",\"contentUrl\":\"http:\/\/www.terjeaamodt.com\/blog\/wp-content\/uploads\/2011\/05\/2011052_klatring_01.jpg\"},{\"@type\":\"BreadcrumbList\",\"@id\":\"https:\/\/www.terjeaamodt.com\/blog\/2011\/05\/28\/forside-i-klatring-climbing-photography-in-norway\/#breadcrumb\",\"itemListElement\":[{\"@type\":\"ListItem\",\"position\":1,\"name\":\"Home\",\"item\":\"https:\/\/www.terjeaamodt.com\/blog\/\"},{\"@type\":\"ListItem\",\"position\":2,\"name\":\"Norsk Klatring | Climbing Photography in Norway\"}]},{\"@type\":\"WebSite\",\"@id\":\"https:\/\/www.terjeaamodt.com\/blog\/#website\",\"url\":\"https:\/\/www.terjeaamodt.com\/blog\/\",\"name\":\"Terje Aamodt Photography blog\",\"description\":\"\",\"potentialAction\":[{\"@type\":\"SearchAction\",\"target\":{\"@type\":\"EntryPoint\",\"urlTemplate\":\"https:\/\/www.terjeaamodt.com\/blog\/?s={search_term_string}\"},\"query-input\":{\"@type\":\"PropertyValueSpecification\",\"valueRequired\":true,\"valueName\":\"search_term_string\"}}],\"inLanguage\":\"nb-NO\"},{\"@type\":\"Person\",\"@id\":\"https:\/\/www.terjeaamodt.com\/blog\/#\/schema\/person\/421fe074073d41cf4e17a2aaa426f5bd\",\"name\":\"Terje Aamodt\",\"image\":{\"@type\":\"ImageObject\",\"inLanguage\":\"nb-NO\",\"@id\":\"https:\/\/www.terjeaamodt.com\/blog\/#\/schema\/person\/image\/\",\"url\":\"https:\/\/secure.gravatar.com\/avatar\/42c15fcafccc8dea0466e1f48bbabee5d657af333b66d515f227538e430e6f37?s=96&d=mm&r=g\",\"contentUrl\":\"https:\/\/secure.gravatar.com\/avatar\/42c15fcafccc8dea0466e1f48bbabee5d657af333b66d515f227538e430e6f37?s=96&d=mm&r=g\",\"caption\":\"Terje Aamodt\"},\"description\":\"Terje Aamodt, fotograf og klattrer\",\"sameAs\":[\"http:\/\/www.terjeaamodt.com\"],\"url\":\"https:\/\/www.terjeaamodt.com\/blog\/author\/admin\/\"}]}<\/script>\n<!-- \/ Yoast SEO plugin. -->","yoast_head_json":{"title":"Norsk Klatring | Climbing Photography in Norway | Terje Aamodt Photography blog","robots":{"index":"index","follow":"follow","max-snippet":"max-snippet:-1","max-image-preview":"max-image-preview:large","max-video-preview":"max-video-preview:-1"},"canonical":"https:\/\/www.terjeaamodt.com\/blog\/2011\/05\/28\/forside-i-klatring-climbing-photography-in-norway\/","og_locale":"nb_NO","og_type":"article","og_title":"Norsk Klatring | Climbing Photography in Norway | Terje Aamodt Photography blog","og_description":"Det var en gledelig overaskelse \u00e5 lese siste utgave av Klatring da det kom i posten for noen dager siden. Bildene mine var representert p\u00e5 ikke mindre en 12 sider inkludert forsiden. P\u00e5 forsiden er det Rannveig Aamodt som leder At du T\u00f8r (6+) p\u00e5 Stabben i Julsundet sikret av Maja Gr\u00f8nset. At du t\u00f8r [&hellip;]","og_url":"https:\/\/www.terjeaamodt.com\/blog\/2011\/05\/28\/forside-i-klatring-climbing-photography-in-norway\/","og_site_name":"Terje Aamodt Photography blog","article_publisher":"https:\/\/www.facebook.com\/Terje-Aamodt-Photography-161544107229708\/?ref=hl","article_published_time":"2011-05-28T09:34:17+00:00","article_modified_time":"2011-05-28T15:43:17+00:00","og_image":[{"url":"http:\/\/www.terjeaamodt.com\/blog\/wp-content\/uploads\/2011\/05\/2011052_klatring_01.jpg","type":"","width":"","height":""}],"author":"Terje Aamodt","twitter_card":"summary_large_image","twitter_creator":"@aamodtfoto","twitter_site":"@aamodtfoto","twitter_misc":{"Skrevet av":"Terje Aamodt","Ansl. lesetid":"1 minutt"},"schema":{"@context":"https:\/\/schema.org","@graph":[{"@type":"Article","@id":"https:\/\/www.terjeaamodt.com\/blog\/2011\/05\/28\/forside-i-klatring-climbing-photography-in-norway\/#article","isPartOf":{"@id":"https:\/\/www.terjeaamodt.com\/blog\/2011\/05\/28\/forside-i-klatring-climbing-photography-in-norway\/"},"author":{"name":"Terje Aamodt","@id":"https:\/\/www.terjeaamodt.com\/blog\/#\/schema\/person\/421fe074073d41cf4e17a2aaa426f5bd"},"headline":"Norsk Klatring | Climbing Photography in Norway","datePublished":"2011-05-28T09:34:17+00:00","dateModified":"2011-05-28T15:43:17+00:00","mainEntityOfPage":{"@id":"https:\/\/www.terjeaamodt.com\/blog\/2011\/05\/28\/forside-i-klatring-climbing-photography-in-norway\/"},"wordCount":141,"commentCount":1,"image":{"@id":"https:\/\/www.terjeaamodt.com\/blog\/2011\/05\/28\/forside-i-klatring-climbing-photography-in-norway\/#primaryimage"},"thumbnailUrl":"http:\/\/www.terjeaamodt.com\/blog\/wp-content\/uploads\/2011\/05\/2011052_klatring_01.jpg","keywords":["climbing photography Norway","Julsundet","klatre foto","klatrebilder","klatring"],"articleSection":["klatring","livsstil","Presse","Sport"],"inLanguage":"nb-NO","potentialAction":[{"@type":"CommentAction","name":"Comment","target":["https:\/\/www.terjeaamodt.com\/blog\/2011\/05\/28\/forside-i-klatring-climbing-photography-in-norway\/#respond"]}]},{"@type":"WebPage","@id":"https:\/\/www.terjeaamodt.com\/blog\/2011\/05\/28\/forside-i-klatring-climbing-photography-in-norway\/","url":"https:\/\/www.terjeaamodt.com\/blog\/2011\/05\/28\/forside-i-klatring-climbing-photography-in-norway\/","name":"Norsk Klatring | Climbing Photography in Norway | Terje Aamodt Photography blog","isPartOf":{"@id":"https:\/\/www.terjeaamodt.com\/blog\/#website"},"primaryImageOfPage":{"@id":"https:\/\/www.terjeaamodt.com\/blog\/2011\/05\/28\/forside-i-klatring-climbing-photography-in-norway\/#primaryimage"},"image":{"@id":"https:\/\/www.terjeaamodt.com\/blog\/2011\/05\/28\/forside-i-klatring-climbing-photography-in-norway\/#primaryimage"},"thumbnailUrl":"http:\/\/www.terjeaamodt.com\/blog\/wp-content\/uploads\/2011\/05\/2011052_klatring_01.jpg","datePublished":"2011-05-28T09:34:17+00:00","dateModified":"2011-05-28T15:43:17+00:00","author":{"@id":"https:\/\/www.terjeaamodt.com\/blog\/#\/schema\/person\/421fe074073d41cf4e17a2aaa426f5bd"},"breadcrumb":{"@id":"https:\/\/www.terjeaamodt.com\/blog\/2011\/05\/28\/forside-i-klatring-climbing-photography-in-norway\/#breadcrumb"},"inLanguage":"nb-NO","potentialAction":[{"@type":"ReadAction","target":["https:\/\/www.terjeaamodt.com\/blog\/2011\/05\/28\/forside-i-klatring-climbing-photography-in-norway\/"]}]},{"@type":"ImageObject","inLanguage":"nb-NO","@id":"https:\/\/www.terjeaamodt.com\/blog\/2011\/05\/28\/forside-i-klatring-climbing-photography-in-norway\/#primaryimage","url":"http:\/\/www.terjeaamodt.com\/blog\/wp-content\/uploads\/2011\/05\/2011052_klatring_01.jpg","contentUrl":"http:\/\/www.terjeaamodt.com\/blog\/wp-content\/uploads\/2011\/05\/2011052_klatring_01.jpg"},{"@type":"BreadcrumbList","@id":"https:\/\/www.terjeaamodt.com\/blog\/2011\/05\/28\/forside-i-klatring-climbing-photography-in-norway\/#breadcrumb","itemListElement":[{"@type":"ListItem","position":1,"name":"Home","item":"https:\/\/www.terjeaamodt.com\/blog\/"},{"@type":"ListItem","position":2,"name":"Norsk Klatring | Climbing Photography in Norway"}]},{"@type":"WebSite","@id":"https:\/\/www.terjeaamodt.com\/blog\/#website","url":"https:\/\/www.terjeaamodt.com\/blog\/","name":"Terje Aamodt Photography blog","description":"","potentialAction":[{"@type":"SearchAction","target":{"@type":"EntryPoint","urlTemplate":"https:\/\/www.terjeaamodt.com\/blog\/?s={search_term_string}"},"query-input":{"@type":"PropertyValueSpecification","valueRequired":true,"valueName":"search_term_string"}}],"inLanguage":"nb-NO"},{"@type":"Person","@id":"https:\/\/www.terjeaamodt.com\/blog\/#\/schema\/person\/421fe074073d41cf4e17a2aaa426f5bd","name":"Terje Aamodt","image":{"@type":"ImageObject","inLanguage":"nb-NO","@id":"https:\/\/www.terjeaamodt.com\/blog\/#\/schema\/person\/image\/","url":"https:\/\/secure.gravatar.com\/avatar\/42c15fcafccc8dea0466e1f48bbabee5d657af333b66d515f227538e430e6f37?s=96&d=mm&r=g","contentUrl":"https:\/\/secure.gravatar.com\/avatar\/42c15fcafccc8dea0466e1f48bbabee5d657af333b66d515f227538e430e6f37?s=96&d=mm&r=g","caption":"Terje Aamodt"},"description":"Terje Aamodt, fotograf og klattrer","sameAs":["http:\/\/www.terjeaamodt.com"],"url":"https:\/\/www.terjeaamodt.com\/blog\/author\/admin\/"}]}},"_links":{"self":[{"href":"https:\/\/www.terjeaamodt.com\/blog\/wp-json\/wp\/v2\/posts\/2989","targetHints":{"allow":["GET"]}}],"collection":[{"href":"https:\/\/www.terjeaamodt.com\/blog\/wp-json\/wp\/v2\/posts"}],"about":[{"href":"https:\/\/www.terjeaamodt.com\/blog\/wp-json\/wp\/v2\/types\/post"}],"author":[{"embeddable":true,"href":"https:\/\/www.terjeaamodt.com\/blog\/wp-json\/wp\/v2\/users\/1"}],"replies":[{"embeddable":true,"href":"https:\/\/www.terjeaamodt.com\/blog\/wp-json\/wp\/v2\/comments?post=2989"}],"version-history":[{"count":1,"href":"https:\/\/www.terjeaamodt.com\/blog\/wp-json\/wp\/v2\/posts\/2989\/revisions"}],"predecessor-version":[{"id":2990,"href":"https:\/\/www.terjeaamodt.com\/blog\/wp-json\/wp\/v2\/posts\/2989\/revisions\/2990"}],"wp:attachment":[{"href":"https:\/\/www.terjeaamodt.com\/blog\/wp-json\/wp\/v2\/media?parent=2989"}],"wp:term":[{"taxonomy":"category","embeddable":true,"href":"https:\/\/www.terjeaamodt.com\/blog\/wp-json\/wp\/v2\/categories?post=2989"},{"taxonomy":"post_tag","embeddable":true,"href":"https:\/\/www.terjeaamodt.com\/blog\/wp-json\/wp\/v2\/tags?post=2989"}],"curies":[{"name":"wp","href":"https:\/\/api.w.org\/{rel}","templated":true}]}}