{"id":3245,"date":"2011-09-14T14:04:29","date_gmt":"2011-09-14T19:04:29","guid":{"rendered":"http:\/\/www.terjeaamodt.com\/blog\/2011\/09\/14\/bryllup-alesund-alesund-kirke-alnes-stig-cecilie\/"},"modified":"2011-09-14T14:41:35","modified_gmt":"2011-09-14T19:41:35","slug":"bryllup-alesund-alesund-kirke-alnes-stig-cecilie","status":"publish","type":"post","link":"https:\/\/www.terjeaamodt.com\/blog\/2011\/09\/14\/bryllup-alesund-alesund-kirke-alnes-stig-cecilie\/","title":{"rendered":"Bryllup \u00c5lesund | \u00c5lesund kirke | Alnes | Stig &#038; Cecilie"},"content":{"rendered":"<p>13. august tok vi turen over fjorden og til \u00c5lesund for \u00e5 forevige den store dagen til Stig og Cecilie. Etter en flott vielse i \u00c5lesund kirke gikk turen videre ut til Alnes for \u00e5 ta bilder. Her badet stranda i sol, og smil og latter satt l\u00f8st p\u00e5 oss alle, mens vi koste oss barfotet i den varme sanden.<\/p>\n<p>Skikkelig luksus for for oss \u00e5 f\u00e5 g\u00e5 rundt barbeint p\u00e5 jobb \ud83d\ude42<\/p>\n<p>Etter en koselig fotoseanse gikk turen til videre til <a href=\"http:\/\/storfjordhotel.com\/\" title=\"Storfjord Hotel\">Storfjord hotel<\/a>, en liten perle som var \u00e5 finne i enden av en kronglete grusvei ikke langt fra Skodje. Her var det god og intim stemning med nydelig utsikt over Storfjord.<\/p>\n<p>Tusen takk til dere begge for en flott og nydelig dag!<\/p>\n<p>Under kommer noen favoritter fra dagen, etterfulgt av ett slideshow.<\/p>\n<p>\u00c5 husk: f\u00f8lg gjerne med p\u00e5 <a href=\"http:\/\/www.facebook.com\/pages\/Terje-Aamodt-Photography\/161544107229708\" title=\"FACEBOOK\"><b>FACEBOOK<\/b><\/a>&nbsp;&nbsp;siden min, eller <a href=\"feed:\/\/www.terjeaamodt.com\/blog\/feed\/\" title=\"SUBSCRIBE\"><b>SUBSCRIBE<\/b><\/a> for oppdateringer.<\/p>\n<p>\n<img decoding=\"async\" src=\"http:\/\/www.terjeaamodt.com\/blog\/wp-content\/uploads\/2011\/09\/bryllupsbilder_alnes_00011.jpg\" width=\"1000\" height=\"667\" alt=\"bryllupsbilder_alnes_0001.jpg\" \/> <img decoding=\"async\" src=\"http:\/\/www.terjeaamodt.com\/blog\/wp-content\/uploads\/2011\/09\/bryllupsbilder_alnes_00021.jpg\" width=\"667\" height=\"1000\" alt=\"bryllupsbilder_alnes_0002.jpg\" \/> <img decoding=\"async\" src=\"http:\/\/www.terjeaamodt.com\/blog\/wp-content\/uploads\/2011\/09\/bryllupsbilder_alnes_00031.jpg\" width=\"1000\" height=\"667\" alt=\"bryllupsbilder_alnes_0003.jpg\" \/> <img decoding=\"async\" src=\"http:\/\/www.terjeaamodt.com\/blog\/wp-content\/uploads\/2011\/09\/bryllupsbilder_alnes_00041.jpg\" width=\"1000\" height=\"667\" alt=\"bryllupsbilder_alnes_0004.jpg\" \/> <img decoding=\"async\" src=\"http:\/\/www.terjeaamodt.com\/blog\/wp-content\/uploads\/2011\/09\/bryllupsbilder_alnes_00051.jpg\" width=\"667\" height=\"1000\" alt=\"bryllupsbilder_alnes_0005.jpg\" \/> <img decoding=\"async\" src=\"http:\/\/www.terjeaamodt.com\/blog\/wp-content\/uploads\/2011\/09\/bryllupsbilder_alnes_00061.jpg\" width=\"1000\" height=\"667\" alt=\"bryllupsbilder_alnes_0006.jpg\" \/> <img decoding=\"async\" src=\"http:\/\/www.terjeaamodt.com\/blog\/wp-content\/uploads\/2011\/09\/bryllupsbilder_alnes_00071.jpg\" width=\"667\" height=\"1000\" alt=\"bryllupsbilder_alnes_0007.jpg\" \/> <img decoding=\"async\" src=\"http:\/\/www.terjeaamodt.com\/blog\/wp-content\/uploads\/2011\/09\/bryllupsbilder_alnes_00081.jpg\" width=\"1000\" height=\"667\" alt=\"bryllupsbilder_alnes_0008.jpg\" \/> <img decoding=\"async\" src=\"http:\/\/www.terjeaamodt.com\/blog\/wp-content\/uploads\/2011\/09\/bryllupsbilder_alnes_00091.jpg\" width=\"1000\" height=\"667\" alt=\"bryllupsbilder_alnes_0009.jpg\" \/> <img decoding=\"async\" src=\"http:\/\/www.terjeaamodt.com\/blog\/wp-content\/uploads\/2011\/09\/bryllupsbilder_alnes_00101.jpg\" width=\"1000\" height=\"667\" alt=\"bryllupsbilder_alnes_0010.jpg\" \/> <img decoding=\"async\" src=\"http:\/\/www.terjeaamodt.com\/blog\/wp-content\/uploads\/2011\/09\/bryllupsbilder_alnes_00111.jpg\" width=\"1000\" height=\"667\" alt=\"bryllupsbilder_alnes_0011.jpg\" \/> <img decoding=\"async\" src=\"http:\/\/www.terjeaamodt.com\/blog\/wp-content\/uploads\/2011\/09\/bryllupsbilder_alnes_00121.jpg\" width=\"1000\" height=\"667\" alt=\"bryllupsbilder_alnes_0012.jpg\" \/> <img decoding=\"async\" src=\"http:\/\/www.terjeaamodt.com\/blog\/wp-content\/uploads\/2011\/09\/bryllupsbilder_alnes_00131.jpg\" width=\"667\" height=\"1000\" alt=\"bryllupsbilder_alnes_0013.jpg\" \/> <img decoding=\"async\" src=\"http:\/\/www.terjeaamodt.com\/blog\/wp-content\/uploads\/2011\/09\/bryllupsbilder_alnes_00141.jpg\" width=\"1000\" height=\"667\" alt=\"bryllupsbilder_alnes_0014.jpg\" \/> <img decoding=\"async\" src=\"http:\/\/www.terjeaamodt.com\/blog\/wp-content\/uploads\/2011\/09\/bryllupsbilder_alnes_00151.jpg\" width=\"1000\" height=\"667\" alt=\"bryllupsbilder_alnes_0015.jpg\" \/> <img decoding=\"async\" src=\"http:\/\/www.terjeaamodt.com\/blog\/wp-content\/uploads\/2011\/09\/bryllupsbilder_alnes_00161.jpg\" width=\"1000\" height=\"667\" alt=\"bryllupsbilder_alnes_0016.jpg\" \/> <img decoding=\"async\" src=\"http:\/\/www.terjeaamodt.com\/blog\/wp-content\/uploads\/2011\/09\/bryllupsbilder_alnes_00171.jpg\" width=\"1000\" height=\"667\" alt=\"bryllupsbilder_alnes_0017.jpg\" \/> <img decoding=\"async\" src=\"http:\/\/www.terjeaamodt.com\/blog\/wp-content\/uploads\/2011\/09\/bryllupsbilder_alnes_00181.jpg\" width=\"1000\" height=\"667\" alt=\"bryllupsbilder_alnes_0018.jpg\" \/> <img decoding=\"async\" src=\"http:\/\/www.terjeaamodt.com\/blog\/wp-content\/uploads\/2011\/09\/bryllupsbilder_alnes_00191.jpg\" width=\"1000\" height=\"667\" alt=\"bryllupsbilder_alnes_0019.jpg\" \/> <img decoding=\"async\" src=\"http:\/\/www.terjeaamodt.com\/blog\/wp-content\/uploads\/2011\/09\/bryllupsbilder_alnes_00201.jpg\" width=\"1000\" height=\"667\" alt=\"bryllupsbilder_alnes_0020.jpg\" \/> <img decoding=\"async\" src=\"http:\/\/www.terjeaamodt.com\/blog\/wp-content\/uploads\/2011\/09\/bryllupsbilder_alnes_0021.jpg\" width=\"1000\" height=\"667\" alt=\"bryllupsbilder_alnes_0021.jpg\" \/> <img decoding=\"async\" src=\"http:\/\/www.terjeaamodt.com\/blog\/wp-content\/uploads\/2011\/09\/bryllupsbilder_alnes_0022.jpg\" width=\"1000\" height=\"667\" alt=\"bryllupsbilder_alnes_0022.jpg\" \/> <img decoding=\"async\" src=\"http:\/\/www.terjeaamodt.com\/blog\/wp-content\/uploads\/2011\/09\/bryllupsbilder_alnes_0023.jpg\" width=\"1000\" height=\"667\" alt=\"bryllupsbilder_alnes_0023.jpg\" \/> <img decoding=\"async\" src=\"http:\/\/www.terjeaamodt.com\/blog\/wp-content\/uploads\/2011\/09\/bryllupsbilder_alnes_0024.jpg\" width=\"1000\" height=\"667\" alt=\"bryllupsbilder_alnes_0024.jpg\" \/><\/p>\n<p><object type=\"application\/x-shockwave-flash\" width=\"950\" height=\"630\" id=\"showit_swf\" data=\"http:\/\/www.terjeaamodt.com\/slideshows\/20110813_stigogcecilie\/showit.swf\"><param name=\"movie\" value=\"http:\/\/www.terjeaamodt.com\/slideshows\/20110813_stigogcecilie\/showit.swf\" \/><param name=\"flashvars\" value=\"showit_embed=http:\/\/www.terjeaamodt.com\/slideshows\/20110813_stigogcecilie\/|950|630|1|0|0\" \/><param name=\"wmode\" value=\"transparent\" \/><param name=\"salign\" value=\"LT\" \/><param name=\"menu\" value=\"false\" \/><param name=\"loop\" value=\"false\" \/><param name=\"quality\" value=\"best\" \/><param name=\"bgcolor\" value=\"#FFFFFF\" \/><\/object><\/p>\n","protected":false},"excerpt":{"rendered":"<p>13. august tok vi turen over fjorden og til \u00c5lesund for \u00e5 forevige den store dagen til Stig og Cecilie. Etter en flott vielse i \u00c5lesund kirke gikk turen videre ut til Alnes for \u00e5 ta bilder. Her badet stranda i sol, og smil og latter satt l\u00f8st p\u00e5 oss alle, mens vi koste oss [&hellip;]<\/p>\n","protected":false},"author":1,"featured_media":0,"comment_status":"open","ping_status":"closed","sticky":false,"template":"","format":"standard","meta":{"footnotes":""},"categories":[3],"tags":[236,640,18,234,235,25,204,237],"class_list":["post-3245","post","type-post","status-publish","format-standard","hentry","category-bryllup","tag-al","tag-bryllup","tag-bryllupsbilder","tag-bryllupsbilder-alesund","tag-bryllupsbilder-alnes","tag-bryllupsfoto","tag-bryllupsfotograf-alesund","tag-storfjord-hotel"],"yoast_head":"<!-- This site is optimized with the Yoast SEO plugin v27.1.1 - https:\/\/yoast.com\/product\/yoast-seo-wordpress\/ -->\n<title>Bryllup \u00c5lesund | \u00c5lesund kirke | Alnes | Stig &amp; Cecilie | Terje Aamodt Photography blog<\/title>\n<meta name=\"robots\" content=\"index, follow, max-snippet:-1, max-image-preview:large, max-video-preview:-1\" \/>\n<link rel=\"canonical\" href=\"https:\/\/www.terjeaamodt.com\/blog\/2011\/09\/14\/bryllup-alesund-alesund-kirke-alnes-stig-cecilie\/\" \/>\n<meta property=\"og:locale\" content=\"nb_NO\" \/>\n<meta property=\"og:type\" content=\"article\" \/>\n<meta property=\"og:title\" content=\"Bryllup \u00c5lesund | \u00c5lesund kirke | Alnes | Stig &amp; Cecilie | Terje Aamodt Photography blog\" \/>\n<meta property=\"og:description\" content=\"13. august tok vi turen over fjorden og til \u00c5lesund for \u00e5 forevige den store dagen til Stig og Cecilie. Etter en flott vielse i \u00c5lesund kirke gikk turen videre ut til Alnes for \u00e5 ta bilder. Her badet stranda i sol, og smil og latter satt l\u00f8st p\u00e5 oss alle, mens vi koste oss [&hellip;]\" \/>\n<meta property=\"og:url\" content=\"https:\/\/www.terjeaamodt.com\/blog\/2011\/09\/14\/bryllup-alesund-alesund-kirke-alnes-stig-cecilie\/\" \/>\n<meta property=\"og:site_name\" content=\"Terje Aamodt Photography blog\" \/>\n<meta property=\"article:publisher\" content=\"https:\/\/www.facebook.com\/Terje-Aamodt-Photography-161544107229708\/?ref=hl\" \/>\n<meta property=\"article:published_time\" content=\"2011-09-14T19:04:29+00:00\" \/>\n<meta property=\"article:modified_time\" content=\"2011-09-14T19:41:35+00:00\" \/>\n<meta property=\"og:image\" content=\"http:\/\/www.terjeaamodt.com\/blog\/wp-content\/uploads\/2011\/09\/bryllupsbilder_alnes_00011.jpg\" \/>\n<meta name=\"author\" content=\"Terje Aamodt\" \/>\n<meta name=\"twitter:card\" content=\"summary_large_image\" \/>\n<meta name=\"twitter:creator\" content=\"@aamodtfoto\" \/>\n<meta name=\"twitter:site\" content=\"@aamodtfoto\" \/>\n<meta name=\"twitter:label1\" content=\"Skrevet av\" \/>\n\t<meta name=\"twitter:data1\" content=\"Terje Aamodt\" \/>\n\t<meta name=\"twitter:label2\" content=\"Ansl. lesetid\" \/>\n\t<meta name=\"twitter:data2\" content=\"1 minutt\" \/>\n<script type=\"application\/ld+json\" class=\"yoast-schema-graph\">{\"@context\":\"https:\/\/schema.org\",\"@graph\":[{\"@type\":\"Article\",\"@id\":\"https:\/\/www.terjeaamodt.com\/blog\/2011\/09\/14\/bryllup-alesund-alesund-kirke-alnes-stig-cecilie\/#article\",\"isPartOf\":{\"@id\":\"https:\/\/www.terjeaamodt.com\/blog\/2011\/09\/14\/bryllup-alesund-alesund-kirke-alnes-stig-cecilie\/\"},\"author\":{\"name\":\"Terje Aamodt\",\"@id\":\"https:\/\/www.terjeaamodt.com\/blog\/#\/schema\/person\/421fe074073d41cf4e17a2aaa426f5bd\"},\"headline\":\"Bryllup \u00c5lesund | \u00c5lesund kirke | Alnes | Stig &#038; Cecilie\",\"datePublished\":\"2011-09-14T19:04:29+00:00\",\"dateModified\":\"2011-09-14T19:41:35+00:00\",\"mainEntityOfPage\":{\"@id\":\"https:\/\/www.terjeaamodt.com\/blog\/2011\/09\/14\/bryllup-alesund-alesund-kirke-alnes-stig-cecilie\/\"},\"wordCount\":152,\"commentCount\":3,\"image\":{\"@id\":\"https:\/\/www.terjeaamodt.com\/blog\/2011\/09\/14\/bryllup-alesund-alesund-kirke-alnes-stig-cecilie\/#primaryimage\"},\"thumbnailUrl\":\"http:\/\/www.terjeaamodt.com\/blog\/wp-content\/uploads\/2011\/09\/bryllupsbilder_alnes_00011.jpg\",\"keywords\":[\"Al\",\"Bryllup\",\"Bryllupsbilder\",\"bryllupsbilder \u00c5lesund\",\"Bryllupsbilder Alnes\",\"Bryllupsfoto\",\"bryllupsfotograf \u00c5lesund\",\"Storfjord Hotel\"],\"articleSection\":[\"Bryllup\"],\"inLanguage\":\"nb-NO\",\"potentialAction\":[{\"@type\":\"CommentAction\",\"name\":\"Comment\",\"target\":[\"https:\/\/www.terjeaamodt.com\/blog\/2011\/09\/14\/bryllup-alesund-alesund-kirke-alnes-stig-cecilie\/#respond\"]}]},{\"@type\":\"WebPage\",\"@id\":\"https:\/\/www.terjeaamodt.com\/blog\/2011\/09\/14\/bryllup-alesund-alesund-kirke-alnes-stig-cecilie\/\",\"url\":\"https:\/\/www.terjeaamodt.com\/blog\/2011\/09\/14\/bryllup-alesund-alesund-kirke-alnes-stig-cecilie\/\",\"name\":\"Bryllup \u00c5lesund | \u00c5lesund kirke | Alnes | Stig & Cecilie | Terje Aamodt Photography blog\",\"isPartOf\":{\"@id\":\"https:\/\/www.terjeaamodt.com\/blog\/#website\"},\"primaryImageOfPage\":{\"@id\":\"https:\/\/www.terjeaamodt.com\/blog\/2011\/09\/14\/bryllup-alesund-alesund-kirke-alnes-stig-cecilie\/#primaryimage\"},\"image\":{\"@id\":\"https:\/\/www.terjeaamodt.com\/blog\/2011\/09\/14\/bryllup-alesund-alesund-kirke-alnes-stig-cecilie\/#primaryimage\"},\"thumbnailUrl\":\"http:\/\/www.terjeaamodt.com\/blog\/wp-content\/uploads\/2011\/09\/bryllupsbilder_alnes_00011.jpg\",\"datePublished\":\"2011-09-14T19:04:29+00:00\",\"dateModified\":\"2011-09-14T19:41:35+00:00\",\"author\":{\"@id\":\"https:\/\/www.terjeaamodt.com\/blog\/#\/schema\/person\/421fe074073d41cf4e17a2aaa426f5bd\"},\"breadcrumb\":{\"@id\":\"https:\/\/www.terjeaamodt.com\/blog\/2011\/09\/14\/bryllup-alesund-alesund-kirke-alnes-stig-cecilie\/#breadcrumb\"},\"inLanguage\":\"nb-NO\",\"potentialAction\":[{\"@type\":\"ReadAction\",\"target\":[\"https:\/\/www.terjeaamodt.com\/blog\/2011\/09\/14\/bryllup-alesund-alesund-kirke-alnes-stig-cecilie\/\"]}]},{\"@type\":\"ImageObject\",\"inLanguage\":\"nb-NO\",\"@id\":\"https:\/\/www.terjeaamodt.com\/blog\/2011\/09\/14\/bryllup-alesund-alesund-kirke-alnes-stig-cecilie\/#primaryimage\",\"url\":\"http:\/\/www.terjeaamodt.com\/blog\/wp-content\/uploads\/2011\/09\/bryllupsbilder_alnes_00011.jpg\",\"contentUrl\":\"http:\/\/www.terjeaamodt.com\/blog\/wp-content\/uploads\/2011\/09\/bryllupsbilder_alnes_00011.jpg\"},{\"@type\":\"BreadcrumbList\",\"@id\":\"https:\/\/www.terjeaamodt.com\/blog\/2011\/09\/14\/bryllup-alesund-alesund-kirke-alnes-stig-cecilie\/#breadcrumb\",\"itemListElement\":[{\"@type\":\"ListItem\",\"position\":1,\"name\":\"Home\",\"item\":\"https:\/\/www.terjeaamodt.com\/blog\/\"},{\"@type\":\"ListItem\",\"position\":2,\"name\":\"Bryllup \u00c5lesund | \u00c5lesund kirke | Alnes | Stig &#038; Cecilie\"}]},{\"@type\":\"WebSite\",\"@id\":\"https:\/\/www.terjeaamodt.com\/blog\/#website\",\"url\":\"https:\/\/www.terjeaamodt.com\/blog\/\",\"name\":\"Terje Aamodt Photography blog\",\"description\":\"\",\"potentialAction\":[{\"@type\":\"SearchAction\",\"target\":{\"@type\":\"EntryPoint\",\"urlTemplate\":\"https:\/\/www.terjeaamodt.com\/blog\/?s={search_term_string}\"},\"query-input\":{\"@type\":\"PropertyValueSpecification\",\"valueRequired\":true,\"valueName\":\"search_term_string\"}}],\"inLanguage\":\"nb-NO\"},{\"@type\":\"Person\",\"@id\":\"https:\/\/www.terjeaamodt.com\/blog\/#\/schema\/person\/421fe074073d41cf4e17a2aaa426f5bd\",\"name\":\"Terje Aamodt\",\"image\":{\"@type\":\"ImageObject\",\"inLanguage\":\"nb-NO\",\"@id\":\"https:\/\/www.terjeaamodt.com\/blog\/#\/schema\/person\/image\/\",\"url\":\"https:\/\/secure.gravatar.com\/avatar\/42c15fcafccc8dea0466e1f48bbabee5d657af333b66d515f227538e430e6f37?s=96&d=mm&r=g\",\"contentUrl\":\"https:\/\/secure.gravatar.com\/avatar\/42c15fcafccc8dea0466e1f48bbabee5d657af333b66d515f227538e430e6f37?s=96&d=mm&r=g\",\"caption\":\"Terje Aamodt\"},\"description\":\"Terje Aamodt, fotograf og klattrer\",\"sameAs\":[\"http:\/\/www.terjeaamodt.com\"],\"url\":\"https:\/\/www.terjeaamodt.com\/blog\/author\/admin\/\"}]}<\/script>\n<!-- \/ Yoast SEO plugin. -->","yoast_head_json":{"title":"Bryllup \u00c5lesund | \u00c5lesund kirke | Alnes | Stig & Cecilie | Terje Aamodt Photography blog","robots":{"index":"index","follow":"follow","max-snippet":"max-snippet:-1","max-image-preview":"max-image-preview:large","max-video-preview":"max-video-preview:-1"},"canonical":"https:\/\/www.terjeaamodt.com\/blog\/2011\/09\/14\/bryllup-alesund-alesund-kirke-alnes-stig-cecilie\/","og_locale":"nb_NO","og_type":"article","og_title":"Bryllup \u00c5lesund | \u00c5lesund kirke | Alnes | Stig & Cecilie | Terje Aamodt Photography blog","og_description":"13. august tok vi turen over fjorden og til \u00c5lesund for \u00e5 forevige den store dagen til Stig og Cecilie. Etter en flott vielse i \u00c5lesund kirke gikk turen videre ut til Alnes for \u00e5 ta bilder. Her badet stranda i sol, og smil og latter satt l\u00f8st p\u00e5 oss alle, mens vi koste oss [&hellip;]","og_url":"https:\/\/www.terjeaamodt.com\/blog\/2011\/09\/14\/bryllup-alesund-alesund-kirke-alnes-stig-cecilie\/","og_site_name":"Terje Aamodt Photography blog","article_publisher":"https:\/\/www.facebook.com\/Terje-Aamodt-Photography-161544107229708\/?ref=hl","article_published_time":"2011-09-14T19:04:29+00:00","article_modified_time":"2011-09-14T19:41:35+00:00","og_image":[{"url":"http:\/\/www.terjeaamodt.com\/blog\/wp-content\/uploads\/2011\/09\/bryllupsbilder_alnes_00011.jpg","type":"","width":"","height":""}],"author":"Terje Aamodt","twitter_card":"summary_large_image","twitter_creator":"@aamodtfoto","twitter_site":"@aamodtfoto","twitter_misc":{"Skrevet av":"Terje Aamodt","Ansl. lesetid":"1 minutt"},"schema":{"@context":"https:\/\/schema.org","@graph":[{"@type":"Article","@id":"https:\/\/www.terjeaamodt.com\/blog\/2011\/09\/14\/bryllup-alesund-alesund-kirke-alnes-stig-cecilie\/#article","isPartOf":{"@id":"https:\/\/www.terjeaamodt.com\/blog\/2011\/09\/14\/bryllup-alesund-alesund-kirke-alnes-stig-cecilie\/"},"author":{"name":"Terje Aamodt","@id":"https:\/\/www.terjeaamodt.com\/blog\/#\/schema\/person\/421fe074073d41cf4e17a2aaa426f5bd"},"headline":"Bryllup \u00c5lesund | \u00c5lesund kirke | Alnes | Stig &#038; Cecilie","datePublished":"2011-09-14T19:04:29+00:00","dateModified":"2011-09-14T19:41:35+00:00","mainEntityOfPage":{"@id":"https:\/\/www.terjeaamodt.com\/blog\/2011\/09\/14\/bryllup-alesund-alesund-kirke-alnes-stig-cecilie\/"},"wordCount":152,"commentCount":3,"image":{"@id":"https:\/\/www.terjeaamodt.com\/blog\/2011\/09\/14\/bryllup-alesund-alesund-kirke-alnes-stig-cecilie\/#primaryimage"},"thumbnailUrl":"http:\/\/www.terjeaamodt.com\/blog\/wp-content\/uploads\/2011\/09\/bryllupsbilder_alnes_00011.jpg","keywords":["Al","Bryllup","Bryllupsbilder","bryllupsbilder \u00c5lesund","Bryllupsbilder Alnes","Bryllupsfoto","bryllupsfotograf \u00c5lesund","Storfjord Hotel"],"articleSection":["Bryllup"],"inLanguage":"nb-NO","potentialAction":[{"@type":"CommentAction","name":"Comment","target":["https:\/\/www.terjeaamodt.com\/blog\/2011\/09\/14\/bryllup-alesund-alesund-kirke-alnes-stig-cecilie\/#respond"]}]},{"@type":"WebPage","@id":"https:\/\/www.terjeaamodt.com\/blog\/2011\/09\/14\/bryllup-alesund-alesund-kirke-alnes-stig-cecilie\/","url":"https:\/\/www.terjeaamodt.com\/blog\/2011\/09\/14\/bryllup-alesund-alesund-kirke-alnes-stig-cecilie\/","name":"Bryllup \u00c5lesund | \u00c5lesund kirke | Alnes | Stig & Cecilie | Terje Aamodt Photography blog","isPartOf":{"@id":"https:\/\/www.terjeaamodt.com\/blog\/#website"},"primaryImageOfPage":{"@id":"https:\/\/www.terjeaamodt.com\/blog\/2011\/09\/14\/bryllup-alesund-alesund-kirke-alnes-stig-cecilie\/#primaryimage"},"image":{"@id":"https:\/\/www.terjeaamodt.com\/blog\/2011\/09\/14\/bryllup-alesund-alesund-kirke-alnes-stig-cecilie\/#primaryimage"},"thumbnailUrl":"http:\/\/www.terjeaamodt.com\/blog\/wp-content\/uploads\/2011\/09\/bryllupsbilder_alnes_00011.jpg","datePublished":"2011-09-14T19:04:29+00:00","dateModified":"2011-09-14T19:41:35+00:00","author":{"@id":"https:\/\/www.terjeaamodt.com\/blog\/#\/schema\/person\/421fe074073d41cf4e17a2aaa426f5bd"},"breadcrumb":{"@id":"https:\/\/www.terjeaamodt.com\/blog\/2011\/09\/14\/bryllup-alesund-alesund-kirke-alnes-stig-cecilie\/#breadcrumb"},"inLanguage":"nb-NO","potentialAction":[{"@type":"ReadAction","target":["https:\/\/www.terjeaamodt.com\/blog\/2011\/09\/14\/bryllup-alesund-alesund-kirke-alnes-stig-cecilie\/"]}]},{"@type":"ImageObject","inLanguage":"nb-NO","@id":"https:\/\/www.terjeaamodt.com\/blog\/2011\/09\/14\/bryllup-alesund-alesund-kirke-alnes-stig-cecilie\/#primaryimage","url":"http:\/\/www.terjeaamodt.com\/blog\/wp-content\/uploads\/2011\/09\/bryllupsbilder_alnes_00011.jpg","contentUrl":"http:\/\/www.terjeaamodt.com\/blog\/wp-content\/uploads\/2011\/09\/bryllupsbilder_alnes_00011.jpg"},{"@type":"BreadcrumbList","@id":"https:\/\/www.terjeaamodt.com\/blog\/2011\/09\/14\/bryllup-alesund-alesund-kirke-alnes-stig-cecilie\/#breadcrumb","itemListElement":[{"@type":"ListItem","position":1,"name":"Home","item":"https:\/\/www.terjeaamodt.com\/blog\/"},{"@type":"ListItem","position":2,"name":"Bryllup \u00c5lesund | \u00c5lesund kirke | Alnes | Stig &#038; Cecilie"}]},{"@type":"WebSite","@id":"https:\/\/www.terjeaamodt.com\/blog\/#website","url":"https:\/\/www.terjeaamodt.com\/blog\/","name":"Terje Aamodt Photography blog","description":"","potentialAction":[{"@type":"SearchAction","target":{"@type":"EntryPoint","urlTemplate":"https:\/\/www.terjeaamodt.com\/blog\/?s={search_term_string}"},"query-input":{"@type":"PropertyValueSpecification","valueRequired":true,"valueName":"search_term_string"}}],"inLanguage":"nb-NO"},{"@type":"Person","@id":"https:\/\/www.terjeaamodt.com\/blog\/#\/schema\/person\/421fe074073d41cf4e17a2aaa426f5bd","name":"Terje Aamodt","image":{"@type":"ImageObject","inLanguage":"nb-NO","@id":"https:\/\/www.terjeaamodt.com\/blog\/#\/schema\/person\/image\/","url":"https:\/\/secure.gravatar.com\/avatar\/42c15fcafccc8dea0466e1f48bbabee5d657af333b66d515f227538e430e6f37?s=96&d=mm&r=g","contentUrl":"https:\/\/secure.gravatar.com\/avatar\/42c15fcafccc8dea0466e1f48bbabee5d657af333b66d515f227538e430e6f37?s=96&d=mm&r=g","caption":"Terje Aamodt"},"description":"Terje Aamodt, fotograf og klattrer","sameAs":["http:\/\/www.terjeaamodt.com"],"url":"https:\/\/www.terjeaamodt.com\/blog\/author\/admin\/"}]}},"_links":{"self":[{"href":"https:\/\/www.terjeaamodt.com\/blog\/wp-json\/wp\/v2\/posts\/3245","targetHints":{"allow":["GET"]}}],"collection":[{"href":"https:\/\/www.terjeaamodt.com\/blog\/wp-json\/wp\/v2\/posts"}],"about":[{"href":"https:\/\/www.terjeaamodt.com\/blog\/wp-json\/wp\/v2\/types\/post"}],"author":[{"embeddable":true,"href":"https:\/\/www.terjeaamodt.com\/blog\/wp-json\/wp\/v2\/users\/1"}],"replies":[{"embeddable":true,"href":"https:\/\/www.terjeaamodt.com\/blog\/wp-json\/wp\/v2\/comments?post=3245"}],"version-history":[{"count":1,"href":"https:\/\/www.terjeaamodt.com\/blog\/wp-json\/wp\/v2\/posts\/3245\/revisions"}],"predecessor-version":[{"id":3270,"href":"https:\/\/www.terjeaamodt.com\/blog\/wp-json\/wp\/v2\/posts\/3245\/revisions\/3270"}],"wp:attachment":[{"href":"https:\/\/www.terjeaamodt.com\/blog\/wp-json\/wp\/v2\/media?parent=3245"}],"wp:term":[{"taxonomy":"category","embeddable":true,"href":"https:\/\/www.terjeaamodt.com\/blog\/wp-json\/wp\/v2\/categories?post=3245"},{"taxonomy":"post_tag","embeddable":true,"href":"https:\/\/www.terjeaamodt.com\/blog\/wp-json\/wp\/v2\/tags?post=3245"}],"curies":[{"name":"wp","href":"https:\/\/api.w.org\/{rel}","templated":true}]}}