{"id":3387,"date":"2011-11-07T11:59:06","date_gmt":"2011-11-07T16:59:06","guid":{"rendered":"http:\/\/www.terjeaamodt.com\/blog\/2011\/11\/07\/bryllup-i-langevag-alesund-brita-og-odd-ivar\/"},"modified":"2011-11-07T11:59:06","modified_gmt":"2011-11-07T16:59:06","slug":"bryllup-i-langevag-alesund-brita-og-odd-ivar","status":"publish","type":"post","link":"https:\/\/www.terjeaamodt.com\/blog\/2011\/11\/07\/bryllup-i-langevag-alesund-brita-og-odd-ivar\/","title":{"rendered":"Bryllup i Langev\u00e5g, \u00c5lesund | Brita og Odd Ivar"},"content":{"rendered":"<p>Brita + Odd Ivar = Sant!<\/p>\n<p class=\"MsoNormal\">\n<p class=\"MsoNormal\">Brita og Odd Ivar hadde valgt en av de fineste dagene i sommer til sin store dag. Datoen var 17. September og temperaturen var gode 20 grader. Fantastisk deilig!<\/p>\n<p class=\"MsoNormal\">\n<p class=\"MsoNormal\">Det var ett nyforelsket par vi hadde denne dagen. I l\u00f8pet av de siste ni m\u00e5nedene hadde de blitt sammen, Brita hadde flyttet fra \u00c5lesund til Trondheim og denne dagen ga de hverandre sitt ja! De hadde vel og merke kjent hverandre tidligere, men n\u00e5 ble det endelig de, og gjett om de var forn\u00f8yde!<\/p>\n<p class=\"MsoNormal\">\n<p class=\"MsoNormal\">Vielsen var i Langev\u00e5g kirke, like ved der Brita hadde vokst opp, og festen ble holdt i \u00c5lesund p\u00e5 <a href=\"http:\/\/www.rica.no\/Hoteller\/Rica-Parken-Hotel\/\" title=\"Rica Parken Hotel\">Rica Parken Hotel<\/a> . Tidligere i sommer foreviget vi bryllupet til ett vennepar av de; Synn\u00f8ve og Per- Arne og det var moro \u00e5 se igjen de og flere andre fra deres bryllup. Det var ogs\u00e5 der vi traff Brita og Odd Ivar for f\u00f8rste gang.<\/p>\n<p class=\"MsoNormal\">\n<p class=\"MsoNormal\">Tusen takk for en fantastisk flott dag sammen med dere.<\/p>\n<p class=\"MsoNormal\">\n<p class=\"MsoNormal\">\u00d8nsker dere alt godt!<\/p>\n<p class=\"MsoNormal\">Under kommer noen favoritter fra dagen, etterfulgt av ett slideshow.<\/p>\n<p class=\"MsoNormal\">\n<p>\u00c5 husk: f\u00f8lg gjerne med p\u00e5 <a href=\"http:\/\/www.facebook.com\/pages\/Terje-Aamodt-Photography\/161544107229708\" title=\"FACEBOOK\"><b>FACEBOOK<\/b><\/a>&nbsp;&nbsp;siden min, eller <a href=\"feed:\/\/www.terjeaamodt.com\/blog\/feed\/\" title=\"SUBSCRIBE\"><b>SUBSCRIBE<\/b><\/a> for oppdateringer.<\/p>\n<p class=\"MsoNormal\">\n<p class=\"MsoNormal\"><\/p>\n<p><img decoding=\"async\" src=\"http:\/\/www.terjeaamodt.com\/blog\/wp-content\/uploads\/2011\/11\/20110917_bryllypsbilder_0001.jpg\" width=\"1000\" height=\"667\" alt=\"20110917_bryllypsbilder_0001.JPG\" \/> <img decoding=\"async\" src=\"http:\/\/www.terjeaamodt.com\/blog\/wp-content\/uploads\/2011\/11\/20110917_bryllypsbilder_0002.jpg\" width=\"1000\" height=\"667\" alt=\"20110917_bryllypsbilder_0002.JPG\" \/> <img decoding=\"async\" src=\"http:\/\/www.terjeaamodt.com\/blog\/wp-content\/uploads\/2011\/11\/20110917_bryllypsbilder_0003.jpg\" width=\"667\" height=\"1000\" alt=\"20110917_bryllypsbilder_0003.JPG\" \/> <img decoding=\"async\" src=\"http:\/\/www.terjeaamodt.com\/blog\/wp-content\/uploads\/2011\/11\/20110917_bryllypsbilder_0004.jpg\" width=\"1000\" height=\"667\" alt=\"20110917_bryllypsbilder_0004.JPG\" \/> <img decoding=\"async\" src=\"http:\/\/www.terjeaamodt.com\/blog\/wp-content\/uploads\/2011\/11\/20110917_bryllypsbilder_0005.jpg\" width=\"1000\" height=\"667\" alt=\"20110917_bryllypsbilder_0005.JPG\" \/> <img decoding=\"async\" src=\"http:\/\/www.terjeaamodt.com\/blog\/wp-content\/uploads\/2011\/11\/20110917_bryllypsbilder_0006.jpg\" width=\"1000\" height=\"667\" alt=\"20110917_bryllypsbilder_0006.JPG\" \/> <img decoding=\"async\" src=\"http:\/\/www.terjeaamodt.com\/blog\/wp-content\/uploads\/2011\/11\/20110917_bryllypsbilder_0007.jpg\" width=\"1000\" height=\"667\" alt=\"20110917_bryllypsbilder_0007.JPG\" \/> <img decoding=\"async\" src=\"http:\/\/www.terjeaamodt.com\/blog\/wp-content\/uploads\/2011\/11\/20110917_bryllypsbilder_0008.jpg\" width=\"1000\" height=\"667\" alt=\"20110917_bryllypsbilder_0008.JPG\" \/> <img decoding=\"async\" src=\"http:\/\/www.terjeaamodt.com\/blog\/wp-content\/uploads\/2011\/11\/20110917_bryllypsbilder_0009.jpg\" width=\"1000\" height=\"667\" alt=\"20110917_bryllypsbilder_0009.JPG\" \/> <img decoding=\"async\" src=\"http:\/\/www.terjeaamodt.com\/blog\/wp-content\/uploads\/2011\/11\/20110917_bryllypsbilder_0010.jpg\" width=\"1000\" height=\"667\" alt=\"20110917_bryllypsbilder_0010.JPG\" \/> <img decoding=\"async\" src=\"http:\/\/www.terjeaamodt.com\/blog\/wp-content\/uploads\/2011\/11\/20110917_bryllypsbilder_0011.jpg\" width=\"1000\" height=\"667\" alt=\"20110917_bryllypsbilder_0011.JPG\" \/> <img decoding=\"async\" src=\"http:\/\/www.terjeaamodt.com\/blog\/wp-content\/uploads\/2011\/11\/20110917_bryllypsbilder_0012.jpg\" width=\"1000\" height=\"667\" alt=\"20110917_bryllypsbilder_0012.JPG\" \/> <img decoding=\"async\" src=\"http:\/\/www.terjeaamodt.com\/blog\/wp-content\/uploads\/2011\/11\/20110917_bryllypsbilder_0013.jpg\" width=\"1000\" height=\"667\" alt=\"20110917_bryllypsbilder_0013.JPG\" \/> <img decoding=\"async\" src=\"http:\/\/www.terjeaamodt.com\/blog\/wp-content\/uploads\/2011\/11\/20110917_bryllypsbilder_0014.jpg\" width=\"1000\" height=\"667\" alt=\"20110917_bryllypsbilder_0014.JPG\" \/> <img decoding=\"async\" src=\"http:\/\/www.terjeaamodt.com\/blog\/wp-content\/uploads\/2011\/11\/20110917_bryllypsbilder_0015.jpg\" width=\"1000\" height=\"667\" alt=\"20110917_bryllypsbilder_0015.JPG\" \/> <img decoding=\"async\" src=\"http:\/\/www.terjeaamodt.com\/blog\/wp-content\/uploads\/2011\/11\/20110917_bryllypsbilder_0016.jpg\" width=\"1000\" height=\"667\" alt=\"20110917_bryllypsbilder_0016.JPG\" \/> <img decoding=\"async\" src=\"http:\/\/www.terjeaamodt.com\/blog\/wp-content\/uploads\/2011\/11\/20110917_bryllypsbilder_0017.jpg\" width=\"1000\" height=\"667\" alt=\"20110917_bryllypsbilder_0017.JPG\" \/> <img decoding=\"async\" src=\"http:\/\/www.terjeaamodt.com\/blog\/wp-content\/uploads\/2011\/11\/20110917_bryllypsbilder_0018.jpg\" width=\"667\" height=\"1000\" alt=\"20110917_bryllypsbilder_0018.JPG\" \/> <img decoding=\"async\" src=\"http:\/\/www.terjeaamodt.com\/blog\/wp-content\/uploads\/2011\/11\/20110917_bryllypsbilder_0019.jpg\" width=\"1000\" height=\"667\" alt=\"20110917_bryllypsbilder_0019.JPG\" \/> <img decoding=\"async\" src=\"http:\/\/www.terjeaamodt.com\/blog\/wp-content\/uploads\/2011\/11\/20110917_bryllypsbilder_0020.jpg\" width=\"1000\" height=\"667\" alt=\"20110917_bryllypsbilder_0020.JPG\" \/> <img decoding=\"async\" src=\"http:\/\/www.terjeaamodt.com\/blog\/wp-content\/uploads\/2011\/11\/20110917_bryllypsbilder_0021.jpg\" width=\"1000\" height=\"667\" alt=\"20110917_bryllypsbilder_0021.JPG\" \/> <img decoding=\"async\" src=\"http:\/\/www.terjeaamodt.com\/blog\/wp-content\/uploads\/2011\/11\/20110917_bryllypsbilder_0022.jpg\" width=\"1000\" height=\"667\" alt=\"20110917_bryllypsbilder_0022.JPG\" \/> <img decoding=\"async\" src=\"http:\/\/www.terjeaamodt.com\/blog\/wp-content\/uploads\/2011\/11\/20110917_bryllypsbilder_0023.jpg\" width=\"1000\" height=\"667\" alt=\"20110917_bryllypsbilder_0023.JPG\" \/> <img decoding=\"async\" src=\"http:\/\/www.terjeaamodt.com\/blog\/wp-content\/uploads\/2011\/11\/20110917_bryllypsbilder_0024.jpg\" width=\"1000\" height=\"667\" alt=\"20110917_bryllypsbilder_0024.JPG\" \/> <img decoding=\"async\" src=\"http:\/\/www.terjeaamodt.com\/blog\/wp-content\/uploads\/2011\/11\/20110917_bryllypsbilder_0025.jpg\" width=\"1000\" height=\"667\" alt=\"20110917_bryllypsbilder_0025.JPG\" \/> <img decoding=\"async\" src=\"http:\/\/www.terjeaamodt.com\/blog\/wp-content\/uploads\/2011\/11\/20110917_bryllypsbilder_0026.jpg\" width=\"1000\" height=\"667\" alt=\"20110917_bryllypsbilder_0026.JPG\" \/> <img decoding=\"async\" src=\"http:\/\/www.terjeaamodt.com\/blog\/wp-content\/uploads\/2011\/11\/20110917_bryllypsbilder_0027.jpg\" width=\"1000\" height=\"667\" alt=\"20110917_bryllypsbilder_0027.JPG\" \/><\/p>\n<p><object type=\"application\/x-shockwave-flash\" width=\"950\" height=\"630\" id=\"showit_swf\" data=\"http:\/\/www.terjeaamodt.com\/slideshows\/20110918_britaogoddivar\/showit.swf\"><param name=\"movie\" value=\"http:\/\/www.terjeaamodt.com\/slideshows\/20110918_britaogoddivar\/showit.swf\" \/><param name=\"flashvars\" value=\"showit_embed=http:\/\/www.terjeaamodt.com\/slideshows\/20110918_britaogoddivar\/|950|630|1|0|0\" \/><param name=\"wmode\" value=\"transparent\" \/><param name=\"salign\" value=\"LT\" \/><param name=\"menu\" value=\"false\" \/><param name=\"loop\" value=\"false\" \/><param name=\"quality\" value=\"best\" \/><param name=\"bgcolor\" value=\"#FFFFFf\" \/><\/object><\/p>\n","protected":false},"excerpt":{"rendered":"<p>Brita + Odd Ivar = Sant! Brita og Odd Ivar hadde valgt en av de fineste dagene i sommer til sin store dag. Datoen var 17. September og temperaturen var gode 20 grader. Fantastisk deilig! Det var ett nyforelsket par vi hadde denne dagen. I l\u00f8pet av de siste ni m\u00e5nedene hadde de blitt sammen, [&hellip;]<\/p>\n","protected":false},"author":1,"featured_media":0,"comment_status":"open","ping_status":"closed","sticky":false,"template":"","format":"standard","meta":{"footnotes":""},"categories":[3],"tags":[640,18,234,25,204,247,205],"class_list":["post-3387","post","type-post","status-publish","format-standard","hentry","category-bryllup","tag-bryllup","tag-bryllupsbilder","tag-bryllupsbilder-alesund","tag-bryllupsfoto","tag-bryllupsfotograf-alesund","tag-bryllupsfotograf-norge","tag-langevag"],"yoast_head":"<!-- This site is optimized with the Yoast SEO plugin v27.1.1 - https:\/\/yoast.com\/product\/yoast-seo-wordpress\/ -->\n<title>Bryllup i Langev\u00e5g, \u00c5lesund | Brita og Odd Ivar | Terje Aamodt Photography blog<\/title>\n<meta name=\"robots\" content=\"index, follow, max-snippet:-1, max-image-preview:large, max-video-preview:-1\" \/>\n<link rel=\"canonical\" href=\"https:\/\/www.terjeaamodt.com\/blog\/2011\/11\/07\/bryllup-i-langevag-alesund-brita-og-odd-ivar\/\" \/>\n<meta property=\"og:locale\" content=\"nb_NO\" \/>\n<meta property=\"og:type\" content=\"article\" \/>\n<meta property=\"og:title\" content=\"Bryllup i Langev\u00e5g, \u00c5lesund | Brita og Odd Ivar | Terje Aamodt Photography blog\" \/>\n<meta property=\"og:description\" content=\"Brita + Odd Ivar = Sant! Brita og Odd Ivar hadde valgt en av de fineste dagene i sommer til sin store dag. Datoen var 17. September og temperaturen var gode 20 grader. Fantastisk deilig! Det var ett nyforelsket par vi hadde denne dagen. I l\u00f8pet av de siste ni m\u00e5nedene hadde de blitt sammen, [&hellip;]\" \/>\n<meta property=\"og:url\" content=\"https:\/\/www.terjeaamodt.com\/blog\/2011\/11\/07\/bryllup-i-langevag-alesund-brita-og-odd-ivar\/\" \/>\n<meta property=\"og:site_name\" content=\"Terje Aamodt Photography blog\" \/>\n<meta property=\"article:publisher\" content=\"https:\/\/www.facebook.com\/Terje-Aamodt-Photography-161544107229708\/?ref=hl\" \/>\n<meta property=\"article:published_time\" content=\"2011-11-07T16:59:06+00:00\" \/>\n<meta property=\"og:image\" content=\"http:\/\/www.terjeaamodt.com\/blog\/wp-content\/uploads\/2011\/11\/20110917_bryllypsbilder_0001.jpg\" \/>\n<meta name=\"author\" content=\"Terje Aamodt\" \/>\n<meta name=\"twitter:card\" content=\"summary_large_image\" \/>\n<meta name=\"twitter:creator\" content=\"@aamodtfoto\" \/>\n<meta name=\"twitter:site\" content=\"@aamodtfoto\" \/>\n<meta name=\"twitter:label1\" content=\"Skrevet av\" \/>\n\t<meta name=\"twitter:data1\" content=\"Terje Aamodt\" \/>\n\t<meta name=\"twitter:label2\" content=\"Ansl. lesetid\" \/>\n\t<meta name=\"twitter:data2\" content=\"1 minutt\" \/>\n<script type=\"application\/ld+json\" class=\"yoast-schema-graph\">{\"@context\":\"https:\/\/schema.org\",\"@graph\":[{\"@type\":\"Article\",\"@id\":\"https:\/\/www.terjeaamodt.com\/blog\/2011\/11\/07\/bryllup-i-langevag-alesund-brita-og-odd-ivar\/#article\",\"isPartOf\":{\"@id\":\"https:\/\/www.terjeaamodt.com\/blog\/2011\/11\/07\/bryllup-i-langevag-alesund-brita-og-odd-ivar\/\"},\"author\":{\"name\":\"Terje Aamodt\",\"@id\":\"https:\/\/www.terjeaamodt.com\/blog\/#\/schema\/person\/421fe074073d41cf4e17a2aaa426f5bd\"},\"headline\":\"Bryllup i Langev\u00e5g, \u00c5lesund | Brita og Odd Ivar\",\"datePublished\":\"2011-11-07T16:59:06+00:00\",\"mainEntityOfPage\":{\"@id\":\"https:\/\/www.terjeaamodt.com\/blog\/2011\/11\/07\/bryllup-i-langevag-alesund-brita-og-odd-ivar\/\"},\"wordCount\":203,\"commentCount\":1,\"image\":{\"@id\":\"https:\/\/www.terjeaamodt.com\/blog\/2011\/11\/07\/bryllup-i-langevag-alesund-brita-og-odd-ivar\/#primaryimage\"},\"thumbnailUrl\":\"http:\/\/www.terjeaamodt.com\/blog\/wp-content\/uploads\/2011\/11\/20110917_bryllypsbilder_0001.jpg\",\"keywords\":[\"Bryllup\",\"Bryllupsbilder\",\"bryllupsbilder \u00c5lesund\",\"Bryllupsfoto\",\"bryllupsfotograf \u00c5lesund\",\"Bryllupsfotograf Norge\",\"Langev\u00e5g\"],\"articleSection\":[\"Bryllup\"],\"inLanguage\":\"nb-NO\",\"potentialAction\":[{\"@type\":\"CommentAction\",\"name\":\"Comment\",\"target\":[\"https:\/\/www.terjeaamodt.com\/blog\/2011\/11\/07\/bryllup-i-langevag-alesund-brita-og-odd-ivar\/#respond\"]}]},{\"@type\":\"WebPage\",\"@id\":\"https:\/\/www.terjeaamodt.com\/blog\/2011\/11\/07\/bryllup-i-langevag-alesund-brita-og-odd-ivar\/\",\"url\":\"https:\/\/www.terjeaamodt.com\/blog\/2011\/11\/07\/bryllup-i-langevag-alesund-brita-og-odd-ivar\/\",\"name\":\"Bryllup i Langev\u00e5g, \u00c5lesund | Brita og Odd Ivar | Terje Aamodt Photography blog\",\"isPartOf\":{\"@id\":\"https:\/\/www.terjeaamodt.com\/blog\/#website\"},\"primaryImageOfPage\":{\"@id\":\"https:\/\/www.terjeaamodt.com\/blog\/2011\/11\/07\/bryllup-i-langevag-alesund-brita-og-odd-ivar\/#primaryimage\"},\"image\":{\"@id\":\"https:\/\/www.terjeaamodt.com\/blog\/2011\/11\/07\/bryllup-i-langevag-alesund-brita-og-odd-ivar\/#primaryimage\"},\"thumbnailUrl\":\"http:\/\/www.terjeaamodt.com\/blog\/wp-content\/uploads\/2011\/11\/20110917_bryllypsbilder_0001.jpg\",\"datePublished\":\"2011-11-07T16:59:06+00:00\",\"author\":{\"@id\":\"https:\/\/www.terjeaamodt.com\/blog\/#\/schema\/person\/421fe074073d41cf4e17a2aaa426f5bd\"},\"breadcrumb\":{\"@id\":\"https:\/\/www.terjeaamodt.com\/blog\/2011\/11\/07\/bryllup-i-langevag-alesund-brita-og-odd-ivar\/#breadcrumb\"},\"inLanguage\":\"nb-NO\",\"potentialAction\":[{\"@type\":\"ReadAction\",\"target\":[\"https:\/\/www.terjeaamodt.com\/blog\/2011\/11\/07\/bryllup-i-langevag-alesund-brita-og-odd-ivar\/\"]}]},{\"@type\":\"ImageObject\",\"inLanguage\":\"nb-NO\",\"@id\":\"https:\/\/www.terjeaamodt.com\/blog\/2011\/11\/07\/bryllup-i-langevag-alesund-brita-og-odd-ivar\/#primaryimage\",\"url\":\"http:\/\/www.terjeaamodt.com\/blog\/wp-content\/uploads\/2011\/11\/20110917_bryllypsbilder_0001.jpg\",\"contentUrl\":\"http:\/\/www.terjeaamodt.com\/blog\/wp-content\/uploads\/2011\/11\/20110917_bryllypsbilder_0001.jpg\"},{\"@type\":\"BreadcrumbList\",\"@id\":\"https:\/\/www.terjeaamodt.com\/blog\/2011\/11\/07\/bryllup-i-langevag-alesund-brita-og-odd-ivar\/#breadcrumb\",\"itemListElement\":[{\"@type\":\"ListItem\",\"position\":1,\"name\":\"Home\",\"item\":\"https:\/\/www.terjeaamodt.com\/blog\/\"},{\"@type\":\"ListItem\",\"position\":2,\"name\":\"Bryllup i Langev\u00e5g, \u00c5lesund | Brita og Odd Ivar\"}]},{\"@type\":\"WebSite\",\"@id\":\"https:\/\/www.terjeaamodt.com\/blog\/#website\",\"url\":\"https:\/\/www.terjeaamodt.com\/blog\/\",\"name\":\"Terje Aamodt Photography blog\",\"description\":\"\",\"potentialAction\":[{\"@type\":\"SearchAction\",\"target\":{\"@type\":\"EntryPoint\",\"urlTemplate\":\"https:\/\/www.terjeaamodt.com\/blog\/?s={search_term_string}\"},\"query-input\":{\"@type\":\"PropertyValueSpecification\",\"valueRequired\":true,\"valueName\":\"search_term_string\"}}],\"inLanguage\":\"nb-NO\"},{\"@type\":\"Person\",\"@id\":\"https:\/\/www.terjeaamodt.com\/blog\/#\/schema\/person\/421fe074073d41cf4e17a2aaa426f5bd\",\"name\":\"Terje Aamodt\",\"image\":{\"@type\":\"ImageObject\",\"inLanguage\":\"nb-NO\",\"@id\":\"https:\/\/www.terjeaamodt.com\/blog\/#\/schema\/person\/image\/\",\"url\":\"https:\/\/secure.gravatar.com\/avatar\/42c15fcafccc8dea0466e1f48bbabee5d657af333b66d515f227538e430e6f37?s=96&d=mm&r=g\",\"contentUrl\":\"https:\/\/secure.gravatar.com\/avatar\/42c15fcafccc8dea0466e1f48bbabee5d657af333b66d515f227538e430e6f37?s=96&d=mm&r=g\",\"caption\":\"Terje Aamodt\"},\"description\":\"Terje Aamodt, fotograf og klattrer\",\"sameAs\":[\"http:\/\/www.terjeaamodt.com\"],\"url\":\"https:\/\/www.terjeaamodt.com\/blog\/author\/admin\/\"}]}<\/script>\n<!-- \/ Yoast SEO plugin. -->","yoast_head_json":{"title":"Bryllup i Langev\u00e5g, \u00c5lesund | Brita og Odd Ivar | Terje Aamodt Photography blog","robots":{"index":"index","follow":"follow","max-snippet":"max-snippet:-1","max-image-preview":"max-image-preview:large","max-video-preview":"max-video-preview:-1"},"canonical":"https:\/\/www.terjeaamodt.com\/blog\/2011\/11\/07\/bryllup-i-langevag-alesund-brita-og-odd-ivar\/","og_locale":"nb_NO","og_type":"article","og_title":"Bryllup i Langev\u00e5g, \u00c5lesund | Brita og Odd Ivar | Terje Aamodt Photography blog","og_description":"Brita + Odd Ivar = Sant! Brita og Odd Ivar hadde valgt en av de fineste dagene i sommer til sin store dag. Datoen var 17. September og temperaturen var gode 20 grader. Fantastisk deilig! Det var ett nyforelsket par vi hadde denne dagen. I l\u00f8pet av de siste ni m\u00e5nedene hadde de blitt sammen, [&hellip;]","og_url":"https:\/\/www.terjeaamodt.com\/blog\/2011\/11\/07\/bryllup-i-langevag-alesund-brita-og-odd-ivar\/","og_site_name":"Terje Aamodt Photography blog","article_publisher":"https:\/\/www.facebook.com\/Terje-Aamodt-Photography-161544107229708\/?ref=hl","article_published_time":"2011-11-07T16:59:06+00:00","og_image":[{"url":"http:\/\/www.terjeaamodt.com\/blog\/wp-content\/uploads\/2011\/11\/20110917_bryllypsbilder_0001.jpg","type":"","width":"","height":""}],"author":"Terje Aamodt","twitter_card":"summary_large_image","twitter_creator":"@aamodtfoto","twitter_site":"@aamodtfoto","twitter_misc":{"Skrevet av":"Terje Aamodt","Ansl. lesetid":"1 minutt"},"schema":{"@context":"https:\/\/schema.org","@graph":[{"@type":"Article","@id":"https:\/\/www.terjeaamodt.com\/blog\/2011\/11\/07\/bryllup-i-langevag-alesund-brita-og-odd-ivar\/#article","isPartOf":{"@id":"https:\/\/www.terjeaamodt.com\/blog\/2011\/11\/07\/bryllup-i-langevag-alesund-brita-og-odd-ivar\/"},"author":{"name":"Terje Aamodt","@id":"https:\/\/www.terjeaamodt.com\/blog\/#\/schema\/person\/421fe074073d41cf4e17a2aaa426f5bd"},"headline":"Bryllup i Langev\u00e5g, \u00c5lesund | Brita og Odd Ivar","datePublished":"2011-11-07T16:59:06+00:00","mainEntityOfPage":{"@id":"https:\/\/www.terjeaamodt.com\/blog\/2011\/11\/07\/bryllup-i-langevag-alesund-brita-og-odd-ivar\/"},"wordCount":203,"commentCount":1,"image":{"@id":"https:\/\/www.terjeaamodt.com\/blog\/2011\/11\/07\/bryllup-i-langevag-alesund-brita-og-odd-ivar\/#primaryimage"},"thumbnailUrl":"http:\/\/www.terjeaamodt.com\/blog\/wp-content\/uploads\/2011\/11\/20110917_bryllypsbilder_0001.jpg","keywords":["Bryllup","Bryllupsbilder","bryllupsbilder \u00c5lesund","Bryllupsfoto","bryllupsfotograf \u00c5lesund","Bryllupsfotograf Norge","Langev\u00e5g"],"articleSection":["Bryllup"],"inLanguage":"nb-NO","potentialAction":[{"@type":"CommentAction","name":"Comment","target":["https:\/\/www.terjeaamodt.com\/blog\/2011\/11\/07\/bryllup-i-langevag-alesund-brita-og-odd-ivar\/#respond"]}]},{"@type":"WebPage","@id":"https:\/\/www.terjeaamodt.com\/blog\/2011\/11\/07\/bryllup-i-langevag-alesund-brita-og-odd-ivar\/","url":"https:\/\/www.terjeaamodt.com\/blog\/2011\/11\/07\/bryllup-i-langevag-alesund-brita-og-odd-ivar\/","name":"Bryllup i Langev\u00e5g, \u00c5lesund | Brita og Odd Ivar | Terje Aamodt Photography blog","isPartOf":{"@id":"https:\/\/www.terjeaamodt.com\/blog\/#website"},"primaryImageOfPage":{"@id":"https:\/\/www.terjeaamodt.com\/blog\/2011\/11\/07\/bryllup-i-langevag-alesund-brita-og-odd-ivar\/#primaryimage"},"image":{"@id":"https:\/\/www.terjeaamodt.com\/blog\/2011\/11\/07\/bryllup-i-langevag-alesund-brita-og-odd-ivar\/#primaryimage"},"thumbnailUrl":"http:\/\/www.terjeaamodt.com\/blog\/wp-content\/uploads\/2011\/11\/20110917_bryllypsbilder_0001.jpg","datePublished":"2011-11-07T16:59:06+00:00","author":{"@id":"https:\/\/www.terjeaamodt.com\/blog\/#\/schema\/person\/421fe074073d41cf4e17a2aaa426f5bd"},"breadcrumb":{"@id":"https:\/\/www.terjeaamodt.com\/blog\/2011\/11\/07\/bryllup-i-langevag-alesund-brita-og-odd-ivar\/#breadcrumb"},"inLanguage":"nb-NO","potentialAction":[{"@type":"ReadAction","target":["https:\/\/www.terjeaamodt.com\/blog\/2011\/11\/07\/bryllup-i-langevag-alesund-brita-og-odd-ivar\/"]}]},{"@type":"ImageObject","inLanguage":"nb-NO","@id":"https:\/\/www.terjeaamodt.com\/blog\/2011\/11\/07\/bryllup-i-langevag-alesund-brita-og-odd-ivar\/#primaryimage","url":"http:\/\/www.terjeaamodt.com\/blog\/wp-content\/uploads\/2011\/11\/20110917_bryllypsbilder_0001.jpg","contentUrl":"http:\/\/www.terjeaamodt.com\/blog\/wp-content\/uploads\/2011\/11\/20110917_bryllypsbilder_0001.jpg"},{"@type":"BreadcrumbList","@id":"https:\/\/www.terjeaamodt.com\/blog\/2011\/11\/07\/bryllup-i-langevag-alesund-brita-og-odd-ivar\/#breadcrumb","itemListElement":[{"@type":"ListItem","position":1,"name":"Home","item":"https:\/\/www.terjeaamodt.com\/blog\/"},{"@type":"ListItem","position":2,"name":"Bryllup i Langev\u00e5g, \u00c5lesund | Brita og Odd Ivar"}]},{"@type":"WebSite","@id":"https:\/\/www.terjeaamodt.com\/blog\/#website","url":"https:\/\/www.terjeaamodt.com\/blog\/","name":"Terje Aamodt Photography blog","description":"","potentialAction":[{"@type":"SearchAction","target":{"@type":"EntryPoint","urlTemplate":"https:\/\/www.terjeaamodt.com\/blog\/?s={search_term_string}"},"query-input":{"@type":"PropertyValueSpecification","valueRequired":true,"valueName":"search_term_string"}}],"inLanguage":"nb-NO"},{"@type":"Person","@id":"https:\/\/www.terjeaamodt.com\/blog\/#\/schema\/person\/421fe074073d41cf4e17a2aaa426f5bd","name":"Terje Aamodt","image":{"@type":"ImageObject","inLanguage":"nb-NO","@id":"https:\/\/www.terjeaamodt.com\/blog\/#\/schema\/person\/image\/","url":"https:\/\/secure.gravatar.com\/avatar\/42c15fcafccc8dea0466e1f48bbabee5d657af333b66d515f227538e430e6f37?s=96&d=mm&r=g","contentUrl":"https:\/\/secure.gravatar.com\/avatar\/42c15fcafccc8dea0466e1f48bbabee5d657af333b66d515f227538e430e6f37?s=96&d=mm&r=g","caption":"Terje Aamodt"},"description":"Terje Aamodt, fotograf og klattrer","sameAs":["http:\/\/www.terjeaamodt.com"],"url":"https:\/\/www.terjeaamodt.com\/blog\/author\/admin\/"}]}},"_links":{"self":[{"href":"https:\/\/www.terjeaamodt.com\/blog\/wp-json\/wp\/v2\/posts\/3387","targetHints":{"allow":["GET"]}}],"collection":[{"href":"https:\/\/www.terjeaamodt.com\/blog\/wp-json\/wp\/v2\/posts"}],"about":[{"href":"https:\/\/www.terjeaamodt.com\/blog\/wp-json\/wp\/v2\/types\/post"}],"author":[{"embeddable":true,"href":"https:\/\/www.terjeaamodt.com\/blog\/wp-json\/wp\/v2\/users\/1"}],"replies":[{"embeddable":true,"href":"https:\/\/www.terjeaamodt.com\/blog\/wp-json\/wp\/v2\/comments?post=3387"}],"version-history":[{"count":0,"href":"https:\/\/www.terjeaamodt.com\/blog\/wp-json\/wp\/v2\/posts\/3387\/revisions"}],"wp:attachment":[{"href":"https:\/\/www.terjeaamodt.com\/blog\/wp-json\/wp\/v2\/media?parent=3387"}],"wp:term":[{"taxonomy":"category","embeddable":true,"href":"https:\/\/www.terjeaamodt.com\/blog\/wp-json\/wp\/v2\/categories?post=3387"},{"taxonomy":"post_tag","embeddable":true,"href":"https:\/\/www.terjeaamodt.com\/blog\/wp-json\/wp\/v2\/tags?post=3387"}],"curies":[{"name":"wp","href":"https:\/\/api.w.org\/{rel}","templated":true}]}}