{"id":3513,"date":"2011-12-30T15:17:30","date_gmt":"2011-12-30T20:17:30","guid":{"rendered":"http:\/\/www.terjeaamodt.com\/blog\/?p=3513"},"modified":"2011-12-30T15:29:33","modified_gmt":"2011-12-30T20:29:33","slug":"klatring-pa-kalymnos-rock-climbing-kalymnos-greece","status":"publish","type":"post","link":"https:\/\/www.terjeaamodt.com\/blog\/2011\/12\/30\/klatring-pa-kalymnos-rock-climbing-kalymnos-greece\/","title":{"rendered":"Klatring p\u00e5 Kalymnos | Rock Climbing Kalymnos Greece"},"content":{"rendered":"<p>Etter en hektisk sommer med mye jobbing, bestemte vi oss i h\u00f8st for \u00e5 ta en tur til Kalymnos.<\/p>\n<p>Kalymnos er en gresk liten \u00f8y som ligger like nord for Kos i det s\u00f8r\u00f8stlige Eggeerhavet. For den som liker \u00e5 klatre er Kalymnos nesten som \u00e5 komme til paradis. Her finnes klatring for en hver smak, og enten du er erfaren eller nybegynner skal det godt gj\u00f8res \u00e5 ikke finne noe du liker.<\/p>\n<p>Klatringa p\u00e5 Kalymnos byr p\u00e5 alt fra flotte svaruter til lange og pumpende ruter i n\u00e6r sagt opp ned land.<\/p>\n<p>Den enkleste m\u00e5ten \u00e5 komme seg til Kalymnos p\u00e5 er ved \u00e5 ta til Kos, for s\u00e5 \u00e5 ta en 10 minutter taxitur til Mastchari. Fra Mastchari g\u00e5r det daglig ferge avganger ut til Kalymnos, og turen tar ca 45 min.<\/p>\n<p>Velger du \u00e5 bo i Masoyri er det g\u00e5avstand til mange av craggene. Om du vil utforske mer, eller du bor ett annet sted p\u00e5 \u00f8ya, anbefales det \u00e5 leie scooter.<\/p>\n<p>Tusen takk alle sammen for en flott og fantastisk tur.<\/p>\n<p>Under kommer noen bilder fra turen.<\/p>\n<p><img decoding=\"async\" src=\"http:\/\/www.terjeaamodt.com\/blog\/wp-content\/uploads\/2011\/12\/rock_climbing_kalymnos_0001.jpg\" width=\"667\" height=\"1000\" alt=\"rock_climbing_kalymnos_0001.JPG\" \/><\/p>\n<p>Jon Olav Grepstad faller og tar en LANG suser p\u00e5 Aegialis 7c, Grande Grotta.<\/p>\n<p><img decoding=\"async\" src=\"http:\/\/www.terjeaamodt.com\/blog\/wp-content\/uploads\/2011\/12\/rock_climbing_kalymnos_0002.jpg\" width=\"1000\" height=\"667\" alt=\"rock_climbing_kalymnos_0002.JPG\" \/><\/p>\n<p>Jon Olav p\u00e5 Aegialis 7c<\/p>\n<p><img decoding=\"async\" src=\"http:\/\/www.terjeaamodt.com\/blog\/wp-content\/uploads\/2011\/12\/rock_climbing_kalymnos_0003.jpg\" width=\"1000\" height=\"667\" alt=\"rock_climbing_kalymnos_0003.JPG\" \/><\/p>\n<p>Jon Olav p\u00e5 Nymfi 7b, Galatiani<\/p>\n<p><img decoding=\"async\" src=\"http:\/\/www.terjeaamodt.com\/blog\/wp-content\/uploads\/2011\/12\/rock_climbing_kalymnos_0004.jpg\" width=\"1000\" height=\"667\" alt=\"rock_climbing_kalymnos_0004.JPG\" \/><\/p>\n<p>Thomas Horgen nyter solnedgangen.<\/p>\n<p><img decoding=\"async\" src=\"http:\/\/www.terjeaamodt.com\/blog\/wp-content\/uploads\/2011\/12\/rock_climbing_kalymnos_0005.jpg\" width=\"1000\" height=\"667\" alt=\"rock_climbing_kalymnos_0005.JPG\" \/><\/p>\n<p>Jon Olav tester ut hvordan det er \u00e5 springe p\u00e5 vannet.<\/p>\n<p><img decoding=\"async\" src=\"http:\/\/www.terjeaamodt.com\/blog\/wp-content\/uploads\/2011\/12\/rock_climbing_kalymnos_0006.jpg\" width=\"1000\" height=\"667\" alt=\"rock_climbing_kalymnos_0006.JPG\" \/><\/p>\n<p>Ragnhild Marie Alv\u00e6r p\u00e5 Elefantenhimmel 7a, Grande Grotta<\/p>\n<p><img decoding=\"async\" src=\"http:\/\/www.terjeaamodt.com\/blog\/wp-content\/uploads\/2011\/12\/rock_climbing_kalymnos_0007.jpg\" width=\"1000\" height=\"667\" alt=\"rock_climbing_kalymnos_0007.JPG\" \/> <img decoding=\"async\" src=\"http:\/\/www.terjeaamodt.com\/blog\/wp-content\/uploads\/2011\/12\/rock_climbing_kalymnos_0008.jpg\" width=\"1000\" height=\"667\" alt=\"rock_climbing_kalymnos_0008.JPG\" \/><\/p>\n<p>Thomas Horgen p\u00e5 Leonides 7b, Spartan wall.<\/p>\n<p><img decoding=\"async\" src=\"http:\/\/www.terjeaamodt.com\/blog\/wp-content\/uploads\/2011\/12\/rock_climbing_kalymnos_0009.jpg\" width=\"1000\" height=\"667\" alt=\"rock_climbing_kalymnos_0009.JPG\" \/><\/p>\n<p>For \u00e5 komme seg rundt p\u00e5 en del av craggene er det kjekt \u00e5 leie seg en scooter.<\/p>\n<p><img decoding=\"async\" src=\"http:\/\/www.terjeaamodt.com\/blog\/wp-content\/uploads\/2011\/12\/rock_climbing_kalymnos_0010.jpg\" width=\"1000\" height=\"667\" alt=\"rock_climbing_kalymnos_0010.JPG\" \/><\/p>\n<p>Det her ble en favoritt etter en lang dag p\u00e5 cragget.<\/p>\n<p><img decoding=\"async\" src=\"http:\/\/www.terjeaamodt.com\/blog\/wp-content\/uploads\/2011\/12\/rock_climbing_kalymnos_0011.jpg\" width=\"1000\" height=\"667\" alt=\"rock_climbing_kalymnos_0011.JPG\" \/><\/p>\n<p>Thomas Horgen p\u00e5 Aegialis 7c Grande Grotta<\/p>\n<p><img decoding=\"async\" src=\"http:\/\/www.terjeaamodt.com\/blog\/wp-content\/uploads\/2011\/12\/rock_climbing_kalymnos_0012.jpg\" width=\"1000\" height=\"667\" alt=\"rock_climbing_kalymnos_0012.JPG\" \/><\/p>\n<p>Kalymnos er kjent for sin \u00e5rhundrelange og fortsatt levende tradisjon med svamdykking. Overalt p\u00e5 \u00f8ya finner du boder som selger ekte svamper.<\/p>\n<p><img decoding=\"async\" src=\"http:\/\/www.terjeaamodt.com\/blog\/wp-content\/uploads\/2011\/12\/rock_climbing_kalymnos_0013.jpg\" width=\"667\" height=\"1000\" alt=\"rock_climbing_kalymnos_0013.JPG\" \/><\/p>\n<p>Ida Hederstr\u00f8m Noddeland p\u00e5 Trela 7a, Grande Grotta<\/p>\n<p><img decoding=\"async\" src=\"http:\/\/www.terjeaamodt.com\/blog\/wp-content\/uploads\/2011\/12\/rock_climbing_kalymnos_0014.jpg\" width=\"1000\" height=\"667\" alt=\"rock_climbing_kalymnos_0014.JPG\" \/> <img decoding=\"async\" src=\"http:\/\/www.terjeaamodt.com\/blog\/wp-content\/uploads\/2011\/12\/rock_climbing_kalymnos_0015.jpg\" width=\"1000\" height=\"667\" alt=\"rock_climbing_kalymnos_0015.JPG\" \/><\/p>\n<p>Thomas p\u00e5 Aegialis 7c Grande Grotta<\/p>\n<p><img decoding=\"async\" src=\"http:\/\/www.terjeaamodt.com\/blog\/wp-content\/uploads\/2011\/12\/rock_climbing_kalymnos_0016.jpg\" width=\"1000\" height=\"667\" alt=\"rock_climbing_kalymnos_0016.JPG\" \/><\/p>\n<p>\u00c5dne Haugen p\u00e5 Debout Les Mortes 8a, Galatiani<\/p>\n<p><img decoding=\"async\" src=\"http:\/\/www.terjeaamodt.com\/blog\/wp-content\/uploads\/2011\/12\/rock_climbing_kalymnos_0017.jpg\" width=\"1000\" height=\"667\" alt=\"rock_climbing_kalymnos_0017.JPG\" \/><\/p>\n<p>Ukjent klatrer p\u00e5 Aegialis 7c, Grande Grotta<\/p>\n<p><img decoding=\"async\" src=\"http:\/\/www.terjeaamodt.com\/blog\/wp-content\/uploads\/2011\/12\/rock_climbing_kalymnos_0018.jpg\" width=\"1000\" height=\"667\" alt=\"rock_climbing_kalymnos_0018.JPG\" \/><\/p>\n<p>Telendos<\/p>\n<p><img decoding=\"async\" src=\"http:\/\/www.terjeaamodt.com\/blog\/wp-content\/uploads\/2011\/12\/rock_climbing_kalymnos_0019.jpg\" width=\"1000\" height=\"667\" alt=\"rock_climbing_kalymnos_0019.JPG\" \/><\/p>\n<p>Thomas p\u00e5 Aegialis 7c Grande Grotta<\/p>\n<p><img decoding=\"async\" src=\"http:\/\/www.terjeaamodt.com\/blog\/wp-content\/uploads\/2011\/12\/rock_climbing_kalymnos_0020.jpg\" width=\"1000\" height=\"667\" alt=\"rock_climbing_kalymnos_0020.JPG\" \/><\/p>\n<p>Maja nyter siste rest av dagen med litt Yoga.<\/p>\n<p><img decoding=\"async\" src=\"http:\/\/www.terjeaamodt.com\/blog\/wp-content\/uploads\/2011\/12\/rock_climbing_kalymnos_0021.jpg\" width=\"1000\" height=\"667\" alt=\"rock_climbing_kalymnos_0021.JPG\" \/><\/p>\n<p>Jon Olav p\u00e5 Aegialis 7c Grande Grotta<\/p>\n<p><img decoding=\"async\" src=\"http:\/\/www.terjeaamodt.com\/blog\/wp-content\/uploads\/2011\/12\/rock_climbing_kalymnos_0022.jpg\" width=\"1000\" height=\"667\" alt=\"rock_climbing_kalymnos_0022.JPG\" \/> <img decoding=\"async\" src=\"http:\/\/www.terjeaamodt.com\/blog\/wp-content\/uploads\/2011\/12\/rock_climbing_kalymnos_0023.jpg\" width=\"1000\" height=\"667\" alt=\"rock_climbing_kalymnos_0023.JPG\" \/><\/p>\n<p>B\u00f8rge Noddeland p\u00e5 Trela 7a, Grande Grotta<\/p>\n<p><img decoding=\"async\" src=\"http:\/\/www.terjeaamodt.com\/blog\/wp-content\/uploads\/2011\/12\/rock_climbing_kalymnos_0024.jpg\" width=\"1000\" height=\"667\" alt=\"rock_climbing_kalymnos_0024.JPG\" \/> <img decoding=\"async\" src=\"http:\/\/www.terjeaamodt.com\/blog\/wp-content\/uploads\/2011\/12\/rock_climbing_kalymnos_0025.jpg\" width=\"1000\" height=\"667\" alt=\"rock_climbing_kalymnos_0025.JPG\" \/><\/p>\n<p>Galatiani<\/p>\n<p><img decoding=\"async\" src=\"http:\/\/www.terjeaamodt.com\/blog\/wp-content\/uploads\/2011\/12\/rock_climbing_kalymnos_0026.jpg\" width=\"1000\" height=\"667\" alt=\"rock_climbing_kalymnos_0026.JPG\" \/><\/p>\n<p>Ida Hederstr\u00f8m Noddeland, Grande Grotta<\/p>\n<p><img decoding=\"async\" src=\"http:\/\/www.terjeaamodt.com\/blog\/wp-content\/uploads\/2011\/12\/rock_climbing_kalymnos_0027.jpg\" width=\"1000\" height=\"667\" alt=\"rock_climbing_kalymnos_0027.JPG\" \/> <img decoding=\"async\" src=\"http:\/\/www.terjeaamodt.com\/blog\/wp-content\/uploads\/2011\/12\/rock_climbing_kalymnos_0028.jpg\" width=\"1000\" height=\"667\" alt=\"rock_climbing_kalymnos_0028.JPG\" \/><\/p>\n<p>Jon Olav slapper av p\u00e5 Nymfi 7b, Galatiani<\/p>\n<p><img decoding=\"async\" src=\"http:\/\/www.terjeaamodt.com\/blog\/wp-content\/uploads\/2011\/12\/rock_climbing_kalymnos_0029.jpg\" width=\"1000\" height=\"667\" alt=\"rock_climbing_kalymnos_0029.JPG\" \/> <img decoding=\"async\" src=\"http:\/\/www.terjeaamodt.com\/blog\/wp-content\/uploads\/2011\/12\/rock_climbing_kalymnos_0030.jpg\" width=\"1000\" height=\"667\" alt=\"rock_climbing_kalymnos_0030.JPG\" \/><\/p>\n<p>Ida Hederstr\u00f8m Noddeland p\u00e5 Trela 7a, Grande Grotta<\/p>\n<p><img decoding=\"async\" src=\"http:\/\/www.terjeaamodt.com\/blog\/wp-content\/uploads\/2011\/12\/rock_climbing_kalymnos_0031.jpg\" width=\"1000\" height=\"667\" alt=\"rock_climbing_kalymnos_0031.JPG\" \/><\/p>\n<p>Thomas Horgen<\/p>\n<p><img decoding=\"async\" src=\"http:\/\/www.terjeaamodt.com\/blog\/wp-content\/uploads\/2011\/12\/rock_climbing_kalymnos_0032.jpg\" width=\"667\" height=\"1000\" alt=\"rock_climbing_kalymnos_0032.JPG\" \/><\/p>\n<p>Jon Olav Grepstad faller av Aegialis 7c, Grande Grotta. Kjenner jeg f\u00e5r sug i magen bare av \u00e5 se p\u00e5&#8230;<\/p>\n<p><img decoding=\"async\" src=\"http:\/\/www.terjeaamodt.com\/blog\/wp-content\/uploads\/2011\/12\/rock_climbing_kalymnos_0033.jpg\" width=\"1000\" height=\"667\" alt=\"rock_climbing_kalymnos_0033.JPG\" \/> <img decoding=\"async\" src=\"http:\/\/www.terjeaamodt.com\/blog\/wp-content\/uploads\/2011\/12\/rock_climbing_kalymnos_0034.jpg\" width=\"1000\" height=\"667\" alt=\"rock_climbing_kalymnos_0034.JPG\" \/><\/p>\n<p>Ragnhild Marie Alv\u00e6r p\u00e5 Elefantenhimmel 7a, Grande Grotta<\/p>\n","protected":false},"excerpt":{"rendered":"<p>Etter en hektisk sommer med mye jobbing, bestemte vi oss i h\u00f8st for \u00e5 ta en tur til Kalymnos. Kalymnos er en gresk liten \u00f8y som ligger like nord for Kos i det s\u00f8r\u00f8stlige Eggeerhavet. For den som liker \u00e5 klatre er Kalymnos nesten som \u00e5 komme til paradis. Her finnes klatring for en hver [&hellip;]<\/p>\n","protected":false},"author":1,"featured_media":0,"comment_status":"open","ping_status":"closed","sticky":false,"template":"","format":"standard","meta":{"footnotes":""},"categories":[6,10,11,39],"tags":[279,278,277,642,275,276],"class_list":["post-3513","post","type-post","status-publish","format-standard","hentry","category-klatring","category-livsstil","category-reise","category-sport","tag-climbing-kalymnos","tag-greece","tag-hellas","tag-klatring","tag-klatring-kalymnos","tag-rock-climbing-kalymnos"],"yoast_head":"<!-- This site is optimized with the Yoast SEO plugin v27.1.1 - https:\/\/yoast.com\/product\/yoast-seo-wordpress\/ -->\n<title>Klatring p\u00e5 Kalymnos | Rock Climbing Kalymnos Greece | Terje Aamodt Photography blog<\/title>\n<meta name=\"robots\" content=\"index, follow, max-snippet:-1, max-image-preview:large, max-video-preview:-1\" \/>\n<link rel=\"canonical\" href=\"https:\/\/www.terjeaamodt.com\/blog\/2011\/12\/30\/klatring-pa-kalymnos-rock-climbing-kalymnos-greece\/\" \/>\n<meta property=\"og:locale\" content=\"nb_NO\" \/>\n<meta property=\"og:type\" content=\"article\" \/>\n<meta property=\"og:title\" content=\"Klatring p\u00e5 Kalymnos | Rock Climbing Kalymnos Greece | Terje Aamodt Photography blog\" \/>\n<meta property=\"og:description\" content=\"Etter en hektisk sommer med mye jobbing, bestemte vi oss i h\u00f8st for \u00e5 ta en tur til Kalymnos. Kalymnos er en gresk liten \u00f8y som ligger like nord for Kos i det s\u00f8r\u00f8stlige Eggeerhavet. For den som liker \u00e5 klatre er Kalymnos nesten som \u00e5 komme til paradis. Her finnes klatring for en hver [&hellip;]\" \/>\n<meta property=\"og:url\" content=\"https:\/\/www.terjeaamodt.com\/blog\/2011\/12\/30\/klatring-pa-kalymnos-rock-climbing-kalymnos-greece\/\" \/>\n<meta property=\"og:site_name\" content=\"Terje Aamodt Photography blog\" \/>\n<meta property=\"article:publisher\" content=\"https:\/\/www.facebook.com\/Terje-Aamodt-Photography-161544107229708\/?ref=hl\" \/>\n<meta property=\"article:published_time\" content=\"2011-12-30T20:17:30+00:00\" \/>\n<meta property=\"article:modified_time\" content=\"2011-12-30T20:29:33+00:00\" \/>\n<meta property=\"og:image\" content=\"http:\/\/www.terjeaamodt.com\/blog\/wp-content\/uploads\/2011\/12\/rock_climbing_kalymnos_0001.jpg\" \/>\n<meta name=\"author\" content=\"Terje Aamodt\" \/>\n<meta name=\"twitter:card\" content=\"summary_large_image\" \/>\n<meta name=\"twitter:creator\" content=\"@aamodtfoto\" \/>\n<meta name=\"twitter:site\" content=\"@aamodtfoto\" \/>\n<meta name=\"twitter:label1\" content=\"Skrevet av\" \/>\n\t<meta name=\"twitter:data1\" content=\"Terje Aamodt\" \/>\n\t<meta name=\"twitter:label2\" content=\"Ansl. lesetid\" \/>\n\t<meta name=\"twitter:data2\" content=\"2 minutter\" \/>\n<script type=\"application\/ld+json\" class=\"yoast-schema-graph\">{\"@context\":\"https:\/\/schema.org\",\"@graph\":[{\"@type\":\"Article\",\"@id\":\"https:\/\/www.terjeaamodt.com\/blog\/2011\/12\/30\/klatring-pa-kalymnos-rock-climbing-kalymnos-greece\/#article\",\"isPartOf\":{\"@id\":\"https:\/\/www.terjeaamodt.com\/blog\/2011\/12\/30\/klatring-pa-kalymnos-rock-climbing-kalymnos-greece\/\"},\"author\":{\"name\":\"Terje Aamodt\",\"@id\":\"https:\/\/www.terjeaamodt.com\/blog\/#\/schema\/person\/421fe074073d41cf4e17a2aaa426f5bd\"},\"headline\":\"Klatring p\u00e5 Kalymnos | Rock Climbing Kalymnos Greece\",\"datePublished\":\"2011-12-30T20:17:30+00:00\",\"dateModified\":\"2011-12-30T20:29:33+00:00\",\"mainEntityOfPage\":{\"@id\":\"https:\/\/www.terjeaamodt.com\/blog\/2011\/12\/30\/klatring-pa-kalymnos-rock-climbing-kalymnos-greece\/\"},\"wordCount\":412,\"commentCount\":6,\"image\":{\"@id\":\"https:\/\/www.terjeaamodt.com\/blog\/2011\/12\/30\/klatring-pa-kalymnos-rock-climbing-kalymnos-greece\/#primaryimage\"},\"thumbnailUrl\":\"http:\/\/www.terjeaamodt.com\/blog\/wp-content\/uploads\/2011\/12\/rock_climbing_kalymnos_0001.jpg\",\"keywords\":[\"Climbing Kalymnos\",\"Greece\",\"Hellas\",\"klatring\",\"klatring Kalymnos\",\"Rock Climbing Kalymnos\"],\"articleSection\":[\"klatring\",\"livsstil\",\"Reise\",\"Sport\"],\"inLanguage\":\"nb-NO\",\"potentialAction\":[{\"@type\":\"CommentAction\",\"name\":\"Comment\",\"target\":[\"https:\/\/www.terjeaamodt.com\/blog\/2011\/12\/30\/klatring-pa-kalymnos-rock-climbing-kalymnos-greece\/#respond\"]}]},{\"@type\":\"WebPage\",\"@id\":\"https:\/\/www.terjeaamodt.com\/blog\/2011\/12\/30\/klatring-pa-kalymnos-rock-climbing-kalymnos-greece\/\",\"url\":\"https:\/\/www.terjeaamodt.com\/blog\/2011\/12\/30\/klatring-pa-kalymnos-rock-climbing-kalymnos-greece\/\",\"name\":\"Klatring p\u00e5 Kalymnos | Rock Climbing Kalymnos Greece | Terje Aamodt Photography blog\",\"isPartOf\":{\"@id\":\"https:\/\/www.terjeaamodt.com\/blog\/#website\"},\"primaryImageOfPage\":{\"@id\":\"https:\/\/www.terjeaamodt.com\/blog\/2011\/12\/30\/klatring-pa-kalymnos-rock-climbing-kalymnos-greece\/#primaryimage\"},\"image\":{\"@id\":\"https:\/\/www.terjeaamodt.com\/blog\/2011\/12\/30\/klatring-pa-kalymnos-rock-climbing-kalymnos-greece\/#primaryimage\"},\"thumbnailUrl\":\"http:\/\/www.terjeaamodt.com\/blog\/wp-content\/uploads\/2011\/12\/rock_climbing_kalymnos_0001.jpg\",\"datePublished\":\"2011-12-30T20:17:30+00:00\",\"dateModified\":\"2011-12-30T20:29:33+00:00\",\"author\":{\"@id\":\"https:\/\/www.terjeaamodt.com\/blog\/#\/schema\/person\/421fe074073d41cf4e17a2aaa426f5bd\"},\"breadcrumb\":{\"@id\":\"https:\/\/www.terjeaamodt.com\/blog\/2011\/12\/30\/klatring-pa-kalymnos-rock-climbing-kalymnos-greece\/#breadcrumb\"},\"inLanguage\":\"nb-NO\",\"potentialAction\":[{\"@type\":\"ReadAction\",\"target\":[\"https:\/\/www.terjeaamodt.com\/blog\/2011\/12\/30\/klatring-pa-kalymnos-rock-climbing-kalymnos-greece\/\"]}]},{\"@type\":\"ImageObject\",\"inLanguage\":\"nb-NO\",\"@id\":\"https:\/\/www.terjeaamodt.com\/blog\/2011\/12\/30\/klatring-pa-kalymnos-rock-climbing-kalymnos-greece\/#primaryimage\",\"url\":\"http:\/\/www.terjeaamodt.com\/blog\/wp-content\/uploads\/2011\/12\/rock_climbing_kalymnos_0001.jpg\",\"contentUrl\":\"http:\/\/www.terjeaamodt.com\/blog\/wp-content\/uploads\/2011\/12\/rock_climbing_kalymnos_0001.jpg\"},{\"@type\":\"BreadcrumbList\",\"@id\":\"https:\/\/www.terjeaamodt.com\/blog\/2011\/12\/30\/klatring-pa-kalymnos-rock-climbing-kalymnos-greece\/#breadcrumb\",\"itemListElement\":[{\"@type\":\"ListItem\",\"position\":1,\"name\":\"Home\",\"item\":\"https:\/\/www.terjeaamodt.com\/blog\/\"},{\"@type\":\"ListItem\",\"position\":2,\"name\":\"Klatring p\u00e5 Kalymnos | Rock Climbing Kalymnos Greece\"}]},{\"@type\":\"WebSite\",\"@id\":\"https:\/\/www.terjeaamodt.com\/blog\/#website\",\"url\":\"https:\/\/www.terjeaamodt.com\/blog\/\",\"name\":\"Terje Aamodt Photography blog\",\"description\":\"\",\"potentialAction\":[{\"@type\":\"SearchAction\",\"target\":{\"@type\":\"EntryPoint\",\"urlTemplate\":\"https:\/\/www.terjeaamodt.com\/blog\/?s={search_term_string}\"},\"query-input\":{\"@type\":\"PropertyValueSpecification\",\"valueRequired\":true,\"valueName\":\"search_term_string\"}}],\"inLanguage\":\"nb-NO\"},{\"@type\":\"Person\",\"@id\":\"https:\/\/www.terjeaamodt.com\/blog\/#\/schema\/person\/421fe074073d41cf4e17a2aaa426f5bd\",\"name\":\"Terje Aamodt\",\"image\":{\"@type\":\"ImageObject\",\"inLanguage\":\"nb-NO\",\"@id\":\"https:\/\/www.terjeaamodt.com\/blog\/#\/schema\/person\/image\/\",\"url\":\"https:\/\/secure.gravatar.com\/avatar\/42c15fcafccc8dea0466e1f48bbabee5d657af333b66d515f227538e430e6f37?s=96&d=mm&r=g\",\"contentUrl\":\"https:\/\/secure.gravatar.com\/avatar\/42c15fcafccc8dea0466e1f48bbabee5d657af333b66d515f227538e430e6f37?s=96&d=mm&r=g\",\"caption\":\"Terje Aamodt\"},\"description\":\"Terje Aamodt, fotograf og klattrer\",\"sameAs\":[\"http:\/\/www.terjeaamodt.com\"],\"url\":\"https:\/\/www.terjeaamodt.com\/blog\/author\/admin\/\"}]}<\/script>\n<!-- \/ Yoast SEO plugin. -->","yoast_head_json":{"title":"Klatring p\u00e5 Kalymnos | Rock Climbing Kalymnos Greece | Terje Aamodt Photography blog","robots":{"index":"index","follow":"follow","max-snippet":"max-snippet:-1","max-image-preview":"max-image-preview:large","max-video-preview":"max-video-preview:-1"},"canonical":"https:\/\/www.terjeaamodt.com\/blog\/2011\/12\/30\/klatring-pa-kalymnos-rock-climbing-kalymnos-greece\/","og_locale":"nb_NO","og_type":"article","og_title":"Klatring p\u00e5 Kalymnos | Rock Climbing Kalymnos Greece | Terje Aamodt Photography blog","og_description":"Etter en hektisk sommer med mye jobbing, bestemte vi oss i h\u00f8st for \u00e5 ta en tur til Kalymnos. Kalymnos er en gresk liten \u00f8y som ligger like nord for Kos i det s\u00f8r\u00f8stlige Eggeerhavet. For den som liker \u00e5 klatre er Kalymnos nesten som \u00e5 komme til paradis. Her finnes klatring for en hver [&hellip;]","og_url":"https:\/\/www.terjeaamodt.com\/blog\/2011\/12\/30\/klatring-pa-kalymnos-rock-climbing-kalymnos-greece\/","og_site_name":"Terje Aamodt Photography blog","article_publisher":"https:\/\/www.facebook.com\/Terje-Aamodt-Photography-161544107229708\/?ref=hl","article_published_time":"2011-12-30T20:17:30+00:00","article_modified_time":"2011-12-30T20:29:33+00:00","og_image":[{"url":"http:\/\/www.terjeaamodt.com\/blog\/wp-content\/uploads\/2011\/12\/rock_climbing_kalymnos_0001.jpg","type":"","width":"","height":""}],"author":"Terje Aamodt","twitter_card":"summary_large_image","twitter_creator":"@aamodtfoto","twitter_site":"@aamodtfoto","twitter_misc":{"Skrevet av":"Terje Aamodt","Ansl. lesetid":"2 minutter"},"schema":{"@context":"https:\/\/schema.org","@graph":[{"@type":"Article","@id":"https:\/\/www.terjeaamodt.com\/blog\/2011\/12\/30\/klatring-pa-kalymnos-rock-climbing-kalymnos-greece\/#article","isPartOf":{"@id":"https:\/\/www.terjeaamodt.com\/blog\/2011\/12\/30\/klatring-pa-kalymnos-rock-climbing-kalymnos-greece\/"},"author":{"name":"Terje Aamodt","@id":"https:\/\/www.terjeaamodt.com\/blog\/#\/schema\/person\/421fe074073d41cf4e17a2aaa426f5bd"},"headline":"Klatring p\u00e5 Kalymnos | Rock Climbing Kalymnos Greece","datePublished":"2011-12-30T20:17:30+00:00","dateModified":"2011-12-30T20:29:33+00:00","mainEntityOfPage":{"@id":"https:\/\/www.terjeaamodt.com\/blog\/2011\/12\/30\/klatring-pa-kalymnos-rock-climbing-kalymnos-greece\/"},"wordCount":412,"commentCount":6,"image":{"@id":"https:\/\/www.terjeaamodt.com\/blog\/2011\/12\/30\/klatring-pa-kalymnos-rock-climbing-kalymnos-greece\/#primaryimage"},"thumbnailUrl":"http:\/\/www.terjeaamodt.com\/blog\/wp-content\/uploads\/2011\/12\/rock_climbing_kalymnos_0001.jpg","keywords":["Climbing Kalymnos","Greece","Hellas","klatring","klatring Kalymnos","Rock Climbing Kalymnos"],"articleSection":["klatring","livsstil","Reise","Sport"],"inLanguage":"nb-NO","potentialAction":[{"@type":"CommentAction","name":"Comment","target":["https:\/\/www.terjeaamodt.com\/blog\/2011\/12\/30\/klatring-pa-kalymnos-rock-climbing-kalymnos-greece\/#respond"]}]},{"@type":"WebPage","@id":"https:\/\/www.terjeaamodt.com\/blog\/2011\/12\/30\/klatring-pa-kalymnos-rock-climbing-kalymnos-greece\/","url":"https:\/\/www.terjeaamodt.com\/blog\/2011\/12\/30\/klatring-pa-kalymnos-rock-climbing-kalymnos-greece\/","name":"Klatring p\u00e5 Kalymnos | Rock Climbing Kalymnos Greece | Terje Aamodt Photography blog","isPartOf":{"@id":"https:\/\/www.terjeaamodt.com\/blog\/#website"},"primaryImageOfPage":{"@id":"https:\/\/www.terjeaamodt.com\/blog\/2011\/12\/30\/klatring-pa-kalymnos-rock-climbing-kalymnos-greece\/#primaryimage"},"image":{"@id":"https:\/\/www.terjeaamodt.com\/blog\/2011\/12\/30\/klatring-pa-kalymnos-rock-climbing-kalymnos-greece\/#primaryimage"},"thumbnailUrl":"http:\/\/www.terjeaamodt.com\/blog\/wp-content\/uploads\/2011\/12\/rock_climbing_kalymnos_0001.jpg","datePublished":"2011-12-30T20:17:30+00:00","dateModified":"2011-12-30T20:29:33+00:00","author":{"@id":"https:\/\/www.terjeaamodt.com\/blog\/#\/schema\/person\/421fe074073d41cf4e17a2aaa426f5bd"},"breadcrumb":{"@id":"https:\/\/www.terjeaamodt.com\/blog\/2011\/12\/30\/klatring-pa-kalymnos-rock-climbing-kalymnos-greece\/#breadcrumb"},"inLanguage":"nb-NO","potentialAction":[{"@type":"ReadAction","target":["https:\/\/www.terjeaamodt.com\/blog\/2011\/12\/30\/klatring-pa-kalymnos-rock-climbing-kalymnos-greece\/"]}]},{"@type":"ImageObject","inLanguage":"nb-NO","@id":"https:\/\/www.terjeaamodt.com\/blog\/2011\/12\/30\/klatring-pa-kalymnos-rock-climbing-kalymnos-greece\/#primaryimage","url":"http:\/\/www.terjeaamodt.com\/blog\/wp-content\/uploads\/2011\/12\/rock_climbing_kalymnos_0001.jpg","contentUrl":"http:\/\/www.terjeaamodt.com\/blog\/wp-content\/uploads\/2011\/12\/rock_climbing_kalymnos_0001.jpg"},{"@type":"BreadcrumbList","@id":"https:\/\/www.terjeaamodt.com\/blog\/2011\/12\/30\/klatring-pa-kalymnos-rock-climbing-kalymnos-greece\/#breadcrumb","itemListElement":[{"@type":"ListItem","position":1,"name":"Home","item":"https:\/\/www.terjeaamodt.com\/blog\/"},{"@type":"ListItem","position":2,"name":"Klatring p\u00e5 Kalymnos | Rock Climbing Kalymnos Greece"}]},{"@type":"WebSite","@id":"https:\/\/www.terjeaamodt.com\/blog\/#website","url":"https:\/\/www.terjeaamodt.com\/blog\/","name":"Terje Aamodt Photography blog","description":"","potentialAction":[{"@type":"SearchAction","target":{"@type":"EntryPoint","urlTemplate":"https:\/\/www.terjeaamodt.com\/blog\/?s={search_term_string}"},"query-input":{"@type":"PropertyValueSpecification","valueRequired":true,"valueName":"search_term_string"}}],"inLanguage":"nb-NO"},{"@type":"Person","@id":"https:\/\/www.terjeaamodt.com\/blog\/#\/schema\/person\/421fe074073d41cf4e17a2aaa426f5bd","name":"Terje Aamodt","image":{"@type":"ImageObject","inLanguage":"nb-NO","@id":"https:\/\/www.terjeaamodt.com\/blog\/#\/schema\/person\/image\/","url":"https:\/\/secure.gravatar.com\/avatar\/42c15fcafccc8dea0466e1f48bbabee5d657af333b66d515f227538e430e6f37?s=96&d=mm&r=g","contentUrl":"https:\/\/secure.gravatar.com\/avatar\/42c15fcafccc8dea0466e1f48bbabee5d657af333b66d515f227538e430e6f37?s=96&d=mm&r=g","caption":"Terje Aamodt"},"description":"Terje Aamodt, fotograf og klattrer","sameAs":["http:\/\/www.terjeaamodt.com"],"url":"https:\/\/www.terjeaamodt.com\/blog\/author\/admin\/"}]}},"_links":{"self":[{"href":"https:\/\/www.terjeaamodt.com\/blog\/wp-json\/wp\/v2\/posts\/3513","targetHints":{"allow":["GET"]}}],"collection":[{"href":"https:\/\/www.terjeaamodt.com\/blog\/wp-json\/wp\/v2\/posts"}],"about":[{"href":"https:\/\/www.terjeaamodt.com\/blog\/wp-json\/wp\/v2\/types\/post"}],"author":[{"embeddable":true,"href":"https:\/\/www.terjeaamodt.com\/blog\/wp-json\/wp\/v2\/users\/1"}],"replies":[{"embeddable":true,"href":"https:\/\/www.terjeaamodt.com\/blog\/wp-json\/wp\/v2\/comments?post=3513"}],"version-history":[{"count":4,"href":"https:\/\/www.terjeaamodt.com\/blog\/wp-json\/wp\/v2\/posts\/3513\/revisions"}],"predecessor-version":[{"id":3517,"href":"https:\/\/www.terjeaamodt.com\/blog\/wp-json\/wp\/v2\/posts\/3513\/revisions\/3517"}],"wp:attachment":[{"href":"https:\/\/www.terjeaamodt.com\/blog\/wp-json\/wp\/v2\/media?parent=3513"}],"wp:term":[{"taxonomy":"category","embeddable":true,"href":"https:\/\/www.terjeaamodt.com\/blog\/wp-json\/wp\/v2\/categories?post=3513"},{"taxonomy":"post_tag","embeddable":true,"href":"https:\/\/www.terjeaamodt.com\/blog\/wp-json\/wp\/v2\/tags?post=3513"}],"curies":[{"name":"wp","href":"https:\/\/api.w.org\/{rel}","templated":true}]}}