{"id":3748,"date":"2012-05-01T17:33:13","date_gmt":"2012-05-01T22:33:13","guid":{"rendered":"http:\/\/www.terjeaamodt.com\/blog\/?p=3748"},"modified":"2012-05-01T17:34:52","modified_gmt":"2012-05-01T22:34:52","slug":"buldring-i-vistdalen","status":"publish","type":"post","link":"https:\/\/www.terjeaamodt.com\/blog\/2012\/05\/01\/buldring-i-vistdalen\/","title":{"rendered":"Buldring i Vistdalen"},"content":{"rendered":"<p>Utesesongen er i gang igjen for fult, og for noen dager siden tok vi turen til Vistdalen. Visdalen har mye flott buldring \u00e5 by p\u00e5, p\u00e5 alt fra sm\u00e5 til STORE steiner.<\/p>\n<p>Mer info om buldring i Vistdalen finner du p\u00e5: <a href=\"https:\/\/sites.google.com\/site\/vistdalen\/\" title=\"https:\/\/sites.google.com\/site\/vistdalen\/\">https:\/\/sites.google.com\/site\/vistdalen\/<\/a> .<\/p>\n<p>Under kommer noen bilder fra turen.<\/p>\n<p>\n<img decoding=\"async\" src=\"http:\/\/www.terjeaamodt.com\/blog\/wp-content\/uploads\/2012\/05\/buldring_vistdalen_001.jpg\" width=\"960\" height=\"642\" alt=\"buldring_vistdalen_001.JPG\" \/><\/p>\n<p><img decoding=\"async\" src=\"http:\/\/www.terjeaamodt.com\/blog\/wp-content\/uploads\/2012\/05\/buldring_vistdalen_002.jpg\" width=\"642\" height=\"960\" alt=\"buldring_vistdalen_002.JPG\" \/><\/p>\n<p><img decoding=\"async\" src=\"http:\/\/www.terjeaamodt.com\/blog\/wp-content\/uploads\/2012\/05\/buldring_vistdalen_003.jpg\" width=\"960\" height=\"642\" alt=\"buldring_vistdalen_003.JPG\" \/><\/p>\n<p><img decoding=\"async\" src=\"http:\/\/www.terjeaamodt.com\/blog\/wp-content\/uploads\/2012\/05\/buldring_vistdalen_004.jpg\" width=\"642\" height=\"960\" alt=\"buldring_vistdalen_004.JPG\" \/><\/p>\n<p><img decoding=\"async\" src=\"http:\/\/www.terjeaamodt.com\/blog\/wp-content\/uploads\/2012\/05\/buldring_vistdalen_005.jpg\" width=\"642\" height=\"960\" alt=\"buldring_vistdalen_005.JPG\" \/><\/p>\n<p><img decoding=\"async\" src=\"http:\/\/www.terjeaamodt.com\/blog\/wp-content\/uploads\/2012\/05\/buldring_vistdalen_006.jpg\" width=\"960\" height=\"642\" alt=\"buldring_vistdalen_006.JPG\" \/><\/p>\n<p><img decoding=\"async\" src=\"http:\/\/www.terjeaamodt.com\/blog\/wp-content\/uploads\/2012\/05\/buldring_vistdalen_007.jpg\" width=\"960\" height=\"642\" alt=\"buldring_vistdalen_007.JPG\" \/><\/p>\n<p><img decoding=\"async\" src=\"http:\/\/www.terjeaamodt.com\/blog\/wp-content\/uploads\/2012\/05\/buldring_vistdalen_008.jpg\" width=\"642\" height=\"960\" alt=\"buldring_vistdalen_008.JPG\" \/><\/p>\n<p><img decoding=\"async\" src=\"http:\/\/www.terjeaamodt.com\/blog\/wp-content\/uploads\/2012\/05\/buldring_vistdalen_009.jpg\" width=\"642\" height=\"960\" alt=\"buldring_vistdalen_009.JPG\" \/><\/p>\n<p><img decoding=\"async\" src=\"http:\/\/www.terjeaamodt.com\/blog\/wp-content\/uploads\/2012\/05\/buldring_vistdalen_010.jpg\" width=\"960\" height=\"642\" alt=\"buldring_vistdalen_010.JPG\" \/><\/p>\n<p><img decoding=\"async\" src=\"http:\/\/www.terjeaamodt.com\/blog\/wp-content\/uploads\/2012\/05\/buldring_vistdalen_011.jpg\" width=\"642\" height=\"960\" alt=\"buldring_vistdalen_011.JPG\" \/><\/p>\n<p><img decoding=\"async\" src=\"http:\/\/www.terjeaamodt.com\/blog\/wp-content\/uploads\/2012\/05\/buldring_vistdalen_012.jpg\" width=\"960\" height=\"642\" alt=\"buldring_vistdalen_012.JPG\" \/><\/p>\n<p><img decoding=\"async\" src=\"http:\/\/www.terjeaamodt.com\/blog\/wp-content\/uploads\/2012\/05\/buldring_vistdalen_013.jpg\" width=\"960\" height=\"642\" alt=\"buldring_vistdalen_013.JPG\" \/><\/p>\n<p><img decoding=\"async\" src=\"http:\/\/www.terjeaamodt.com\/blog\/wp-content\/uploads\/2012\/05\/buldring_vistdalen_014.jpg\" width=\"642\" height=\"960\" alt=\"buldring_vistdalen_014.JPG\" \/><\/p>\n<p><img decoding=\"async\" src=\"http:\/\/www.terjeaamodt.com\/blog\/wp-content\/uploads\/2012\/05\/buldring_vistdalen_015.jpg\" width=\"960\" height=\"642\" alt=\"buldring_vistdalen_015.JPG\" \/><\/p>\n<p><img decoding=\"async\" src=\"http:\/\/www.terjeaamodt.com\/blog\/wp-content\/uploads\/2012\/05\/buldring_vistdalen_016.jpg\" width=\"960\" height=\"642\" alt=\"buldring_vistdalen_016.JPG\" \/><\/p>\n<p><img decoding=\"async\" src=\"http:\/\/www.terjeaamodt.com\/blog\/wp-content\/uploads\/2012\/05\/buldring_vistdalen_017.jpg\" width=\"642\" height=\"960\" alt=\"buldring_vistdalen_017.JPG\" \/><\/p>\n<p><img decoding=\"async\" src=\"http:\/\/www.terjeaamodt.com\/blog\/wp-content\/uploads\/2012\/05\/buldring_vistdalen_018.jpg\" width=\"960\" height=\"642\" alt=\"buldring_vistdalen_018.JPG\" \/><\/p>\n<p><img decoding=\"async\" src=\"http:\/\/www.terjeaamodt.com\/blog\/wp-content\/uploads\/2012\/05\/buldring_vistdalen_019.jpg\" width=\"642\" height=\"960\" alt=\"buldring_vistdalen_019.JPG\" \/><\/p>\n<p><img decoding=\"async\" src=\"http:\/\/www.terjeaamodt.com\/blog\/wp-content\/uploads\/2012\/05\/buldring_vistdalen_020.jpg\" width=\"960\" height=\"642\" alt=\"buldring_vistdalen_020.JPG\" \/><\/p>\n<p><img decoding=\"async\" src=\"http:\/\/www.terjeaamodt.com\/blog\/wp-content\/uploads\/2012\/05\/buldring_vistdalen_021.jpg\" width=\"960\" height=\"642\" alt=\"buldring_vistdalen_021.JPG\" \/><\/p>\n<p><img decoding=\"async\" src=\"http:\/\/www.terjeaamodt.com\/blog\/wp-content\/uploads\/2012\/05\/buldring_vistdalen_022.jpg\" width=\"960\" height=\"642\" alt=\"buldring_vistdalen_022.JPG\" \/><\/p>\n","protected":false},"excerpt":{"rendered":"<p>Utesesongen er i gang igjen for fult, og for noen dager siden tok vi turen til Vistdalen. Visdalen har mye flott buldring \u00e5 by p\u00e5, p\u00e5 alt fra sm\u00e5 til STORE steiner. Mer info om buldring i Vistdalen finner du p\u00e5: https:\/\/sites.google.com\/site\/vistdalen\/ . Under kommer noen bilder fra turen.<\/p>\n","protected":false},"author":1,"featured_media":0,"comment_status":"open","ping_status":"closed","sticky":false,"template":"","format":"standard","meta":{"footnotes":""},"categories":[6,39],"tags":[336,61,334,337,642,335],"class_list":["post-3748","post","type-post","status-publish","format-standard","hentry","category-klatring","category-sport","tag-bouldering-in-norway","tag-buldring","tag-buldring-i-vistdalen","tag-climbing-photographer-norway","tag-klatring","tag-vistdalen"],"yoast_head":"<!-- This site is optimized with the Yoast SEO plugin v27.1.1 - https:\/\/yoast.com\/product\/yoast-seo-wordpress\/ -->\n<title>Buldring i Vistdalen | Terje Aamodt Photography blog<\/title>\n<meta name=\"robots\" content=\"index, follow, max-snippet:-1, max-image-preview:large, max-video-preview:-1\" \/>\n<link rel=\"canonical\" href=\"https:\/\/www.terjeaamodt.com\/blog\/2012\/05\/01\/buldring-i-vistdalen\/\" \/>\n<meta property=\"og:locale\" content=\"nb_NO\" \/>\n<meta property=\"og:type\" content=\"article\" \/>\n<meta property=\"og:title\" content=\"Buldring i Vistdalen | Terje Aamodt Photography blog\" \/>\n<meta property=\"og:description\" content=\"Utesesongen er i gang igjen for fult, og for noen dager siden tok vi turen til Vistdalen. Visdalen har mye flott buldring \u00e5 by p\u00e5, p\u00e5 alt fra sm\u00e5 til STORE steiner. Mer info om buldring i Vistdalen finner du p\u00e5: https:\/\/sites.google.com\/site\/vistdalen\/ . Under kommer noen bilder fra turen.\" \/>\n<meta property=\"og:url\" content=\"https:\/\/www.terjeaamodt.com\/blog\/2012\/05\/01\/buldring-i-vistdalen\/\" \/>\n<meta property=\"og:site_name\" content=\"Terje Aamodt Photography blog\" \/>\n<meta property=\"article:publisher\" content=\"https:\/\/www.facebook.com\/Terje-Aamodt-Photography-161544107229708\/?ref=hl\" \/>\n<meta property=\"article:published_time\" content=\"2012-05-01T22:33:13+00:00\" \/>\n<meta property=\"article:modified_time\" content=\"2012-05-01T22:34:52+00:00\" \/>\n<meta property=\"og:image\" content=\"http:\/\/www.terjeaamodt.com\/blog\/wp-content\/uploads\/2012\/05\/buldring_vistdalen_001.jpg\" \/>\n<meta name=\"author\" content=\"Terje Aamodt\" \/>\n<meta name=\"twitter:card\" content=\"summary_large_image\" \/>\n<meta name=\"twitter:creator\" content=\"@aamodtfoto\" \/>\n<meta name=\"twitter:site\" content=\"@aamodtfoto\" \/>\n<meta name=\"twitter:label1\" content=\"Skrevet av\" \/>\n\t<meta name=\"twitter:data1\" content=\"Terje Aamodt\" \/>\n<script type=\"application\/ld+json\" class=\"yoast-schema-graph\">{\"@context\":\"https:\/\/schema.org\",\"@graph\":[{\"@type\":\"Article\",\"@id\":\"https:\/\/www.terjeaamodt.com\/blog\/2012\/05\/01\/buldring-i-vistdalen\/#article\",\"isPartOf\":{\"@id\":\"https:\/\/www.terjeaamodt.com\/blog\/2012\/05\/01\/buldring-i-vistdalen\/\"},\"author\":{\"name\":\"Terje Aamodt\",\"@id\":\"https:\/\/www.terjeaamodt.com\/blog\/#\/schema\/person\/421fe074073d41cf4e17a2aaa426f5bd\"},\"headline\":\"Buldring i Vistdalen\",\"datePublished\":\"2012-05-01T22:33:13+00:00\",\"dateModified\":\"2012-05-01T22:34:52+00:00\",\"mainEntityOfPage\":{\"@id\":\"https:\/\/www.terjeaamodt.com\/blog\/2012\/05\/01\/buldring-i-vistdalen\/\"},\"wordCount\":55,\"commentCount\":0,\"image\":{\"@id\":\"https:\/\/www.terjeaamodt.com\/blog\/2012\/05\/01\/buldring-i-vistdalen\/#primaryimage\"},\"thumbnailUrl\":\"http:\/\/www.terjeaamodt.com\/blog\/wp-content\/uploads\/2012\/05\/buldring_vistdalen_001.jpg\",\"keywords\":[\"bouldering in Norway\",\"Buldring\",\"Buldring i Vistdalen\",\"Climbing Photographer Norway\",\"klatring\",\"Vistdalen\"],\"articleSection\":[\"klatring\",\"Sport\"],\"inLanguage\":\"nb-NO\",\"potentialAction\":[{\"@type\":\"CommentAction\",\"name\":\"Comment\",\"target\":[\"https:\/\/www.terjeaamodt.com\/blog\/2012\/05\/01\/buldring-i-vistdalen\/#respond\"]}]},{\"@type\":\"WebPage\",\"@id\":\"https:\/\/www.terjeaamodt.com\/blog\/2012\/05\/01\/buldring-i-vistdalen\/\",\"url\":\"https:\/\/www.terjeaamodt.com\/blog\/2012\/05\/01\/buldring-i-vistdalen\/\",\"name\":\"Buldring i Vistdalen | Terje Aamodt Photography blog\",\"isPartOf\":{\"@id\":\"https:\/\/www.terjeaamodt.com\/blog\/#website\"},\"primaryImageOfPage\":{\"@id\":\"https:\/\/www.terjeaamodt.com\/blog\/2012\/05\/01\/buldring-i-vistdalen\/#primaryimage\"},\"image\":{\"@id\":\"https:\/\/www.terjeaamodt.com\/blog\/2012\/05\/01\/buldring-i-vistdalen\/#primaryimage\"},\"thumbnailUrl\":\"http:\/\/www.terjeaamodt.com\/blog\/wp-content\/uploads\/2012\/05\/buldring_vistdalen_001.jpg\",\"datePublished\":\"2012-05-01T22:33:13+00:00\",\"dateModified\":\"2012-05-01T22:34:52+00:00\",\"author\":{\"@id\":\"https:\/\/www.terjeaamodt.com\/blog\/#\/schema\/person\/421fe074073d41cf4e17a2aaa426f5bd\"},\"breadcrumb\":{\"@id\":\"https:\/\/www.terjeaamodt.com\/blog\/2012\/05\/01\/buldring-i-vistdalen\/#breadcrumb\"},\"inLanguage\":\"nb-NO\",\"potentialAction\":[{\"@type\":\"ReadAction\",\"target\":[\"https:\/\/www.terjeaamodt.com\/blog\/2012\/05\/01\/buldring-i-vistdalen\/\"]}]},{\"@type\":\"ImageObject\",\"inLanguage\":\"nb-NO\",\"@id\":\"https:\/\/www.terjeaamodt.com\/blog\/2012\/05\/01\/buldring-i-vistdalen\/#primaryimage\",\"url\":\"http:\/\/www.terjeaamodt.com\/blog\/wp-content\/uploads\/2012\/05\/buldring_vistdalen_001.jpg\",\"contentUrl\":\"http:\/\/www.terjeaamodt.com\/blog\/wp-content\/uploads\/2012\/05\/buldring_vistdalen_001.jpg\"},{\"@type\":\"BreadcrumbList\",\"@id\":\"https:\/\/www.terjeaamodt.com\/blog\/2012\/05\/01\/buldring-i-vistdalen\/#breadcrumb\",\"itemListElement\":[{\"@type\":\"ListItem\",\"position\":1,\"name\":\"Home\",\"item\":\"https:\/\/www.terjeaamodt.com\/blog\/\"},{\"@type\":\"ListItem\",\"position\":2,\"name\":\"Buldring i Vistdalen\"}]},{\"@type\":\"WebSite\",\"@id\":\"https:\/\/www.terjeaamodt.com\/blog\/#website\",\"url\":\"https:\/\/www.terjeaamodt.com\/blog\/\",\"name\":\"Terje Aamodt Photography blog\",\"description\":\"\",\"potentialAction\":[{\"@type\":\"SearchAction\",\"target\":{\"@type\":\"EntryPoint\",\"urlTemplate\":\"https:\/\/www.terjeaamodt.com\/blog\/?s={search_term_string}\"},\"query-input\":{\"@type\":\"PropertyValueSpecification\",\"valueRequired\":true,\"valueName\":\"search_term_string\"}}],\"inLanguage\":\"nb-NO\"},{\"@type\":\"Person\",\"@id\":\"https:\/\/www.terjeaamodt.com\/blog\/#\/schema\/person\/421fe074073d41cf4e17a2aaa426f5bd\",\"name\":\"Terje Aamodt\",\"image\":{\"@type\":\"ImageObject\",\"inLanguage\":\"nb-NO\",\"@id\":\"https:\/\/www.terjeaamodt.com\/blog\/#\/schema\/person\/image\/\",\"url\":\"https:\/\/secure.gravatar.com\/avatar\/42c15fcafccc8dea0466e1f48bbabee5d657af333b66d515f227538e430e6f37?s=96&d=mm&r=g\",\"contentUrl\":\"https:\/\/secure.gravatar.com\/avatar\/42c15fcafccc8dea0466e1f48bbabee5d657af333b66d515f227538e430e6f37?s=96&d=mm&r=g\",\"caption\":\"Terje Aamodt\"},\"description\":\"Terje Aamodt, fotograf og klattrer\",\"sameAs\":[\"http:\/\/www.terjeaamodt.com\"],\"url\":\"https:\/\/www.terjeaamodt.com\/blog\/author\/admin\/\"}]}<\/script>\n<!-- \/ Yoast SEO plugin. -->","yoast_head_json":{"title":"Buldring i Vistdalen | Terje Aamodt Photography blog","robots":{"index":"index","follow":"follow","max-snippet":"max-snippet:-1","max-image-preview":"max-image-preview:large","max-video-preview":"max-video-preview:-1"},"canonical":"https:\/\/www.terjeaamodt.com\/blog\/2012\/05\/01\/buldring-i-vistdalen\/","og_locale":"nb_NO","og_type":"article","og_title":"Buldring i Vistdalen | Terje Aamodt Photography blog","og_description":"Utesesongen er i gang igjen for fult, og for noen dager siden tok vi turen til Vistdalen. Visdalen har mye flott buldring \u00e5 by p\u00e5, p\u00e5 alt fra sm\u00e5 til STORE steiner. Mer info om buldring i Vistdalen finner du p\u00e5: https:\/\/sites.google.com\/site\/vistdalen\/ . Under kommer noen bilder fra turen.","og_url":"https:\/\/www.terjeaamodt.com\/blog\/2012\/05\/01\/buldring-i-vistdalen\/","og_site_name":"Terje Aamodt Photography blog","article_publisher":"https:\/\/www.facebook.com\/Terje-Aamodt-Photography-161544107229708\/?ref=hl","article_published_time":"2012-05-01T22:33:13+00:00","article_modified_time":"2012-05-01T22:34:52+00:00","og_image":[{"url":"http:\/\/www.terjeaamodt.com\/blog\/wp-content\/uploads\/2012\/05\/buldring_vistdalen_001.jpg","type":"","width":"","height":""}],"author":"Terje Aamodt","twitter_card":"summary_large_image","twitter_creator":"@aamodtfoto","twitter_site":"@aamodtfoto","twitter_misc":{"Skrevet av":"Terje Aamodt"},"schema":{"@context":"https:\/\/schema.org","@graph":[{"@type":"Article","@id":"https:\/\/www.terjeaamodt.com\/blog\/2012\/05\/01\/buldring-i-vistdalen\/#article","isPartOf":{"@id":"https:\/\/www.terjeaamodt.com\/blog\/2012\/05\/01\/buldring-i-vistdalen\/"},"author":{"name":"Terje Aamodt","@id":"https:\/\/www.terjeaamodt.com\/blog\/#\/schema\/person\/421fe074073d41cf4e17a2aaa426f5bd"},"headline":"Buldring i Vistdalen","datePublished":"2012-05-01T22:33:13+00:00","dateModified":"2012-05-01T22:34:52+00:00","mainEntityOfPage":{"@id":"https:\/\/www.terjeaamodt.com\/blog\/2012\/05\/01\/buldring-i-vistdalen\/"},"wordCount":55,"commentCount":0,"image":{"@id":"https:\/\/www.terjeaamodt.com\/blog\/2012\/05\/01\/buldring-i-vistdalen\/#primaryimage"},"thumbnailUrl":"http:\/\/www.terjeaamodt.com\/blog\/wp-content\/uploads\/2012\/05\/buldring_vistdalen_001.jpg","keywords":["bouldering in Norway","Buldring","Buldring i Vistdalen","Climbing Photographer Norway","klatring","Vistdalen"],"articleSection":["klatring","Sport"],"inLanguage":"nb-NO","potentialAction":[{"@type":"CommentAction","name":"Comment","target":["https:\/\/www.terjeaamodt.com\/blog\/2012\/05\/01\/buldring-i-vistdalen\/#respond"]}]},{"@type":"WebPage","@id":"https:\/\/www.terjeaamodt.com\/blog\/2012\/05\/01\/buldring-i-vistdalen\/","url":"https:\/\/www.terjeaamodt.com\/blog\/2012\/05\/01\/buldring-i-vistdalen\/","name":"Buldring i Vistdalen | Terje Aamodt Photography blog","isPartOf":{"@id":"https:\/\/www.terjeaamodt.com\/blog\/#website"},"primaryImageOfPage":{"@id":"https:\/\/www.terjeaamodt.com\/blog\/2012\/05\/01\/buldring-i-vistdalen\/#primaryimage"},"image":{"@id":"https:\/\/www.terjeaamodt.com\/blog\/2012\/05\/01\/buldring-i-vistdalen\/#primaryimage"},"thumbnailUrl":"http:\/\/www.terjeaamodt.com\/blog\/wp-content\/uploads\/2012\/05\/buldring_vistdalen_001.jpg","datePublished":"2012-05-01T22:33:13+00:00","dateModified":"2012-05-01T22:34:52+00:00","author":{"@id":"https:\/\/www.terjeaamodt.com\/blog\/#\/schema\/person\/421fe074073d41cf4e17a2aaa426f5bd"},"breadcrumb":{"@id":"https:\/\/www.terjeaamodt.com\/blog\/2012\/05\/01\/buldring-i-vistdalen\/#breadcrumb"},"inLanguage":"nb-NO","potentialAction":[{"@type":"ReadAction","target":["https:\/\/www.terjeaamodt.com\/blog\/2012\/05\/01\/buldring-i-vistdalen\/"]}]},{"@type":"ImageObject","inLanguage":"nb-NO","@id":"https:\/\/www.terjeaamodt.com\/blog\/2012\/05\/01\/buldring-i-vistdalen\/#primaryimage","url":"http:\/\/www.terjeaamodt.com\/blog\/wp-content\/uploads\/2012\/05\/buldring_vistdalen_001.jpg","contentUrl":"http:\/\/www.terjeaamodt.com\/blog\/wp-content\/uploads\/2012\/05\/buldring_vistdalen_001.jpg"},{"@type":"BreadcrumbList","@id":"https:\/\/www.terjeaamodt.com\/blog\/2012\/05\/01\/buldring-i-vistdalen\/#breadcrumb","itemListElement":[{"@type":"ListItem","position":1,"name":"Home","item":"https:\/\/www.terjeaamodt.com\/blog\/"},{"@type":"ListItem","position":2,"name":"Buldring i Vistdalen"}]},{"@type":"WebSite","@id":"https:\/\/www.terjeaamodt.com\/blog\/#website","url":"https:\/\/www.terjeaamodt.com\/blog\/","name":"Terje Aamodt Photography blog","description":"","potentialAction":[{"@type":"SearchAction","target":{"@type":"EntryPoint","urlTemplate":"https:\/\/www.terjeaamodt.com\/blog\/?s={search_term_string}"},"query-input":{"@type":"PropertyValueSpecification","valueRequired":true,"valueName":"search_term_string"}}],"inLanguage":"nb-NO"},{"@type":"Person","@id":"https:\/\/www.terjeaamodt.com\/blog\/#\/schema\/person\/421fe074073d41cf4e17a2aaa426f5bd","name":"Terje Aamodt","image":{"@type":"ImageObject","inLanguage":"nb-NO","@id":"https:\/\/www.terjeaamodt.com\/blog\/#\/schema\/person\/image\/","url":"https:\/\/secure.gravatar.com\/avatar\/42c15fcafccc8dea0466e1f48bbabee5d657af333b66d515f227538e430e6f37?s=96&d=mm&r=g","contentUrl":"https:\/\/secure.gravatar.com\/avatar\/42c15fcafccc8dea0466e1f48bbabee5d657af333b66d515f227538e430e6f37?s=96&d=mm&r=g","caption":"Terje Aamodt"},"description":"Terje Aamodt, fotograf og klattrer","sameAs":["http:\/\/www.terjeaamodt.com"],"url":"https:\/\/www.terjeaamodt.com\/blog\/author\/admin\/"}]}},"_links":{"self":[{"href":"https:\/\/www.terjeaamodt.com\/blog\/wp-json\/wp\/v2\/posts\/3748","targetHints":{"allow":["GET"]}}],"collection":[{"href":"https:\/\/www.terjeaamodt.com\/blog\/wp-json\/wp\/v2\/posts"}],"about":[{"href":"https:\/\/www.terjeaamodt.com\/blog\/wp-json\/wp\/v2\/types\/post"}],"author":[{"embeddable":true,"href":"https:\/\/www.terjeaamodt.com\/blog\/wp-json\/wp\/v2\/users\/1"}],"replies":[{"embeddable":true,"href":"https:\/\/www.terjeaamodt.com\/blog\/wp-json\/wp\/v2\/comments?post=3748"}],"version-history":[{"count":1,"href":"https:\/\/www.terjeaamodt.com\/blog\/wp-json\/wp\/v2\/posts\/3748\/revisions"}],"predecessor-version":[{"id":3749,"href":"https:\/\/www.terjeaamodt.com\/blog\/wp-json\/wp\/v2\/posts\/3748\/revisions\/3749"}],"wp:attachment":[{"href":"https:\/\/www.terjeaamodt.com\/blog\/wp-json\/wp\/v2\/media?parent=3748"}],"wp:term":[{"taxonomy":"category","embeddable":true,"href":"https:\/\/www.terjeaamodt.com\/blog\/wp-json\/wp\/v2\/categories?post=3748"},{"taxonomy":"post_tag","embeddable":true,"href":"https:\/\/www.terjeaamodt.com\/blog\/wp-json\/wp\/v2\/tags?post=3748"}],"curies":[{"name":"wp","href":"https:\/\/api.w.org\/{rel}","templated":true}]}}