{"id":3776,"date":"2012-06-13T04:37:45","date_gmt":"2012-06-13T09:37:45","guid":{"rendered":"http:\/\/www.terjeaamodt.com\/blog\/?p=3776"},"modified":"2012-06-13T07:45:00","modified_gmt":"2012-06-13T12:45:00","slug":"forsidebilde-i-klatring","status":"publish","type":"post","link":"https:\/\/www.terjeaamodt.com\/blog\/2012\/06\/13\/forsidebilde-i-klatring\/","title":{"rendered":"Forsidebilde i klatring"},"content":{"rendered":"<p>Veldig kjekt \u00e5 f\u00e5 forsidebilder, og i siste nummer av klatring hadde de valgt \u00e5 bruke ett bilde av Osar Mork, Iver Gjelstenli og Odd Tokle S\u00e6b\u00f8 p\u00e5 Sydveggen av Bl\u00e5nebba som forside. Inne i bladet finner du ogs\u00e5 ett stort dobbelsidebilde av Mie kastet n\u00e5r hun klatrer den fantastsike ruta Jag \u00e4r inte Jesus (8) p\u00e5 Long John &#8211; veggen ved Kvitnes fort, samt ett bilde av Frode \u00d8sby som buldrer p\u00e5 Skotten. L\u00f8p og kj\u00f8p \ud83d\ude42<\/p>\n<p>\n<img decoding=\"async\" src=\"http:\/\/www.terjeaamodt.com\/blog\/wp-content\/uploads\/2012\/06\/Klatring-109_omslaget.jpg\" width=\"646\" height=\"808\" alt=\"Klatring 109_omslaget.jpg\" \/><\/p>\n","protected":false},"excerpt":{"rendered":"<p>Veldig kjekt \u00e5 f\u00e5 forsidebilder, og i siste nummer av klatring hadde de valgt \u00e5 bruke ett bilde av Osar Mork, Iver Gjelstenli og Odd Tokle S\u00e6b\u00f8 p\u00e5 Sydveggen av Bl\u00e5nebba som forside. Inne i bladet finner du ogs\u00e5 ett stort dobbelsidebilde av Mie kastet n\u00e5r hun klatrer den fantastsike ruta Jag \u00e4r inte Jesus [&hellip;]<\/p>\n","protected":false},"author":1,"featured_media":0,"comment_status":"open","ping_status":"closed","sticky":false,"template":"","format":"standard","meta":{"footnotes":""},"categories":[6,10,39],"tags":[103,347,195,346,348,196,58,642,344],"class_list":["post-3776","post","type-post","status-publish","format-standard","hentry","category-klatring","category-livsstil","category-sport","tag-climbing","tag-climbing-in-romsdalen","tag-climbing-photography-norway","tag-climbing-photography-romsdalen","tag-forsidebilde-klatring","tag-klatre-foto","tag-klatrebilder","tag-klatring","tag-klatring-i-romsdalen"],"yoast_head":"<!-- This site is optimized with the Yoast SEO plugin v27.1.1 - https:\/\/yoast.com\/product\/yoast-seo-wordpress\/ -->\n<title>Forsidebilde i klatring | Terje Aamodt Photography blog<\/title>\n<meta name=\"robots\" content=\"index, follow, max-snippet:-1, max-image-preview:large, max-video-preview:-1\" \/>\n<link rel=\"canonical\" href=\"https:\/\/www.terjeaamodt.com\/blog\/2012\/06\/13\/forsidebilde-i-klatring\/\" \/>\n<meta property=\"og:locale\" content=\"nb_NO\" \/>\n<meta property=\"og:type\" content=\"article\" \/>\n<meta property=\"og:title\" content=\"Forsidebilde i klatring | Terje Aamodt Photography blog\" \/>\n<meta property=\"og:description\" content=\"Veldig kjekt \u00e5 f\u00e5 forsidebilder, og i siste nummer av klatring hadde de valgt \u00e5 bruke ett bilde av Osar Mork, Iver Gjelstenli og Odd Tokle S\u00e6b\u00f8 p\u00e5 Sydveggen av Bl\u00e5nebba som forside. Inne i bladet finner du ogs\u00e5 ett stort dobbelsidebilde av Mie kastet n\u00e5r hun klatrer den fantastsike ruta Jag \u00e4r inte Jesus [&hellip;]\" \/>\n<meta property=\"og:url\" content=\"https:\/\/www.terjeaamodt.com\/blog\/2012\/06\/13\/forsidebilde-i-klatring\/\" \/>\n<meta property=\"og:site_name\" content=\"Terje Aamodt Photography blog\" \/>\n<meta property=\"article:publisher\" content=\"https:\/\/www.facebook.com\/Terje-Aamodt-Photography-161544107229708\/?ref=hl\" \/>\n<meta property=\"article:published_time\" content=\"2012-06-13T09:37:45+00:00\" \/>\n<meta property=\"article:modified_time\" content=\"2012-06-13T12:45:00+00:00\" \/>\n<meta property=\"og:image\" content=\"http:\/\/www.terjeaamodt.com\/blog\/wp-content\/uploads\/2012\/06\/Klatring-109_omslaget.jpg\" \/>\n<meta name=\"author\" content=\"Terje Aamodt\" \/>\n<meta name=\"twitter:card\" content=\"summary_large_image\" \/>\n<meta name=\"twitter:creator\" content=\"@aamodtfoto\" \/>\n<meta name=\"twitter:site\" content=\"@aamodtfoto\" \/>\n<meta name=\"twitter:label1\" content=\"Skrevet av\" \/>\n\t<meta name=\"twitter:data1\" content=\"Terje Aamodt\" \/>\n<script type=\"application\/ld+json\" class=\"yoast-schema-graph\">{\"@context\":\"https:\/\/schema.org\",\"@graph\":[{\"@type\":\"Article\",\"@id\":\"https:\/\/www.terjeaamodt.com\/blog\/2012\/06\/13\/forsidebilde-i-klatring\/#article\",\"isPartOf\":{\"@id\":\"https:\/\/www.terjeaamodt.com\/blog\/2012\/06\/13\/forsidebilde-i-klatring\/\"},\"author\":{\"name\":\"Terje Aamodt\",\"@id\":\"https:\/\/www.terjeaamodt.com\/blog\/#\/schema\/person\/421fe074073d41cf4e17a2aaa426f5bd\"},\"headline\":\"Forsidebilde i klatring\",\"datePublished\":\"2012-06-13T09:37:45+00:00\",\"dateModified\":\"2012-06-13T12:45:00+00:00\",\"mainEntityOfPage\":{\"@id\":\"https:\/\/www.terjeaamodt.com\/blog\/2012\/06\/13\/forsidebilde-i-klatring\/\"},\"wordCount\":83,\"commentCount\":0,\"image\":{\"@id\":\"https:\/\/www.terjeaamodt.com\/blog\/2012\/06\/13\/forsidebilde-i-klatring\/#primaryimage\"},\"thumbnailUrl\":\"http:\/\/www.terjeaamodt.com\/blog\/wp-content\/uploads\/2012\/06\/Klatring-109_omslaget.jpg\",\"keywords\":[\"Climbing\",\"Climbing in Romsdalen\",\"climbing photography Norway\",\"Climbing Photography Romsdalen\",\"Forsidebilde Klatring\",\"klatre foto\",\"klatrebilder\",\"klatring\",\"Klatring I Romsdalen\"],\"articleSection\":[\"klatring\",\"livsstil\",\"Sport\"],\"inLanguage\":\"nb-NO\",\"potentialAction\":[{\"@type\":\"CommentAction\",\"name\":\"Comment\",\"target\":[\"https:\/\/www.terjeaamodt.com\/blog\/2012\/06\/13\/forsidebilde-i-klatring\/#respond\"]}]},{\"@type\":\"WebPage\",\"@id\":\"https:\/\/www.terjeaamodt.com\/blog\/2012\/06\/13\/forsidebilde-i-klatring\/\",\"url\":\"https:\/\/www.terjeaamodt.com\/blog\/2012\/06\/13\/forsidebilde-i-klatring\/\",\"name\":\"Forsidebilde i klatring | Terje Aamodt Photography blog\",\"isPartOf\":{\"@id\":\"https:\/\/www.terjeaamodt.com\/blog\/#website\"},\"primaryImageOfPage\":{\"@id\":\"https:\/\/www.terjeaamodt.com\/blog\/2012\/06\/13\/forsidebilde-i-klatring\/#primaryimage\"},\"image\":{\"@id\":\"https:\/\/www.terjeaamodt.com\/blog\/2012\/06\/13\/forsidebilde-i-klatring\/#primaryimage\"},\"thumbnailUrl\":\"http:\/\/www.terjeaamodt.com\/blog\/wp-content\/uploads\/2012\/06\/Klatring-109_omslaget.jpg\",\"datePublished\":\"2012-06-13T09:37:45+00:00\",\"dateModified\":\"2012-06-13T12:45:00+00:00\",\"author\":{\"@id\":\"https:\/\/www.terjeaamodt.com\/blog\/#\/schema\/person\/421fe074073d41cf4e17a2aaa426f5bd\"},\"breadcrumb\":{\"@id\":\"https:\/\/www.terjeaamodt.com\/blog\/2012\/06\/13\/forsidebilde-i-klatring\/#breadcrumb\"},\"inLanguage\":\"nb-NO\",\"potentialAction\":[{\"@type\":\"ReadAction\",\"target\":[\"https:\/\/www.terjeaamodt.com\/blog\/2012\/06\/13\/forsidebilde-i-klatring\/\"]}]},{\"@type\":\"ImageObject\",\"inLanguage\":\"nb-NO\",\"@id\":\"https:\/\/www.terjeaamodt.com\/blog\/2012\/06\/13\/forsidebilde-i-klatring\/#primaryimage\",\"url\":\"http:\/\/www.terjeaamodt.com\/blog\/wp-content\/uploads\/2012\/06\/Klatring-109_omslaget.jpg\",\"contentUrl\":\"http:\/\/www.terjeaamodt.com\/blog\/wp-content\/uploads\/2012\/06\/Klatring-109_omslaget.jpg\"},{\"@type\":\"BreadcrumbList\",\"@id\":\"https:\/\/www.terjeaamodt.com\/blog\/2012\/06\/13\/forsidebilde-i-klatring\/#breadcrumb\",\"itemListElement\":[{\"@type\":\"ListItem\",\"position\":1,\"name\":\"Home\",\"item\":\"https:\/\/www.terjeaamodt.com\/blog\/\"},{\"@type\":\"ListItem\",\"position\":2,\"name\":\"Forsidebilde i klatring\"}]},{\"@type\":\"WebSite\",\"@id\":\"https:\/\/www.terjeaamodt.com\/blog\/#website\",\"url\":\"https:\/\/www.terjeaamodt.com\/blog\/\",\"name\":\"Terje Aamodt Photography blog\",\"description\":\"\",\"potentialAction\":[{\"@type\":\"SearchAction\",\"target\":{\"@type\":\"EntryPoint\",\"urlTemplate\":\"https:\/\/www.terjeaamodt.com\/blog\/?s={search_term_string}\"},\"query-input\":{\"@type\":\"PropertyValueSpecification\",\"valueRequired\":true,\"valueName\":\"search_term_string\"}}],\"inLanguage\":\"nb-NO\"},{\"@type\":\"Person\",\"@id\":\"https:\/\/www.terjeaamodt.com\/blog\/#\/schema\/person\/421fe074073d41cf4e17a2aaa426f5bd\",\"name\":\"Terje Aamodt\",\"image\":{\"@type\":\"ImageObject\",\"inLanguage\":\"nb-NO\",\"@id\":\"https:\/\/www.terjeaamodt.com\/blog\/#\/schema\/person\/image\/\",\"url\":\"https:\/\/secure.gravatar.com\/avatar\/42c15fcafccc8dea0466e1f48bbabee5d657af333b66d515f227538e430e6f37?s=96&d=mm&r=g\",\"contentUrl\":\"https:\/\/secure.gravatar.com\/avatar\/42c15fcafccc8dea0466e1f48bbabee5d657af333b66d515f227538e430e6f37?s=96&d=mm&r=g\",\"caption\":\"Terje Aamodt\"},\"description\":\"Terje Aamodt, fotograf og klattrer\",\"sameAs\":[\"http:\/\/www.terjeaamodt.com\"],\"url\":\"https:\/\/www.terjeaamodt.com\/blog\/author\/admin\/\"}]}<\/script>\n<!-- \/ Yoast SEO plugin. -->","yoast_head_json":{"title":"Forsidebilde i klatring | Terje Aamodt Photography blog","robots":{"index":"index","follow":"follow","max-snippet":"max-snippet:-1","max-image-preview":"max-image-preview:large","max-video-preview":"max-video-preview:-1"},"canonical":"https:\/\/www.terjeaamodt.com\/blog\/2012\/06\/13\/forsidebilde-i-klatring\/","og_locale":"nb_NO","og_type":"article","og_title":"Forsidebilde i klatring | Terje Aamodt Photography blog","og_description":"Veldig kjekt \u00e5 f\u00e5 forsidebilder, og i siste nummer av klatring hadde de valgt \u00e5 bruke ett bilde av Osar Mork, Iver Gjelstenli og Odd Tokle S\u00e6b\u00f8 p\u00e5 Sydveggen av Bl\u00e5nebba som forside. Inne i bladet finner du ogs\u00e5 ett stort dobbelsidebilde av Mie kastet n\u00e5r hun klatrer den fantastsike ruta Jag \u00e4r inte Jesus [&hellip;]","og_url":"https:\/\/www.terjeaamodt.com\/blog\/2012\/06\/13\/forsidebilde-i-klatring\/","og_site_name":"Terje Aamodt Photography blog","article_publisher":"https:\/\/www.facebook.com\/Terje-Aamodt-Photography-161544107229708\/?ref=hl","article_published_time":"2012-06-13T09:37:45+00:00","article_modified_time":"2012-06-13T12:45:00+00:00","og_image":[{"url":"http:\/\/www.terjeaamodt.com\/blog\/wp-content\/uploads\/2012\/06\/Klatring-109_omslaget.jpg","type":"","width":"","height":""}],"author":"Terje Aamodt","twitter_card":"summary_large_image","twitter_creator":"@aamodtfoto","twitter_site":"@aamodtfoto","twitter_misc":{"Skrevet av":"Terje Aamodt"},"schema":{"@context":"https:\/\/schema.org","@graph":[{"@type":"Article","@id":"https:\/\/www.terjeaamodt.com\/blog\/2012\/06\/13\/forsidebilde-i-klatring\/#article","isPartOf":{"@id":"https:\/\/www.terjeaamodt.com\/blog\/2012\/06\/13\/forsidebilde-i-klatring\/"},"author":{"name":"Terje Aamodt","@id":"https:\/\/www.terjeaamodt.com\/blog\/#\/schema\/person\/421fe074073d41cf4e17a2aaa426f5bd"},"headline":"Forsidebilde i klatring","datePublished":"2012-06-13T09:37:45+00:00","dateModified":"2012-06-13T12:45:00+00:00","mainEntityOfPage":{"@id":"https:\/\/www.terjeaamodt.com\/blog\/2012\/06\/13\/forsidebilde-i-klatring\/"},"wordCount":83,"commentCount":0,"image":{"@id":"https:\/\/www.terjeaamodt.com\/blog\/2012\/06\/13\/forsidebilde-i-klatring\/#primaryimage"},"thumbnailUrl":"http:\/\/www.terjeaamodt.com\/blog\/wp-content\/uploads\/2012\/06\/Klatring-109_omslaget.jpg","keywords":["Climbing","Climbing in Romsdalen","climbing photography Norway","Climbing Photography Romsdalen","Forsidebilde Klatring","klatre foto","klatrebilder","klatring","Klatring I Romsdalen"],"articleSection":["klatring","livsstil","Sport"],"inLanguage":"nb-NO","potentialAction":[{"@type":"CommentAction","name":"Comment","target":["https:\/\/www.terjeaamodt.com\/blog\/2012\/06\/13\/forsidebilde-i-klatring\/#respond"]}]},{"@type":"WebPage","@id":"https:\/\/www.terjeaamodt.com\/blog\/2012\/06\/13\/forsidebilde-i-klatring\/","url":"https:\/\/www.terjeaamodt.com\/blog\/2012\/06\/13\/forsidebilde-i-klatring\/","name":"Forsidebilde i klatring | Terje Aamodt Photography blog","isPartOf":{"@id":"https:\/\/www.terjeaamodt.com\/blog\/#website"},"primaryImageOfPage":{"@id":"https:\/\/www.terjeaamodt.com\/blog\/2012\/06\/13\/forsidebilde-i-klatring\/#primaryimage"},"image":{"@id":"https:\/\/www.terjeaamodt.com\/blog\/2012\/06\/13\/forsidebilde-i-klatring\/#primaryimage"},"thumbnailUrl":"http:\/\/www.terjeaamodt.com\/blog\/wp-content\/uploads\/2012\/06\/Klatring-109_omslaget.jpg","datePublished":"2012-06-13T09:37:45+00:00","dateModified":"2012-06-13T12:45:00+00:00","author":{"@id":"https:\/\/www.terjeaamodt.com\/blog\/#\/schema\/person\/421fe074073d41cf4e17a2aaa426f5bd"},"breadcrumb":{"@id":"https:\/\/www.terjeaamodt.com\/blog\/2012\/06\/13\/forsidebilde-i-klatring\/#breadcrumb"},"inLanguage":"nb-NO","potentialAction":[{"@type":"ReadAction","target":["https:\/\/www.terjeaamodt.com\/blog\/2012\/06\/13\/forsidebilde-i-klatring\/"]}]},{"@type":"ImageObject","inLanguage":"nb-NO","@id":"https:\/\/www.terjeaamodt.com\/blog\/2012\/06\/13\/forsidebilde-i-klatring\/#primaryimage","url":"http:\/\/www.terjeaamodt.com\/blog\/wp-content\/uploads\/2012\/06\/Klatring-109_omslaget.jpg","contentUrl":"http:\/\/www.terjeaamodt.com\/blog\/wp-content\/uploads\/2012\/06\/Klatring-109_omslaget.jpg"},{"@type":"BreadcrumbList","@id":"https:\/\/www.terjeaamodt.com\/blog\/2012\/06\/13\/forsidebilde-i-klatring\/#breadcrumb","itemListElement":[{"@type":"ListItem","position":1,"name":"Home","item":"https:\/\/www.terjeaamodt.com\/blog\/"},{"@type":"ListItem","position":2,"name":"Forsidebilde i klatring"}]},{"@type":"WebSite","@id":"https:\/\/www.terjeaamodt.com\/blog\/#website","url":"https:\/\/www.terjeaamodt.com\/blog\/","name":"Terje Aamodt Photography blog","description":"","potentialAction":[{"@type":"SearchAction","target":{"@type":"EntryPoint","urlTemplate":"https:\/\/www.terjeaamodt.com\/blog\/?s={search_term_string}"},"query-input":{"@type":"PropertyValueSpecification","valueRequired":true,"valueName":"search_term_string"}}],"inLanguage":"nb-NO"},{"@type":"Person","@id":"https:\/\/www.terjeaamodt.com\/blog\/#\/schema\/person\/421fe074073d41cf4e17a2aaa426f5bd","name":"Terje Aamodt","image":{"@type":"ImageObject","inLanguage":"nb-NO","@id":"https:\/\/www.terjeaamodt.com\/blog\/#\/schema\/person\/image\/","url":"https:\/\/secure.gravatar.com\/avatar\/42c15fcafccc8dea0466e1f48bbabee5d657af333b66d515f227538e430e6f37?s=96&d=mm&r=g","contentUrl":"https:\/\/secure.gravatar.com\/avatar\/42c15fcafccc8dea0466e1f48bbabee5d657af333b66d515f227538e430e6f37?s=96&d=mm&r=g","caption":"Terje Aamodt"},"description":"Terje Aamodt, fotograf og klattrer","sameAs":["http:\/\/www.terjeaamodt.com"],"url":"https:\/\/www.terjeaamodt.com\/blog\/author\/admin\/"}]}},"_links":{"self":[{"href":"https:\/\/www.terjeaamodt.com\/blog\/wp-json\/wp\/v2\/posts\/3776","targetHints":{"allow":["GET"]}}],"collection":[{"href":"https:\/\/www.terjeaamodt.com\/blog\/wp-json\/wp\/v2\/posts"}],"about":[{"href":"https:\/\/www.terjeaamodt.com\/blog\/wp-json\/wp\/v2\/types\/post"}],"author":[{"embeddable":true,"href":"https:\/\/www.terjeaamodt.com\/blog\/wp-json\/wp\/v2\/users\/1"}],"replies":[{"embeddable":true,"href":"https:\/\/www.terjeaamodt.com\/blog\/wp-json\/wp\/v2\/comments?post=3776"}],"version-history":[{"count":3,"href":"https:\/\/www.terjeaamodt.com\/blog\/wp-json\/wp\/v2\/posts\/3776\/revisions"}],"predecessor-version":[{"id":3779,"href":"https:\/\/www.terjeaamodt.com\/blog\/wp-json\/wp\/v2\/posts\/3776\/revisions\/3779"}],"wp:attachment":[{"href":"https:\/\/www.terjeaamodt.com\/blog\/wp-json\/wp\/v2\/media?parent=3776"}],"wp:term":[{"taxonomy":"category","embeddable":true,"href":"https:\/\/www.terjeaamodt.com\/blog\/wp-json\/wp\/v2\/categories?post=3776"},{"taxonomy":"post_tag","embeddable":true,"href":"https:\/\/www.terjeaamodt.com\/blog\/wp-json\/wp\/v2\/tags?post=3776"}],"curies":[{"name":"wp","href":"https:\/\/api.w.org\/{rel}","templated":true}]}}