{"id":3781,"date":"2012-06-18T05:32:37","date_gmt":"2012-06-18T10:32:37","guid":{"rendered":"http:\/\/www.terjeaamodt.com\/blog\/?p=3781"},"modified":"2012-06-18T05:32:43","modified_gmt":"2012-06-18T10:32:43","slug":"blinkskuddet-fjell-og-vidde","status":"publish","type":"post","link":"https:\/\/www.terjeaamodt.com\/blog\/2012\/06\/18\/blinkskuddet-fjell-og-vidde\/","title":{"rendered":"Blinkskuddet | Fjell og Vidde"},"content":{"rendered":"<p>I siste nummer av Fjell og Vidde &#8211; miniatyrbilde &#8211; valgte de \u00e5 bruke ett bilde som jeg tok av Rannveig Aamodt p\u00e5 Giro&#8217; Italia til nummerets &raquo; Blinkskuddet&raquo; Ruta ligger i klatre og svaparadiset Eresfjorden. Bildet er tatt p\u00e5 cruxet der ett nydelig takoverheng g\u00e5r over til \u00e5 bli sva igjen.<\/p>\n<p><img decoding=\"async\" src=\"http:\/\/www.terjeaamodt.com\/blog\/wp-content\/uploads\/2012\/06\/giroditalia_rannveig.jpg\" width=\"960\" height=\"642\" alt=\"giroditalia_rannveig.jpg\" \/><\/p>\n","protected":false},"excerpt":{"rendered":"<p>I siste nummer av Fjell og Vidde &#8211; miniatyrbilde &#8211; valgte de \u00e5 bruke ett bilde som jeg tok av Rannveig Aamodt p\u00e5 Giro&#8217; Italia til nummerets &raquo; Blinkskuddet&raquo; Ruta ligger i klatre og svaparadiset Eresfjorden. Bildet er tatt p\u00e5 cruxet der ett nydelig takoverheng g\u00e5r over til \u00e5 bli sva igjen.<\/p>\n","protected":false},"author":1,"featured_media":0,"comment_status":"open","ping_status":"closed","sticky":false,"template":"","format":"standard","meta":{"footnotes":""},"categories":[6,10,168,39],"tags":[258,257,352,351,350,642,349,344],"class_list":["post-3781","post","type-post","status-publish","format-standard","hentry","category-klatring","category-livsstil","category-presse","category-sport","tag-adventure-photography","tag-adventure-photography-norway","tag-climbing-in-eresfjorden","tag-fjell-og-vidde","tag-giro-d-italia","tag-klatring","tag-klatring-i-eresfjorden","tag-klatring-i-romsdalen"],"yoast_head":"<!-- This site is optimized with the Yoast SEO plugin v27.1.1 - https:\/\/yoast.com\/product\/yoast-seo-wordpress\/ -->\n<title>Blinkskuddet | Fjell og Vidde | Terje Aamodt Photography blog<\/title>\n<meta name=\"robots\" content=\"index, follow, max-snippet:-1, max-image-preview:large, max-video-preview:-1\" \/>\n<link rel=\"canonical\" href=\"https:\/\/www.terjeaamodt.com\/blog\/2012\/06\/18\/blinkskuddet-fjell-og-vidde\/\" \/>\n<meta property=\"og:locale\" content=\"nb_NO\" \/>\n<meta property=\"og:type\" content=\"article\" \/>\n<meta property=\"og:title\" content=\"Blinkskuddet | Fjell og Vidde | Terje Aamodt Photography blog\" \/>\n<meta property=\"og:description\" content=\"I siste nummer av Fjell og Vidde &#8211; miniatyrbilde &#8211; valgte de \u00e5 bruke ett bilde som jeg tok av Rannveig Aamodt p\u00e5 Giro&#8217; Italia til nummerets &raquo; Blinkskuddet&raquo; Ruta ligger i klatre og svaparadiset Eresfjorden. Bildet er tatt p\u00e5 cruxet der ett nydelig takoverheng g\u00e5r over til \u00e5 bli sva igjen.\" \/>\n<meta property=\"og:url\" content=\"https:\/\/www.terjeaamodt.com\/blog\/2012\/06\/18\/blinkskuddet-fjell-og-vidde\/\" \/>\n<meta property=\"og:site_name\" content=\"Terje Aamodt Photography blog\" \/>\n<meta property=\"article:publisher\" content=\"https:\/\/www.facebook.com\/Terje-Aamodt-Photography-161544107229708\/?ref=hl\" \/>\n<meta property=\"article:published_time\" content=\"2012-06-18T10:32:37+00:00\" \/>\n<meta property=\"article:modified_time\" content=\"2012-06-18T10:32:43+00:00\" \/>\n<meta property=\"og:image\" content=\"http:\/\/www.terjeaamodt.com\/blog\/wp-content\/uploads\/2012\/06\/giroditalia_rannveig.jpg\" \/>\n<meta name=\"author\" content=\"Terje Aamodt\" \/>\n<meta name=\"twitter:card\" content=\"summary_large_image\" \/>\n<meta name=\"twitter:creator\" content=\"@aamodtfoto\" \/>\n<meta name=\"twitter:site\" content=\"@aamodtfoto\" \/>\n<meta name=\"twitter:label1\" content=\"Skrevet av\" \/>\n\t<meta name=\"twitter:data1\" content=\"Terje Aamodt\" \/>\n<script type=\"application\/ld+json\" class=\"yoast-schema-graph\">{\"@context\":\"https:\/\/schema.org\",\"@graph\":[{\"@type\":\"Article\",\"@id\":\"https:\/\/www.terjeaamodt.com\/blog\/2012\/06\/18\/blinkskuddet-fjell-og-vidde\/#article\",\"isPartOf\":{\"@id\":\"https:\/\/www.terjeaamodt.com\/blog\/2012\/06\/18\/blinkskuddet-fjell-og-vidde\/\"},\"author\":{\"name\":\"Terje Aamodt\",\"@id\":\"https:\/\/www.terjeaamodt.com\/blog\/#\/schema\/person\/421fe074073d41cf4e17a2aaa426f5bd\"},\"headline\":\"Blinkskuddet | Fjell og Vidde\",\"datePublished\":\"2012-06-18T10:32:37+00:00\",\"dateModified\":\"2012-06-18T10:32:43+00:00\",\"mainEntityOfPage\":{\"@id\":\"https:\/\/www.terjeaamodt.com\/blog\/2012\/06\/18\/blinkskuddet-fjell-og-vidde\/\"},\"wordCount\":54,\"commentCount\":0,\"image\":{\"@id\":\"https:\/\/www.terjeaamodt.com\/blog\/2012\/06\/18\/blinkskuddet-fjell-og-vidde\/#primaryimage\"},\"thumbnailUrl\":\"http:\/\/www.terjeaamodt.com\/blog\/wp-content\/uploads\/2012\/06\/giroditalia_rannveig.jpg\",\"keywords\":[\"Adventure Photography\",\"adventure photography Norway\",\"Climbing in Eresfjorden\",\"Fjell og Vidde\",\"Giro d' Italia\",\"klatring\",\"klatring i Eresfjorden\",\"Klatring I Romsdalen\"],\"articleSection\":[\"klatring\",\"livsstil\",\"Presse\",\"Sport\"],\"inLanguage\":\"nb-NO\",\"potentialAction\":[{\"@type\":\"CommentAction\",\"name\":\"Comment\",\"target\":[\"https:\/\/www.terjeaamodt.com\/blog\/2012\/06\/18\/blinkskuddet-fjell-og-vidde\/#respond\"]}]},{\"@type\":\"WebPage\",\"@id\":\"https:\/\/www.terjeaamodt.com\/blog\/2012\/06\/18\/blinkskuddet-fjell-og-vidde\/\",\"url\":\"https:\/\/www.terjeaamodt.com\/blog\/2012\/06\/18\/blinkskuddet-fjell-og-vidde\/\",\"name\":\"Blinkskuddet | Fjell og Vidde | Terje Aamodt Photography blog\",\"isPartOf\":{\"@id\":\"https:\/\/www.terjeaamodt.com\/blog\/#website\"},\"primaryImageOfPage\":{\"@id\":\"https:\/\/www.terjeaamodt.com\/blog\/2012\/06\/18\/blinkskuddet-fjell-og-vidde\/#primaryimage\"},\"image\":{\"@id\":\"https:\/\/www.terjeaamodt.com\/blog\/2012\/06\/18\/blinkskuddet-fjell-og-vidde\/#primaryimage\"},\"thumbnailUrl\":\"http:\/\/www.terjeaamodt.com\/blog\/wp-content\/uploads\/2012\/06\/giroditalia_rannveig.jpg\",\"datePublished\":\"2012-06-18T10:32:37+00:00\",\"dateModified\":\"2012-06-18T10:32:43+00:00\",\"author\":{\"@id\":\"https:\/\/www.terjeaamodt.com\/blog\/#\/schema\/person\/421fe074073d41cf4e17a2aaa426f5bd\"},\"breadcrumb\":{\"@id\":\"https:\/\/www.terjeaamodt.com\/blog\/2012\/06\/18\/blinkskuddet-fjell-og-vidde\/#breadcrumb\"},\"inLanguage\":\"nb-NO\",\"potentialAction\":[{\"@type\":\"ReadAction\",\"target\":[\"https:\/\/www.terjeaamodt.com\/blog\/2012\/06\/18\/blinkskuddet-fjell-og-vidde\/\"]}]},{\"@type\":\"ImageObject\",\"inLanguage\":\"nb-NO\",\"@id\":\"https:\/\/www.terjeaamodt.com\/blog\/2012\/06\/18\/blinkskuddet-fjell-og-vidde\/#primaryimage\",\"url\":\"http:\/\/www.terjeaamodt.com\/blog\/wp-content\/uploads\/2012\/06\/giroditalia_rannveig.jpg\",\"contentUrl\":\"http:\/\/www.terjeaamodt.com\/blog\/wp-content\/uploads\/2012\/06\/giroditalia_rannveig.jpg\"},{\"@type\":\"BreadcrumbList\",\"@id\":\"https:\/\/www.terjeaamodt.com\/blog\/2012\/06\/18\/blinkskuddet-fjell-og-vidde\/#breadcrumb\",\"itemListElement\":[{\"@type\":\"ListItem\",\"position\":1,\"name\":\"Home\",\"item\":\"https:\/\/www.terjeaamodt.com\/blog\/\"},{\"@type\":\"ListItem\",\"position\":2,\"name\":\"Blinkskuddet | Fjell og Vidde\"}]},{\"@type\":\"WebSite\",\"@id\":\"https:\/\/www.terjeaamodt.com\/blog\/#website\",\"url\":\"https:\/\/www.terjeaamodt.com\/blog\/\",\"name\":\"Terje Aamodt Photography blog\",\"description\":\"\",\"potentialAction\":[{\"@type\":\"SearchAction\",\"target\":{\"@type\":\"EntryPoint\",\"urlTemplate\":\"https:\/\/www.terjeaamodt.com\/blog\/?s={search_term_string}\"},\"query-input\":{\"@type\":\"PropertyValueSpecification\",\"valueRequired\":true,\"valueName\":\"search_term_string\"}}],\"inLanguage\":\"nb-NO\"},{\"@type\":\"Person\",\"@id\":\"https:\/\/www.terjeaamodt.com\/blog\/#\/schema\/person\/421fe074073d41cf4e17a2aaa426f5bd\",\"name\":\"Terje Aamodt\",\"image\":{\"@type\":\"ImageObject\",\"inLanguage\":\"nb-NO\",\"@id\":\"https:\/\/www.terjeaamodt.com\/blog\/#\/schema\/person\/image\/\",\"url\":\"https:\/\/secure.gravatar.com\/avatar\/42c15fcafccc8dea0466e1f48bbabee5d657af333b66d515f227538e430e6f37?s=96&d=mm&r=g\",\"contentUrl\":\"https:\/\/secure.gravatar.com\/avatar\/42c15fcafccc8dea0466e1f48bbabee5d657af333b66d515f227538e430e6f37?s=96&d=mm&r=g\",\"caption\":\"Terje Aamodt\"},\"description\":\"Terje Aamodt, fotograf og klattrer\",\"sameAs\":[\"http:\/\/www.terjeaamodt.com\"],\"url\":\"https:\/\/www.terjeaamodt.com\/blog\/author\/admin\/\"}]}<\/script>\n<!-- \/ Yoast SEO plugin. -->","yoast_head_json":{"title":"Blinkskuddet | Fjell og Vidde | Terje Aamodt Photography blog","robots":{"index":"index","follow":"follow","max-snippet":"max-snippet:-1","max-image-preview":"max-image-preview:large","max-video-preview":"max-video-preview:-1"},"canonical":"https:\/\/www.terjeaamodt.com\/blog\/2012\/06\/18\/blinkskuddet-fjell-og-vidde\/","og_locale":"nb_NO","og_type":"article","og_title":"Blinkskuddet | Fjell og Vidde | Terje Aamodt Photography blog","og_description":"I siste nummer av Fjell og Vidde &#8211; miniatyrbilde &#8211; valgte de \u00e5 bruke ett bilde som jeg tok av Rannveig Aamodt p\u00e5 Giro&#8217; Italia til nummerets &raquo; Blinkskuddet&raquo; Ruta ligger i klatre og svaparadiset Eresfjorden. Bildet er tatt p\u00e5 cruxet der ett nydelig takoverheng g\u00e5r over til \u00e5 bli sva igjen.","og_url":"https:\/\/www.terjeaamodt.com\/blog\/2012\/06\/18\/blinkskuddet-fjell-og-vidde\/","og_site_name":"Terje Aamodt Photography blog","article_publisher":"https:\/\/www.facebook.com\/Terje-Aamodt-Photography-161544107229708\/?ref=hl","article_published_time":"2012-06-18T10:32:37+00:00","article_modified_time":"2012-06-18T10:32:43+00:00","og_image":[{"url":"http:\/\/www.terjeaamodt.com\/blog\/wp-content\/uploads\/2012\/06\/giroditalia_rannveig.jpg","type":"","width":"","height":""}],"author":"Terje Aamodt","twitter_card":"summary_large_image","twitter_creator":"@aamodtfoto","twitter_site":"@aamodtfoto","twitter_misc":{"Skrevet av":"Terje Aamodt"},"schema":{"@context":"https:\/\/schema.org","@graph":[{"@type":"Article","@id":"https:\/\/www.terjeaamodt.com\/blog\/2012\/06\/18\/blinkskuddet-fjell-og-vidde\/#article","isPartOf":{"@id":"https:\/\/www.terjeaamodt.com\/blog\/2012\/06\/18\/blinkskuddet-fjell-og-vidde\/"},"author":{"name":"Terje Aamodt","@id":"https:\/\/www.terjeaamodt.com\/blog\/#\/schema\/person\/421fe074073d41cf4e17a2aaa426f5bd"},"headline":"Blinkskuddet | Fjell og Vidde","datePublished":"2012-06-18T10:32:37+00:00","dateModified":"2012-06-18T10:32:43+00:00","mainEntityOfPage":{"@id":"https:\/\/www.terjeaamodt.com\/blog\/2012\/06\/18\/blinkskuddet-fjell-og-vidde\/"},"wordCount":54,"commentCount":0,"image":{"@id":"https:\/\/www.terjeaamodt.com\/blog\/2012\/06\/18\/blinkskuddet-fjell-og-vidde\/#primaryimage"},"thumbnailUrl":"http:\/\/www.terjeaamodt.com\/blog\/wp-content\/uploads\/2012\/06\/giroditalia_rannveig.jpg","keywords":["Adventure Photography","adventure photography Norway","Climbing in Eresfjorden","Fjell og Vidde","Giro d' Italia","klatring","klatring i Eresfjorden","Klatring I Romsdalen"],"articleSection":["klatring","livsstil","Presse","Sport"],"inLanguage":"nb-NO","potentialAction":[{"@type":"CommentAction","name":"Comment","target":["https:\/\/www.terjeaamodt.com\/blog\/2012\/06\/18\/blinkskuddet-fjell-og-vidde\/#respond"]}]},{"@type":"WebPage","@id":"https:\/\/www.terjeaamodt.com\/blog\/2012\/06\/18\/blinkskuddet-fjell-og-vidde\/","url":"https:\/\/www.terjeaamodt.com\/blog\/2012\/06\/18\/blinkskuddet-fjell-og-vidde\/","name":"Blinkskuddet | Fjell og Vidde | Terje Aamodt Photography blog","isPartOf":{"@id":"https:\/\/www.terjeaamodt.com\/blog\/#website"},"primaryImageOfPage":{"@id":"https:\/\/www.terjeaamodt.com\/blog\/2012\/06\/18\/blinkskuddet-fjell-og-vidde\/#primaryimage"},"image":{"@id":"https:\/\/www.terjeaamodt.com\/blog\/2012\/06\/18\/blinkskuddet-fjell-og-vidde\/#primaryimage"},"thumbnailUrl":"http:\/\/www.terjeaamodt.com\/blog\/wp-content\/uploads\/2012\/06\/giroditalia_rannveig.jpg","datePublished":"2012-06-18T10:32:37+00:00","dateModified":"2012-06-18T10:32:43+00:00","author":{"@id":"https:\/\/www.terjeaamodt.com\/blog\/#\/schema\/person\/421fe074073d41cf4e17a2aaa426f5bd"},"breadcrumb":{"@id":"https:\/\/www.terjeaamodt.com\/blog\/2012\/06\/18\/blinkskuddet-fjell-og-vidde\/#breadcrumb"},"inLanguage":"nb-NO","potentialAction":[{"@type":"ReadAction","target":["https:\/\/www.terjeaamodt.com\/blog\/2012\/06\/18\/blinkskuddet-fjell-og-vidde\/"]}]},{"@type":"ImageObject","inLanguage":"nb-NO","@id":"https:\/\/www.terjeaamodt.com\/blog\/2012\/06\/18\/blinkskuddet-fjell-og-vidde\/#primaryimage","url":"http:\/\/www.terjeaamodt.com\/blog\/wp-content\/uploads\/2012\/06\/giroditalia_rannveig.jpg","contentUrl":"http:\/\/www.terjeaamodt.com\/blog\/wp-content\/uploads\/2012\/06\/giroditalia_rannveig.jpg"},{"@type":"BreadcrumbList","@id":"https:\/\/www.terjeaamodt.com\/blog\/2012\/06\/18\/blinkskuddet-fjell-og-vidde\/#breadcrumb","itemListElement":[{"@type":"ListItem","position":1,"name":"Home","item":"https:\/\/www.terjeaamodt.com\/blog\/"},{"@type":"ListItem","position":2,"name":"Blinkskuddet | Fjell og Vidde"}]},{"@type":"WebSite","@id":"https:\/\/www.terjeaamodt.com\/blog\/#website","url":"https:\/\/www.terjeaamodt.com\/blog\/","name":"Terje Aamodt Photography blog","description":"","potentialAction":[{"@type":"SearchAction","target":{"@type":"EntryPoint","urlTemplate":"https:\/\/www.terjeaamodt.com\/blog\/?s={search_term_string}"},"query-input":{"@type":"PropertyValueSpecification","valueRequired":true,"valueName":"search_term_string"}}],"inLanguage":"nb-NO"},{"@type":"Person","@id":"https:\/\/www.terjeaamodt.com\/blog\/#\/schema\/person\/421fe074073d41cf4e17a2aaa426f5bd","name":"Terje Aamodt","image":{"@type":"ImageObject","inLanguage":"nb-NO","@id":"https:\/\/www.terjeaamodt.com\/blog\/#\/schema\/person\/image\/","url":"https:\/\/secure.gravatar.com\/avatar\/42c15fcafccc8dea0466e1f48bbabee5d657af333b66d515f227538e430e6f37?s=96&d=mm&r=g","contentUrl":"https:\/\/secure.gravatar.com\/avatar\/42c15fcafccc8dea0466e1f48bbabee5d657af333b66d515f227538e430e6f37?s=96&d=mm&r=g","caption":"Terje Aamodt"},"description":"Terje Aamodt, fotograf og klattrer","sameAs":["http:\/\/www.terjeaamodt.com"],"url":"https:\/\/www.terjeaamodt.com\/blog\/author\/admin\/"}]}},"_links":{"self":[{"href":"https:\/\/www.terjeaamodt.com\/blog\/wp-json\/wp\/v2\/posts\/3781","targetHints":{"allow":["GET"]}}],"collection":[{"href":"https:\/\/www.terjeaamodt.com\/blog\/wp-json\/wp\/v2\/posts"}],"about":[{"href":"https:\/\/www.terjeaamodt.com\/blog\/wp-json\/wp\/v2\/types\/post"}],"author":[{"embeddable":true,"href":"https:\/\/www.terjeaamodt.com\/blog\/wp-json\/wp\/v2\/users\/1"}],"replies":[{"embeddable":true,"href":"https:\/\/www.terjeaamodt.com\/blog\/wp-json\/wp\/v2\/comments?post=3781"}],"version-history":[{"count":1,"href":"https:\/\/www.terjeaamodt.com\/blog\/wp-json\/wp\/v2\/posts\/3781\/revisions"}],"predecessor-version":[{"id":3782,"href":"https:\/\/www.terjeaamodt.com\/blog\/wp-json\/wp\/v2\/posts\/3781\/revisions\/3782"}],"wp:attachment":[{"href":"https:\/\/www.terjeaamodt.com\/blog\/wp-json\/wp\/v2\/media?parent=3781"}],"wp:term":[{"taxonomy":"category","embeddable":true,"href":"https:\/\/www.terjeaamodt.com\/blog\/wp-json\/wp\/v2\/categories?post=3781"},{"taxonomy":"post_tag","embeddable":true,"href":"https:\/\/www.terjeaamodt.com\/blog\/wp-json\/wp\/v2\/tags?post=3781"}],"curies":[{"name":"wp","href":"https:\/\/api.w.org\/{rel}","templated":true}]}}