{"id":3899,"date":"2012-08-17T07:27:21","date_gmt":"2012-08-17T12:27:21","guid":{"rendered":"http:\/\/www.terjeaamodt.com\/blog\/?p=3899"},"modified":"2012-08-17T07:27:26","modified_gmt":"2012-08-17T12:27:26","slug":"sykkling-pa-sjurvarden-topptursykkling","status":"publish","type":"post","link":"https:\/\/www.terjeaamodt.com\/blog\/2012\/08\/17\/sykkling-pa-sjurvarden-topptursykkling\/","title":{"rendered":"Sykkling p\u00e5 Sjurvarden | Topptursykkling"},"content":{"rendered":"<p>Fantastisk v\u00e6r p\u00e5 Sjurvarden i g\u00e5r \ud83d\ude42<\/p>\n<p><img decoding=\"async\" src=\"http:\/\/www.terjeaamodt.com\/blog\/wp-content\/uploads\/2012\/08\/blogtemplate_955x637.jpg\" width=\"960\" height=\"642\" alt=\"blogtemplate_955x637.jpg\" \/><\/p>\n<p>Ole Erich Haas nyter utsikten rett f\u00f8r toppen p\u00e5 Sjurvaren.<\/p>\n","protected":false},"excerpt":{"rendered":"<p>Fantastisk v\u00e6r p\u00e5 Sjurvarden i g\u00e5r \ud83d\ude42 Ole Erich Haas nyter utsikten rett f\u00f8r toppen p\u00e5 Sjurvaren.<\/p>\n","protected":false},"author":1,"featured_media":0,"comment_status":"open","ping_status":"closed","sticky":false,"template":"","format":"standard","meta":{"footnotes":""},"categories":[9,39,265],"tags":[17,383,16],"class_list":["post-3899","post","type-post","status-publish","format-standard","hentry","category-natur","category-sport","category-sykkel","tag-downhill-sykkling","tag-sjurvarden","tag-untitled"],"yoast_head":"<!-- This site is optimized with the Yoast SEO plugin v27.1.1 - https:\/\/yoast.com\/product\/yoast-seo-wordpress\/ -->\n<title>Sykkling p\u00e5 Sjurvarden | Topptursykkling | Terje Aamodt Photography blog<\/title>\n<meta name=\"robots\" content=\"index, follow, max-snippet:-1, max-image-preview:large, max-video-preview:-1\" \/>\n<link rel=\"canonical\" href=\"https:\/\/www.terjeaamodt.com\/blog\/2012\/08\/17\/sykkling-pa-sjurvarden-topptursykkling\/\" \/>\n<meta property=\"og:locale\" content=\"nb_NO\" \/>\n<meta property=\"og:type\" content=\"article\" \/>\n<meta property=\"og:title\" content=\"Sykkling p\u00e5 Sjurvarden | Topptursykkling | Terje Aamodt Photography blog\" \/>\n<meta property=\"og:description\" content=\"Fantastisk v\u00e6r p\u00e5 Sjurvarden i g\u00e5r \ud83d\ude42 Ole Erich Haas nyter utsikten rett f\u00f8r toppen p\u00e5 Sjurvaren.\" \/>\n<meta property=\"og:url\" content=\"https:\/\/www.terjeaamodt.com\/blog\/2012\/08\/17\/sykkling-pa-sjurvarden-topptursykkling\/\" \/>\n<meta property=\"og:site_name\" content=\"Terje Aamodt Photography blog\" \/>\n<meta property=\"article:publisher\" content=\"https:\/\/www.facebook.com\/Terje-Aamodt-Photography-161544107229708\/?ref=hl\" \/>\n<meta property=\"article:published_time\" content=\"2012-08-17T12:27:21+00:00\" \/>\n<meta property=\"article:modified_time\" content=\"2012-08-17T12:27:26+00:00\" \/>\n<meta property=\"og:image\" content=\"http:\/\/www.terjeaamodt.com\/blog\/wp-content\/uploads\/2012\/08\/blogtemplate_955x637.jpg\" \/>\n<meta name=\"author\" content=\"Terje Aamodt\" \/>\n<meta name=\"twitter:card\" content=\"summary_large_image\" \/>\n<meta name=\"twitter:creator\" content=\"@aamodtfoto\" \/>\n<meta name=\"twitter:site\" content=\"@aamodtfoto\" \/>\n<meta name=\"twitter:label1\" content=\"Skrevet av\" \/>\n\t<meta name=\"twitter:data1\" content=\"Terje Aamodt\" \/>\n<script type=\"application\/ld+json\" class=\"yoast-schema-graph\">{\"@context\":\"https:\/\/schema.org\",\"@graph\":[{\"@type\":\"Article\",\"@id\":\"https:\/\/www.terjeaamodt.com\/blog\/2012\/08\/17\/sykkling-pa-sjurvarden-topptursykkling\/#article\",\"isPartOf\":{\"@id\":\"https:\/\/www.terjeaamodt.com\/blog\/2012\/08\/17\/sykkling-pa-sjurvarden-topptursykkling\/\"},\"author\":{\"name\":\"Terje Aamodt\",\"@id\":\"https:\/\/www.terjeaamodt.com\/blog\/#\/schema\/person\/421fe074073d41cf4e17a2aaa426f5bd\"},\"headline\":\"Sykkling p\u00e5 Sjurvarden | Topptursykkling\",\"datePublished\":\"2012-08-17T12:27:21+00:00\",\"dateModified\":\"2012-08-17T12:27:26+00:00\",\"mainEntityOfPage\":{\"@id\":\"https:\/\/www.terjeaamodt.com\/blog\/2012\/08\/17\/sykkling-pa-sjurvarden-topptursykkling\/\"},\"wordCount\":24,\"commentCount\":0,\"image\":{\"@id\":\"https:\/\/www.terjeaamodt.com\/blog\/2012\/08\/17\/sykkling-pa-sjurvarden-topptursykkling\/#primaryimage\"},\"thumbnailUrl\":\"http:\/\/www.terjeaamodt.com\/blog\/wp-content\/uploads\/2012\/08\/blogtemplate_955x637.jpg\",\"keywords\":[\"Downhill sykling\",\"Sjurvarden\",\"Untitled\"],\"articleSection\":[\"Natur\",\"Sport\",\"Sykkel\"],\"inLanguage\":\"nb-NO\",\"potentialAction\":[{\"@type\":\"CommentAction\",\"name\":\"Comment\",\"target\":[\"https:\/\/www.terjeaamodt.com\/blog\/2012\/08\/17\/sykkling-pa-sjurvarden-topptursykkling\/#respond\"]}]},{\"@type\":\"WebPage\",\"@id\":\"https:\/\/www.terjeaamodt.com\/blog\/2012\/08\/17\/sykkling-pa-sjurvarden-topptursykkling\/\",\"url\":\"https:\/\/www.terjeaamodt.com\/blog\/2012\/08\/17\/sykkling-pa-sjurvarden-topptursykkling\/\",\"name\":\"Sykkling p\u00e5 Sjurvarden | Topptursykkling | Terje Aamodt Photography blog\",\"isPartOf\":{\"@id\":\"https:\/\/www.terjeaamodt.com\/blog\/#website\"},\"primaryImageOfPage\":{\"@id\":\"https:\/\/www.terjeaamodt.com\/blog\/2012\/08\/17\/sykkling-pa-sjurvarden-topptursykkling\/#primaryimage\"},\"image\":{\"@id\":\"https:\/\/www.terjeaamodt.com\/blog\/2012\/08\/17\/sykkling-pa-sjurvarden-topptursykkling\/#primaryimage\"},\"thumbnailUrl\":\"http:\/\/www.terjeaamodt.com\/blog\/wp-content\/uploads\/2012\/08\/blogtemplate_955x637.jpg\",\"datePublished\":\"2012-08-17T12:27:21+00:00\",\"dateModified\":\"2012-08-17T12:27:26+00:00\",\"author\":{\"@id\":\"https:\/\/www.terjeaamodt.com\/blog\/#\/schema\/person\/421fe074073d41cf4e17a2aaa426f5bd\"},\"breadcrumb\":{\"@id\":\"https:\/\/www.terjeaamodt.com\/blog\/2012\/08\/17\/sykkling-pa-sjurvarden-topptursykkling\/#breadcrumb\"},\"inLanguage\":\"nb-NO\",\"potentialAction\":[{\"@type\":\"ReadAction\",\"target\":[\"https:\/\/www.terjeaamodt.com\/blog\/2012\/08\/17\/sykkling-pa-sjurvarden-topptursykkling\/\"]}]},{\"@type\":\"ImageObject\",\"inLanguage\":\"nb-NO\",\"@id\":\"https:\/\/www.terjeaamodt.com\/blog\/2012\/08\/17\/sykkling-pa-sjurvarden-topptursykkling\/#primaryimage\",\"url\":\"http:\/\/www.terjeaamodt.com\/blog\/wp-content\/uploads\/2012\/08\/blogtemplate_955x637.jpg\",\"contentUrl\":\"http:\/\/www.terjeaamodt.com\/blog\/wp-content\/uploads\/2012\/08\/blogtemplate_955x637.jpg\"},{\"@type\":\"BreadcrumbList\",\"@id\":\"https:\/\/www.terjeaamodt.com\/blog\/2012\/08\/17\/sykkling-pa-sjurvarden-topptursykkling\/#breadcrumb\",\"itemListElement\":[{\"@type\":\"ListItem\",\"position\":1,\"name\":\"Home\",\"item\":\"https:\/\/www.terjeaamodt.com\/blog\/\"},{\"@type\":\"ListItem\",\"position\":2,\"name\":\"Sykkling p\u00e5 Sjurvarden | Topptursykkling\"}]},{\"@type\":\"WebSite\",\"@id\":\"https:\/\/www.terjeaamodt.com\/blog\/#website\",\"url\":\"https:\/\/www.terjeaamodt.com\/blog\/\",\"name\":\"Terje Aamodt Photography blog\",\"description\":\"\",\"potentialAction\":[{\"@type\":\"SearchAction\",\"target\":{\"@type\":\"EntryPoint\",\"urlTemplate\":\"https:\/\/www.terjeaamodt.com\/blog\/?s={search_term_string}\"},\"query-input\":{\"@type\":\"PropertyValueSpecification\",\"valueRequired\":true,\"valueName\":\"search_term_string\"}}],\"inLanguage\":\"nb-NO\"},{\"@type\":\"Person\",\"@id\":\"https:\/\/www.terjeaamodt.com\/blog\/#\/schema\/person\/421fe074073d41cf4e17a2aaa426f5bd\",\"name\":\"Terje Aamodt\",\"image\":{\"@type\":\"ImageObject\",\"inLanguage\":\"nb-NO\",\"@id\":\"https:\/\/www.terjeaamodt.com\/blog\/#\/schema\/person\/image\/\",\"url\":\"https:\/\/secure.gravatar.com\/avatar\/42c15fcafccc8dea0466e1f48bbabee5d657af333b66d515f227538e430e6f37?s=96&d=mm&r=g\",\"contentUrl\":\"https:\/\/secure.gravatar.com\/avatar\/42c15fcafccc8dea0466e1f48bbabee5d657af333b66d515f227538e430e6f37?s=96&d=mm&r=g\",\"caption\":\"Terje Aamodt\"},\"description\":\"Terje Aamodt, fotograf og klattrer\",\"sameAs\":[\"http:\/\/www.terjeaamodt.com\"],\"url\":\"https:\/\/www.terjeaamodt.com\/blog\/author\/admin\/\"}]}<\/script>\n<!-- \/ Yoast SEO plugin. -->","yoast_head_json":{"title":"Sykkling p\u00e5 Sjurvarden | Topptursykkling | Terje Aamodt Photography blog","robots":{"index":"index","follow":"follow","max-snippet":"max-snippet:-1","max-image-preview":"max-image-preview:large","max-video-preview":"max-video-preview:-1"},"canonical":"https:\/\/www.terjeaamodt.com\/blog\/2012\/08\/17\/sykkling-pa-sjurvarden-topptursykkling\/","og_locale":"nb_NO","og_type":"article","og_title":"Sykkling p\u00e5 Sjurvarden | Topptursykkling | Terje Aamodt Photography blog","og_description":"Fantastisk v\u00e6r p\u00e5 Sjurvarden i g\u00e5r \ud83d\ude42 Ole Erich Haas nyter utsikten rett f\u00f8r toppen p\u00e5 Sjurvaren.","og_url":"https:\/\/www.terjeaamodt.com\/blog\/2012\/08\/17\/sykkling-pa-sjurvarden-topptursykkling\/","og_site_name":"Terje Aamodt Photography blog","article_publisher":"https:\/\/www.facebook.com\/Terje-Aamodt-Photography-161544107229708\/?ref=hl","article_published_time":"2012-08-17T12:27:21+00:00","article_modified_time":"2012-08-17T12:27:26+00:00","og_image":[{"url":"http:\/\/www.terjeaamodt.com\/blog\/wp-content\/uploads\/2012\/08\/blogtemplate_955x637.jpg","type":"","width":"","height":""}],"author":"Terje Aamodt","twitter_card":"summary_large_image","twitter_creator":"@aamodtfoto","twitter_site":"@aamodtfoto","twitter_misc":{"Skrevet av":"Terje Aamodt"},"schema":{"@context":"https:\/\/schema.org","@graph":[{"@type":"Article","@id":"https:\/\/www.terjeaamodt.com\/blog\/2012\/08\/17\/sykkling-pa-sjurvarden-topptursykkling\/#article","isPartOf":{"@id":"https:\/\/www.terjeaamodt.com\/blog\/2012\/08\/17\/sykkling-pa-sjurvarden-topptursykkling\/"},"author":{"name":"Terje Aamodt","@id":"https:\/\/www.terjeaamodt.com\/blog\/#\/schema\/person\/421fe074073d41cf4e17a2aaa426f5bd"},"headline":"Sykkling p\u00e5 Sjurvarden | Topptursykkling","datePublished":"2012-08-17T12:27:21+00:00","dateModified":"2012-08-17T12:27:26+00:00","mainEntityOfPage":{"@id":"https:\/\/www.terjeaamodt.com\/blog\/2012\/08\/17\/sykkling-pa-sjurvarden-topptursykkling\/"},"wordCount":24,"commentCount":0,"image":{"@id":"https:\/\/www.terjeaamodt.com\/blog\/2012\/08\/17\/sykkling-pa-sjurvarden-topptursykkling\/#primaryimage"},"thumbnailUrl":"http:\/\/www.terjeaamodt.com\/blog\/wp-content\/uploads\/2012\/08\/blogtemplate_955x637.jpg","keywords":["Downhill sykling","Sjurvarden","Untitled"],"articleSection":["Natur","Sport","Sykkel"],"inLanguage":"nb-NO","potentialAction":[{"@type":"CommentAction","name":"Comment","target":["https:\/\/www.terjeaamodt.com\/blog\/2012\/08\/17\/sykkling-pa-sjurvarden-topptursykkling\/#respond"]}]},{"@type":"WebPage","@id":"https:\/\/www.terjeaamodt.com\/blog\/2012\/08\/17\/sykkling-pa-sjurvarden-topptursykkling\/","url":"https:\/\/www.terjeaamodt.com\/blog\/2012\/08\/17\/sykkling-pa-sjurvarden-topptursykkling\/","name":"Sykkling p\u00e5 Sjurvarden | Topptursykkling | Terje Aamodt Photography blog","isPartOf":{"@id":"https:\/\/www.terjeaamodt.com\/blog\/#website"},"primaryImageOfPage":{"@id":"https:\/\/www.terjeaamodt.com\/blog\/2012\/08\/17\/sykkling-pa-sjurvarden-topptursykkling\/#primaryimage"},"image":{"@id":"https:\/\/www.terjeaamodt.com\/blog\/2012\/08\/17\/sykkling-pa-sjurvarden-topptursykkling\/#primaryimage"},"thumbnailUrl":"http:\/\/www.terjeaamodt.com\/blog\/wp-content\/uploads\/2012\/08\/blogtemplate_955x637.jpg","datePublished":"2012-08-17T12:27:21+00:00","dateModified":"2012-08-17T12:27:26+00:00","author":{"@id":"https:\/\/www.terjeaamodt.com\/blog\/#\/schema\/person\/421fe074073d41cf4e17a2aaa426f5bd"},"breadcrumb":{"@id":"https:\/\/www.terjeaamodt.com\/blog\/2012\/08\/17\/sykkling-pa-sjurvarden-topptursykkling\/#breadcrumb"},"inLanguage":"nb-NO","potentialAction":[{"@type":"ReadAction","target":["https:\/\/www.terjeaamodt.com\/blog\/2012\/08\/17\/sykkling-pa-sjurvarden-topptursykkling\/"]}]},{"@type":"ImageObject","inLanguage":"nb-NO","@id":"https:\/\/www.terjeaamodt.com\/blog\/2012\/08\/17\/sykkling-pa-sjurvarden-topptursykkling\/#primaryimage","url":"http:\/\/www.terjeaamodt.com\/blog\/wp-content\/uploads\/2012\/08\/blogtemplate_955x637.jpg","contentUrl":"http:\/\/www.terjeaamodt.com\/blog\/wp-content\/uploads\/2012\/08\/blogtemplate_955x637.jpg"},{"@type":"BreadcrumbList","@id":"https:\/\/www.terjeaamodt.com\/blog\/2012\/08\/17\/sykkling-pa-sjurvarden-topptursykkling\/#breadcrumb","itemListElement":[{"@type":"ListItem","position":1,"name":"Home","item":"https:\/\/www.terjeaamodt.com\/blog\/"},{"@type":"ListItem","position":2,"name":"Sykkling p\u00e5 Sjurvarden | Topptursykkling"}]},{"@type":"WebSite","@id":"https:\/\/www.terjeaamodt.com\/blog\/#website","url":"https:\/\/www.terjeaamodt.com\/blog\/","name":"Terje Aamodt Photography blog","description":"","potentialAction":[{"@type":"SearchAction","target":{"@type":"EntryPoint","urlTemplate":"https:\/\/www.terjeaamodt.com\/blog\/?s={search_term_string}"},"query-input":{"@type":"PropertyValueSpecification","valueRequired":true,"valueName":"search_term_string"}}],"inLanguage":"nb-NO"},{"@type":"Person","@id":"https:\/\/www.terjeaamodt.com\/blog\/#\/schema\/person\/421fe074073d41cf4e17a2aaa426f5bd","name":"Terje Aamodt","image":{"@type":"ImageObject","inLanguage":"nb-NO","@id":"https:\/\/www.terjeaamodt.com\/blog\/#\/schema\/person\/image\/","url":"https:\/\/secure.gravatar.com\/avatar\/42c15fcafccc8dea0466e1f48bbabee5d657af333b66d515f227538e430e6f37?s=96&d=mm&r=g","contentUrl":"https:\/\/secure.gravatar.com\/avatar\/42c15fcafccc8dea0466e1f48bbabee5d657af333b66d515f227538e430e6f37?s=96&d=mm&r=g","caption":"Terje Aamodt"},"description":"Terje Aamodt, fotograf og klattrer","sameAs":["http:\/\/www.terjeaamodt.com"],"url":"https:\/\/www.terjeaamodt.com\/blog\/author\/admin\/"}]}},"_links":{"self":[{"href":"https:\/\/www.terjeaamodt.com\/blog\/wp-json\/wp\/v2\/posts\/3899","targetHints":{"allow":["GET"]}}],"collection":[{"href":"https:\/\/www.terjeaamodt.com\/blog\/wp-json\/wp\/v2\/posts"}],"about":[{"href":"https:\/\/www.terjeaamodt.com\/blog\/wp-json\/wp\/v2\/types\/post"}],"author":[{"embeddable":true,"href":"https:\/\/www.terjeaamodt.com\/blog\/wp-json\/wp\/v2\/users\/1"}],"replies":[{"embeddable":true,"href":"https:\/\/www.terjeaamodt.com\/blog\/wp-json\/wp\/v2\/comments?post=3899"}],"version-history":[{"count":1,"href":"https:\/\/www.terjeaamodt.com\/blog\/wp-json\/wp\/v2\/posts\/3899\/revisions"}],"predecessor-version":[{"id":3900,"href":"https:\/\/www.terjeaamodt.com\/blog\/wp-json\/wp\/v2\/posts\/3899\/revisions\/3900"}],"wp:attachment":[{"href":"https:\/\/www.terjeaamodt.com\/blog\/wp-json\/wp\/v2\/media?parent=3899"}],"wp:term":[{"taxonomy":"category","embeddable":true,"href":"https:\/\/www.terjeaamodt.com\/blog\/wp-json\/wp\/v2\/categories?post=3899"},{"taxonomy":"post_tag","embeddable":true,"href":"https:\/\/www.terjeaamodt.com\/blog\/wp-json\/wp\/v2\/tags?post=3899"}],"curies":[{"name":"wp","href":"https:\/\/api.w.org\/{rel}","templated":true}]}}