{"id":3954,"date":"2012-09-03T02:47:05","date_gmt":"2012-09-03T07:47:05","guid":{"rendered":"http:\/\/www.terjeaamodt.com\/blog\/?p=3954"},"modified":"2012-09-03T03:39:28","modified_gmt":"2012-09-03T08:39:28","slug":"buldring-pa-skotten-klatring","status":"publish","type":"post","link":"https:\/\/www.terjeaamodt.com\/blog\/2012\/09\/03\/buldring-pa-skotten-klatring\/","title":{"rendered":"Buldring p\u00e5 Skotten | Klatring"},"content":{"rendered":"<p>Skotten er ett flott buldrefelt som ligger ytterst i fr\u00e6na komune n\u00e6r Atlanterhavsveien. I siste nummer av klatring er det en stor artikkel derfra hvor jeg har tatt bilder og \u00c5dne Helland har skrevet tekst.<\/p>\n<p><img decoding=\"async\" src=\"http:\/\/www.terjeaamodt.com\/blog\/wp-content\/uploads\/2012\/09\/buldring_skotten_0001.jpg\" width=\"955\" height=\"597\" alt=\"buldring_skotten_0001.JPG\" \/><\/p>\n<p><img decoding=\"async\" src=\"http:\/\/www.terjeaamodt.com\/blog\/wp-content\/uploads\/2012\/09\/buldring_skotten_0002.jpg\" width=\"955\" height=\"597\" alt=\"buldring_skotten_0002.JPG\" \/><\/p>\n<p><img decoding=\"async\" src=\"http:\/\/www.terjeaamodt.com\/blog\/wp-content\/uploads\/2012\/09\/buldring_skotten_0003.jpg\" width=\"955\" height=\"597\" alt=\"buldring_skotten_0003.JPG\" \/><\/p>\n<p><img decoding=\"async\" src=\"http:\/\/www.terjeaamodt.com\/blog\/wp-content\/uploads\/2012\/09\/buldring_skotten_0004.jpg\" width=\"955\" height=\"597\" alt=\"buldring_skotten_0004.JPG\" \/><\/p>\n","protected":false},"excerpt":{"rendered":"<p>Skotten er ett flott buldrefelt som ligger ytterst i fr\u00e6na komune n\u00e6r Atlanterhavsveien. I siste nummer av klatring er det en stor artikkel derfra hvor jeg har tatt bilder og \u00c5dne Helland har skrevet tekst.<\/p>\n","protected":false},"author":1,"featured_media":0,"comment_status":"open","ping_status":"closed","sticky":false,"template":"","format":"standard","meta":{"footnotes":""},"categories":[6,168,39],"tags":[336,396,395,397,642,142],"class_list":["post-3954","post","type-post","status-publish","format-standard","hentry","category-klatring","category-presse","category-sport","tag-bouldering-in-norway","tag-buldring-hustadvika","tag-buldring-skotten","tag-foto-buldring","tag-klatring","tag-norsk-klatring"],"yoast_head":"<!-- This site is optimized with the Yoast SEO plugin v27.1.1 - https:\/\/yoast.com\/product\/yoast-seo-wordpress\/ -->\n<title>Buldring p\u00e5 Skotten | Klatring | Terje Aamodt Photography blog<\/title>\n<meta name=\"robots\" content=\"index, follow, max-snippet:-1, max-image-preview:large, max-video-preview:-1\" \/>\n<link rel=\"canonical\" href=\"https:\/\/www.terjeaamodt.com\/blog\/2012\/09\/03\/buldring-pa-skotten-klatring\/\" \/>\n<meta property=\"og:locale\" content=\"nb_NO\" \/>\n<meta property=\"og:type\" content=\"article\" \/>\n<meta property=\"og:title\" content=\"Buldring p\u00e5 Skotten | Klatring | Terje Aamodt Photography blog\" \/>\n<meta property=\"og:description\" content=\"Skotten er ett flott buldrefelt som ligger ytterst i fr\u00e6na komune n\u00e6r Atlanterhavsveien. I siste nummer av klatring er det en stor artikkel derfra hvor jeg har tatt bilder og \u00c5dne Helland har skrevet tekst.\" \/>\n<meta property=\"og:url\" content=\"https:\/\/www.terjeaamodt.com\/blog\/2012\/09\/03\/buldring-pa-skotten-klatring\/\" \/>\n<meta property=\"og:site_name\" content=\"Terje Aamodt Photography blog\" \/>\n<meta property=\"article:publisher\" content=\"https:\/\/www.facebook.com\/Terje-Aamodt-Photography-161544107229708\/?ref=hl\" \/>\n<meta property=\"article:published_time\" content=\"2012-09-03T07:47:05+00:00\" \/>\n<meta property=\"article:modified_time\" content=\"2012-09-03T08:39:28+00:00\" \/>\n<meta property=\"og:image\" content=\"http:\/\/www.terjeaamodt.com\/blog\/wp-content\/uploads\/2012\/09\/buldring_skotten_0001.jpg\" \/>\n<meta name=\"author\" content=\"Terje Aamodt\" \/>\n<meta name=\"twitter:card\" content=\"summary_large_image\" \/>\n<meta name=\"twitter:creator\" content=\"@aamodtfoto\" \/>\n<meta name=\"twitter:site\" content=\"@aamodtfoto\" \/>\n<meta name=\"twitter:label1\" content=\"Skrevet av\" \/>\n\t<meta name=\"twitter:data1\" content=\"Terje Aamodt\" \/>\n<script type=\"application\/ld+json\" class=\"yoast-schema-graph\">{\"@context\":\"https:\/\/schema.org\",\"@graph\":[{\"@type\":\"Article\",\"@id\":\"https:\/\/www.terjeaamodt.com\/blog\/2012\/09\/03\/buldring-pa-skotten-klatring\/#article\",\"isPartOf\":{\"@id\":\"https:\/\/www.terjeaamodt.com\/blog\/2012\/09\/03\/buldring-pa-skotten-klatring\/\"},\"author\":{\"name\":\"Terje Aamodt\",\"@id\":\"https:\/\/www.terjeaamodt.com\/blog\/#\/schema\/person\/421fe074073d41cf4e17a2aaa426f5bd\"},\"headline\":\"Buldring p\u00e5 Skotten | Klatring\",\"datePublished\":\"2012-09-03T07:47:05+00:00\",\"dateModified\":\"2012-09-03T08:39:28+00:00\",\"mainEntityOfPage\":{\"@id\":\"https:\/\/www.terjeaamodt.com\/blog\/2012\/09\/03\/buldring-pa-skotten-klatring\/\"},\"wordCount\":41,\"commentCount\":0,\"image\":{\"@id\":\"https:\/\/www.terjeaamodt.com\/blog\/2012\/09\/03\/buldring-pa-skotten-klatring\/#primaryimage\"},\"thumbnailUrl\":\"http:\/\/www.terjeaamodt.com\/blog\/wp-content\/uploads\/2012\/09\/buldring_skotten_0001.jpg\",\"keywords\":[\"bouldering in Norway\",\"buldring Hustadvika\",\"buldring skotten\",\"foto buldring\",\"klatring\",\"Norsk klatring\"],\"articleSection\":[\"klatring\",\"Presse\",\"Sport\"],\"inLanguage\":\"nb-NO\",\"potentialAction\":[{\"@type\":\"CommentAction\",\"name\":\"Comment\",\"target\":[\"https:\/\/www.terjeaamodt.com\/blog\/2012\/09\/03\/buldring-pa-skotten-klatring\/#respond\"]}]},{\"@type\":\"WebPage\",\"@id\":\"https:\/\/www.terjeaamodt.com\/blog\/2012\/09\/03\/buldring-pa-skotten-klatring\/\",\"url\":\"https:\/\/www.terjeaamodt.com\/blog\/2012\/09\/03\/buldring-pa-skotten-klatring\/\",\"name\":\"Buldring p\u00e5 Skotten | Klatring | Terje Aamodt Photography blog\",\"isPartOf\":{\"@id\":\"https:\/\/www.terjeaamodt.com\/blog\/#website\"},\"primaryImageOfPage\":{\"@id\":\"https:\/\/www.terjeaamodt.com\/blog\/2012\/09\/03\/buldring-pa-skotten-klatring\/#primaryimage\"},\"image\":{\"@id\":\"https:\/\/www.terjeaamodt.com\/blog\/2012\/09\/03\/buldring-pa-skotten-klatring\/#primaryimage\"},\"thumbnailUrl\":\"http:\/\/www.terjeaamodt.com\/blog\/wp-content\/uploads\/2012\/09\/buldring_skotten_0001.jpg\",\"datePublished\":\"2012-09-03T07:47:05+00:00\",\"dateModified\":\"2012-09-03T08:39:28+00:00\",\"author\":{\"@id\":\"https:\/\/www.terjeaamodt.com\/blog\/#\/schema\/person\/421fe074073d41cf4e17a2aaa426f5bd\"},\"breadcrumb\":{\"@id\":\"https:\/\/www.terjeaamodt.com\/blog\/2012\/09\/03\/buldring-pa-skotten-klatring\/#breadcrumb\"},\"inLanguage\":\"nb-NO\",\"potentialAction\":[{\"@type\":\"ReadAction\",\"target\":[\"https:\/\/www.terjeaamodt.com\/blog\/2012\/09\/03\/buldring-pa-skotten-klatring\/\"]}]},{\"@type\":\"ImageObject\",\"inLanguage\":\"nb-NO\",\"@id\":\"https:\/\/www.terjeaamodt.com\/blog\/2012\/09\/03\/buldring-pa-skotten-klatring\/#primaryimage\",\"url\":\"http:\/\/www.terjeaamodt.com\/blog\/wp-content\/uploads\/2012\/09\/buldring_skotten_0001.jpg\",\"contentUrl\":\"http:\/\/www.terjeaamodt.com\/blog\/wp-content\/uploads\/2012\/09\/buldring_skotten_0001.jpg\"},{\"@type\":\"BreadcrumbList\",\"@id\":\"https:\/\/www.terjeaamodt.com\/blog\/2012\/09\/03\/buldring-pa-skotten-klatring\/#breadcrumb\",\"itemListElement\":[{\"@type\":\"ListItem\",\"position\":1,\"name\":\"Home\",\"item\":\"https:\/\/www.terjeaamodt.com\/blog\/\"},{\"@type\":\"ListItem\",\"position\":2,\"name\":\"Buldring p\u00e5 Skotten | Klatring\"}]},{\"@type\":\"WebSite\",\"@id\":\"https:\/\/www.terjeaamodt.com\/blog\/#website\",\"url\":\"https:\/\/www.terjeaamodt.com\/blog\/\",\"name\":\"Terje Aamodt Photography blog\",\"description\":\"\",\"potentialAction\":[{\"@type\":\"SearchAction\",\"target\":{\"@type\":\"EntryPoint\",\"urlTemplate\":\"https:\/\/www.terjeaamodt.com\/blog\/?s={search_term_string}\"},\"query-input\":{\"@type\":\"PropertyValueSpecification\",\"valueRequired\":true,\"valueName\":\"search_term_string\"}}],\"inLanguage\":\"nb-NO\"},{\"@type\":\"Person\",\"@id\":\"https:\/\/www.terjeaamodt.com\/blog\/#\/schema\/person\/421fe074073d41cf4e17a2aaa426f5bd\",\"name\":\"Terje Aamodt\",\"image\":{\"@type\":\"ImageObject\",\"inLanguage\":\"nb-NO\",\"@id\":\"https:\/\/www.terjeaamodt.com\/blog\/#\/schema\/person\/image\/\",\"url\":\"https:\/\/secure.gravatar.com\/avatar\/42c15fcafccc8dea0466e1f48bbabee5d657af333b66d515f227538e430e6f37?s=96&d=mm&r=g\",\"contentUrl\":\"https:\/\/secure.gravatar.com\/avatar\/42c15fcafccc8dea0466e1f48bbabee5d657af333b66d515f227538e430e6f37?s=96&d=mm&r=g\",\"caption\":\"Terje Aamodt\"},\"description\":\"Terje Aamodt, fotograf og klattrer\",\"sameAs\":[\"http:\/\/www.terjeaamodt.com\"],\"url\":\"https:\/\/www.terjeaamodt.com\/blog\/author\/admin\/\"}]}<\/script>\n<!-- \/ Yoast SEO plugin. -->","yoast_head_json":{"title":"Buldring p\u00e5 Skotten | Klatring | Terje Aamodt Photography blog","robots":{"index":"index","follow":"follow","max-snippet":"max-snippet:-1","max-image-preview":"max-image-preview:large","max-video-preview":"max-video-preview:-1"},"canonical":"https:\/\/www.terjeaamodt.com\/blog\/2012\/09\/03\/buldring-pa-skotten-klatring\/","og_locale":"nb_NO","og_type":"article","og_title":"Buldring p\u00e5 Skotten | Klatring | Terje Aamodt Photography blog","og_description":"Skotten er ett flott buldrefelt som ligger ytterst i fr\u00e6na komune n\u00e6r Atlanterhavsveien. I siste nummer av klatring er det en stor artikkel derfra hvor jeg har tatt bilder og \u00c5dne Helland har skrevet tekst.","og_url":"https:\/\/www.terjeaamodt.com\/blog\/2012\/09\/03\/buldring-pa-skotten-klatring\/","og_site_name":"Terje Aamodt Photography blog","article_publisher":"https:\/\/www.facebook.com\/Terje-Aamodt-Photography-161544107229708\/?ref=hl","article_published_time":"2012-09-03T07:47:05+00:00","article_modified_time":"2012-09-03T08:39:28+00:00","og_image":[{"url":"http:\/\/www.terjeaamodt.com\/blog\/wp-content\/uploads\/2012\/09\/buldring_skotten_0001.jpg","type":"","width":"","height":""}],"author":"Terje Aamodt","twitter_card":"summary_large_image","twitter_creator":"@aamodtfoto","twitter_site":"@aamodtfoto","twitter_misc":{"Skrevet av":"Terje Aamodt"},"schema":{"@context":"https:\/\/schema.org","@graph":[{"@type":"Article","@id":"https:\/\/www.terjeaamodt.com\/blog\/2012\/09\/03\/buldring-pa-skotten-klatring\/#article","isPartOf":{"@id":"https:\/\/www.terjeaamodt.com\/blog\/2012\/09\/03\/buldring-pa-skotten-klatring\/"},"author":{"name":"Terje Aamodt","@id":"https:\/\/www.terjeaamodt.com\/blog\/#\/schema\/person\/421fe074073d41cf4e17a2aaa426f5bd"},"headline":"Buldring p\u00e5 Skotten | Klatring","datePublished":"2012-09-03T07:47:05+00:00","dateModified":"2012-09-03T08:39:28+00:00","mainEntityOfPage":{"@id":"https:\/\/www.terjeaamodt.com\/blog\/2012\/09\/03\/buldring-pa-skotten-klatring\/"},"wordCount":41,"commentCount":0,"image":{"@id":"https:\/\/www.terjeaamodt.com\/blog\/2012\/09\/03\/buldring-pa-skotten-klatring\/#primaryimage"},"thumbnailUrl":"http:\/\/www.terjeaamodt.com\/blog\/wp-content\/uploads\/2012\/09\/buldring_skotten_0001.jpg","keywords":["bouldering in Norway","buldring Hustadvika","buldring skotten","foto buldring","klatring","Norsk klatring"],"articleSection":["klatring","Presse","Sport"],"inLanguage":"nb-NO","potentialAction":[{"@type":"CommentAction","name":"Comment","target":["https:\/\/www.terjeaamodt.com\/blog\/2012\/09\/03\/buldring-pa-skotten-klatring\/#respond"]}]},{"@type":"WebPage","@id":"https:\/\/www.terjeaamodt.com\/blog\/2012\/09\/03\/buldring-pa-skotten-klatring\/","url":"https:\/\/www.terjeaamodt.com\/blog\/2012\/09\/03\/buldring-pa-skotten-klatring\/","name":"Buldring p\u00e5 Skotten | Klatring | Terje Aamodt Photography blog","isPartOf":{"@id":"https:\/\/www.terjeaamodt.com\/blog\/#website"},"primaryImageOfPage":{"@id":"https:\/\/www.terjeaamodt.com\/blog\/2012\/09\/03\/buldring-pa-skotten-klatring\/#primaryimage"},"image":{"@id":"https:\/\/www.terjeaamodt.com\/blog\/2012\/09\/03\/buldring-pa-skotten-klatring\/#primaryimage"},"thumbnailUrl":"http:\/\/www.terjeaamodt.com\/blog\/wp-content\/uploads\/2012\/09\/buldring_skotten_0001.jpg","datePublished":"2012-09-03T07:47:05+00:00","dateModified":"2012-09-03T08:39:28+00:00","author":{"@id":"https:\/\/www.terjeaamodt.com\/blog\/#\/schema\/person\/421fe074073d41cf4e17a2aaa426f5bd"},"breadcrumb":{"@id":"https:\/\/www.terjeaamodt.com\/blog\/2012\/09\/03\/buldring-pa-skotten-klatring\/#breadcrumb"},"inLanguage":"nb-NO","potentialAction":[{"@type":"ReadAction","target":["https:\/\/www.terjeaamodt.com\/blog\/2012\/09\/03\/buldring-pa-skotten-klatring\/"]}]},{"@type":"ImageObject","inLanguage":"nb-NO","@id":"https:\/\/www.terjeaamodt.com\/blog\/2012\/09\/03\/buldring-pa-skotten-klatring\/#primaryimage","url":"http:\/\/www.terjeaamodt.com\/blog\/wp-content\/uploads\/2012\/09\/buldring_skotten_0001.jpg","contentUrl":"http:\/\/www.terjeaamodt.com\/blog\/wp-content\/uploads\/2012\/09\/buldring_skotten_0001.jpg"},{"@type":"BreadcrumbList","@id":"https:\/\/www.terjeaamodt.com\/blog\/2012\/09\/03\/buldring-pa-skotten-klatring\/#breadcrumb","itemListElement":[{"@type":"ListItem","position":1,"name":"Home","item":"https:\/\/www.terjeaamodt.com\/blog\/"},{"@type":"ListItem","position":2,"name":"Buldring p\u00e5 Skotten | Klatring"}]},{"@type":"WebSite","@id":"https:\/\/www.terjeaamodt.com\/blog\/#website","url":"https:\/\/www.terjeaamodt.com\/blog\/","name":"Terje Aamodt Photography blog","description":"","potentialAction":[{"@type":"SearchAction","target":{"@type":"EntryPoint","urlTemplate":"https:\/\/www.terjeaamodt.com\/blog\/?s={search_term_string}"},"query-input":{"@type":"PropertyValueSpecification","valueRequired":true,"valueName":"search_term_string"}}],"inLanguage":"nb-NO"},{"@type":"Person","@id":"https:\/\/www.terjeaamodt.com\/blog\/#\/schema\/person\/421fe074073d41cf4e17a2aaa426f5bd","name":"Terje Aamodt","image":{"@type":"ImageObject","inLanguage":"nb-NO","@id":"https:\/\/www.terjeaamodt.com\/blog\/#\/schema\/person\/image\/","url":"https:\/\/secure.gravatar.com\/avatar\/42c15fcafccc8dea0466e1f48bbabee5d657af333b66d515f227538e430e6f37?s=96&d=mm&r=g","contentUrl":"https:\/\/secure.gravatar.com\/avatar\/42c15fcafccc8dea0466e1f48bbabee5d657af333b66d515f227538e430e6f37?s=96&d=mm&r=g","caption":"Terje Aamodt"},"description":"Terje Aamodt, fotograf og klattrer","sameAs":["http:\/\/www.terjeaamodt.com"],"url":"https:\/\/www.terjeaamodt.com\/blog\/author\/admin\/"}]}},"_links":{"self":[{"href":"https:\/\/www.terjeaamodt.com\/blog\/wp-json\/wp\/v2\/posts\/3954","targetHints":{"allow":["GET"]}}],"collection":[{"href":"https:\/\/www.terjeaamodt.com\/blog\/wp-json\/wp\/v2\/posts"}],"about":[{"href":"https:\/\/www.terjeaamodt.com\/blog\/wp-json\/wp\/v2\/types\/post"}],"author":[{"embeddable":true,"href":"https:\/\/www.terjeaamodt.com\/blog\/wp-json\/wp\/v2\/users\/1"}],"replies":[{"embeddable":true,"href":"https:\/\/www.terjeaamodt.com\/blog\/wp-json\/wp\/v2\/comments?post=3954"}],"version-history":[{"count":2,"href":"https:\/\/www.terjeaamodt.com\/blog\/wp-json\/wp\/v2\/posts\/3954\/revisions"}],"predecessor-version":[{"id":3956,"href":"https:\/\/www.terjeaamodt.com\/blog\/wp-json\/wp\/v2\/posts\/3954\/revisions\/3956"}],"wp:attachment":[{"href":"https:\/\/www.terjeaamodt.com\/blog\/wp-json\/wp\/v2\/media?parent=3954"}],"wp:term":[{"taxonomy":"category","embeddable":true,"href":"https:\/\/www.terjeaamodt.com\/blog\/wp-json\/wp\/v2\/categories?post=3954"},{"taxonomy":"post_tag","embeddable":true,"href":"https:\/\/www.terjeaamodt.com\/blog\/wp-json\/wp\/v2\/tags?post=3954"}],"curies":[{"name":"wp","href":"https:\/\/api.w.org\/{rel}","templated":true}]}}