{"id":3965,"date":"2012-09-06T03:33:07","date_gmt":"2012-09-06T08:33:07","guid":{"rendered":"http:\/\/www.terjeaamodt.com\/blog\/?p=3965"},"modified":"2012-09-06T04:06:41","modified_gmt":"2012-09-06T09:06:41","slug":"jendemsfjellet-stisykling-more-og-romsdal","status":"publish","type":"post","link":"https:\/\/www.terjeaamodt.com\/blog\/2012\/09\/06\/jendemsfjellet-stisykling-more-og-romsdal\/","title":{"rendered":"Jendemsfjellet | Stisykling M\u00f8re og Romsdal"},"content":{"rendered":"<p>Her kommer noen bilder fra en stisykkeltur jeg hadde sammen med Henrik Ulleland p\u00e5 Jendemsfjellet for noen dager siden. Tror ikke det er s\u00e5 veldig mange som har v\u00e6rt der oppe med sykkel f\u00f8r.. Noe fin sykkling innimellom, men det er kanskje en grunn til at det ikke har v\u00e6rt s\u00e5 mange der f\u00f8r oss med sykkel \ud83d\ude42<\/p>\n<p><img decoding=\"async\" src=\"http:\/\/www.terjeaamodt.com\/blog\/wp-content\/uploads\/2012\/09\/stisykling_downhill_0001.jpg\" width=\"960\" height=\"642\" alt=\"stisykling_downhill_0001.JPG\" \/><\/p>\n<p><img decoding=\"async\" src=\"http:\/\/www.terjeaamodt.com\/blog\/wp-content\/uploads\/2012\/09\/stisykling_downhill_0002.jpg\" width=\"960\" height=\"642\" alt=\"stisykling_downhill_0002.JPG\" \/><\/p>\n<p><img decoding=\"async\" src=\"http:\/\/www.terjeaamodt.com\/blog\/wp-content\/uploads\/2012\/09\/stisykling_downhill_0003.jpg\" width=\"960\" height=\"642\" alt=\"stisykling_downhill_0003.JPG\" \/><\/p>\n<p><img decoding=\"async\" src=\"http:\/\/www.terjeaamodt.com\/blog\/wp-content\/uploads\/2012\/09\/stisykling_downhill_0004.jpg\" width=\"960\" height=\"642\" alt=\"stisykling_downhill_0004.JPG\" \/><\/p>\n<p><img decoding=\"async\" src=\"http:\/\/www.terjeaamodt.com\/blog\/wp-content\/uploads\/2012\/09\/stisykling_downhill_0005.jpg\" width=\"960\" height=\"642\" alt=\"stisykling_downhill_0005.JPG\" \/><\/p>\n<p><img decoding=\"async\" src=\"http:\/\/www.terjeaamodt.com\/blog\/wp-content\/uploads\/2012\/09\/stisykling_downhill_0006.jpg\" width=\"960\" height=\"642\" alt=\"stisykling_downhill_0006.JPG\" \/><\/p>\n<p><img decoding=\"async\" src=\"http:\/\/www.terjeaamodt.com\/blog\/wp-content\/uploads\/2012\/09\/stisykling_downhill_0007.jpg\" width=\"960\" height=\"642\" alt=\"stisykling_downhill_0007.JPG\" \/><\/p>\n<p><img decoding=\"async\" src=\"http:\/\/www.terjeaamodt.com\/blog\/wp-content\/uploads\/2012\/09\/stisykling_downhill_0008.jpg\" width=\"960\" height=\"642\" alt=\"stisykling_downhill_0008.JPG\" \/><\/p>\n","protected":false},"excerpt":{"rendered":"<p>Her kommer noen bilder fra en stisykkeltur jeg hadde sammen med Henrik Ulleland p\u00e5 Jendemsfjellet for noen dager siden. Tror ikke det er s\u00e5 veldig mange som har v\u00e6rt der oppe med sykkel f\u00f8r.. Noe fin sykkling innimellom, men det er kanskje en grunn til at det ikke har v\u00e6rt s\u00e5 mange der f\u00f8r oss [&hellip;]<\/p>\n","protected":false},"author":1,"featured_media":0,"comment_status":"open","ping_status":"closed","sticky":false,"template":"","format":"standard","meta":{"footnotes":""},"categories":[10,9,39,265],"tags":[17,78,398,268,399,400,269],"class_list":["post-3965","post","type-post","status-publish","format-standard","hentry","category-livsstil","category-natur","category-sport","category-sykkel","tag-downhill-sykkling","tag-jendemsfjellet","tag-sportsbilder","tag-stisykkling","tag-stisykling-more-og-romsdal","tag-sykkel-2","tag-sykkelbilder"],"yoast_head":"<!-- This site is optimized with the Yoast SEO plugin v27.1.1 - https:\/\/yoast.com\/product\/yoast-seo-wordpress\/ -->\n<title>Jendemsfjellet | Stisykling M\u00f8re og Romsdal | Terje Aamodt Photography blog<\/title>\n<meta name=\"robots\" content=\"index, follow, max-snippet:-1, max-image-preview:large, max-video-preview:-1\" \/>\n<link rel=\"canonical\" href=\"https:\/\/www.terjeaamodt.com\/blog\/2012\/09\/06\/jendemsfjellet-stisykling-more-og-romsdal\/\" \/>\n<meta property=\"og:locale\" content=\"nb_NO\" \/>\n<meta property=\"og:type\" content=\"article\" \/>\n<meta property=\"og:title\" content=\"Jendemsfjellet | Stisykling M\u00f8re og Romsdal | Terje Aamodt Photography blog\" \/>\n<meta property=\"og:description\" content=\"Her kommer noen bilder fra en stisykkeltur jeg hadde sammen med Henrik Ulleland p\u00e5 Jendemsfjellet for noen dager siden. Tror ikke det er s\u00e5 veldig mange som har v\u00e6rt der oppe med sykkel f\u00f8r.. Noe fin sykkling innimellom, men det er kanskje en grunn til at det ikke har v\u00e6rt s\u00e5 mange der f\u00f8r oss [&hellip;]\" \/>\n<meta property=\"og:url\" content=\"https:\/\/www.terjeaamodt.com\/blog\/2012\/09\/06\/jendemsfjellet-stisykling-more-og-romsdal\/\" \/>\n<meta property=\"og:site_name\" content=\"Terje Aamodt Photography blog\" \/>\n<meta property=\"article:publisher\" content=\"https:\/\/www.facebook.com\/Terje-Aamodt-Photography-161544107229708\/?ref=hl\" \/>\n<meta property=\"article:published_time\" content=\"2012-09-06T08:33:07+00:00\" \/>\n<meta property=\"article:modified_time\" content=\"2012-09-06T09:06:41+00:00\" \/>\n<meta property=\"og:image\" content=\"http:\/\/www.terjeaamodt.com\/blog\/wp-content\/uploads\/2012\/09\/stisykling_downhill_0001.jpg\" \/>\n<meta name=\"author\" content=\"Terje Aamodt\" \/>\n<meta name=\"twitter:card\" content=\"summary_large_image\" \/>\n<meta name=\"twitter:creator\" content=\"@aamodtfoto\" \/>\n<meta name=\"twitter:site\" content=\"@aamodtfoto\" \/>\n<meta name=\"twitter:label1\" content=\"Skrevet av\" \/>\n\t<meta name=\"twitter:data1\" content=\"Terje Aamodt\" \/>\n<script type=\"application\/ld+json\" class=\"yoast-schema-graph\">{\"@context\":\"https:\/\/schema.org\",\"@graph\":[{\"@type\":\"Article\",\"@id\":\"https:\/\/www.terjeaamodt.com\/blog\/2012\/09\/06\/jendemsfjellet-stisykling-more-og-romsdal\/#article\",\"isPartOf\":{\"@id\":\"https:\/\/www.terjeaamodt.com\/blog\/2012\/09\/06\/jendemsfjellet-stisykling-more-og-romsdal\/\"},\"author\":{\"name\":\"Terje Aamodt\",\"@id\":\"https:\/\/www.terjeaamodt.com\/blog\/#\/schema\/person\/421fe074073d41cf4e17a2aaa426f5bd\"},\"headline\":\"Jendemsfjellet | Stisykling M\u00f8re og Romsdal\",\"datePublished\":\"2012-09-06T08:33:07+00:00\",\"dateModified\":\"2012-09-06T09:06:41+00:00\",\"mainEntityOfPage\":{\"@id\":\"https:\/\/www.terjeaamodt.com\/blog\/2012\/09\/06\/jendemsfjellet-stisykling-more-og-romsdal\/\"},\"wordCount\":68,\"commentCount\":1,\"image\":{\"@id\":\"https:\/\/www.terjeaamodt.com\/blog\/2012\/09\/06\/jendemsfjellet-stisykling-more-og-romsdal\/#primaryimage\"},\"thumbnailUrl\":\"http:\/\/www.terjeaamodt.com\/blog\/wp-content\/uploads\/2012\/09\/stisykling_downhill_0001.jpg\",\"keywords\":[\"Downhill sykling\",\"Jendemsfjellet\",\"Sportsbilder\",\"Stisykkling\",\"Stisykling M\u00f8re og Romsdal\",\"sykkel\",\"sykkelbilder\"],\"articleSection\":[\"livsstil\",\"Natur\",\"Sport\",\"Sykkel\"],\"inLanguage\":\"nb-NO\",\"potentialAction\":[{\"@type\":\"CommentAction\",\"name\":\"Comment\",\"target\":[\"https:\/\/www.terjeaamodt.com\/blog\/2012\/09\/06\/jendemsfjellet-stisykling-more-og-romsdal\/#respond\"]}]},{\"@type\":\"WebPage\",\"@id\":\"https:\/\/www.terjeaamodt.com\/blog\/2012\/09\/06\/jendemsfjellet-stisykling-more-og-romsdal\/\",\"url\":\"https:\/\/www.terjeaamodt.com\/blog\/2012\/09\/06\/jendemsfjellet-stisykling-more-og-romsdal\/\",\"name\":\"Jendemsfjellet | Stisykling M\u00f8re og Romsdal | Terje Aamodt Photography blog\",\"isPartOf\":{\"@id\":\"https:\/\/www.terjeaamodt.com\/blog\/#website\"},\"primaryImageOfPage\":{\"@id\":\"https:\/\/www.terjeaamodt.com\/blog\/2012\/09\/06\/jendemsfjellet-stisykling-more-og-romsdal\/#primaryimage\"},\"image\":{\"@id\":\"https:\/\/www.terjeaamodt.com\/blog\/2012\/09\/06\/jendemsfjellet-stisykling-more-og-romsdal\/#primaryimage\"},\"thumbnailUrl\":\"http:\/\/www.terjeaamodt.com\/blog\/wp-content\/uploads\/2012\/09\/stisykling_downhill_0001.jpg\",\"datePublished\":\"2012-09-06T08:33:07+00:00\",\"dateModified\":\"2012-09-06T09:06:41+00:00\",\"author\":{\"@id\":\"https:\/\/www.terjeaamodt.com\/blog\/#\/schema\/person\/421fe074073d41cf4e17a2aaa426f5bd\"},\"breadcrumb\":{\"@id\":\"https:\/\/www.terjeaamodt.com\/blog\/2012\/09\/06\/jendemsfjellet-stisykling-more-og-romsdal\/#breadcrumb\"},\"inLanguage\":\"nb-NO\",\"potentialAction\":[{\"@type\":\"ReadAction\",\"target\":[\"https:\/\/www.terjeaamodt.com\/blog\/2012\/09\/06\/jendemsfjellet-stisykling-more-og-romsdal\/\"]}]},{\"@type\":\"ImageObject\",\"inLanguage\":\"nb-NO\",\"@id\":\"https:\/\/www.terjeaamodt.com\/blog\/2012\/09\/06\/jendemsfjellet-stisykling-more-og-romsdal\/#primaryimage\",\"url\":\"http:\/\/www.terjeaamodt.com\/blog\/wp-content\/uploads\/2012\/09\/stisykling_downhill_0001.jpg\",\"contentUrl\":\"http:\/\/www.terjeaamodt.com\/blog\/wp-content\/uploads\/2012\/09\/stisykling_downhill_0001.jpg\"},{\"@type\":\"BreadcrumbList\",\"@id\":\"https:\/\/www.terjeaamodt.com\/blog\/2012\/09\/06\/jendemsfjellet-stisykling-more-og-romsdal\/#breadcrumb\",\"itemListElement\":[{\"@type\":\"ListItem\",\"position\":1,\"name\":\"Home\",\"item\":\"https:\/\/www.terjeaamodt.com\/blog\/\"},{\"@type\":\"ListItem\",\"position\":2,\"name\":\"Jendemsfjellet | Stisykling M\u00f8re og Romsdal\"}]},{\"@type\":\"WebSite\",\"@id\":\"https:\/\/www.terjeaamodt.com\/blog\/#website\",\"url\":\"https:\/\/www.terjeaamodt.com\/blog\/\",\"name\":\"Terje Aamodt Photography blog\",\"description\":\"\",\"potentialAction\":[{\"@type\":\"SearchAction\",\"target\":{\"@type\":\"EntryPoint\",\"urlTemplate\":\"https:\/\/www.terjeaamodt.com\/blog\/?s={search_term_string}\"},\"query-input\":{\"@type\":\"PropertyValueSpecification\",\"valueRequired\":true,\"valueName\":\"search_term_string\"}}],\"inLanguage\":\"nb-NO\"},{\"@type\":\"Person\",\"@id\":\"https:\/\/www.terjeaamodt.com\/blog\/#\/schema\/person\/421fe074073d41cf4e17a2aaa426f5bd\",\"name\":\"Terje Aamodt\",\"image\":{\"@type\":\"ImageObject\",\"inLanguage\":\"nb-NO\",\"@id\":\"https:\/\/www.terjeaamodt.com\/blog\/#\/schema\/person\/image\/\",\"url\":\"https:\/\/secure.gravatar.com\/avatar\/42c15fcafccc8dea0466e1f48bbabee5d657af333b66d515f227538e430e6f37?s=96&d=mm&r=g\",\"contentUrl\":\"https:\/\/secure.gravatar.com\/avatar\/42c15fcafccc8dea0466e1f48bbabee5d657af333b66d515f227538e430e6f37?s=96&d=mm&r=g\",\"caption\":\"Terje Aamodt\"},\"description\":\"Terje Aamodt, fotograf og klattrer\",\"sameAs\":[\"http:\/\/www.terjeaamodt.com\"],\"url\":\"https:\/\/www.terjeaamodt.com\/blog\/author\/admin\/\"}]}<\/script>\n<!-- \/ Yoast SEO plugin. -->","yoast_head_json":{"title":"Jendemsfjellet | Stisykling M\u00f8re og Romsdal | Terje Aamodt Photography blog","robots":{"index":"index","follow":"follow","max-snippet":"max-snippet:-1","max-image-preview":"max-image-preview:large","max-video-preview":"max-video-preview:-1"},"canonical":"https:\/\/www.terjeaamodt.com\/blog\/2012\/09\/06\/jendemsfjellet-stisykling-more-og-romsdal\/","og_locale":"nb_NO","og_type":"article","og_title":"Jendemsfjellet | Stisykling M\u00f8re og Romsdal | Terje Aamodt Photography blog","og_description":"Her kommer noen bilder fra en stisykkeltur jeg hadde sammen med Henrik Ulleland p\u00e5 Jendemsfjellet for noen dager siden. Tror ikke det er s\u00e5 veldig mange som har v\u00e6rt der oppe med sykkel f\u00f8r.. Noe fin sykkling innimellom, men det er kanskje en grunn til at det ikke har v\u00e6rt s\u00e5 mange der f\u00f8r oss [&hellip;]","og_url":"https:\/\/www.terjeaamodt.com\/blog\/2012\/09\/06\/jendemsfjellet-stisykling-more-og-romsdal\/","og_site_name":"Terje Aamodt Photography blog","article_publisher":"https:\/\/www.facebook.com\/Terje-Aamodt-Photography-161544107229708\/?ref=hl","article_published_time":"2012-09-06T08:33:07+00:00","article_modified_time":"2012-09-06T09:06:41+00:00","og_image":[{"url":"http:\/\/www.terjeaamodt.com\/blog\/wp-content\/uploads\/2012\/09\/stisykling_downhill_0001.jpg","type":"","width":"","height":""}],"author":"Terje Aamodt","twitter_card":"summary_large_image","twitter_creator":"@aamodtfoto","twitter_site":"@aamodtfoto","twitter_misc":{"Skrevet av":"Terje Aamodt"},"schema":{"@context":"https:\/\/schema.org","@graph":[{"@type":"Article","@id":"https:\/\/www.terjeaamodt.com\/blog\/2012\/09\/06\/jendemsfjellet-stisykling-more-og-romsdal\/#article","isPartOf":{"@id":"https:\/\/www.terjeaamodt.com\/blog\/2012\/09\/06\/jendemsfjellet-stisykling-more-og-romsdal\/"},"author":{"name":"Terje Aamodt","@id":"https:\/\/www.terjeaamodt.com\/blog\/#\/schema\/person\/421fe074073d41cf4e17a2aaa426f5bd"},"headline":"Jendemsfjellet | Stisykling M\u00f8re og Romsdal","datePublished":"2012-09-06T08:33:07+00:00","dateModified":"2012-09-06T09:06:41+00:00","mainEntityOfPage":{"@id":"https:\/\/www.terjeaamodt.com\/blog\/2012\/09\/06\/jendemsfjellet-stisykling-more-og-romsdal\/"},"wordCount":68,"commentCount":1,"image":{"@id":"https:\/\/www.terjeaamodt.com\/blog\/2012\/09\/06\/jendemsfjellet-stisykling-more-og-romsdal\/#primaryimage"},"thumbnailUrl":"http:\/\/www.terjeaamodt.com\/blog\/wp-content\/uploads\/2012\/09\/stisykling_downhill_0001.jpg","keywords":["Downhill sykling","Jendemsfjellet","Sportsbilder","Stisykkling","Stisykling M\u00f8re og Romsdal","sykkel","sykkelbilder"],"articleSection":["livsstil","Natur","Sport","Sykkel"],"inLanguage":"nb-NO","potentialAction":[{"@type":"CommentAction","name":"Comment","target":["https:\/\/www.terjeaamodt.com\/blog\/2012\/09\/06\/jendemsfjellet-stisykling-more-og-romsdal\/#respond"]}]},{"@type":"WebPage","@id":"https:\/\/www.terjeaamodt.com\/blog\/2012\/09\/06\/jendemsfjellet-stisykling-more-og-romsdal\/","url":"https:\/\/www.terjeaamodt.com\/blog\/2012\/09\/06\/jendemsfjellet-stisykling-more-og-romsdal\/","name":"Jendemsfjellet | Stisykling M\u00f8re og Romsdal | Terje Aamodt Photography blog","isPartOf":{"@id":"https:\/\/www.terjeaamodt.com\/blog\/#website"},"primaryImageOfPage":{"@id":"https:\/\/www.terjeaamodt.com\/blog\/2012\/09\/06\/jendemsfjellet-stisykling-more-og-romsdal\/#primaryimage"},"image":{"@id":"https:\/\/www.terjeaamodt.com\/blog\/2012\/09\/06\/jendemsfjellet-stisykling-more-og-romsdal\/#primaryimage"},"thumbnailUrl":"http:\/\/www.terjeaamodt.com\/blog\/wp-content\/uploads\/2012\/09\/stisykling_downhill_0001.jpg","datePublished":"2012-09-06T08:33:07+00:00","dateModified":"2012-09-06T09:06:41+00:00","author":{"@id":"https:\/\/www.terjeaamodt.com\/blog\/#\/schema\/person\/421fe074073d41cf4e17a2aaa426f5bd"},"breadcrumb":{"@id":"https:\/\/www.terjeaamodt.com\/blog\/2012\/09\/06\/jendemsfjellet-stisykling-more-og-romsdal\/#breadcrumb"},"inLanguage":"nb-NO","potentialAction":[{"@type":"ReadAction","target":["https:\/\/www.terjeaamodt.com\/blog\/2012\/09\/06\/jendemsfjellet-stisykling-more-og-romsdal\/"]}]},{"@type":"ImageObject","inLanguage":"nb-NO","@id":"https:\/\/www.terjeaamodt.com\/blog\/2012\/09\/06\/jendemsfjellet-stisykling-more-og-romsdal\/#primaryimage","url":"http:\/\/www.terjeaamodt.com\/blog\/wp-content\/uploads\/2012\/09\/stisykling_downhill_0001.jpg","contentUrl":"http:\/\/www.terjeaamodt.com\/blog\/wp-content\/uploads\/2012\/09\/stisykling_downhill_0001.jpg"},{"@type":"BreadcrumbList","@id":"https:\/\/www.terjeaamodt.com\/blog\/2012\/09\/06\/jendemsfjellet-stisykling-more-og-romsdal\/#breadcrumb","itemListElement":[{"@type":"ListItem","position":1,"name":"Home","item":"https:\/\/www.terjeaamodt.com\/blog\/"},{"@type":"ListItem","position":2,"name":"Jendemsfjellet | Stisykling M\u00f8re og Romsdal"}]},{"@type":"WebSite","@id":"https:\/\/www.terjeaamodt.com\/blog\/#website","url":"https:\/\/www.terjeaamodt.com\/blog\/","name":"Terje Aamodt Photography blog","description":"","potentialAction":[{"@type":"SearchAction","target":{"@type":"EntryPoint","urlTemplate":"https:\/\/www.terjeaamodt.com\/blog\/?s={search_term_string}"},"query-input":{"@type":"PropertyValueSpecification","valueRequired":true,"valueName":"search_term_string"}}],"inLanguage":"nb-NO"},{"@type":"Person","@id":"https:\/\/www.terjeaamodt.com\/blog\/#\/schema\/person\/421fe074073d41cf4e17a2aaa426f5bd","name":"Terje Aamodt","image":{"@type":"ImageObject","inLanguage":"nb-NO","@id":"https:\/\/www.terjeaamodt.com\/blog\/#\/schema\/person\/image\/","url":"https:\/\/secure.gravatar.com\/avatar\/42c15fcafccc8dea0466e1f48bbabee5d657af333b66d515f227538e430e6f37?s=96&d=mm&r=g","contentUrl":"https:\/\/secure.gravatar.com\/avatar\/42c15fcafccc8dea0466e1f48bbabee5d657af333b66d515f227538e430e6f37?s=96&d=mm&r=g","caption":"Terje Aamodt"},"description":"Terje Aamodt, fotograf og klattrer","sameAs":["http:\/\/www.terjeaamodt.com"],"url":"https:\/\/www.terjeaamodt.com\/blog\/author\/admin\/"}]}},"_links":{"self":[{"href":"https:\/\/www.terjeaamodt.com\/blog\/wp-json\/wp\/v2\/posts\/3965","targetHints":{"allow":["GET"]}}],"collection":[{"href":"https:\/\/www.terjeaamodt.com\/blog\/wp-json\/wp\/v2\/posts"}],"about":[{"href":"https:\/\/www.terjeaamodt.com\/blog\/wp-json\/wp\/v2\/types\/post"}],"author":[{"embeddable":true,"href":"https:\/\/www.terjeaamodt.com\/blog\/wp-json\/wp\/v2\/users\/1"}],"replies":[{"embeddable":true,"href":"https:\/\/www.terjeaamodt.com\/blog\/wp-json\/wp\/v2\/comments?post=3965"}],"version-history":[{"count":3,"href":"https:\/\/www.terjeaamodt.com\/blog\/wp-json\/wp\/v2\/posts\/3965\/revisions"}],"predecessor-version":[{"id":3968,"href":"https:\/\/www.terjeaamodt.com\/blog\/wp-json\/wp\/v2\/posts\/3965\/revisions\/3968"}],"wp:attachment":[{"href":"https:\/\/www.terjeaamodt.com\/blog\/wp-json\/wp\/v2\/media?parent=3965"}],"wp:term":[{"taxonomy":"category","embeddable":true,"href":"https:\/\/www.terjeaamodt.com\/blog\/wp-json\/wp\/v2\/categories?post=3965"},{"taxonomy":"post_tag","embeddable":true,"href":"https:\/\/www.terjeaamodt.com\/blog\/wp-json\/wp\/v2\/tags?post=3965"}],"curies":[{"name":"wp","href":"https:\/\/api.w.org\/{rel}","templated":true}]}}