{"id":4082,"date":"2012-10-01T13:49:52","date_gmt":"2012-10-01T18:49:52","guid":{"rendered":"http:\/\/www.terjeaamodt.com\/blog\/?p=4082"},"modified":"2012-10-01T13:53:33","modified_gmt":"2012-10-01T18:53:33","slug":"sykkeltur-pa-ramshopiken-stisykling-oppdal-og-rennebu","status":"publish","type":"post","link":"https:\/\/www.terjeaamodt.com\/blog\/2012\/10\/01\/sykkeltur-pa-ramshopiken-stisykling-oppdal-og-rennebu\/","title":{"rendered":"Sykkeltur p\u00e5 Ramsh\u00f8piken | Stisykling Oppdal og Rennebu"},"content":{"rendered":"<p>Aktiv helg p\u00e5 Oppdal. Stisykkling fredag, 17 timer med bryllupsfotografering p\u00e5 l\u00f8rdag for s\u00e5 en lang sykkeltur igjen p\u00e5 s\u00f8ndag.<\/p>\n<p>Under kommer noen bilder fra turen jeg hadde p\u00e5 s\u00f8ndag til Ramsh\u00f8piken i Rennebu komune sammen med Joakim G Eide, Trygve Sande og Silje Kristin Granum.<\/p>\n<p>M\u00e5 ha v\u00e6rt en av de fineste stisykkelturene jeg har hatt i \u00e5r. ANBEFALES!!<\/p>\n<p><img decoding=\"async\" src=\"http:\/\/www.terjeaamodt.com\/blog\/wp-content\/uploads\/2012\/10\/Sykkelbilder_oppdal0001.jpg\" width=\"960\" height=\"642\" alt=\"Sykkelbilder_oppdal0001.JPG\" \/><\/p>\n<p><img decoding=\"async\" src=\"http:\/\/www.terjeaamodt.com\/blog\/wp-content\/uploads\/2012\/10\/Sykkelbilder_oppdal0002.jpg\" width=\"960\" height=\"642\" alt=\"Sykkelbilder_oppdal0002.JPG\" \/><\/p>\n<p><img decoding=\"async\" src=\"http:\/\/www.terjeaamodt.com\/blog\/wp-content\/uploads\/2012\/10\/Sykkelbilder_oppdal0003.jpg\" width=\"960\" height=\"642\" alt=\"Sykkelbilder_oppdal0003.JPG\" \/><\/p>\n<p><img decoding=\"async\" src=\"http:\/\/www.terjeaamodt.com\/blog\/wp-content\/uploads\/2012\/10\/Sykkelbilder_oppdal0004.jpg\" width=\"960\" height=\"642\" alt=\"Sykkelbilder_oppdal0004.JPG\" \/><\/p>\n<p><img decoding=\"async\" src=\"http:\/\/www.terjeaamodt.com\/blog\/wp-content\/uploads\/2012\/10\/Sykkelbilder_oppdal0005.jpg\" width=\"960\" height=\"642\" alt=\"Sykkelbilder_oppdal0005.JPG\" \/><\/p>\n<p><img decoding=\"async\" src=\"http:\/\/www.terjeaamodt.com\/blog\/wp-content\/uploads\/2012\/10\/Sykkelbilder_oppdal0006.jpg\" width=\"960\" height=\"642\" alt=\"Sykkelbilder_oppdal0006.JPG\" \/><\/p>\n<p><img decoding=\"async\" src=\"http:\/\/www.terjeaamodt.com\/blog\/wp-content\/uploads\/2012\/10\/Sykkelbilder_oppdal0007.jpg\" width=\"960\" height=\"642\" alt=\"Sykkelbilder_oppdal0007.JPG\" \/><\/p>\n<p><img decoding=\"async\" src=\"http:\/\/www.terjeaamodt.com\/blog\/wp-content\/uploads\/2012\/10\/Sykkelbilder_oppdal0008.jpg\" width=\"960\" height=\"642\" alt=\"Sykkelbilder_oppdal0008.JPG\" \/><\/p>\n<p><img decoding=\"async\" src=\"http:\/\/www.terjeaamodt.com\/blog\/wp-content\/uploads\/2012\/10\/Sykkelbilder_oppdal0009.jpg\" width=\"960\" height=\"642\" alt=\"Sykkelbilder_oppdal0009.JPG\" \/><\/p>\n<p><img decoding=\"async\" src=\"http:\/\/www.terjeaamodt.com\/blog\/wp-content\/uploads\/2012\/10\/Sykkelbilder_oppdal0010.jpg\" width=\"960\" height=\"642\" alt=\"Sykkelbilder_oppdal0010.JPG\" \/><\/p>\n<p><img decoding=\"async\" src=\"http:\/\/www.terjeaamodt.com\/blog\/wp-content\/uploads\/2012\/10\/Sykkelbilder_oppdal0011.jpg\" width=\"960\" height=\"642\" alt=\"Sykkelbilder_oppdal0011.JPG\" \/><\/p>\n<p><img decoding=\"async\" src=\"http:\/\/www.terjeaamodt.com\/blog\/wp-content\/uploads\/2012\/10\/Sykkelbilder_oppdal0012.jpg\" width=\"960\" height=\"642\" alt=\"Sykkelbilder_oppdal0012.JPG\" \/><\/p>\n<p><img decoding=\"async\" src=\"http:\/\/www.terjeaamodt.com\/blog\/wp-content\/uploads\/2012\/10\/Sykkelbilder_oppdal0013.jpg\" width=\"960\" height=\"642\" alt=\"Sykkelbilder_oppdal0013.JPG\" \/><\/p>\n<p><img decoding=\"async\" src=\"http:\/\/www.terjeaamodt.com\/blog\/wp-content\/uploads\/2012\/10\/Sykkelbilder_oppdal0014.jpg\" width=\"960\" height=\"642\" alt=\"Sykkelbilder_oppdal0014.JPG\" \/><\/p>\n<p><img decoding=\"async\" src=\"http:\/\/www.terjeaamodt.com\/blog\/wp-content\/uploads\/2012\/10\/Sykkelbilder_oppdal0015.jpg\" width=\"960\" height=\"642\" alt=\"Sykkelbilder_oppdal0015.JPG\" \/><\/p>\n<p><img decoding=\"async\" src=\"http:\/\/www.terjeaamodt.com\/blog\/wp-content\/uploads\/2012\/10\/Sykkelbilder_oppdal0016.jpg\" width=\"960\" height=\"642\" alt=\"Sykkelbilder_oppdal0016.JPG\" \/><\/p>\n<p><img decoding=\"async\" src=\"http:\/\/www.terjeaamodt.com\/blog\/wp-content\/uploads\/2012\/10\/Sykkelbilder_oppdal0017.jpg\" width=\"960\" height=\"642\" alt=\"Sykkelbilder_oppdal0017.JPG\" \/><\/p>\n<p><img decoding=\"async\" src=\"http:\/\/www.terjeaamodt.com\/blog\/wp-content\/uploads\/2012\/10\/Sykkelbilder_oppdal0018.jpg\" width=\"960\" height=\"642\" alt=\"Sykkelbilder_oppdal0018.JPG\" \/><\/p>\n<p><img decoding=\"async\" src=\"http:\/\/www.terjeaamodt.com\/blog\/wp-content\/uploads\/2012\/10\/Sykkelbilder_oppdal0019.jpg\" width=\"960\" height=\"642\" alt=\"Sykkelbilder_oppdal0019.JPG\" \/><\/p>\n<p><img decoding=\"async\" src=\"http:\/\/www.terjeaamodt.com\/blog\/wp-content\/uploads\/2012\/10\/Sykkelbilder_oppdal0020.jpg\" width=\"960\" height=\"642\" alt=\"Sykkelbilder_oppdal0020.JPG\" \/><\/p>\n<p><img decoding=\"async\" src=\"http:\/\/www.terjeaamodt.com\/blog\/wp-content\/uploads\/2012\/10\/Sykkelbilder_oppdal0021.jpg\" width=\"960\" height=\"642\" alt=\"Sykkelbilder_oppdal0021.JPG\" \/><\/p>\n<p><img decoding=\"async\" src=\"http:\/\/www.terjeaamodt.com\/blog\/wp-content\/uploads\/2012\/10\/Sykkelbilder_oppdal0022.jpg\" width=\"960\" height=\"642\" alt=\"Sykkelbilder_oppdal0022.JPG\" \/><\/p>\n<p><img decoding=\"async\" src=\"http:\/\/www.terjeaamodt.com\/blog\/wp-content\/uploads\/2012\/10\/Sykkelbilder_oppdal0023.jpg\" width=\"960\" height=\"642\" alt=\"Sykkelbilder_oppdal0023.JPG\" \/><\/p>\n<p><img decoding=\"async\" src=\"http:\/\/www.terjeaamodt.com\/blog\/wp-content\/uploads\/2012\/10\/Sykkelbilder_oppdal0024.jpg\" width=\"960\" height=\"642\" alt=\"Sykkelbilder_oppdal0024.JPG\" \/><\/p>\n<p><img decoding=\"async\" src=\"http:\/\/www.terjeaamodt.com\/blog\/wp-content\/uploads\/2012\/10\/Sykkelbilder_oppdal0025.jpg\" width=\"960\" height=\"642\" alt=\"Sykkelbilder_oppdal0025.JPG\" \/><\/p>\n<p><img decoding=\"async\" src=\"http:\/\/www.terjeaamodt.com\/blog\/wp-content\/uploads\/2012\/10\/Sykkelbilder_oppdal0026.jpg\" width=\"960\" height=\"642\" alt=\"Sykkelbilder_oppdal0026.JPG\" \/><\/p>\n<p><img decoding=\"async\" src=\"http:\/\/www.terjeaamodt.com\/blog\/wp-content\/uploads\/2012\/10\/Sykkelbilder_oppdal0027.jpg\" width=\"960\" height=\"642\" alt=\"Sykkelbilder_oppdal0027.JPG\" \/><\/p>\n<p><img decoding=\"async\" src=\"http:\/\/www.terjeaamodt.com\/blog\/wp-content\/uploads\/2012\/10\/Sykkelbilder_oppdal0028.jpg\" width=\"960\" height=\"642\" alt=\"Sykkelbilder_oppdal0028.JPG\" \/><\/p>\n<p><img decoding=\"async\" src=\"http:\/\/www.terjeaamodt.com\/blog\/wp-content\/uploads\/2012\/10\/Sykkelbilder_oppdal0029.jpg\" width=\"960\" height=\"642\" alt=\"Sykkelbilder_oppdal0029.JPG\" \/><\/p>\n<p><img decoding=\"async\" src=\"http:\/\/www.terjeaamodt.com\/blog\/wp-content\/uploads\/2012\/10\/Sykkelbilder_oppdal0030.jpg\" width=\"960\" height=\"642\" alt=\"Sykkelbilder_oppdal0030.JPG\" \/><\/p>\n<p><img decoding=\"async\" src=\"http:\/\/www.terjeaamodt.com\/blog\/wp-content\/uploads\/2012\/10\/Sykkelbilder_oppdal0031.jpg\" width=\"960\" height=\"642\" alt=\"Sykkelbilder_oppdal0031.JPG\" \/><\/p>\n","protected":false},"excerpt":{"rendered":"<p>Aktiv helg p\u00e5 Oppdal. Stisykkling fredag, 17 timer med bryllupsfotografering p\u00e5 l\u00f8rdag for s\u00e5 en lang sykkeltur igjen p\u00e5 s\u00f8ndag. Under kommer noen bilder fra turen jeg hadde p\u00e5 s\u00f8ndag til Ramsh\u00f8piken i Rennebu komune sammen med Joakim G Eide, Trygve Sande og Silje Kristin Granum. M\u00e5 ha v\u00e6rt en av de fineste stisykkelturene jeg [&hellip;]<\/p>\n","protected":false},"author":1,"featured_media":0,"comment_status":"open","ping_status":"closed","sticky":false,"template":"","format":"standard","meta":{"footnotes":""},"categories":[10,9,39,265],"tags":[415,414,400,269,416],"class_list":["post-4082","post","type-post","status-publish","format-standard","hentry","category-livsstil","category-natur","category-sport","category-sykkel","tag-downhill-sykling-oppdal","tag-stisykkling-oppdal","tag-sykkel-2","tag-sykkelbilder","tag-sykkelfoto"],"yoast_head":"<!-- This site is optimized with the Yoast SEO plugin v27.1.1 - https:\/\/yoast.com\/product\/yoast-seo-wordpress\/ -->\n<title>Sykkeltur p\u00e5 Ramsh\u00f8piken | Stisykling Oppdal og Rennebu | Terje Aamodt Photography blog<\/title>\n<meta name=\"robots\" content=\"index, follow, max-snippet:-1, max-image-preview:large, max-video-preview:-1\" \/>\n<link rel=\"canonical\" href=\"https:\/\/www.terjeaamodt.com\/blog\/2012\/10\/01\/sykkeltur-pa-ramshopiken-stisykling-oppdal-og-rennebu\/\" \/>\n<meta property=\"og:locale\" content=\"nb_NO\" \/>\n<meta property=\"og:type\" content=\"article\" \/>\n<meta property=\"og:title\" content=\"Sykkeltur p\u00e5 Ramsh\u00f8piken | Stisykling Oppdal og Rennebu | Terje Aamodt Photography blog\" \/>\n<meta property=\"og:description\" content=\"Aktiv helg p\u00e5 Oppdal. Stisykkling fredag, 17 timer med bryllupsfotografering p\u00e5 l\u00f8rdag for s\u00e5 en lang sykkeltur igjen p\u00e5 s\u00f8ndag. Under kommer noen bilder fra turen jeg hadde p\u00e5 s\u00f8ndag til Ramsh\u00f8piken i Rennebu komune sammen med Joakim G Eide, Trygve Sande og Silje Kristin Granum. M\u00e5 ha v\u00e6rt en av de fineste stisykkelturene jeg [&hellip;]\" \/>\n<meta property=\"og:url\" content=\"https:\/\/www.terjeaamodt.com\/blog\/2012\/10\/01\/sykkeltur-pa-ramshopiken-stisykling-oppdal-og-rennebu\/\" \/>\n<meta property=\"og:site_name\" content=\"Terje Aamodt Photography blog\" \/>\n<meta property=\"article:publisher\" content=\"https:\/\/www.facebook.com\/Terje-Aamodt-Photography-161544107229708\/?ref=hl\" \/>\n<meta property=\"article:published_time\" content=\"2012-10-01T18:49:52+00:00\" \/>\n<meta property=\"article:modified_time\" content=\"2012-10-01T18:53:33+00:00\" \/>\n<meta property=\"og:image\" content=\"http:\/\/www.terjeaamodt.com\/blog\/wp-content\/uploads\/2012\/10\/Sykkelbilder_oppdal0001.jpg\" \/>\n<meta name=\"author\" content=\"Terje Aamodt\" \/>\n<meta name=\"twitter:card\" content=\"summary_large_image\" \/>\n<meta name=\"twitter:creator\" content=\"@aamodtfoto\" \/>\n<meta name=\"twitter:site\" content=\"@aamodtfoto\" \/>\n<meta name=\"twitter:label1\" content=\"Skrevet av\" \/>\n\t<meta name=\"twitter:data1\" content=\"Terje Aamodt\" \/>\n<script type=\"application\/ld+json\" class=\"yoast-schema-graph\">{\"@context\":\"https:\/\/schema.org\",\"@graph\":[{\"@type\":\"Article\",\"@id\":\"https:\/\/www.terjeaamodt.com\/blog\/2012\/10\/01\/sykkeltur-pa-ramshopiken-stisykling-oppdal-og-rennebu\/#article\",\"isPartOf\":{\"@id\":\"https:\/\/www.terjeaamodt.com\/blog\/2012\/10\/01\/sykkeltur-pa-ramshopiken-stisykling-oppdal-og-rennebu\/\"},\"author\":{\"name\":\"Terje Aamodt\",\"@id\":\"https:\/\/www.terjeaamodt.com\/blog\/#\/schema\/person\/421fe074073d41cf4e17a2aaa426f5bd\"},\"headline\":\"Sykkeltur p\u00e5 Ramsh\u00f8piken | Stisykling Oppdal og Rennebu\",\"datePublished\":\"2012-10-01T18:49:52+00:00\",\"dateModified\":\"2012-10-01T18:53:33+00:00\",\"mainEntityOfPage\":{\"@id\":\"https:\/\/www.terjeaamodt.com\/blog\/2012\/10\/01\/sykkeltur-pa-ramshopiken-stisykling-oppdal-og-rennebu\/\"},\"wordCount\":72,\"commentCount\":2,\"image\":{\"@id\":\"https:\/\/www.terjeaamodt.com\/blog\/2012\/10\/01\/sykkeltur-pa-ramshopiken-stisykling-oppdal-og-rennebu\/#primaryimage\"},\"thumbnailUrl\":\"http:\/\/www.terjeaamodt.com\/blog\/wp-content\/uploads\/2012\/10\/Sykkelbilder_oppdal0001.jpg\",\"keywords\":[\"Downhill sykling Oppdal\",\"stisykkling Oppdal\",\"sykkel\",\"sykkelbilder\",\"Sykkelfoto\"],\"articleSection\":[\"livsstil\",\"Natur\",\"Sport\",\"Sykkel\"],\"inLanguage\":\"nb-NO\",\"potentialAction\":[{\"@type\":\"CommentAction\",\"name\":\"Comment\",\"target\":[\"https:\/\/www.terjeaamodt.com\/blog\/2012\/10\/01\/sykkeltur-pa-ramshopiken-stisykling-oppdal-og-rennebu\/#respond\"]}]},{\"@type\":\"WebPage\",\"@id\":\"https:\/\/www.terjeaamodt.com\/blog\/2012\/10\/01\/sykkeltur-pa-ramshopiken-stisykling-oppdal-og-rennebu\/\",\"url\":\"https:\/\/www.terjeaamodt.com\/blog\/2012\/10\/01\/sykkeltur-pa-ramshopiken-stisykling-oppdal-og-rennebu\/\",\"name\":\"Sykkeltur p\u00e5 Ramsh\u00f8piken | Stisykling Oppdal og Rennebu | Terje Aamodt Photography blog\",\"isPartOf\":{\"@id\":\"https:\/\/www.terjeaamodt.com\/blog\/#website\"},\"primaryImageOfPage\":{\"@id\":\"https:\/\/www.terjeaamodt.com\/blog\/2012\/10\/01\/sykkeltur-pa-ramshopiken-stisykling-oppdal-og-rennebu\/#primaryimage\"},\"image\":{\"@id\":\"https:\/\/www.terjeaamodt.com\/blog\/2012\/10\/01\/sykkeltur-pa-ramshopiken-stisykling-oppdal-og-rennebu\/#primaryimage\"},\"thumbnailUrl\":\"http:\/\/www.terjeaamodt.com\/blog\/wp-content\/uploads\/2012\/10\/Sykkelbilder_oppdal0001.jpg\",\"datePublished\":\"2012-10-01T18:49:52+00:00\",\"dateModified\":\"2012-10-01T18:53:33+00:00\",\"author\":{\"@id\":\"https:\/\/www.terjeaamodt.com\/blog\/#\/schema\/person\/421fe074073d41cf4e17a2aaa426f5bd\"},\"breadcrumb\":{\"@id\":\"https:\/\/www.terjeaamodt.com\/blog\/2012\/10\/01\/sykkeltur-pa-ramshopiken-stisykling-oppdal-og-rennebu\/#breadcrumb\"},\"inLanguage\":\"nb-NO\",\"potentialAction\":[{\"@type\":\"ReadAction\",\"target\":[\"https:\/\/www.terjeaamodt.com\/blog\/2012\/10\/01\/sykkeltur-pa-ramshopiken-stisykling-oppdal-og-rennebu\/\"]}]},{\"@type\":\"ImageObject\",\"inLanguage\":\"nb-NO\",\"@id\":\"https:\/\/www.terjeaamodt.com\/blog\/2012\/10\/01\/sykkeltur-pa-ramshopiken-stisykling-oppdal-og-rennebu\/#primaryimage\",\"url\":\"http:\/\/www.terjeaamodt.com\/blog\/wp-content\/uploads\/2012\/10\/Sykkelbilder_oppdal0001.jpg\",\"contentUrl\":\"http:\/\/www.terjeaamodt.com\/blog\/wp-content\/uploads\/2012\/10\/Sykkelbilder_oppdal0001.jpg\"},{\"@type\":\"BreadcrumbList\",\"@id\":\"https:\/\/www.terjeaamodt.com\/blog\/2012\/10\/01\/sykkeltur-pa-ramshopiken-stisykling-oppdal-og-rennebu\/#breadcrumb\",\"itemListElement\":[{\"@type\":\"ListItem\",\"position\":1,\"name\":\"Home\",\"item\":\"https:\/\/www.terjeaamodt.com\/blog\/\"},{\"@type\":\"ListItem\",\"position\":2,\"name\":\"Sykkeltur p\u00e5 Ramsh\u00f8piken | Stisykling Oppdal og Rennebu\"}]},{\"@type\":\"WebSite\",\"@id\":\"https:\/\/www.terjeaamodt.com\/blog\/#website\",\"url\":\"https:\/\/www.terjeaamodt.com\/blog\/\",\"name\":\"Terje Aamodt Photography blog\",\"description\":\"\",\"potentialAction\":[{\"@type\":\"SearchAction\",\"target\":{\"@type\":\"EntryPoint\",\"urlTemplate\":\"https:\/\/www.terjeaamodt.com\/blog\/?s={search_term_string}\"},\"query-input\":{\"@type\":\"PropertyValueSpecification\",\"valueRequired\":true,\"valueName\":\"search_term_string\"}}],\"inLanguage\":\"nb-NO\"},{\"@type\":\"Person\",\"@id\":\"https:\/\/www.terjeaamodt.com\/blog\/#\/schema\/person\/421fe074073d41cf4e17a2aaa426f5bd\",\"name\":\"Terje Aamodt\",\"image\":{\"@type\":\"ImageObject\",\"inLanguage\":\"nb-NO\",\"@id\":\"https:\/\/www.terjeaamodt.com\/blog\/#\/schema\/person\/image\/\",\"url\":\"https:\/\/secure.gravatar.com\/avatar\/42c15fcafccc8dea0466e1f48bbabee5d657af333b66d515f227538e430e6f37?s=96&d=mm&r=g\",\"contentUrl\":\"https:\/\/secure.gravatar.com\/avatar\/42c15fcafccc8dea0466e1f48bbabee5d657af333b66d515f227538e430e6f37?s=96&d=mm&r=g\",\"caption\":\"Terje Aamodt\"},\"description\":\"Terje Aamodt, fotograf og klattrer\",\"sameAs\":[\"http:\/\/www.terjeaamodt.com\"],\"url\":\"https:\/\/www.terjeaamodt.com\/blog\/author\/admin\/\"}]}<\/script>\n<!-- \/ Yoast SEO plugin. -->","yoast_head_json":{"title":"Sykkeltur p\u00e5 Ramsh\u00f8piken | Stisykling Oppdal og Rennebu | Terje Aamodt Photography blog","robots":{"index":"index","follow":"follow","max-snippet":"max-snippet:-1","max-image-preview":"max-image-preview:large","max-video-preview":"max-video-preview:-1"},"canonical":"https:\/\/www.terjeaamodt.com\/blog\/2012\/10\/01\/sykkeltur-pa-ramshopiken-stisykling-oppdal-og-rennebu\/","og_locale":"nb_NO","og_type":"article","og_title":"Sykkeltur p\u00e5 Ramsh\u00f8piken | Stisykling Oppdal og Rennebu | Terje Aamodt Photography blog","og_description":"Aktiv helg p\u00e5 Oppdal. Stisykkling fredag, 17 timer med bryllupsfotografering p\u00e5 l\u00f8rdag for s\u00e5 en lang sykkeltur igjen p\u00e5 s\u00f8ndag. Under kommer noen bilder fra turen jeg hadde p\u00e5 s\u00f8ndag til Ramsh\u00f8piken i Rennebu komune sammen med Joakim G Eide, Trygve Sande og Silje Kristin Granum. M\u00e5 ha v\u00e6rt en av de fineste stisykkelturene jeg [&hellip;]","og_url":"https:\/\/www.terjeaamodt.com\/blog\/2012\/10\/01\/sykkeltur-pa-ramshopiken-stisykling-oppdal-og-rennebu\/","og_site_name":"Terje Aamodt Photography blog","article_publisher":"https:\/\/www.facebook.com\/Terje-Aamodt-Photography-161544107229708\/?ref=hl","article_published_time":"2012-10-01T18:49:52+00:00","article_modified_time":"2012-10-01T18:53:33+00:00","og_image":[{"url":"http:\/\/www.terjeaamodt.com\/blog\/wp-content\/uploads\/2012\/10\/Sykkelbilder_oppdal0001.jpg","type":"","width":"","height":""}],"author":"Terje Aamodt","twitter_card":"summary_large_image","twitter_creator":"@aamodtfoto","twitter_site":"@aamodtfoto","twitter_misc":{"Skrevet av":"Terje Aamodt"},"schema":{"@context":"https:\/\/schema.org","@graph":[{"@type":"Article","@id":"https:\/\/www.terjeaamodt.com\/blog\/2012\/10\/01\/sykkeltur-pa-ramshopiken-stisykling-oppdal-og-rennebu\/#article","isPartOf":{"@id":"https:\/\/www.terjeaamodt.com\/blog\/2012\/10\/01\/sykkeltur-pa-ramshopiken-stisykling-oppdal-og-rennebu\/"},"author":{"name":"Terje Aamodt","@id":"https:\/\/www.terjeaamodt.com\/blog\/#\/schema\/person\/421fe074073d41cf4e17a2aaa426f5bd"},"headline":"Sykkeltur p\u00e5 Ramsh\u00f8piken | Stisykling Oppdal og Rennebu","datePublished":"2012-10-01T18:49:52+00:00","dateModified":"2012-10-01T18:53:33+00:00","mainEntityOfPage":{"@id":"https:\/\/www.terjeaamodt.com\/blog\/2012\/10\/01\/sykkeltur-pa-ramshopiken-stisykling-oppdal-og-rennebu\/"},"wordCount":72,"commentCount":2,"image":{"@id":"https:\/\/www.terjeaamodt.com\/blog\/2012\/10\/01\/sykkeltur-pa-ramshopiken-stisykling-oppdal-og-rennebu\/#primaryimage"},"thumbnailUrl":"http:\/\/www.terjeaamodt.com\/blog\/wp-content\/uploads\/2012\/10\/Sykkelbilder_oppdal0001.jpg","keywords":["Downhill sykling Oppdal","stisykkling Oppdal","sykkel","sykkelbilder","Sykkelfoto"],"articleSection":["livsstil","Natur","Sport","Sykkel"],"inLanguage":"nb-NO","potentialAction":[{"@type":"CommentAction","name":"Comment","target":["https:\/\/www.terjeaamodt.com\/blog\/2012\/10\/01\/sykkeltur-pa-ramshopiken-stisykling-oppdal-og-rennebu\/#respond"]}]},{"@type":"WebPage","@id":"https:\/\/www.terjeaamodt.com\/blog\/2012\/10\/01\/sykkeltur-pa-ramshopiken-stisykling-oppdal-og-rennebu\/","url":"https:\/\/www.terjeaamodt.com\/blog\/2012\/10\/01\/sykkeltur-pa-ramshopiken-stisykling-oppdal-og-rennebu\/","name":"Sykkeltur p\u00e5 Ramsh\u00f8piken | Stisykling Oppdal og Rennebu | Terje Aamodt Photography blog","isPartOf":{"@id":"https:\/\/www.terjeaamodt.com\/blog\/#website"},"primaryImageOfPage":{"@id":"https:\/\/www.terjeaamodt.com\/blog\/2012\/10\/01\/sykkeltur-pa-ramshopiken-stisykling-oppdal-og-rennebu\/#primaryimage"},"image":{"@id":"https:\/\/www.terjeaamodt.com\/blog\/2012\/10\/01\/sykkeltur-pa-ramshopiken-stisykling-oppdal-og-rennebu\/#primaryimage"},"thumbnailUrl":"http:\/\/www.terjeaamodt.com\/blog\/wp-content\/uploads\/2012\/10\/Sykkelbilder_oppdal0001.jpg","datePublished":"2012-10-01T18:49:52+00:00","dateModified":"2012-10-01T18:53:33+00:00","author":{"@id":"https:\/\/www.terjeaamodt.com\/blog\/#\/schema\/person\/421fe074073d41cf4e17a2aaa426f5bd"},"breadcrumb":{"@id":"https:\/\/www.terjeaamodt.com\/blog\/2012\/10\/01\/sykkeltur-pa-ramshopiken-stisykling-oppdal-og-rennebu\/#breadcrumb"},"inLanguage":"nb-NO","potentialAction":[{"@type":"ReadAction","target":["https:\/\/www.terjeaamodt.com\/blog\/2012\/10\/01\/sykkeltur-pa-ramshopiken-stisykling-oppdal-og-rennebu\/"]}]},{"@type":"ImageObject","inLanguage":"nb-NO","@id":"https:\/\/www.terjeaamodt.com\/blog\/2012\/10\/01\/sykkeltur-pa-ramshopiken-stisykling-oppdal-og-rennebu\/#primaryimage","url":"http:\/\/www.terjeaamodt.com\/blog\/wp-content\/uploads\/2012\/10\/Sykkelbilder_oppdal0001.jpg","contentUrl":"http:\/\/www.terjeaamodt.com\/blog\/wp-content\/uploads\/2012\/10\/Sykkelbilder_oppdal0001.jpg"},{"@type":"BreadcrumbList","@id":"https:\/\/www.terjeaamodt.com\/blog\/2012\/10\/01\/sykkeltur-pa-ramshopiken-stisykling-oppdal-og-rennebu\/#breadcrumb","itemListElement":[{"@type":"ListItem","position":1,"name":"Home","item":"https:\/\/www.terjeaamodt.com\/blog\/"},{"@type":"ListItem","position":2,"name":"Sykkeltur p\u00e5 Ramsh\u00f8piken | Stisykling Oppdal og Rennebu"}]},{"@type":"WebSite","@id":"https:\/\/www.terjeaamodt.com\/blog\/#website","url":"https:\/\/www.terjeaamodt.com\/blog\/","name":"Terje Aamodt Photography blog","description":"","potentialAction":[{"@type":"SearchAction","target":{"@type":"EntryPoint","urlTemplate":"https:\/\/www.terjeaamodt.com\/blog\/?s={search_term_string}"},"query-input":{"@type":"PropertyValueSpecification","valueRequired":true,"valueName":"search_term_string"}}],"inLanguage":"nb-NO"},{"@type":"Person","@id":"https:\/\/www.terjeaamodt.com\/blog\/#\/schema\/person\/421fe074073d41cf4e17a2aaa426f5bd","name":"Terje Aamodt","image":{"@type":"ImageObject","inLanguage":"nb-NO","@id":"https:\/\/www.terjeaamodt.com\/blog\/#\/schema\/person\/image\/","url":"https:\/\/secure.gravatar.com\/avatar\/42c15fcafccc8dea0466e1f48bbabee5d657af333b66d515f227538e430e6f37?s=96&d=mm&r=g","contentUrl":"https:\/\/secure.gravatar.com\/avatar\/42c15fcafccc8dea0466e1f48bbabee5d657af333b66d515f227538e430e6f37?s=96&d=mm&r=g","caption":"Terje Aamodt"},"description":"Terje Aamodt, fotograf og klattrer","sameAs":["http:\/\/www.terjeaamodt.com"],"url":"https:\/\/www.terjeaamodt.com\/blog\/author\/admin\/"}]}},"_links":{"self":[{"href":"https:\/\/www.terjeaamodt.com\/blog\/wp-json\/wp\/v2\/posts\/4082","targetHints":{"allow":["GET"]}}],"collection":[{"href":"https:\/\/www.terjeaamodt.com\/blog\/wp-json\/wp\/v2\/posts"}],"about":[{"href":"https:\/\/www.terjeaamodt.com\/blog\/wp-json\/wp\/v2\/types\/post"}],"author":[{"embeddable":true,"href":"https:\/\/www.terjeaamodt.com\/blog\/wp-json\/wp\/v2\/users\/1"}],"replies":[{"embeddable":true,"href":"https:\/\/www.terjeaamodt.com\/blog\/wp-json\/wp\/v2\/comments?post=4082"}],"version-history":[{"count":1,"href":"https:\/\/www.terjeaamodt.com\/blog\/wp-json\/wp\/v2\/posts\/4082\/revisions"}],"predecessor-version":[{"id":4083,"href":"https:\/\/www.terjeaamodt.com\/blog\/wp-json\/wp\/v2\/posts\/4082\/revisions\/4083"}],"wp:attachment":[{"href":"https:\/\/www.terjeaamodt.com\/blog\/wp-json\/wp\/v2\/media?parent=4082"}],"wp:term":[{"taxonomy":"category","embeddable":true,"href":"https:\/\/www.terjeaamodt.com\/blog\/wp-json\/wp\/v2\/categories?post=4082"},{"taxonomy":"post_tag","embeddable":true,"href":"https:\/\/www.terjeaamodt.com\/blog\/wp-json\/wp\/v2\/tags?post=4082"}],"curies":[{"name":"wp","href":"https:\/\/api.w.org\/{rel}","templated":true}]}}