{"id":4162,"date":"2012-10-21T13:15:11","date_gmt":"2012-10-21T18:15:11","guid":{"rendered":"http:\/\/www.terjeaamodt.com\/blog\/?p=4162"},"modified":"2012-10-21T13:18:38","modified_gmt":"2012-10-21T18:18:38","slug":"eli-og-andre-bryllup-i-molde-harmonien","status":"publish","type":"post","link":"https:\/\/www.terjeaamodt.com\/blog\/2012\/10\/21\/eli-og-andre-bryllup-i-molde-harmonien\/","title":{"rendered":"Eli og Andre | Bryllup i Molde | Harmonien"},"content":{"rendered":"<p>11. august var den store dagen til Eli og Andre. Eli startet dagen med og gj\u00f8re seg klar hos <a href=\"http:\/\/www.luggenmolde.no\" title=\"Luggen\">Luggen<\/a> p\u00e5 Molde storsenter f\u00f8r turen gikk videre til vielse i R\u00f8bekk kirke. Middag og fest ble holdt p\u00e5 Harmonien. Molde viste seg fra sin flotteste side, og det ble en fantastisk dag p\u00e5 alle sett og vis.<\/p>\n<p>Tusen takk for at vi fikk v\u00e6re tilstede og dele dagen sammen med dere Eli og Andre \ud83d\ude42<\/p>\n<p>Under kommer noen favoritter fra dagen etterfulgt av ett slideshow.<\/p>\n<p>Synest du bildene er fine eller du \u00f8nsker \u00e5 legge igjen en liten hilsen, er det veldig hyggelig om du gj\u00f8r det i &laquo;<b><i>Add Comment<\/i><\/b>&raquo; feltet under.<\/p>\n<p>Blir ogs\u00e5 veldig glad dersom du trykker <a href=\"http:\/\/www.facebook.com\/pages\/Terje-Aamodt-Photography\/161544107229708\" title=\"LIKER\">liker<\/a> p\u00e5 <a href=\"http:\/\/www.facebook.com\/pages\/Terje-Aamodt-Photography\/161544107229708\" title=\"FACEBOOK\"><b>FACEBOOK<\/b><\/a> siden min.<\/p>\n<p><\/p>\n<p><img decoding=\"async\" src=\"http:\/\/www.terjeaamodt.com\/blog\/wp-content\/uploads\/2012\/10\/bryllupsfoto_molde_0001.jpg\" width=\"960\" height=\"642\" alt=\"bryllupsfoto_molde_0001.JPG\" \/><\/p>\n<p><img decoding=\"async\" src=\"http:\/\/www.terjeaamodt.com\/blog\/wp-content\/uploads\/2012\/10\/bryllupsfoto_molde_0002.jpg\" width=\"960\" height=\"642\" alt=\"bryllupsfoto_molde_0002.JPG\" \/><\/p>\n<p><img decoding=\"async\" src=\"http:\/\/www.terjeaamodt.com\/blog\/wp-content\/uploads\/2012\/10\/bryllupsfoto_molde_0003.jpg\" width=\"960\" height=\"642\" alt=\"bryllupsfoto_molde_0003.JPG\" \/><\/p>\n<p><img decoding=\"async\" src=\"http:\/\/www.terjeaamodt.com\/blog\/wp-content\/uploads\/2012\/10\/bryllupsfoto_molde_0004.jpg\" width=\"960\" height=\"642\" alt=\"bryllupsfoto_molde_0004.JPG\" \/><\/p>\n<p><img decoding=\"async\" src=\"http:\/\/www.terjeaamodt.com\/blog\/wp-content\/uploads\/2012\/10\/bryllupsfoto_molde_0005.jpg\" width=\"960\" height=\"642\" alt=\"bryllupsfoto_molde_0005.JPG\" \/><\/p>\n<p><img decoding=\"async\" src=\"http:\/\/www.terjeaamodt.com\/blog\/wp-content\/uploads\/2012\/10\/bryllupsfoto_molde_0006.jpg\" width=\"960\" height=\"642\" alt=\"bryllupsfoto_molde_0006.JPG\" \/><\/p>\n<p><img decoding=\"async\" src=\"http:\/\/www.terjeaamodt.com\/blog\/wp-content\/uploads\/2012\/10\/bryllupsfoto_molde_0007.jpg\" width=\"960\" height=\"642\" alt=\"bryllupsfoto_molde_0007.JPG\" \/><\/p>\n<p><img decoding=\"async\" src=\"http:\/\/www.terjeaamodt.com\/blog\/wp-content\/uploads\/2012\/10\/bryllupsfoto_molde_0008.jpg\" width=\"642\" height=\"960\" alt=\"bryllupsfoto_molde_0008.JPG\" \/><\/p>\n<p><img decoding=\"async\" src=\"http:\/\/www.terjeaamodt.com\/blog\/wp-content\/uploads\/2012\/10\/bryllupsfoto_molde_0009.jpg\" width=\"960\" height=\"642\" alt=\"bryllupsfoto_molde_0009.JPG\" \/><\/p>\n<p><img decoding=\"async\" src=\"http:\/\/www.terjeaamodt.com\/blog\/wp-content\/uploads\/2012\/10\/bryllupsfoto_molde_0010.jpg\" width=\"960\" height=\"642\" alt=\"bryllupsfoto_molde_0010.JPG\" \/><\/p>\n<p><img decoding=\"async\" src=\"http:\/\/www.terjeaamodt.com\/blog\/wp-content\/uploads\/2012\/10\/bryllupsfoto_molde_0011.jpg\" width=\"642\" height=\"960\" alt=\"bryllupsfoto_molde_0011.JPG\" \/><\/p>\n<p><img decoding=\"async\" src=\"http:\/\/www.terjeaamodt.com\/blog\/wp-content\/uploads\/2012\/10\/bryllupsfoto_molde_0012.jpg\" width=\"960\" height=\"642\" alt=\"bryllupsfoto_molde_0012.JPG\" \/><\/p>\n<p><img decoding=\"async\" src=\"http:\/\/www.terjeaamodt.com\/blog\/wp-content\/uploads\/2012\/10\/bryllupsfoto_molde_0013.jpg\" width=\"960\" height=\"642\" alt=\"bryllupsfoto_molde_0013.JPG\" \/><\/p>\n<p><img decoding=\"async\" src=\"http:\/\/www.terjeaamodt.com\/blog\/wp-content\/uploads\/2012\/10\/bryllupsfoto_molde_0014.jpg\" width=\"960\" height=\"642\" alt=\"bryllupsfoto_molde_0014.JPG\" \/><\/p>\n<p><img decoding=\"async\" src=\"http:\/\/www.terjeaamodt.com\/blog\/wp-content\/uploads\/2012\/10\/bryllupsfoto_molde_0015.jpg\" width=\"960\" height=\"642\" alt=\"bryllupsfoto_molde_0015.JPG\" \/><\/p>\n<p><img decoding=\"async\" src=\"http:\/\/www.terjeaamodt.com\/blog\/wp-content\/uploads\/2012\/10\/bryllupsfoto_molde_0016.jpg\" width=\"960\" height=\"642\" alt=\"bryllupsfoto_molde_0016.JPG\" \/><\/p>\n<p><img decoding=\"async\" src=\"http:\/\/www.terjeaamodt.com\/blog\/wp-content\/uploads\/2012\/10\/bryllupsfoto_molde_0017.jpg\" width=\"642\" height=\"960\" alt=\"bryllupsfoto_molde_0017.JPG\" \/><\/p>\n<p><img decoding=\"async\" src=\"http:\/\/www.terjeaamodt.com\/blog\/wp-content\/uploads\/2012\/10\/bryllupsfoto_molde_0018.jpg\" width=\"960\" height=\"642\" alt=\"bryllupsfoto_molde_0018.JPG\" \/><\/p>\n<p><img decoding=\"async\" src=\"http:\/\/www.terjeaamodt.com\/blog\/wp-content\/uploads\/2012\/10\/bryllupsfoto_molde_0019.jpg\" width=\"960\" height=\"642\" alt=\"bryllupsfoto_molde_0019.JPG\" \/><\/p>\n<p><img decoding=\"async\" src=\"http:\/\/www.terjeaamodt.com\/blog\/wp-content\/uploads\/2012\/10\/bryllupsfoto_molde_0020.jpg\" width=\"960\" height=\"642\" alt=\"bryllupsfoto_molde_0020.JPG\" \/><\/p>\n<p><img decoding=\"async\" src=\"http:\/\/www.terjeaamodt.com\/blog\/wp-content\/uploads\/2012\/10\/bryllupsfoto_molde_0021.jpg\" width=\"960\" height=\"642\" alt=\"bryllupsfoto_molde_0021.JPG\" \/><\/p>\n<p><img decoding=\"async\" src=\"http:\/\/www.terjeaamodt.com\/blog\/wp-content\/uploads\/2012\/10\/bryllupsfoto_molde_0022.jpg\" width=\"960\" height=\"642\" alt=\"bryllupsfoto_molde_0022.JPG\" \/><\/p>\n<p><img decoding=\"async\" src=\"http:\/\/www.terjeaamodt.com\/blog\/wp-content\/uploads\/2012\/10\/bryllupsfoto_molde_0023.jpg\" width=\"960\" height=\"642\" alt=\"bryllupsfoto_molde_0023.JPG\" \/><\/p>\n<p><img decoding=\"async\" src=\"http:\/\/www.terjeaamodt.com\/blog\/wp-content\/uploads\/2012\/10\/bryllupsfoto_molde_0024.jpg\" width=\"960\" height=\"642\" alt=\"bryllupsfoto_molde_0024.JPG\" \/><\/p>\n<p><img decoding=\"async\" src=\"http:\/\/www.terjeaamodt.com\/blog\/wp-content\/uploads\/2012\/10\/bryllupsfoto_molde_0025.jpg\" width=\"960\" height=\"642\" alt=\"bryllupsfoto_molde_0025.JPG\" \/><\/p>\n<p><img decoding=\"async\" src=\"http:\/\/www.terjeaamodt.com\/blog\/wp-content\/uploads\/2012\/10\/bryllupsfoto_molde_0026.jpg\" width=\"960\" height=\"642\" alt=\"bryllupsfoto_molde_0026.JPG\" \/><\/p>\n<p><img decoding=\"async\" src=\"http:\/\/www.terjeaamodt.com\/blog\/wp-content\/uploads\/2012\/10\/bryllupsfoto_molde_0027.jpg\" width=\"960\" height=\"642\" alt=\"bryllupsfoto_molde_0027.JPG\" \/><\/p>\n<p><img decoding=\"async\" src=\"http:\/\/www.terjeaamodt.com\/blog\/wp-content\/uploads\/2012\/10\/bryllupsfoto_molde_0028.jpg\" width=\"960\" height=\"642\" alt=\"bryllupsfoto_molde_0028.JPG\" \/><\/p>\n<p><img decoding=\"async\" src=\"http:\/\/www.terjeaamodt.com\/blog\/wp-content\/uploads\/2012\/10\/bryllupsfoto_molde_0029.jpg\" width=\"642\" height=\"960\" alt=\"bryllupsfoto_molde_0029.JPG\" \/><\/p>\n<p><img decoding=\"async\" src=\"http:\/\/www.terjeaamodt.com\/blog\/wp-content\/uploads\/2012\/10\/bryllupsfoto_molde_0030.jpg\" width=\"960\" height=\"642\" alt=\"bryllupsfoto_molde_0030.JPG\" \/><\/p>\n<p><img decoding=\"async\" src=\"http:\/\/www.terjeaamodt.com\/blog\/wp-content\/uploads\/2012\/10\/bryllupsfoto_molde_0031.jpg\" width=\"960\" height=\"642\" alt=\"bryllupsfoto_molde_0031.JPG\" \/><\/p>\n<p><img decoding=\"async\" src=\"http:\/\/www.terjeaamodt.com\/blog\/wp-content\/uploads\/2012\/10\/bryllupsfoto_molde_0032.jpg\" width=\"960\" height=\"642\" alt=\"bryllupsfoto_molde_0032.JPG\" \/><\/p>\n<p><img decoding=\"async\" src=\"http:\/\/www.terjeaamodt.com\/blog\/wp-content\/uploads\/2012\/10\/bryllupsfoto_molde_0033.jpg\" width=\"960\" height=\"642\" alt=\"bryllupsfoto_molde_0033.JPG\" \/><\/p>\n<p><img decoding=\"async\" src=\"http:\/\/www.terjeaamodt.com\/blog\/wp-content\/uploads\/2012\/10\/bryllupsfoto_molde_0034.jpg\" width=\"960\" height=\"642\" alt=\"bryllupsfoto_molde_0034.JPG\" \/><\/p>\n<p><img decoding=\"async\" src=\"http:\/\/www.terjeaamodt.com\/blog\/wp-content\/uploads\/2012\/10\/bryllupsfoto_molde_0035.jpg\" width=\"960\" height=\"642\" alt=\"bryllupsfoto_molde_0035.JPG\" \/><\/p>\n<p><img decoding=\"async\" src=\"http:\/\/www.terjeaamodt.com\/blog\/wp-content\/uploads\/2012\/10\/bryllupsfoto_molde_0036.jpg\" width=\"960\" height=\"642\" alt=\"bryllupsfoto_molde_0036.JPG\" \/><\/p>\n<p><object type=\"application\/x-shockwave-flash\" width=\"950\" height=\"640\" id=\"showit_swf\" data=\"http:\/\/www.terjeaamodt.com\/slideshows\/20120819_slideshow_eli_andre\/showit.swf\"><param name=\"movie\" value=\"http:\/\/www.terjeaamodt.com\/slideshows\/20120819_slideshow_eli_andre\/showit.swf\" \/><param name=\"flashvars\" value=\"showit_embed=http:\/\/www.terjeaamodt.com\/slideshows\/20120819_slideshow_eli_andre\/|950|640|1|0|0\" \/><param name=\"wmode\" value=\"transparent\" \/><param name=\"salign\" value=\"LT\" \/><param name=\"menu\" value=\"false\" \/><param name=\"loop\" value=\"false\" \/><param name=\"quality\" value=\"best\" \/><param name=\"bgcolor\" value=\"#FFFFFf\" \/><\/object><\/p>\n","protected":false},"excerpt":{"rendered":"<p>11. august var den store dagen til Eli og Andre. Eli startet dagen med og gj\u00f8re seg klar hos Luggen p\u00e5 Molde storsenter f\u00f8r turen gikk videre til vielse i R\u00f8bekk kirke. Middag og fest ble holdt p\u00e5 Harmonien. Molde viste seg fra sin flotteste side, og det ble en fantastisk dag p\u00e5 alle sett [&hellip;]<\/p>\n","protected":false},"author":1,"featured_media":0,"comment_status":"open","ping_status":"closed","sticky":false,"template":"","format":"standard","meta":{"footnotes":""},"categories":[1],"tags":[25,426,19,22,52,53],"class_list":["post-4162","post","type-post","status-publish","format-standard","hentry","category-uncategorized","tag-bryllupsfoto","tag-bryllupsfoto-molde","tag-bryllupsfotograf","tag-bryllupsfotograf-molde","tag-harmonien","tag-rbekk-kirke"],"yoast_head":"<!-- This site is optimized with the Yoast SEO plugin v27.1.1 - https:\/\/yoast.com\/product\/yoast-seo-wordpress\/ -->\n<title>Eli og Andre | Bryllup i Molde | Harmonien | Terje Aamodt Photography blog<\/title>\n<meta name=\"robots\" content=\"index, follow, max-snippet:-1, max-image-preview:large, max-video-preview:-1\" \/>\n<link rel=\"canonical\" href=\"https:\/\/www.terjeaamodt.com\/blog\/2012\/10\/21\/eli-og-andre-bryllup-i-molde-harmonien\/\" \/>\n<meta property=\"og:locale\" content=\"nb_NO\" \/>\n<meta property=\"og:type\" content=\"article\" \/>\n<meta property=\"og:title\" content=\"Eli og Andre | Bryllup i Molde | Harmonien | Terje Aamodt Photography blog\" \/>\n<meta property=\"og:description\" content=\"11. august var den store dagen til Eli og Andre. Eli startet dagen med og gj\u00f8re seg klar hos Luggen p\u00e5 Molde storsenter f\u00f8r turen gikk videre til vielse i R\u00f8bekk kirke. Middag og fest ble holdt p\u00e5 Harmonien. Molde viste seg fra sin flotteste side, og det ble en fantastisk dag p\u00e5 alle sett [&hellip;]\" \/>\n<meta property=\"og:url\" content=\"https:\/\/www.terjeaamodt.com\/blog\/2012\/10\/21\/eli-og-andre-bryllup-i-molde-harmonien\/\" \/>\n<meta property=\"og:site_name\" content=\"Terje Aamodt Photography blog\" \/>\n<meta property=\"article:publisher\" content=\"https:\/\/www.facebook.com\/Terje-Aamodt-Photography-161544107229708\/?ref=hl\" \/>\n<meta property=\"article:published_time\" content=\"2012-10-21T18:15:11+00:00\" \/>\n<meta property=\"article:modified_time\" content=\"2012-10-21T18:18:38+00:00\" \/>\n<meta property=\"og:image\" content=\"http:\/\/www.terjeaamodt.com\/blog\/wp-content\/uploads\/2012\/10\/bryllupsfoto_molde_0001.jpg\" \/>\n<meta name=\"author\" content=\"Terje Aamodt\" \/>\n<meta name=\"twitter:card\" content=\"summary_large_image\" \/>\n<meta name=\"twitter:creator\" content=\"@aamodtfoto\" \/>\n<meta name=\"twitter:site\" content=\"@aamodtfoto\" \/>\n<meta name=\"twitter:label1\" content=\"Skrevet av\" \/>\n\t<meta name=\"twitter:data1\" content=\"Terje Aamodt\" \/>\n\t<meta name=\"twitter:label2\" content=\"Ansl. lesetid\" \/>\n\t<meta name=\"twitter:data2\" content=\"1 minutt\" \/>\n<script type=\"application\/ld+json\" class=\"yoast-schema-graph\">{\"@context\":\"https:\/\/schema.org\",\"@graph\":[{\"@type\":\"Article\",\"@id\":\"https:\/\/www.terjeaamodt.com\/blog\/2012\/10\/21\/eli-og-andre-bryllup-i-molde-harmonien\/#article\",\"isPartOf\":{\"@id\":\"https:\/\/www.terjeaamodt.com\/blog\/2012\/10\/21\/eli-og-andre-bryllup-i-molde-harmonien\/\"},\"author\":{\"name\":\"Terje Aamodt\",\"@id\":\"https:\/\/www.terjeaamodt.com\/blog\/#\/schema\/person\/421fe074073d41cf4e17a2aaa426f5bd\"},\"headline\":\"Eli og Andre | Bryllup i Molde | Harmonien\",\"datePublished\":\"2012-10-21T18:15:11+00:00\",\"dateModified\":\"2012-10-21T18:18:38+00:00\",\"mainEntityOfPage\":{\"@id\":\"https:\/\/www.terjeaamodt.com\/blog\/2012\/10\/21\/eli-og-andre-bryllup-i-molde-harmonien\/\"},\"wordCount\":134,\"commentCount\":0,\"image\":{\"@id\":\"https:\/\/www.terjeaamodt.com\/blog\/2012\/10\/21\/eli-og-andre-bryllup-i-molde-harmonien\/#primaryimage\"},\"thumbnailUrl\":\"http:\/\/www.terjeaamodt.com\/blog\/wp-content\/uploads\/2012\/10\/bryllupsfoto_molde_0001.jpg\",\"keywords\":[\"Bryllupsfoto\",\"bryllupsfoto Molde\",\"Bryllupsfotograf\",\"Bryllupsfotograf Molde\",\"Harmonien\",\"R\u00f8bekk kirke\"],\"articleSection\":[\"Uncategorized\"],\"inLanguage\":\"nb-NO\",\"potentialAction\":[{\"@type\":\"CommentAction\",\"name\":\"Comment\",\"target\":[\"https:\/\/www.terjeaamodt.com\/blog\/2012\/10\/21\/eli-og-andre-bryllup-i-molde-harmonien\/#respond\"]}]},{\"@type\":\"WebPage\",\"@id\":\"https:\/\/www.terjeaamodt.com\/blog\/2012\/10\/21\/eli-og-andre-bryllup-i-molde-harmonien\/\",\"url\":\"https:\/\/www.terjeaamodt.com\/blog\/2012\/10\/21\/eli-og-andre-bryllup-i-molde-harmonien\/\",\"name\":\"Eli og Andre | Bryllup i Molde | Harmonien | Terje Aamodt Photography blog\",\"isPartOf\":{\"@id\":\"https:\/\/www.terjeaamodt.com\/blog\/#website\"},\"primaryImageOfPage\":{\"@id\":\"https:\/\/www.terjeaamodt.com\/blog\/2012\/10\/21\/eli-og-andre-bryllup-i-molde-harmonien\/#primaryimage\"},\"image\":{\"@id\":\"https:\/\/www.terjeaamodt.com\/blog\/2012\/10\/21\/eli-og-andre-bryllup-i-molde-harmonien\/#primaryimage\"},\"thumbnailUrl\":\"http:\/\/www.terjeaamodt.com\/blog\/wp-content\/uploads\/2012\/10\/bryllupsfoto_molde_0001.jpg\",\"datePublished\":\"2012-10-21T18:15:11+00:00\",\"dateModified\":\"2012-10-21T18:18:38+00:00\",\"author\":{\"@id\":\"https:\/\/www.terjeaamodt.com\/blog\/#\/schema\/person\/421fe074073d41cf4e17a2aaa426f5bd\"},\"breadcrumb\":{\"@id\":\"https:\/\/www.terjeaamodt.com\/blog\/2012\/10\/21\/eli-og-andre-bryllup-i-molde-harmonien\/#breadcrumb\"},\"inLanguage\":\"nb-NO\",\"potentialAction\":[{\"@type\":\"ReadAction\",\"target\":[\"https:\/\/www.terjeaamodt.com\/blog\/2012\/10\/21\/eli-og-andre-bryllup-i-molde-harmonien\/\"]}]},{\"@type\":\"ImageObject\",\"inLanguage\":\"nb-NO\",\"@id\":\"https:\/\/www.terjeaamodt.com\/blog\/2012\/10\/21\/eli-og-andre-bryllup-i-molde-harmonien\/#primaryimage\",\"url\":\"http:\/\/www.terjeaamodt.com\/blog\/wp-content\/uploads\/2012\/10\/bryllupsfoto_molde_0001.jpg\",\"contentUrl\":\"http:\/\/www.terjeaamodt.com\/blog\/wp-content\/uploads\/2012\/10\/bryllupsfoto_molde_0001.jpg\"},{\"@type\":\"BreadcrumbList\",\"@id\":\"https:\/\/www.terjeaamodt.com\/blog\/2012\/10\/21\/eli-og-andre-bryllup-i-molde-harmonien\/#breadcrumb\",\"itemListElement\":[{\"@type\":\"ListItem\",\"position\":1,\"name\":\"Home\",\"item\":\"https:\/\/www.terjeaamodt.com\/blog\/\"},{\"@type\":\"ListItem\",\"position\":2,\"name\":\"Eli og Andre | Bryllup i Molde | Harmonien\"}]},{\"@type\":\"WebSite\",\"@id\":\"https:\/\/www.terjeaamodt.com\/blog\/#website\",\"url\":\"https:\/\/www.terjeaamodt.com\/blog\/\",\"name\":\"Terje Aamodt Photography blog\",\"description\":\"\",\"potentialAction\":[{\"@type\":\"SearchAction\",\"target\":{\"@type\":\"EntryPoint\",\"urlTemplate\":\"https:\/\/www.terjeaamodt.com\/blog\/?s={search_term_string}\"},\"query-input\":{\"@type\":\"PropertyValueSpecification\",\"valueRequired\":true,\"valueName\":\"search_term_string\"}}],\"inLanguage\":\"nb-NO\"},{\"@type\":\"Person\",\"@id\":\"https:\/\/www.terjeaamodt.com\/blog\/#\/schema\/person\/421fe074073d41cf4e17a2aaa426f5bd\",\"name\":\"Terje Aamodt\",\"image\":{\"@type\":\"ImageObject\",\"inLanguage\":\"nb-NO\",\"@id\":\"https:\/\/www.terjeaamodt.com\/blog\/#\/schema\/person\/image\/\",\"url\":\"https:\/\/secure.gravatar.com\/avatar\/42c15fcafccc8dea0466e1f48bbabee5d657af333b66d515f227538e430e6f37?s=96&d=mm&r=g\",\"contentUrl\":\"https:\/\/secure.gravatar.com\/avatar\/42c15fcafccc8dea0466e1f48bbabee5d657af333b66d515f227538e430e6f37?s=96&d=mm&r=g\",\"caption\":\"Terje Aamodt\"},\"description\":\"Terje Aamodt, fotograf og klattrer\",\"sameAs\":[\"http:\/\/www.terjeaamodt.com\"],\"url\":\"https:\/\/www.terjeaamodt.com\/blog\/author\/admin\/\"}]}<\/script>\n<!-- \/ Yoast SEO plugin. -->","yoast_head_json":{"title":"Eli og Andre | Bryllup i Molde | Harmonien | Terje Aamodt Photography blog","robots":{"index":"index","follow":"follow","max-snippet":"max-snippet:-1","max-image-preview":"max-image-preview:large","max-video-preview":"max-video-preview:-1"},"canonical":"https:\/\/www.terjeaamodt.com\/blog\/2012\/10\/21\/eli-og-andre-bryllup-i-molde-harmonien\/","og_locale":"nb_NO","og_type":"article","og_title":"Eli og Andre | Bryllup i Molde | Harmonien | Terje Aamodt Photography blog","og_description":"11. august var den store dagen til Eli og Andre. Eli startet dagen med og gj\u00f8re seg klar hos Luggen p\u00e5 Molde storsenter f\u00f8r turen gikk videre til vielse i R\u00f8bekk kirke. Middag og fest ble holdt p\u00e5 Harmonien. Molde viste seg fra sin flotteste side, og det ble en fantastisk dag p\u00e5 alle sett [&hellip;]","og_url":"https:\/\/www.terjeaamodt.com\/blog\/2012\/10\/21\/eli-og-andre-bryllup-i-molde-harmonien\/","og_site_name":"Terje Aamodt Photography blog","article_publisher":"https:\/\/www.facebook.com\/Terje-Aamodt-Photography-161544107229708\/?ref=hl","article_published_time":"2012-10-21T18:15:11+00:00","article_modified_time":"2012-10-21T18:18:38+00:00","og_image":[{"url":"http:\/\/www.terjeaamodt.com\/blog\/wp-content\/uploads\/2012\/10\/bryllupsfoto_molde_0001.jpg","type":"","width":"","height":""}],"author":"Terje Aamodt","twitter_card":"summary_large_image","twitter_creator":"@aamodtfoto","twitter_site":"@aamodtfoto","twitter_misc":{"Skrevet av":"Terje Aamodt","Ansl. lesetid":"1 minutt"},"schema":{"@context":"https:\/\/schema.org","@graph":[{"@type":"Article","@id":"https:\/\/www.terjeaamodt.com\/blog\/2012\/10\/21\/eli-og-andre-bryllup-i-molde-harmonien\/#article","isPartOf":{"@id":"https:\/\/www.terjeaamodt.com\/blog\/2012\/10\/21\/eli-og-andre-bryllup-i-molde-harmonien\/"},"author":{"name":"Terje Aamodt","@id":"https:\/\/www.terjeaamodt.com\/blog\/#\/schema\/person\/421fe074073d41cf4e17a2aaa426f5bd"},"headline":"Eli og Andre | Bryllup i Molde | Harmonien","datePublished":"2012-10-21T18:15:11+00:00","dateModified":"2012-10-21T18:18:38+00:00","mainEntityOfPage":{"@id":"https:\/\/www.terjeaamodt.com\/blog\/2012\/10\/21\/eli-og-andre-bryllup-i-molde-harmonien\/"},"wordCount":134,"commentCount":0,"image":{"@id":"https:\/\/www.terjeaamodt.com\/blog\/2012\/10\/21\/eli-og-andre-bryllup-i-molde-harmonien\/#primaryimage"},"thumbnailUrl":"http:\/\/www.terjeaamodt.com\/blog\/wp-content\/uploads\/2012\/10\/bryllupsfoto_molde_0001.jpg","keywords":["Bryllupsfoto","bryllupsfoto Molde","Bryllupsfotograf","Bryllupsfotograf Molde","Harmonien","R\u00f8bekk kirke"],"articleSection":["Uncategorized"],"inLanguage":"nb-NO","potentialAction":[{"@type":"CommentAction","name":"Comment","target":["https:\/\/www.terjeaamodt.com\/blog\/2012\/10\/21\/eli-og-andre-bryllup-i-molde-harmonien\/#respond"]}]},{"@type":"WebPage","@id":"https:\/\/www.terjeaamodt.com\/blog\/2012\/10\/21\/eli-og-andre-bryllup-i-molde-harmonien\/","url":"https:\/\/www.terjeaamodt.com\/blog\/2012\/10\/21\/eli-og-andre-bryllup-i-molde-harmonien\/","name":"Eli og Andre | Bryllup i Molde | Harmonien | Terje Aamodt Photography blog","isPartOf":{"@id":"https:\/\/www.terjeaamodt.com\/blog\/#website"},"primaryImageOfPage":{"@id":"https:\/\/www.terjeaamodt.com\/blog\/2012\/10\/21\/eli-og-andre-bryllup-i-molde-harmonien\/#primaryimage"},"image":{"@id":"https:\/\/www.terjeaamodt.com\/blog\/2012\/10\/21\/eli-og-andre-bryllup-i-molde-harmonien\/#primaryimage"},"thumbnailUrl":"http:\/\/www.terjeaamodt.com\/blog\/wp-content\/uploads\/2012\/10\/bryllupsfoto_molde_0001.jpg","datePublished":"2012-10-21T18:15:11+00:00","dateModified":"2012-10-21T18:18:38+00:00","author":{"@id":"https:\/\/www.terjeaamodt.com\/blog\/#\/schema\/person\/421fe074073d41cf4e17a2aaa426f5bd"},"breadcrumb":{"@id":"https:\/\/www.terjeaamodt.com\/blog\/2012\/10\/21\/eli-og-andre-bryllup-i-molde-harmonien\/#breadcrumb"},"inLanguage":"nb-NO","potentialAction":[{"@type":"ReadAction","target":["https:\/\/www.terjeaamodt.com\/blog\/2012\/10\/21\/eli-og-andre-bryllup-i-molde-harmonien\/"]}]},{"@type":"ImageObject","inLanguage":"nb-NO","@id":"https:\/\/www.terjeaamodt.com\/blog\/2012\/10\/21\/eli-og-andre-bryllup-i-molde-harmonien\/#primaryimage","url":"http:\/\/www.terjeaamodt.com\/blog\/wp-content\/uploads\/2012\/10\/bryllupsfoto_molde_0001.jpg","contentUrl":"http:\/\/www.terjeaamodt.com\/blog\/wp-content\/uploads\/2012\/10\/bryllupsfoto_molde_0001.jpg"},{"@type":"BreadcrumbList","@id":"https:\/\/www.terjeaamodt.com\/blog\/2012\/10\/21\/eli-og-andre-bryllup-i-molde-harmonien\/#breadcrumb","itemListElement":[{"@type":"ListItem","position":1,"name":"Home","item":"https:\/\/www.terjeaamodt.com\/blog\/"},{"@type":"ListItem","position":2,"name":"Eli og Andre | Bryllup i Molde | Harmonien"}]},{"@type":"WebSite","@id":"https:\/\/www.terjeaamodt.com\/blog\/#website","url":"https:\/\/www.terjeaamodt.com\/blog\/","name":"Terje Aamodt Photography blog","description":"","potentialAction":[{"@type":"SearchAction","target":{"@type":"EntryPoint","urlTemplate":"https:\/\/www.terjeaamodt.com\/blog\/?s={search_term_string}"},"query-input":{"@type":"PropertyValueSpecification","valueRequired":true,"valueName":"search_term_string"}}],"inLanguage":"nb-NO"},{"@type":"Person","@id":"https:\/\/www.terjeaamodt.com\/blog\/#\/schema\/person\/421fe074073d41cf4e17a2aaa426f5bd","name":"Terje Aamodt","image":{"@type":"ImageObject","inLanguage":"nb-NO","@id":"https:\/\/www.terjeaamodt.com\/blog\/#\/schema\/person\/image\/","url":"https:\/\/secure.gravatar.com\/avatar\/42c15fcafccc8dea0466e1f48bbabee5d657af333b66d515f227538e430e6f37?s=96&d=mm&r=g","contentUrl":"https:\/\/secure.gravatar.com\/avatar\/42c15fcafccc8dea0466e1f48bbabee5d657af333b66d515f227538e430e6f37?s=96&d=mm&r=g","caption":"Terje Aamodt"},"description":"Terje Aamodt, fotograf og klattrer","sameAs":["http:\/\/www.terjeaamodt.com"],"url":"https:\/\/www.terjeaamodt.com\/blog\/author\/admin\/"}]}},"_links":{"self":[{"href":"https:\/\/www.terjeaamodt.com\/blog\/wp-json\/wp\/v2\/posts\/4162","targetHints":{"allow":["GET"]}}],"collection":[{"href":"https:\/\/www.terjeaamodt.com\/blog\/wp-json\/wp\/v2\/posts"}],"about":[{"href":"https:\/\/www.terjeaamodt.com\/blog\/wp-json\/wp\/v2\/types\/post"}],"author":[{"embeddable":true,"href":"https:\/\/www.terjeaamodt.com\/blog\/wp-json\/wp\/v2\/users\/1"}],"replies":[{"embeddable":true,"href":"https:\/\/www.terjeaamodt.com\/blog\/wp-json\/wp\/v2\/comments?post=4162"}],"version-history":[{"count":1,"href":"https:\/\/www.terjeaamodt.com\/blog\/wp-json\/wp\/v2\/posts\/4162\/revisions"}],"predecessor-version":[{"id":4163,"href":"https:\/\/www.terjeaamodt.com\/blog\/wp-json\/wp\/v2\/posts\/4162\/revisions\/4163"}],"wp:attachment":[{"href":"https:\/\/www.terjeaamodt.com\/blog\/wp-json\/wp\/v2\/media?parent=4162"}],"wp:term":[{"taxonomy":"category","embeddable":true,"href":"https:\/\/www.terjeaamodt.com\/blog\/wp-json\/wp\/v2\/categories?post=4162"},{"taxonomy":"post_tag","embeddable":true,"href":"https:\/\/www.terjeaamodt.com\/blog\/wp-json\/wp\/v2\/tags?post=4162"}],"curies":[{"name":"wp","href":"https:\/\/api.w.org\/{rel}","templated":true}]}}