{"id":4184,"date":"2012-10-28T12:14:44","date_gmt":"2012-10-28T17:14:44","guid":{"rendered":"http:\/\/www.terjeaamodt.com\/blog\/?p=4184"},"modified":"2012-10-28T12:15:04","modified_gmt":"2012-10-28T17:15:04","slug":"skitur-pa-jamtetind-skifoto-skibilder","status":"publish","type":"post","link":"https:\/\/www.terjeaamodt.com\/blog\/2012\/10\/28\/skitur-pa-jamtetind-skifoto-skibilder\/","title":{"rendered":"Skitur p\u00e5 Jamtetind | Skifoto | Skibilder"},"content":{"rendered":"<p>At vi bor i ett land med store kontraster kan det ikke v\u00e6re mye tvil om. For litt under en uke siden var jeg og Magnus p\u00e5 topptur med sykkel og i dag hadde jeg sesongens f\u00f8rste skitur sammen med Maria, Martin og Bj\u00f8rn Magne.<\/p>\n<p>Turen gikk til Jamtetind i Eresfjorden og b\u00e5de v\u00e6r og f\u00f8re m\u00e5 vel kunne kalles eksemplarisk. Vi er tross alt fortsatt i oktober \ud83d\ude42<\/p>\n<p>Tusen takk alle sammen for en flott tur.<\/p>\n<p>\n<img decoding=\"async\" src=\"http:\/\/www.terjeaamodt.com\/blog\/wp-content\/uploads\/2012\/10\/20121028_skifoto_jamtetind_0001.jpg\" width=\"960\" height=\"642\" alt=\"20121028_skifoto_jamtetind_0001.JPG\" \/><\/p>\n<p>Martin og Maria<\/p>\n<p><img decoding=\"async\" src=\"http:\/\/www.terjeaamodt.com\/blog\/wp-content\/uploads\/2012\/10\/20121028_skifoto_jamtetind_0002.jpg\" width=\"960\" height=\"642\" alt=\"20121028_skifoto_jamtetind_0002.JPG\" \/><\/p>\n<p>Oktober pudder.<\/p>\n<p><img decoding=\"async\" src=\"http:\/\/www.terjeaamodt.com\/blog\/wp-content\/uploads\/2012\/10\/20121028_skifoto_jamtetind_0003.jpg\" width=\"960\" height=\"642\" alt=\"20121028_skifoto_jamtetind_0003.JPG\" \/><\/p>\n<p>P\u00e5 vei mot toppen, Eresfjorden og Eikesdalsvatnet i bakgrunnen.<\/p>\n<p><img decoding=\"async\" src=\"http:\/\/www.terjeaamodt.com\/blog\/wp-content\/uploads\/2012\/10\/20121028_skifoto_jamtetind_0004.jpg\" width=\"960\" height=\"642\" alt=\"20121028_skifoto_jamtetind_0004.JPG\" \/><\/p>\n<p>Maria Apneseth R\u00f8dahl storkoser seg p\u00e5 vei ned fra toppen.<\/p>\n<p><img decoding=\"async\" src=\"http:\/\/www.terjeaamodt.com\/blog\/wp-content\/uploads\/2012\/10\/20121028_skifoto_jamtetind_0005.jpg\" width=\"960\" height=\"642\" alt=\"20121028_skifoto_jamtetind_0005.JPG\" \/><\/p>\n<p><img decoding=\"async\" src=\"http:\/\/www.terjeaamodt.com\/blog\/wp-content\/uploads\/2012\/10\/20121028_skifoto_jamtetind_0006.jpg\" width=\"960\" height=\"642\" alt=\"20121028_skifoto_jamtetind_0006.JPG\" \/><\/p>\n","protected":false},"excerpt":{"rendered":"<p>At vi bor i ett land med store kontraster kan det ikke v\u00e6re mye tvil om. For litt under en uke siden var jeg og Magnus p\u00e5 topptur med sykkel og i dag hadde jeg sesongens f\u00f8rste skitur sammen med Maria, Martin og Bj\u00f8rn Magne. Turen gikk til Jamtetind i Eresfjorden og b\u00e5de v\u00e6r og [&hellip;]<\/p>\n","protected":false},"author":1,"featured_media":0,"comment_status":"open","ping_status":"closed","sticky":false,"template":"","format":"standard","meta":{"footnotes":""},"categories":[10,9,14,39],"tags":[433,432,643,117,118,120],"class_list":["post-4184","post","type-post","status-publish","format-standard","hentry","category-livsstil","category-natur","category-ski","category-sport","tag-eresfjorden","tag-jamtetind","tag-ski","tag-skibilder","tag-skifoto","tag-skifotograf"],"yoast_head":"<!-- This site is optimized with the Yoast SEO plugin v27.1.1 - https:\/\/yoast.com\/product\/yoast-seo-wordpress\/ -->\n<title>Skitur p\u00e5 Jamtetind | Skifoto | Skibilder | Terje Aamodt Photography blog<\/title>\n<meta name=\"robots\" content=\"index, follow, max-snippet:-1, max-image-preview:large, max-video-preview:-1\" \/>\n<link rel=\"canonical\" href=\"https:\/\/www.terjeaamodt.com\/blog\/2012\/10\/28\/skitur-pa-jamtetind-skifoto-skibilder\/\" \/>\n<meta property=\"og:locale\" content=\"nb_NO\" \/>\n<meta property=\"og:type\" content=\"article\" \/>\n<meta property=\"og:title\" content=\"Skitur p\u00e5 Jamtetind | Skifoto | Skibilder | Terje Aamodt Photography blog\" \/>\n<meta property=\"og:description\" content=\"At vi bor i ett land med store kontraster kan det ikke v\u00e6re mye tvil om. For litt under en uke siden var jeg og Magnus p\u00e5 topptur med sykkel og i dag hadde jeg sesongens f\u00f8rste skitur sammen med Maria, Martin og Bj\u00f8rn Magne. Turen gikk til Jamtetind i Eresfjorden og b\u00e5de v\u00e6r og [&hellip;]\" \/>\n<meta property=\"og:url\" content=\"https:\/\/www.terjeaamodt.com\/blog\/2012\/10\/28\/skitur-pa-jamtetind-skifoto-skibilder\/\" \/>\n<meta property=\"og:site_name\" content=\"Terje Aamodt Photography blog\" \/>\n<meta property=\"article:publisher\" content=\"https:\/\/www.facebook.com\/Terje-Aamodt-Photography-161544107229708\/?ref=hl\" \/>\n<meta property=\"article:published_time\" content=\"2012-10-28T17:14:44+00:00\" \/>\n<meta property=\"article:modified_time\" content=\"2012-10-28T17:15:04+00:00\" \/>\n<meta property=\"og:image\" content=\"http:\/\/www.terjeaamodt.com\/blog\/wp-content\/uploads\/2012\/10\/20121028_skifoto_jamtetind_0001.jpg\" \/>\n<meta name=\"author\" content=\"Terje Aamodt\" \/>\n<meta name=\"twitter:card\" content=\"summary_large_image\" \/>\n<meta name=\"twitter:creator\" content=\"@aamodtfoto\" \/>\n<meta name=\"twitter:site\" content=\"@aamodtfoto\" \/>\n<meta name=\"twitter:label1\" content=\"Skrevet av\" \/>\n\t<meta name=\"twitter:data1\" content=\"Terje Aamodt\" \/>\n\t<meta name=\"twitter:label2\" content=\"Ansl. lesetid\" \/>\n\t<meta name=\"twitter:data2\" content=\"1 minutt\" \/>\n<script type=\"application\/ld+json\" class=\"yoast-schema-graph\">{\"@context\":\"https:\/\/schema.org\",\"@graph\":[{\"@type\":\"Article\",\"@id\":\"https:\/\/www.terjeaamodt.com\/blog\/2012\/10\/28\/skitur-pa-jamtetind-skifoto-skibilder\/#article\",\"isPartOf\":{\"@id\":\"https:\/\/www.terjeaamodt.com\/blog\/2012\/10\/28\/skitur-pa-jamtetind-skifoto-skibilder\/\"},\"author\":{\"name\":\"Terje Aamodt\",\"@id\":\"https:\/\/www.terjeaamodt.com\/blog\/#\/schema\/person\/421fe074073d41cf4e17a2aaa426f5bd\"},\"headline\":\"Skitur p\u00e5 Jamtetind | Skifoto | Skibilder\",\"datePublished\":\"2012-10-28T17:14:44+00:00\",\"dateModified\":\"2012-10-28T17:15:04+00:00\",\"mainEntityOfPage\":{\"@id\":\"https:\/\/www.terjeaamodt.com\/blog\/2012\/10\/28\/skitur-pa-jamtetind-skifoto-skibilder\/\"},\"wordCount\":113,\"commentCount\":2,\"image\":{\"@id\":\"https:\/\/www.terjeaamodt.com\/blog\/2012\/10\/28\/skitur-pa-jamtetind-skifoto-skibilder\/#primaryimage\"},\"thumbnailUrl\":\"http:\/\/www.terjeaamodt.com\/blog\/wp-content\/uploads\/2012\/10\/20121028_skifoto_jamtetind_0001.jpg\",\"keywords\":[\"Eresfjorden\",\"Jamtetind\",\"Ski\",\"Skibilder\",\"Skifoto\",\"Skifotograf\"],\"articleSection\":[\"livsstil\",\"Natur\",\"Ski\",\"Sport\"],\"inLanguage\":\"nb-NO\",\"potentialAction\":[{\"@type\":\"CommentAction\",\"name\":\"Comment\",\"target\":[\"https:\/\/www.terjeaamodt.com\/blog\/2012\/10\/28\/skitur-pa-jamtetind-skifoto-skibilder\/#respond\"]}]},{\"@type\":\"WebPage\",\"@id\":\"https:\/\/www.terjeaamodt.com\/blog\/2012\/10\/28\/skitur-pa-jamtetind-skifoto-skibilder\/\",\"url\":\"https:\/\/www.terjeaamodt.com\/blog\/2012\/10\/28\/skitur-pa-jamtetind-skifoto-skibilder\/\",\"name\":\"Skitur p\u00e5 Jamtetind | Skifoto | Skibilder | Terje Aamodt Photography blog\",\"isPartOf\":{\"@id\":\"https:\/\/www.terjeaamodt.com\/blog\/#website\"},\"primaryImageOfPage\":{\"@id\":\"https:\/\/www.terjeaamodt.com\/blog\/2012\/10\/28\/skitur-pa-jamtetind-skifoto-skibilder\/#primaryimage\"},\"image\":{\"@id\":\"https:\/\/www.terjeaamodt.com\/blog\/2012\/10\/28\/skitur-pa-jamtetind-skifoto-skibilder\/#primaryimage\"},\"thumbnailUrl\":\"http:\/\/www.terjeaamodt.com\/blog\/wp-content\/uploads\/2012\/10\/20121028_skifoto_jamtetind_0001.jpg\",\"datePublished\":\"2012-10-28T17:14:44+00:00\",\"dateModified\":\"2012-10-28T17:15:04+00:00\",\"author\":{\"@id\":\"https:\/\/www.terjeaamodt.com\/blog\/#\/schema\/person\/421fe074073d41cf4e17a2aaa426f5bd\"},\"breadcrumb\":{\"@id\":\"https:\/\/www.terjeaamodt.com\/blog\/2012\/10\/28\/skitur-pa-jamtetind-skifoto-skibilder\/#breadcrumb\"},\"inLanguage\":\"nb-NO\",\"potentialAction\":[{\"@type\":\"ReadAction\",\"target\":[\"https:\/\/www.terjeaamodt.com\/blog\/2012\/10\/28\/skitur-pa-jamtetind-skifoto-skibilder\/\"]}]},{\"@type\":\"ImageObject\",\"inLanguage\":\"nb-NO\",\"@id\":\"https:\/\/www.terjeaamodt.com\/blog\/2012\/10\/28\/skitur-pa-jamtetind-skifoto-skibilder\/#primaryimage\",\"url\":\"http:\/\/www.terjeaamodt.com\/blog\/wp-content\/uploads\/2012\/10\/20121028_skifoto_jamtetind_0001.jpg\",\"contentUrl\":\"http:\/\/www.terjeaamodt.com\/blog\/wp-content\/uploads\/2012\/10\/20121028_skifoto_jamtetind_0001.jpg\"},{\"@type\":\"BreadcrumbList\",\"@id\":\"https:\/\/www.terjeaamodt.com\/blog\/2012\/10\/28\/skitur-pa-jamtetind-skifoto-skibilder\/#breadcrumb\",\"itemListElement\":[{\"@type\":\"ListItem\",\"position\":1,\"name\":\"Home\",\"item\":\"https:\/\/www.terjeaamodt.com\/blog\/\"},{\"@type\":\"ListItem\",\"position\":2,\"name\":\"Skitur p\u00e5 Jamtetind | Skifoto | Skibilder\"}]},{\"@type\":\"WebSite\",\"@id\":\"https:\/\/www.terjeaamodt.com\/blog\/#website\",\"url\":\"https:\/\/www.terjeaamodt.com\/blog\/\",\"name\":\"Terje Aamodt Photography blog\",\"description\":\"\",\"potentialAction\":[{\"@type\":\"SearchAction\",\"target\":{\"@type\":\"EntryPoint\",\"urlTemplate\":\"https:\/\/www.terjeaamodt.com\/blog\/?s={search_term_string}\"},\"query-input\":{\"@type\":\"PropertyValueSpecification\",\"valueRequired\":true,\"valueName\":\"search_term_string\"}}],\"inLanguage\":\"nb-NO\"},{\"@type\":\"Person\",\"@id\":\"https:\/\/www.terjeaamodt.com\/blog\/#\/schema\/person\/421fe074073d41cf4e17a2aaa426f5bd\",\"name\":\"Terje Aamodt\",\"image\":{\"@type\":\"ImageObject\",\"inLanguage\":\"nb-NO\",\"@id\":\"https:\/\/www.terjeaamodt.com\/blog\/#\/schema\/person\/image\/\",\"url\":\"https:\/\/secure.gravatar.com\/avatar\/42c15fcafccc8dea0466e1f48bbabee5d657af333b66d515f227538e430e6f37?s=96&d=mm&r=g\",\"contentUrl\":\"https:\/\/secure.gravatar.com\/avatar\/42c15fcafccc8dea0466e1f48bbabee5d657af333b66d515f227538e430e6f37?s=96&d=mm&r=g\",\"caption\":\"Terje Aamodt\"},\"description\":\"Terje Aamodt, fotograf og klattrer\",\"sameAs\":[\"http:\/\/www.terjeaamodt.com\"],\"url\":\"https:\/\/www.terjeaamodt.com\/blog\/author\/admin\/\"}]}<\/script>\n<!-- \/ Yoast SEO plugin. -->","yoast_head_json":{"title":"Skitur p\u00e5 Jamtetind | Skifoto | Skibilder | Terje Aamodt Photography blog","robots":{"index":"index","follow":"follow","max-snippet":"max-snippet:-1","max-image-preview":"max-image-preview:large","max-video-preview":"max-video-preview:-1"},"canonical":"https:\/\/www.terjeaamodt.com\/blog\/2012\/10\/28\/skitur-pa-jamtetind-skifoto-skibilder\/","og_locale":"nb_NO","og_type":"article","og_title":"Skitur p\u00e5 Jamtetind | Skifoto | Skibilder | Terje Aamodt Photography blog","og_description":"At vi bor i ett land med store kontraster kan det ikke v\u00e6re mye tvil om. For litt under en uke siden var jeg og Magnus p\u00e5 topptur med sykkel og i dag hadde jeg sesongens f\u00f8rste skitur sammen med Maria, Martin og Bj\u00f8rn Magne. Turen gikk til Jamtetind i Eresfjorden og b\u00e5de v\u00e6r og [&hellip;]","og_url":"https:\/\/www.terjeaamodt.com\/blog\/2012\/10\/28\/skitur-pa-jamtetind-skifoto-skibilder\/","og_site_name":"Terje Aamodt Photography blog","article_publisher":"https:\/\/www.facebook.com\/Terje-Aamodt-Photography-161544107229708\/?ref=hl","article_published_time":"2012-10-28T17:14:44+00:00","article_modified_time":"2012-10-28T17:15:04+00:00","og_image":[{"url":"http:\/\/www.terjeaamodt.com\/blog\/wp-content\/uploads\/2012\/10\/20121028_skifoto_jamtetind_0001.jpg","type":"","width":"","height":""}],"author":"Terje Aamodt","twitter_card":"summary_large_image","twitter_creator":"@aamodtfoto","twitter_site":"@aamodtfoto","twitter_misc":{"Skrevet av":"Terje Aamodt","Ansl. lesetid":"1 minutt"},"schema":{"@context":"https:\/\/schema.org","@graph":[{"@type":"Article","@id":"https:\/\/www.terjeaamodt.com\/blog\/2012\/10\/28\/skitur-pa-jamtetind-skifoto-skibilder\/#article","isPartOf":{"@id":"https:\/\/www.terjeaamodt.com\/blog\/2012\/10\/28\/skitur-pa-jamtetind-skifoto-skibilder\/"},"author":{"name":"Terje Aamodt","@id":"https:\/\/www.terjeaamodt.com\/blog\/#\/schema\/person\/421fe074073d41cf4e17a2aaa426f5bd"},"headline":"Skitur p\u00e5 Jamtetind | Skifoto | Skibilder","datePublished":"2012-10-28T17:14:44+00:00","dateModified":"2012-10-28T17:15:04+00:00","mainEntityOfPage":{"@id":"https:\/\/www.terjeaamodt.com\/blog\/2012\/10\/28\/skitur-pa-jamtetind-skifoto-skibilder\/"},"wordCount":113,"commentCount":2,"image":{"@id":"https:\/\/www.terjeaamodt.com\/blog\/2012\/10\/28\/skitur-pa-jamtetind-skifoto-skibilder\/#primaryimage"},"thumbnailUrl":"http:\/\/www.terjeaamodt.com\/blog\/wp-content\/uploads\/2012\/10\/20121028_skifoto_jamtetind_0001.jpg","keywords":["Eresfjorden","Jamtetind","Ski","Skibilder","Skifoto","Skifotograf"],"articleSection":["livsstil","Natur","Ski","Sport"],"inLanguage":"nb-NO","potentialAction":[{"@type":"CommentAction","name":"Comment","target":["https:\/\/www.terjeaamodt.com\/blog\/2012\/10\/28\/skitur-pa-jamtetind-skifoto-skibilder\/#respond"]}]},{"@type":"WebPage","@id":"https:\/\/www.terjeaamodt.com\/blog\/2012\/10\/28\/skitur-pa-jamtetind-skifoto-skibilder\/","url":"https:\/\/www.terjeaamodt.com\/blog\/2012\/10\/28\/skitur-pa-jamtetind-skifoto-skibilder\/","name":"Skitur p\u00e5 Jamtetind | Skifoto | Skibilder | Terje Aamodt Photography blog","isPartOf":{"@id":"https:\/\/www.terjeaamodt.com\/blog\/#website"},"primaryImageOfPage":{"@id":"https:\/\/www.terjeaamodt.com\/blog\/2012\/10\/28\/skitur-pa-jamtetind-skifoto-skibilder\/#primaryimage"},"image":{"@id":"https:\/\/www.terjeaamodt.com\/blog\/2012\/10\/28\/skitur-pa-jamtetind-skifoto-skibilder\/#primaryimage"},"thumbnailUrl":"http:\/\/www.terjeaamodt.com\/blog\/wp-content\/uploads\/2012\/10\/20121028_skifoto_jamtetind_0001.jpg","datePublished":"2012-10-28T17:14:44+00:00","dateModified":"2012-10-28T17:15:04+00:00","author":{"@id":"https:\/\/www.terjeaamodt.com\/blog\/#\/schema\/person\/421fe074073d41cf4e17a2aaa426f5bd"},"breadcrumb":{"@id":"https:\/\/www.terjeaamodt.com\/blog\/2012\/10\/28\/skitur-pa-jamtetind-skifoto-skibilder\/#breadcrumb"},"inLanguage":"nb-NO","potentialAction":[{"@type":"ReadAction","target":["https:\/\/www.terjeaamodt.com\/blog\/2012\/10\/28\/skitur-pa-jamtetind-skifoto-skibilder\/"]}]},{"@type":"ImageObject","inLanguage":"nb-NO","@id":"https:\/\/www.terjeaamodt.com\/blog\/2012\/10\/28\/skitur-pa-jamtetind-skifoto-skibilder\/#primaryimage","url":"http:\/\/www.terjeaamodt.com\/blog\/wp-content\/uploads\/2012\/10\/20121028_skifoto_jamtetind_0001.jpg","contentUrl":"http:\/\/www.terjeaamodt.com\/blog\/wp-content\/uploads\/2012\/10\/20121028_skifoto_jamtetind_0001.jpg"},{"@type":"BreadcrumbList","@id":"https:\/\/www.terjeaamodt.com\/blog\/2012\/10\/28\/skitur-pa-jamtetind-skifoto-skibilder\/#breadcrumb","itemListElement":[{"@type":"ListItem","position":1,"name":"Home","item":"https:\/\/www.terjeaamodt.com\/blog\/"},{"@type":"ListItem","position":2,"name":"Skitur p\u00e5 Jamtetind | Skifoto | Skibilder"}]},{"@type":"WebSite","@id":"https:\/\/www.terjeaamodt.com\/blog\/#website","url":"https:\/\/www.terjeaamodt.com\/blog\/","name":"Terje Aamodt Photography blog","description":"","potentialAction":[{"@type":"SearchAction","target":{"@type":"EntryPoint","urlTemplate":"https:\/\/www.terjeaamodt.com\/blog\/?s={search_term_string}"},"query-input":{"@type":"PropertyValueSpecification","valueRequired":true,"valueName":"search_term_string"}}],"inLanguage":"nb-NO"},{"@type":"Person","@id":"https:\/\/www.terjeaamodt.com\/blog\/#\/schema\/person\/421fe074073d41cf4e17a2aaa426f5bd","name":"Terje Aamodt","image":{"@type":"ImageObject","inLanguage":"nb-NO","@id":"https:\/\/www.terjeaamodt.com\/blog\/#\/schema\/person\/image\/","url":"https:\/\/secure.gravatar.com\/avatar\/42c15fcafccc8dea0466e1f48bbabee5d657af333b66d515f227538e430e6f37?s=96&d=mm&r=g","contentUrl":"https:\/\/secure.gravatar.com\/avatar\/42c15fcafccc8dea0466e1f48bbabee5d657af333b66d515f227538e430e6f37?s=96&d=mm&r=g","caption":"Terje Aamodt"},"description":"Terje Aamodt, fotograf og klattrer","sameAs":["http:\/\/www.terjeaamodt.com"],"url":"https:\/\/www.terjeaamodt.com\/blog\/author\/admin\/"}]}},"_links":{"self":[{"href":"https:\/\/www.terjeaamodt.com\/blog\/wp-json\/wp\/v2\/posts\/4184","targetHints":{"allow":["GET"]}}],"collection":[{"href":"https:\/\/www.terjeaamodt.com\/blog\/wp-json\/wp\/v2\/posts"}],"about":[{"href":"https:\/\/www.terjeaamodt.com\/blog\/wp-json\/wp\/v2\/types\/post"}],"author":[{"embeddable":true,"href":"https:\/\/www.terjeaamodt.com\/blog\/wp-json\/wp\/v2\/users\/1"}],"replies":[{"embeddable":true,"href":"https:\/\/www.terjeaamodt.com\/blog\/wp-json\/wp\/v2\/comments?post=4184"}],"version-history":[{"count":1,"href":"https:\/\/www.terjeaamodt.com\/blog\/wp-json\/wp\/v2\/posts\/4184\/revisions"}],"predecessor-version":[{"id":4185,"href":"https:\/\/www.terjeaamodt.com\/blog\/wp-json\/wp\/v2\/posts\/4184\/revisions\/4185"}],"wp:attachment":[{"href":"https:\/\/www.terjeaamodt.com\/blog\/wp-json\/wp\/v2\/media?parent=4184"}],"wp:term":[{"taxonomy":"category","embeddable":true,"href":"https:\/\/www.terjeaamodt.com\/blog\/wp-json\/wp\/v2\/categories?post=4184"},{"taxonomy":"post_tag","embeddable":true,"href":"https:\/\/www.terjeaamodt.com\/blog\/wp-json\/wp\/v2\/tags?post=4184"}],"curies":[{"name":"wp","href":"https:\/\/api.w.org\/{rel}","templated":true}]}}