{"id":4300,"date":"2012-11-24T16:02:29","date_gmt":"2012-11-24T21:02:29","guid":{"rendered":"http:\/\/www.terjeaamodt.com\/blog\/?p=4300"},"modified":"2012-11-24T16:02:51","modified_gmt":"2012-11-24T21:02:51","slug":"stisykling-pa-farstad-host-og-vintersykling","status":"publish","type":"post","link":"https:\/\/www.terjeaamodt.com\/blog\/2012\/11\/24\/stisykling-pa-farstad-host-og-vintersykling\/","title":{"rendered":"Stisykling p\u00e5 Farstad | H\u00f8st og vintersykling"},"content":{"rendered":"<p>Nydelige sykkelforhold p\u00e5 Sjurvarden i dag. Litt kald vind, men ellers lite som minte om at det snart er vinter.<\/p>\n<p><img decoding=\"async\" src=\"http:\/\/www.terjeaamodt.com\/blog\/wp-content\/uploads\/2012\/11\/sykkelbilder_sjurvarden_0001.jpg\" width=\"960\" height=\"642\" alt=\"sykkelbilder_sjurvarden_0001.JPG\" \/><\/p>\n<p><img decoding=\"async\" src=\"http:\/\/www.terjeaamodt.com\/blog\/wp-content\/uploads\/2012\/11\/sykkelbilder_sjurvarden_0002.jpg\" width=\"960\" height=\"642\" alt=\"sykkelbilder_sjurvarden_0002.JPG\" \/><\/p>\n<p>Thomas Horgen, P\u00e5l Nakken og Trond Brudeseth p\u00e5 vei opp. I bakgrunnen kan du skimte Atlanterhavsveien.<\/p>\n<p><img decoding=\"async\" src=\"http:\/\/www.terjeaamodt.com\/blog\/wp-content\/uploads\/2012\/11\/sykkelbilder_sjurvarden_0003.jpg\" width=\"960\" height=\"642\" alt=\"sykkelbilder_sjurvarden_0003.JPG\" \/><\/p>\n<p>Melen sett fra Sjurvarden<\/p>\n<p><img decoding=\"async\" src=\"http:\/\/www.terjeaamodt.com\/blog\/wp-content\/uploads\/2012\/11\/sykkelbilder_sjurvarden_0004.jpg\" width=\"960\" height=\"642\" alt=\"sykkelbilder_sjurvarden_0004.JPG\" \/><\/p>\n<p><img decoding=\"async\" src=\"http:\/\/www.terjeaamodt.com\/blog\/wp-content\/uploads\/2012\/11\/sykkelbilder_sjurvarden_0005.jpg\" width=\"960\" height=\"642\" alt=\"sykkelbilder_sjurvarden_0005.JPG\" \/><\/p>\n","protected":false},"excerpt":{"rendered":"<p>Nydelige sykkelforhold p\u00e5 Sjurvarden i dag. Litt kald vind, men ellers lite som minte om at det snart er vinter. Thomas Horgen, P\u00e5l Nakken og Trond Brudeseth p\u00e5 vei opp. I bakgrunnen kan du skimte Atlanterhavsveien. Melen sett fra Sjurvarden<\/p>\n","protected":false},"author":1,"featured_media":0,"comment_status":"open","ping_status":"closed","sticky":false,"template":"","format":"standard","meta":{"footnotes":""},"categories":[10,9,39,265],"tags":[452,383,424,269,450,451],"class_list":["post-4300","post","type-post","status-publish","format-standard","hentry","category-livsstil","category-natur","category-sport","category-sykkel","tag-hostsylikng","tag-sjurvarden","tag-sykkel-foto","tag-sykkelbilder","tag-sykling-farstad","tag-vintersykling"],"yoast_head":"<!-- This site is optimized with the Yoast SEO plugin v27.1.1 - https:\/\/yoast.com\/product\/yoast-seo-wordpress\/ -->\n<title>Stisykling p\u00e5 Farstad | H\u00f8st og vintersykling | Terje Aamodt Photography blog<\/title>\n<meta name=\"robots\" content=\"index, follow, max-snippet:-1, max-image-preview:large, max-video-preview:-1\" \/>\n<link rel=\"canonical\" href=\"https:\/\/www.terjeaamodt.com\/blog\/2012\/11\/24\/stisykling-pa-farstad-host-og-vintersykling\/\" \/>\n<meta property=\"og:locale\" content=\"nb_NO\" \/>\n<meta property=\"og:type\" content=\"article\" \/>\n<meta property=\"og:title\" content=\"Stisykling p\u00e5 Farstad | H\u00f8st og vintersykling | Terje Aamodt Photography blog\" \/>\n<meta property=\"og:description\" content=\"Nydelige sykkelforhold p\u00e5 Sjurvarden i dag. Litt kald vind, men ellers lite som minte om at det snart er vinter. Thomas Horgen, P\u00e5l Nakken og Trond Brudeseth p\u00e5 vei opp. I bakgrunnen kan du skimte Atlanterhavsveien. Melen sett fra Sjurvarden\" \/>\n<meta property=\"og:url\" content=\"https:\/\/www.terjeaamodt.com\/blog\/2012\/11\/24\/stisykling-pa-farstad-host-og-vintersykling\/\" \/>\n<meta property=\"og:site_name\" content=\"Terje Aamodt Photography blog\" \/>\n<meta property=\"article:publisher\" content=\"https:\/\/www.facebook.com\/Terje-Aamodt-Photography-161544107229708\/?ref=hl\" \/>\n<meta property=\"article:published_time\" content=\"2012-11-24T21:02:29+00:00\" \/>\n<meta property=\"article:modified_time\" content=\"2012-11-24T21:02:51+00:00\" \/>\n<meta property=\"og:image\" content=\"http:\/\/www.terjeaamodt.com\/blog\/wp-content\/uploads\/2012\/11\/sykkelbilder_sjurvarden_0001.jpg\" \/>\n<meta name=\"author\" content=\"Terje Aamodt\" \/>\n<meta name=\"twitter:card\" content=\"summary_large_image\" \/>\n<meta name=\"twitter:creator\" content=\"@aamodtfoto\" \/>\n<meta name=\"twitter:site\" content=\"@aamodtfoto\" \/>\n<meta name=\"twitter:label1\" content=\"Skrevet av\" \/>\n\t<meta name=\"twitter:data1\" content=\"Terje Aamodt\" \/>\n<script type=\"application\/ld+json\" class=\"yoast-schema-graph\">{\"@context\":\"https:\/\/schema.org\",\"@graph\":[{\"@type\":\"Article\",\"@id\":\"https:\/\/www.terjeaamodt.com\/blog\/2012\/11\/24\/stisykling-pa-farstad-host-og-vintersykling\/#article\",\"isPartOf\":{\"@id\":\"https:\/\/www.terjeaamodt.com\/blog\/2012\/11\/24\/stisykling-pa-farstad-host-og-vintersykling\/\"},\"author\":{\"name\":\"Terje Aamodt\",\"@id\":\"https:\/\/www.terjeaamodt.com\/blog\/#\/schema\/person\/421fe074073d41cf4e17a2aaa426f5bd\"},\"headline\":\"Stisykling p\u00e5 Farstad | H\u00f8st og vintersykling\",\"datePublished\":\"2012-11-24T21:02:29+00:00\",\"dateModified\":\"2012-11-24T21:02:51+00:00\",\"mainEntityOfPage\":{\"@id\":\"https:\/\/www.terjeaamodt.com\/blog\/2012\/11\/24\/stisykling-pa-farstad-host-og-vintersykling\/\"},\"wordCount\":48,\"commentCount\":0,\"image\":{\"@id\":\"https:\/\/www.terjeaamodt.com\/blog\/2012\/11\/24\/stisykling-pa-farstad-host-og-vintersykling\/#primaryimage\"},\"thumbnailUrl\":\"http:\/\/www.terjeaamodt.com\/blog\/wp-content\/uploads\/2012\/11\/sykkelbilder_sjurvarden_0001.jpg\",\"keywords\":[\"H\u00f8stsylikng\",\"Sjurvarden\",\"sykkel foto\",\"sykkelbilder\",\"sykling Farstad\",\"vintersykling\"],\"articleSection\":[\"livsstil\",\"Natur\",\"Sport\",\"Sykkel\"],\"inLanguage\":\"nb-NO\",\"potentialAction\":[{\"@type\":\"CommentAction\",\"name\":\"Comment\",\"target\":[\"https:\/\/www.terjeaamodt.com\/blog\/2012\/11\/24\/stisykling-pa-farstad-host-og-vintersykling\/#respond\"]}]},{\"@type\":\"WebPage\",\"@id\":\"https:\/\/www.terjeaamodt.com\/blog\/2012\/11\/24\/stisykling-pa-farstad-host-og-vintersykling\/\",\"url\":\"https:\/\/www.terjeaamodt.com\/blog\/2012\/11\/24\/stisykling-pa-farstad-host-og-vintersykling\/\",\"name\":\"Stisykling p\u00e5 Farstad | H\u00f8st og vintersykling | Terje Aamodt Photography blog\",\"isPartOf\":{\"@id\":\"https:\/\/www.terjeaamodt.com\/blog\/#website\"},\"primaryImageOfPage\":{\"@id\":\"https:\/\/www.terjeaamodt.com\/blog\/2012\/11\/24\/stisykling-pa-farstad-host-og-vintersykling\/#primaryimage\"},\"image\":{\"@id\":\"https:\/\/www.terjeaamodt.com\/blog\/2012\/11\/24\/stisykling-pa-farstad-host-og-vintersykling\/#primaryimage\"},\"thumbnailUrl\":\"http:\/\/www.terjeaamodt.com\/blog\/wp-content\/uploads\/2012\/11\/sykkelbilder_sjurvarden_0001.jpg\",\"datePublished\":\"2012-11-24T21:02:29+00:00\",\"dateModified\":\"2012-11-24T21:02:51+00:00\",\"author\":{\"@id\":\"https:\/\/www.terjeaamodt.com\/blog\/#\/schema\/person\/421fe074073d41cf4e17a2aaa426f5bd\"},\"breadcrumb\":{\"@id\":\"https:\/\/www.terjeaamodt.com\/blog\/2012\/11\/24\/stisykling-pa-farstad-host-og-vintersykling\/#breadcrumb\"},\"inLanguage\":\"nb-NO\",\"potentialAction\":[{\"@type\":\"ReadAction\",\"target\":[\"https:\/\/www.terjeaamodt.com\/blog\/2012\/11\/24\/stisykling-pa-farstad-host-og-vintersykling\/\"]}]},{\"@type\":\"ImageObject\",\"inLanguage\":\"nb-NO\",\"@id\":\"https:\/\/www.terjeaamodt.com\/blog\/2012\/11\/24\/stisykling-pa-farstad-host-og-vintersykling\/#primaryimage\",\"url\":\"http:\/\/www.terjeaamodt.com\/blog\/wp-content\/uploads\/2012\/11\/sykkelbilder_sjurvarden_0001.jpg\",\"contentUrl\":\"http:\/\/www.terjeaamodt.com\/blog\/wp-content\/uploads\/2012\/11\/sykkelbilder_sjurvarden_0001.jpg\"},{\"@type\":\"BreadcrumbList\",\"@id\":\"https:\/\/www.terjeaamodt.com\/blog\/2012\/11\/24\/stisykling-pa-farstad-host-og-vintersykling\/#breadcrumb\",\"itemListElement\":[{\"@type\":\"ListItem\",\"position\":1,\"name\":\"Home\",\"item\":\"https:\/\/www.terjeaamodt.com\/blog\/\"},{\"@type\":\"ListItem\",\"position\":2,\"name\":\"Stisykling p\u00e5 Farstad | H\u00f8st og vintersykling\"}]},{\"@type\":\"WebSite\",\"@id\":\"https:\/\/www.terjeaamodt.com\/blog\/#website\",\"url\":\"https:\/\/www.terjeaamodt.com\/blog\/\",\"name\":\"Terje Aamodt Photography blog\",\"description\":\"\",\"potentialAction\":[{\"@type\":\"SearchAction\",\"target\":{\"@type\":\"EntryPoint\",\"urlTemplate\":\"https:\/\/www.terjeaamodt.com\/blog\/?s={search_term_string}\"},\"query-input\":{\"@type\":\"PropertyValueSpecification\",\"valueRequired\":true,\"valueName\":\"search_term_string\"}}],\"inLanguage\":\"nb-NO\"},{\"@type\":\"Person\",\"@id\":\"https:\/\/www.terjeaamodt.com\/blog\/#\/schema\/person\/421fe074073d41cf4e17a2aaa426f5bd\",\"name\":\"Terje Aamodt\",\"image\":{\"@type\":\"ImageObject\",\"inLanguage\":\"nb-NO\",\"@id\":\"https:\/\/www.terjeaamodt.com\/blog\/#\/schema\/person\/image\/\",\"url\":\"https:\/\/secure.gravatar.com\/avatar\/42c15fcafccc8dea0466e1f48bbabee5d657af333b66d515f227538e430e6f37?s=96&d=mm&r=g\",\"contentUrl\":\"https:\/\/secure.gravatar.com\/avatar\/42c15fcafccc8dea0466e1f48bbabee5d657af333b66d515f227538e430e6f37?s=96&d=mm&r=g\",\"caption\":\"Terje Aamodt\"},\"description\":\"Terje Aamodt, fotograf og klattrer\",\"sameAs\":[\"http:\/\/www.terjeaamodt.com\"],\"url\":\"https:\/\/www.terjeaamodt.com\/blog\/author\/admin\/\"}]}<\/script>\n<!-- \/ Yoast SEO plugin. -->","yoast_head_json":{"title":"Stisykling p\u00e5 Farstad | H\u00f8st og vintersykling | Terje Aamodt Photography blog","robots":{"index":"index","follow":"follow","max-snippet":"max-snippet:-1","max-image-preview":"max-image-preview:large","max-video-preview":"max-video-preview:-1"},"canonical":"https:\/\/www.terjeaamodt.com\/blog\/2012\/11\/24\/stisykling-pa-farstad-host-og-vintersykling\/","og_locale":"nb_NO","og_type":"article","og_title":"Stisykling p\u00e5 Farstad | H\u00f8st og vintersykling | Terje Aamodt Photography blog","og_description":"Nydelige sykkelforhold p\u00e5 Sjurvarden i dag. Litt kald vind, men ellers lite som minte om at det snart er vinter. Thomas Horgen, P\u00e5l Nakken og Trond Brudeseth p\u00e5 vei opp. I bakgrunnen kan du skimte Atlanterhavsveien. Melen sett fra Sjurvarden","og_url":"https:\/\/www.terjeaamodt.com\/blog\/2012\/11\/24\/stisykling-pa-farstad-host-og-vintersykling\/","og_site_name":"Terje Aamodt Photography blog","article_publisher":"https:\/\/www.facebook.com\/Terje-Aamodt-Photography-161544107229708\/?ref=hl","article_published_time":"2012-11-24T21:02:29+00:00","article_modified_time":"2012-11-24T21:02:51+00:00","og_image":[{"url":"http:\/\/www.terjeaamodt.com\/blog\/wp-content\/uploads\/2012\/11\/sykkelbilder_sjurvarden_0001.jpg","type":"","width":"","height":""}],"author":"Terje Aamodt","twitter_card":"summary_large_image","twitter_creator":"@aamodtfoto","twitter_site":"@aamodtfoto","twitter_misc":{"Skrevet av":"Terje Aamodt"},"schema":{"@context":"https:\/\/schema.org","@graph":[{"@type":"Article","@id":"https:\/\/www.terjeaamodt.com\/blog\/2012\/11\/24\/stisykling-pa-farstad-host-og-vintersykling\/#article","isPartOf":{"@id":"https:\/\/www.terjeaamodt.com\/blog\/2012\/11\/24\/stisykling-pa-farstad-host-og-vintersykling\/"},"author":{"name":"Terje Aamodt","@id":"https:\/\/www.terjeaamodt.com\/blog\/#\/schema\/person\/421fe074073d41cf4e17a2aaa426f5bd"},"headline":"Stisykling p\u00e5 Farstad | H\u00f8st og vintersykling","datePublished":"2012-11-24T21:02:29+00:00","dateModified":"2012-11-24T21:02:51+00:00","mainEntityOfPage":{"@id":"https:\/\/www.terjeaamodt.com\/blog\/2012\/11\/24\/stisykling-pa-farstad-host-og-vintersykling\/"},"wordCount":48,"commentCount":0,"image":{"@id":"https:\/\/www.terjeaamodt.com\/blog\/2012\/11\/24\/stisykling-pa-farstad-host-og-vintersykling\/#primaryimage"},"thumbnailUrl":"http:\/\/www.terjeaamodt.com\/blog\/wp-content\/uploads\/2012\/11\/sykkelbilder_sjurvarden_0001.jpg","keywords":["H\u00f8stsylikng","Sjurvarden","sykkel foto","sykkelbilder","sykling Farstad","vintersykling"],"articleSection":["livsstil","Natur","Sport","Sykkel"],"inLanguage":"nb-NO","potentialAction":[{"@type":"CommentAction","name":"Comment","target":["https:\/\/www.terjeaamodt.com\/blog\/2012\/11\/24\/stisykling-pa-farstad-host-og-vintersykling\/#respond"]}]},{"@type":"WebPage","@id":"https:\/\/www.terjeaamodt.com\/blog\/2012\/11\/24\/stisykling-pa-farstad-host-og-vintersykling\/","url":"https:\/\/www.terjeaamodt.com\/blog\/2012\/11\/24\/stisykling-pa-farstad-host-og-vintersykling\/","name":"Stisykling p\u00e5 Farstad | H\u00f8st og vintersykling | Terje Aamodt Photography blog","isPartOf":{"@id":"https:\/\/www.terjeaamodt.com\/blog\/#website"},"primaryImageOfPage":{"@id":"https:\/\/www.terjeaamodt.com\/blog\/2012\/11\/24\/stisykling-pa-farstad-host-og-vintersykling\/#primaryimage"},"image":{"@id":"https:\/\/www.terjeaamodt.com\/blog\/2012\/11\/24\/stisykling-pa-farstad-host-og-vintersykling\/#primaryimage"},"thumbnailUrl":"http:\/\/www.terjeaamodt.com\/blog\/wp-content\/uploads\/2012\/11\/sykkelbilder_sjurvarden_0001.jpg","datePublished":"2012-11-24T21:02:29+00:00","dateModified":"2012-11-24T21:02:51+00:00","author":{"@id":"https:\/\/www.terjeaamodt.com\/blog\/#\/schema\/person\/421fe074073d41cf4e17a2aaa426f5bd"},"breadcrumb":{"@id":"https:\/\/www.terjeaamodt.com\/blog\/2012\/11\/24\/stisykling-pa-farstad-host-og-vintersykling\/#breadcrumb"},"inLanguage":"nb-NO","potentialAction":[{"@type":"ReadAction","target":["https:\/\/www.terjeaamodt.com\/blog\/2012\/11\/24\/stisykling-pa-farstad-host-og-vintersykling\/"]}]},{"@type":"ImageObject","inLanguage":"nb-NO","@id":"https:\/\/www.terjeaamodt.com\/blog\/2012\/11\/24\/stisykling-pa-farstad-host-og-vintersykling\/#primaryimage","url":"http:\/\/www.terjeaamodt.com\/blog\/wp-content\/uploads\/2012\/11\/sykkelbilder_sjurvarden_0001.jpg","contentUrl":"http:\/\/www.terjeaamodt.com\/blog\/wp-content\/uploads\/2012\/11\/sykkelbilder_sjurvarden_0001.jpg"},{"@type":"BreadcrumbList","@id":"https:\/\/www.terjeaamodt.com\/blog\/2012\/11\/24\/stisykling-pa-farstad-host-og-vintersykling\/#breadcrumb","itemListElement":[{"@type":"ListItem","position":1,"name":"Home","item":"https:\/\/www.terjeaamodt.com\/blog\/"},{"@type":"ListItem","position":2,"name":"Stisykling p\u00e5 Farstad | H\u00f8st og vintersykling"}]},{"@type":"WebSite","@id":"https:\/\/www.terjeaamodt.com\/blog\/#website","url":"https:\/\/www.terjeaamodt.com\/blog\/","name":"Terje Aamodt Photography blog","description":"","potentialAction":[{"@type":"SearchAction","target":{"@type":"EntryPoint","urlTemplate":"https:\/\/www.terjeaamodt.com\/blog\/?s={search_term_string}"},"query-input":{"@type":"PropertyValueSpecification","valueRequired":true,"valueName":"search_term_string"}}],"inLanguage":"nb-NO"},{"@type":"Person","@id":"https:\/\/www.terjeaamodt.com\/blog\/#\/schema\/person\/421fe074073d41cf4e17a2aaa426f5bd","name":"Terje Aamodt","image":{"@type":"ImageObject","inLanguage":"nb-NO","@id":"https:\/\/www.terjeaamodt.com\/blog\/#\/schema\/person\/image\/","url":"https:\/\/secure.gravatar.com\/avatar\/42c15fcafccc8dea0466e1f48bbabee5d657af333b66d515f227538e430e6f37?s=96&d=mm&r=g","contentUrl":"https:\/\/secure.gravatar.com\/avatar\/42c15fcafccc8dea0466e1f48bbabee5d657af333b66d515f227538e430e6f37?s=96&d=mm&r=g","caption":"Terje Aamodt"},"description":"Terje Aamodt, fotograf og klattrer","sameAs":["http:\/\/www.terjeaamodt.com"],"url":"https:\/\/www.terjeaamodt.com\/blog\/author\/admin\/"}]}},"_links":{"self":[{"href":"https:\/\/www.terjeaamodt.com\/blog\/wp-json\/wp\/v2\/posts\/4300","targetHints":{"allow":["GET"]}}],"collection":[{"href":"https:\/\/www.terjeaamodt.com\/blog\/wp-json\/wp\/v2\/posts"}],"about":[{"href":"https:\/\/www.terjeaamodt.com\/blog\/wp-json\/wp\/v2\/types\/post"}],"author":[{"embeddable":true,"href":"https:\/\/www.terjeaamodt.com\/blog\/wp-json\/wp\/v2\/users\/1"}],"replies":[{"embeddable":true,"href":"https:\/\/www.terjeaamodt.com\/blog\/wp-json\/wp\/v2\/comments?post=4300"}],"version-history":[{"count":1,"href":"https:\/\/www.terjeaamodt.com\/blog\/wp-json\/wp\/v2\/posts\/4300\/revisions"}],"predecessor-version":[{"id":4301,"href":"https:\/\/www.terjeaamodt.com\/blog\/wp-json\/wp\/v2\/posts\/4300\/revisions\/4301"}],"wp:attachment":[{"href":"https:\/\/www.terjeaamodt.com\/blog\/wp-json\/wp\/v2\/media?parent=4300"}],"wp:term":[{"taxonomy":"category","embeddable":true,"href":"https:\/\/www.terjeaamodt.com\/blog\/wp-json\/wp\/v2\/categories?post=4300"},{"taxonomy":"post_tag","embeddable":true,"href":"https:\/\/www.terjeaamodt.com\/blog\/wp-json\/wp\/v2\/tags?post=4300"}],"curies":[{"name":"wp","href":"https:\/\/api.w.org\/{rel}","templated":true}]}}