{"id":4348,"date":"2012-12-21T06:07:14","date_gmt":"2012-12-21T11:07:14","guid":{"rendered":"http:\/\/www.terjeaamodt.com\/blog\/?p=4348"},"modified":"2012-12-21T06:15:29","modified_gmt":"2012-12-21T11:15:29","slug":"bilde-i-wideroes-flymagasin-perspektiv","status":"publish","type":"post","link":"https:\/\/www.terjeaamodt.com\/blog\/2012\/12\/21\/bilde-i-wideroes-flymagasin-perspektiv\/","title":{"rendered":"Bilde i Wideroes flymagasin Perspektiv."},"content":{"rendered":"<p>Kjekt \u00e5 f\u00e5 dobbeltside i Wideroes sitt flymagasin Perspektiv. Bilde er tatt p\u00e5 Bl\u00e5nebba i Romsdalen og skikj\u00f8rer er Tom Erik Heimen.<\/p>\n<p><img decoding=\"async\" src=\"http:\/\/www.terjeaamodt.com\/blog\/wp-content\/uploads\/2012\/12\/ski_blanebba_romsdalen.jpg\" width=\"960\" height=\"642\" alt=\"ski_blanebba_romsdalen.jpg\" \/><\/p>\n","protected":false},"excerpt":{"rendered":"<p>Kjekt \u00e5 f\u00e5 dobbeltside i Wideroes sitt flymagasin Perspektiv. Bilde er tatt p\u00e5 Bl\u00e5nebba i Romsdalen og skikj\u00f8rer er Tom Erik Heimen.<\/p>\n","protected":false},"author":1,"featured_media":0,"comment_status":"open","ping_status":"closed","sticky":false,"template":"","format":"standard","meta":{"footnotes":""},"categories":[1],"tags":[456,455,457,118,458,120,264,454],"class_list":["post-4348","post","type-post","status-publish","format-standard","hentry","category-uncategorized","tag-blanebba","tag-perspektiv","tag-skibilde","tag-skifoto","tag-skifoto-romsdalen","tag-skifotograf","tag-skifotograf-norge","tag-wideroe"],"yoast_head":"<!-- This site is optimized with the Yoast SEO plugin v27.1.1 - https:\/\/yoast.com\/product\/yoast-seo-wordpress\/ -->\n<title>Bilde i Wideroes flymagasin Perspektiv. | Terje Aamodt Photography blog<\/title>\n<meta name=\"robots\" content=\"index, follow, max-snippet:-1, max-image-preview:large, max-video-preview:-1\" \/>\n<link rel=\"canonical\" href=\"https:\/\/www.terjeaamodt.com\/blog\/2012\/12\/21\/bilde-i-wideroes-flymagasin-perspektiv\/\" \/>\n<meta property=\"og:locale\" content=\"nb_NO\" \/>\n<meta property=\"og:type\" content=\"article\" \/>\n<meta property=\"og:title\" content=\"Bilde i Wideroes flymagasin Perspektiv. | Terje Aamodt Photography blog\" \/>\n<meta property=\"og:description\" content=\"Kjekt \u00e5 f\u00e5 dobbeltside i Wideroes sitt flymagasin Perspektiv. Bilde er tatt p\u00e5 Bl\u00e5nebba i Romsdalen og skikj\u00f8rer er Tom Erik Heimen.\" \/>\n<meta property=\"og:url\" content=\"https:\/\/www.terjeaamodt.com\/blog\/2012\/12\/21\/bilde-i-wideroes-flymagasin-perspektiv\/\" \/>\n<meta property=\"og:site_name\" content=\"Terje Aamodt Photography blog\" \/>\n<meta property=\"article:publisher\" content=\"https:\/\/www.facebook.com\/Terje-Aamodt-Photography-161544107229708\/?ref=hl\" \/>\n<meta property=\"article:published_time\" content=\"2012-12-21T11:07:14+00:00\" \/>\n<meta property=\"article:modified_time\" content=\"2012-12-21T11:15:29+00:00\" \/>\n<meta property=\"og:image\" content=\"http:\/\/www.terjeaamodt.com\/blog\/wp-content\/uploads\/2012\/12\/ski_blanebba_romsdalen.jpg\" \/>\n<meta name=\"author\" content=\"Terje Aamodt\" \/>\n<meta name=\"twitter:card\" content=\"summary_large_image\" \/>\n<meta name=\"twitter:creator\" content=\"@aamodtfoto\" \/>\n<meta name=\"twitter:site\" content=\"@aamodtfoto\" \/>\n<meta name=\"twitter:label1\" content=\"Skrevet av\" \/>\n\t<meta name=\"twitter:data1\" content=\"Terje Aamodt\" \/>\n<script type=\"application\/ld+json\" class=\"yoast-schema-graph\">{\"@context\":\"https:\/\/schema.org\",\"@graph\":[{\"@type\":\"Article\",\"@id\":\"https:\/\/www.terjeaamodt.com\/blog\/2012\/12\/21\/bilde-i-wideroes-flymagasin-perspektiv\/#article\",\"isPartOf\":{\"@id\":\"https:\/\/www.terjeaamodt.com\/blog\/2012\/12\/21\/bilde-i-wideroes-flymagasin-perspektiv\/\"},\"author\":{\"name\":\"Terje Aamodt\",\"@id\":\"https:\/\/www.terjeaamodt.com\/blog\/#\/schema\/person\/421fe074073d41cf4e17a2aaa426f5bd\"},\"headline\":\"Bilde i Wideroes flymagasin Perspektiv.\",\"datePublished\":\"2012-12-21T11:07:14+00:00\",\"dateModified\":\"2012-12-21T11:15:29+00:00\",\"mainEntityOfPage\":{\"@id\":\"https:\/\/www.terjeaamodt.com\/blog\/2012\/12\/21\/bilde-i-wideroes-flymagasin-perspektiv\/\"},\"wordCount\":28,\"commentCount\":1,\"image\":{\"@id\":\"https:\/\/www.terjeaamodt.com\/blog\/2012\/12\/21\/bilde-i-wideroes-flymagasin-perspektiv\/#primaryimage\"},\"thumbnailUrl\":\"http:\/\/www.terjeaamodt.com\/blog\/wp-content\/uploads\/2012\/12\/ski_blanebba_romsdalen.jpg\",\"keywords\":[\"bl\u00e5nebba\",\"Perspektiv\",\"skibilde\",\"Skifoto\",\"skifoto romsdalen\",\"Skifotograf\",\"Skifotograf Norge\",\"Wideroe\"],\"articleSection\":[\"Uncategorized\"],\"inLanguage\":\"nb-NO\",\"potentialAction\":[{\"@type\":\"CommentAction\",\"name\":\"Comment\",\"target\":[\"https:\/\/www.terjeaamodt.com\/blog\/2012\/12\/21\/bilde-i-wideroes-flymagasin-perspektiv\/#respond\"]}]},{\"@type\":\"WebPage\",\"@id\":\"https:\/\/www.terjeaamodt.com\/blog\/2012\/12\/21\/bilde-i-wideroes-flymagasin-perspektiv\/\",\"url\":\"https:\/\/www.terjeaamodt.com\/blog\/2012\/12\/21\/bilde-i-wideroes-flymagasin-perspektiv\/\",\"name\":\"Bilde i Wideroes flymagasin Perspektiv. | Terje Aamodt Photography blog\",\"isPartOf\":{\"@id\":\"https:\/\/www.terjeaamodt.com\/blog\/#website\"},\"primaryImageOfPage\":{\"@id\":\"https:\/\/www.terjeaamodt.com\/blog\/2012\/12\/21\/bilde-i-wideroes-flymagasin-perspektiv\/#primaryimage\"},\"image\":{\"@id\":\"https:\/\/www.terjeaamodt.com\/blog\/2012\/12\/21\/bilde-i-wideroes-flymagasin-perspektiv\/#primaryimage\"},\"thumbnailUrl\":\"http:\/\/www.terjeaamodt.com\/blog\/wp-content\/uploads\/2012\/12\/ski_blanebba_romsdalen.jpg\",\"datePublished\":\"2012-12-21T11:07:14+00:00\",\"dateModified\":\"2012-12-21T11:15:29+00:00\",\"author\":{\"@id\":\"https:\/\/www.terjeaamodt.com\/blog\/#\/schema\/person\/421fe074073d41cf4e17a2aaa426f5bd\"},\"breadcrumb\":{\"@id\":\"https:\/\/www.terjeaamodt.com\/blog\/2012\/12\/21\/bilde-i-wideroes-flymagasin-perspektiv\/#breadcrumb\"},\"inLanguage\":\"nb-NO\",\"potentialAction\":[{\"@type\":\"ReadAction\",\"target\":[\"https:\/\/www.terjeaamodt.com\/blog\/2012\/12\/21\/bilde-i-wideroes-flymagasin-perspektiv\/\"]}]},{\"@type\":\"ImageObject\",\"inLanguage\":\"nb-NO\",\"@id\":\"https:\/\/www.terjeaamodt.com\/blog\/2012\/12\/21\/bilde-i-wideroes-flymagasin-perspektiv\/#primaryimage\",\"url\":\"http:\/\/www.terjeaamodt.com\/blog\/wp-content\/uploads\/2012\/12\/ski_blanebba_romsdalen.jpg\",\"contentUrl\":\"http:\/\/www.terjeaamodt.com\/blog\/wp-content\/uploads\/2012\/12\/ski_blanebba_romsdalen.jpg\"},{\"@type\":\"BreadcrumbList\",\"@id\":\"https:\/\/www.terjeaamodt.com\/blog\/2012\/12\/21\/bilde-i-wideroes-flymagasin-perspektiv\/#breadcrumb\",\"itemListElement\":[{\"@type\":\"ListItem\",\"position\":1,\"name\":\"Home\",\"item\":\"https:\/\/www.terjeaamodt.com\/blog\/\"},{\"@type\":\"ListItem\",\"position\":2,\"name\":\"Bilde i Wideroes flymagasin Perspektiv.\"}]},{\"@type\":\"WebSite\",\"@id\":\"https:\/\/www.terjeaamodt.com\/blog\/#website\",\"url\":\"https:\/\/www.terjeaamodt.com\/blog\/\",\"name\":\"Terje Aamodt Photography blog\",\"description\":\"\",\"potentialAction\":[{\"@type\":\"SearchAction\",\"target\":{\"@type\":\"EntryPoint\",\"urlTemplate\":\"https:\/\/www.terjeaamodt.com\/blog\/?s={search_term_string}\"},\"query-input\":{\"@type\":\"PropertyValueSpecification\",\"valueRequired\":true,\"valueName\":\"search_term_string\"}}],\"inLanguage\":\"nb-NO\"},{\"@type\":\"Person\",\"@id\":\"https:\/\/www.terjeaamodt.com\/blog\/#\/schema\/person\/421fe074073d41cf4e17a2aaa426f5bd\",\"name\":\"Terje Aamodt\",\"image\":{\"@type\":\"ImageObject\",\"inLanguage\":\"nb-NO\",\"@id\":\"https:\/\/www.terjeaamodt.com\/blog\/#\/schema\/person\/image\/\",\"url\":\"https:\/\/secure.gravatar.com\/avatar\/42c15fcafccc8dea0466e1f48bbabee5d657af333b66d515f227538e430e6f37?s=96&d=mm&r=g\",\"contentUrl\":\"https:\/\/secure.gravatar.com\/avatar\/42c15fcafccc8dea0466e1f48bbabee5d657af333b66d515f227538e430e6f37?s=96&d=mm&r=g\",\"caption\":\"Terje Aamodt\"},\"description\":\"Terje Aamodt, fotograf og klattrer\",\"sameAs\":[\"http:\/\/www.terjeaamodt.com\"],\"url\":\"https:\/\/www.terjeaamodt.com\/blog\/author\/admin\/\"}]}<\/script>\n<!-- \/ Yoast SEO plugin. -->","yoast_head_json":{"title":"Bilde i Wideroes flymagasin Perspektiv. | Terje Aamodt Photography blog","robots":{"index":"index","follow":"follow","max-snippet":"max-snippet:-1","max-image-preview":"max-image-preview:large","max-video-preview":"max-video-preview:-1"},"canonical":"https:\/\/www.terjeaamodt.com\/blog\/2012\/12\/21\/bilde-i-wideroes-flymagasin-perspektiv\/","og_locale":"nb_NO","og_type":"article","og_title":"Bilde i Wideroes flymagasin Perspektiv. | Terje Aamodt Photography blog","og_description":"Kjekt \u00e5 f\u00e5 dobbeltside i Wideroes sitt flymagasin Perspektiv. Bilde er tatt p\u00e5 Bl\u00e5nebba i Romsdalen og skikj\u00f8rer er Tom Erik Heimen.","og_url":"https:\/\/www.terjeaamodt.com\/blog\/2012\/12\/21\/bilde-i-wideroes-flymagasin-perspektiv\/","og_site_name":"Terje Aamodt Photography blog","article_publisher":"https:\/\/www.facebook.com\/Terje-Aamodt-Photography-161544107229708\/?ref=hl","article_published_time":"2012-12-21T11:07:14+00:00","article_modified_time":"2012-12-21T11:15:29+00:00","og_image":[{"url":"http:\/\/www.terjeaamodt.com\/blog\/wp-content\/uploads\/2012\/12\/ski_blanebba_romsdalen.jpg","type":"","width":"","height":""}],"author":"Terje Aamodt","twitter_card":"summary_large_image","twitter_creator":"@aamodtfoto","twitter_site":"@aamodtfoto","twitter_misc":{"Skrevet av":"Terje Aamodt"},"schema":{"@context":"https:\/\/schema.org","@graph":[{"@type":"Article","@id":"https:\/\/www.terjeaamodt.com\/blog\/2012\/12\/21\/bilde-i-wideroes-flymagasin-perspektiv\/#article","isPartOf":{"@id":"https:\/\/www.terjeaamodt.com\/blog\/2012\/12\/21\/bilde-i-wideroes-flymagasin-perspektiv\/"},"author":{"name":"Terje Aamodt","@id":"https:\/\/www.terjeaamodt.com\/blog\/#\/schema\/person\/421fe074073d41cf4e17a2aaa426f5bd"},"headline":"Bilde i Wideroes flymagasin Perspektiv.","datePublished":"2012-12-21T11:07:14+00:00","dateModified":"2012-12-21T11:15:29+00:00","mainEntityOfPage":{"@id":"https:\/\/www.terjeaamodt.com\/blog\/2012\/12\/21\/bilde-i-wideroes-flymagasin-perspektiv\/"},"wordCount":28,"commentCount":1,"image":{"@id":"https:\/\/www.terjeaamodt.com\/blog\/2012\/12\/21\/bilde-i-wideroes-flymagasin-perspektiv\/#primaryimage"},"thumbnailUrl":"http:\/\/www.terjeaamodt.com\/blog\/wp-content\/uploads\/2012\/12\/ski_blanebba_romsdalen.jpg","keywords":["bl\u00e5nebba","Perspektiv","skibilde","Skifoto","skifoto romsdalen","Skifotograf","Skifotograf Norge","Wideroe"],"articleSection":["Uncategorized"],"inLanguage":"nb-NO","potentialAction":[{"@type":"CommentAction","name":"Comment","target":["https:\/\/www.terjeaamodt.com\/blog\/2012\/12\/21\/bilde-i-wideroes-flymagasin-perspektiv\/#respond"]}]},{"@type":"WebPage","@id":"https:\/\/www.terjeaamodt.com\/blog\/2012\/12\/21\/bilde-i-wideroes-flymagasin-perspektiv\/","url":"https:\/\/www.terjeaamodt.com\/blog\/2012\/12\/21\/bilde-i-wideroes-flymagasin-perspektiv\/","name":"Bilde i Wideroes flymagasin Perspektiv. | Terje Aamodt Photography blog","isPartOf":{"@id":"https:\/\/www.terjeaamodt.com\/blog\/#website"},"primaryImageOfPage":{"@id":"https:\/\/www.terjeaamodt.com\/blog\/2012\/12\/21\/bilde-i-wideroes-flymagasin-perspektiv\/#primaryimage"},"image":{"@id":"https:\/\/www.terjeaamodt.com\/blog\/2012\/12\/21\/bilde-i-wideroes-flymagasin-perspektiv\/#primaryimage"},"thumbnailUrl":"http:\/\/www.terjeaamodt.com\/blog\/wp-content\/uploads\/2012\/12\/ski_blanebba_romsdalen.jpg","datePublished":"2012-12-21T11:07:14+00:00","dateModified":"2012-12-21T11:15:29+00:00","author":{"@id":"https:\/\/www.terjeaamodt.com\/blog\/#\/schema\/person\/421fe074073d41cf4e17a2aaa426f5bd"},"breadcrumb":{"@id":"https:\/\/www.terjeaamodt.com\/blog\/2012\/12\/21\/bilde-i-wideroes-flymagasin-perspektiv\/#breadcrumb"},"inLanguage":"nb-NO","potentialAction":[{"@type":"ReadAction","target":["https:\/\/www.terjeaamodt.com\/blog\/2012\/12\/21\/bilde-i-wideroes-flymagasin-perspektiv\/"]}]},{"@type":"ImageObject","inLanguage":"nb-NO","@id":"https:\/\/www.terjeaamodt.com\/blog\/2012\/12\/21\/bilde-i-wideroes-flymagasin-perspektiv\/#primaryimage","url":"http:\/\/www.terjeaamodt.com\/blog\/wp-content\/uploads\/2012\/12\/ski_blanebba_romsdalen.jpg","contentUrl":"http:\/\/www.terjeaamodt.com\/blog\/wp-content\/uploads\/2012\/12\/ski_blanebba_romsdalen.jpg"},{"@type":"BreadcrumbList","@id":"https:\/\/www.terjeaamodt.com\/blog\/2012\/12\/21\/bilde-i-wideroes-flymagasin-perspektiv\/#breadcrumb","itemListElement":[{"@type":"ListItem","position":1,"name":"Home","item":"https:\/\/www.terjeaamodt.com\/blog\/"},{"@type":"ListItem","position":2,"name":"Bilde i Wideroes flymagasin Perspektiv."}]},{"@type":"WebSite","@id":"https:\/\/www.terjeaamodt.com\/blog\/#website","url":"https:\/\/www.terjeaamodt.com\/blog\/","name":"Terje Aamodt Photography blog","description":"","potentialAction":[{"@type":"SearchAction","target":{"@type":"EntryPoint","urlTemplate":"https:\/\/www.terjeaamodt.com\/blog\/?s={search_term_string}"},"query-input":{"@type":"PropertyValueSpecification","valueRequired":true,"valueName":"search_term_string"}}],"inLanguage":"nb-NO"},{"@type":"Person","@id":"https:\/\/www.terjeaamodt.com\/blog\/#\/schema\/person\/421fe074073d41cf4e17a2aaa426f5bd","name":"Terje Aamodt","image":{"@type":"ImageObject","inLanguage":"nb-NO","@id":"https:\/\/www.terjeaamodt.com\/blog\/#\/schema\/person\/image\/","url":"https:\/\/secure.gravatar.com\/avatar\/42c15fcafccc8dea0466e1f48bbabee5d657af333b66d515f227538e430e6f37?s=96&d=mm&r=g","contentUrl":"https:\/\/secure.gravatar.com\/avatar\/42c15fcafccc8dea0466e1f48bbabee5d657af333b66d515f227538e430e6f37?s=96&d=mm&r=g","caption":"Terje Aamodt"},"description":"Terje Aamodt, fotograf og klattrer","sameAs":["http:\/\/www.terjeaamodt.com"],"url":"https:\/\/www.terjeaamodt.com\/blog\/author\/admin\/"}]}},"_links":{"self":[{"href":"https:\/\/www.terjeaamodt.com\/blog\/wp-json\/wp\/v2\/posts\/4348","targetHints":{"allow":["GET"]}}],"collection":[{"href":"https:\/\/www.terjeaamodt.com\/blog\/wp-json\/wp\/v2\/posts"}],"about":[{"href":"https:\/\/www.terjeaamodt.com\/blog\/wp-json\/wp\/v2\/types\/post"}],"author":[{"embeddable":true,"href":"https:\/\/www.terjeaamodt.com\/blog\/wp-json\/wp\/v2\/users\/1"}],"replies":[{"embeddable":true,"href":"https:\/\/www.terjeaamodt.com\/blog\/wp-json\/wp\/v2\/comments?post=4348"}],"version-history":[{"count":2,"href":"https:\/\/www.terjeaamodt.com\/blog\/wp-json\/wp\/v2\/posts\/4348\/revisions"}],"predecessor-version":[{"id":4350,"href":"https:\/\/www.terjeaamodt.com\/blog\/wp-json\/wp\/v2\/posts\/4348\/revisions\/4350"}],"wp:attachment":[{"href":"https:\/\/www.terjeaamodt.com\/blog\/wp-json\/wp\/v2\/media?parent=4348"}],"wp:term":[{"taxonomy":"category","embeddable":true,"href":"https:\/\/www.terjeaamodt.com\/blog\/wp-json\/wp\/v2\/categories?post=4348"},{"taxonomy":"post_tag","embeddable":true,"href":"https:\/\/www.terjeaamodt.com\/blog\/wp-json\/wp\/v2\/tags?post=4348"}],"curies":[{"name":"wp","href":"https:\/\/api.w.org\/{rel}","templated":true}]}}