{"id":4366,"date":"2013-01-14T06:34:48","date_gmt":"2013-01-14T11:34:48","guid":{"rendered":"http:\/\/www.terjeaamodt.com\/blog\/?p=4366"},"modified":"2013-01-14T06:35:39","modified_gmt":"2013-01-14T11:35:39","slug":"klatring-pa-ostryggen-pa-kirketaket-ski-og-klatrefoto-norge","status":"publish","type":"post","link":"https:\/\/www.terjeaamodt.com\/blog\/2013\/01\/14\/klatring-pa-ostryggen-pa-kirketaket-ski-og-klatrefoto-norge\/","title":{"rendered":"Klatring p\u00e5 \u00d8stryggen p\u00e5 Kirketaket | Ski og Klatrefoto Norge"},"content":{"rendered":"<p>Selv om skif\u00f8ret ikke er det beste om dagen, g\u00e5r det helt fint \u00e5 komme seg p\u00e5 tur. Under kommer noen bilder fra en tur jeg hadde p\u00e5 \u00d8stryggen p\u00e5 Kirketaket sammen med Odd Tokle S\u00e6b\u00f8 og \u00d8yvind H\u00f8gset.<\/p>\n<p>\u00d8stryggen byr p\u00e5 eksponert klyving i majestetiske omgivelser og det kan v\u00e6re lurt \u00e5 ta med litt sikringsutstyr for \u00e5 sikre seg p\u00e5 eggen.<\/p>\n<p><img decoding=\"async\" src=\"http:\/\/www.terjeaamodt.com\/blog\/wp-content\/uploads\/2013\/01\/klatring_ostryggen_kirketaket_0001.jpg\" width=\"960\" height=\"642\" alt=\"klatring_ostryggen_kirketaket_0001.JPG\" \/><\/p>\n<p><img decoding=\"async\" src=\"http:\/\/www.terjeaamodt.com\/blog\/wp-content\/uploads\/2013\/01\/klatring_ostryggen_kirketaket_0002.jpg\" width=\"960\" height=\"642\" alt=\"klatring_ostryggen_kirketaket_0002.JPG\" \/><\/p>\n<p><img decoding=\"async\" src=\"http:\/\/www.terjeaamodt.com\/blog\/wp-content\/uploads\/2013\/01\/klatring_ostryggen_kirketaket_0003.jpg\" width=\"960\" height=\"642\" alt=\"klatring_ostryggen_kirketaket_0003.JPG\" \/><\/p>\n<p><img decoding=\"async\" src=\"http:\/\/www.terjeaamodt.com\/blog\/wp-content\/uploads\/2013\/01\/klatring_ostryggen_kirketaket_0004.jpg\" width=\"960\" height=\"642\" alt=\"klatring_ostryggen_kirketaket_0004.JPG\" \/><\/p>\n<p><img decoding=\"async\" src=\"http:\/\/www.terjeaamodt.com\/blog\/wp-content\/uploads\/2013\/01\/klatring_ostryggen_kirketaket_0005.jpg\" width=\"960\" height=\"642\" alt=\"klatring_ostryggen_kirketaket_0005.JPG\" \/><\/p>\n<p><img decoding=\"async\" src=\"http:\/\/www.terjeaamodt.com\/blog\/wp-content\/uploads\/2013\/01\/klatring_ostryggen_kirketaket_0006.jpg\" width=\"960\" height=\"642\" alt=\"klatring_ostryggen_kirketaket_0006.JPG\" \/><\/p>\n<p><img decoding=\"async\" src=\"http:\/\/www.terjeaamodt.com\/blog\/wp-content\/uploads\/2013\/01\/klatring_ostryggen_kirketaket_0007.jpg\" width=\"960\" height=\"642\" alt=\"klatring_ostryggen_kirketaket_0007.JPG\" \/><\/p>\n<p><img decoding=\"async\" src=\"http:\/\/www.terjeaamodt.com\/blog\/wp-content\/uploads\/2013\/01\/klatring_ostryggen_kirketaket_0008.jpg\" width=\"960\" height=\"642\" alt=\"klatring_ostryggen_kirketaket_0008.JPG\" \/><\/p>\n<p><img decoding=\"async\" src=\"http:\/\/www.terjeaamodt.com\/blog\/wp-content\/uploads\/2013\/01\/klatring_ostryggen_kirketaket_0009.jpg\" width=\"960\" height=\"642\" alt=\"klatring_ostryggen_kirketaket_0009.JPG\" \/><\/p>\n<p><img decoding=\"async\" src=\"http:\/\/www.terjeaamodt.com\/blog\/wp-content\/uploads\/2013\/01\/klatring_ostryggen_kirketaket_0010.jpg\" width=\"960\" height=\"642\" alt=\"klatring_ostryggen_kirketaket_0010.JPG\" \/><\/p>\n<p><img decoding=\"async\" src=\"http:\/\/www.terjeaamodt.com\/blog\/wp-content\/uploads\/2013\/01\/klatring_ostryggen_kirketaket_0011.jpg\" width=\"960\" height=\"642\" alt=\"klatring_ostryggen_kirketaket_0011.JPG\" \/><\/p>\n<p><img decoding=\"async\" src=\"http:\/\/www.terjeaamodt.com\/blog\/wp-content\/uploads\/2013\/01\/klatring_ostryggen_kirketaket_0012.jpg\" width=\"960\" height=\"642\" alt=\"klatring_ostryggen_kirketaket_0012.JPG\" \/><\/p>\n<p><img decoding=\"async\" src=\"http:\/\/www.terjeaamodt.com\/blog\/wp-content\/uploads\/2013\/01\/klatring_ostryggen_kirketaket_0013.jpg\" width=\"960\" height=\"642\" alt=\"klatring_ostryggen_kirketaket_0013.JPG\" \/><\/p>\n<p><img decoding=\"async\" src=\"http:\/\/www.terjeaamodt.com\/blog\/wp-content\/uploads\/2013\/01\/klatring_ostryggen_kirketaket_0014.jpg\" width=\"960\" height=\"642\" alt=\"klatring_ostryggen_kirketaket_0014.JPG\" \/><\/p>\n<p><img decoding=\"async\" src=\"http:\/\/www.terjeaamodt.com\/blog\/wp-content\/uploads\/2013\/01\/klatring_ostryggen_kirketaket_0015.jpg\" width=\"960\" height=\"642\" alt=\"klatring_ostryggen_kirketaket_0015.JPG\" \/><\/p>\n","protected":false},"excerpt":{"rendered":"<p>Selv om skif\u00f8ret ikke er det beste om dagen, g\u00e5r det helt fint \u00e5 komme seg p\u00e5 tur. Under kommer noen bilder fra en tur jeg hadde p\u00e5 \u00d8stryggen p\u00e5 Kirketaket sammen med Odd Tokle S\u00e6b\u00f8 og \u00d8yvind H\u00f8gset. \u00d8stryggen byr p\u00e5 eksponert klyving i majestetiske omgivelser og det kan v\u00e6re lurt \u00e5 ta med [&hellip;]<\/p>\n","protected":false},"author":1,"featured_media":0,"comment_status":"open","ping_status":"closed","sticky":false,"template":"","format":"standard","meta":{"footnotes":""},"categories":[6,10,9,39],"tags":[119,196,58,642,344,459,460],"class_list":["post-4366","post","type-post","status-publish","format-standard","hentry","category-klatring","category-livsstil","category-natur","category-sport","tag-kirketaket","tag-klatre-foto","tag-klatrebilder","tag-klatring","tag-klatring-i-romsdalen","tag-ostryggen-kirketaket","tag-ski-og-klatrefoto"],"yoast_head":"<!-- This site is optimized with the Yoast SEO plugin v27.1.1 - https:\/\/yoast.com\/product\/yoast-seo-wordpress\/ -->\n<title>Klatring p\u00e5 \u00d8stryggen p\u00e5 Kirketaket | Ski og Klatrefoto Norge | Terje Aamodt Photography blog<\/title>\n<meta name=\"robots\" content=\"index, follow, max-snippet:-1, max-image-preview:large, max-video-preview:-1\" \/>\n<link rel=\"canonical\" href=\"https:\/\/www.terjeaamodt.com\/blog\/2013\/01\/14\/klatring-pa-ostryggen-pa-kirketaket-ski-og-klatrefoto-norge\/\" \/>\n<meta property=\"og:locale\" content=\"nb_NO\" \/>\n<meta property=\"og:type\" content=\"article\" \/>\n<meta property=\"og:title\" content=\"Klatring p\u00e5 \u00d8stryggen p\u00e5 Kirketaket | Ski og Klatrefoto Norge | Terje Aamodt Photography blog\" \/>\n<meta property=\"og:description\" content=\"Selv om skif\u00f8ret ikke er det beste om dagen, g\u00e5r det helt fint \u00e5 komme seg p\u00e5 tur. Under kommer noen bilder fra en tur jeg hadde p\u00e5 \u00d8stryggen p\u00e5 Kirketaket sammen med Odd Tokle S\u00e6b\u00f8 og \u00d8yvind H\u00f8gset. \u00d8stryggen byr p\u00e5 eksponert klyving i majestetiske omgivelser og det kan v\u00e6re lurt \u00e5 ta med [&hellip;]\" \/>\n<meta property=\"og:url\" content=\"https:\/\/www.terjeaamodt.com\/blog\/2013\/01\/14\/klatring-pa-ostryggen-pa-kirketaket-ski-og-klatrefoto-norge\/\" \/>\n<meta property=\"og:site_name\" content=\"Terje Aamodt Photography blog\" \/>\n<meta property=\"article:publisher\" content=\"https:\/\/www.facebook.com\/Terje-Aamodt-Photography-161544107229708\/?ref=hl\" \/>\n<meta property=\"article:published_time\" content=\"2013-01-14T11:34:48+00:00\" \/>\n<meta property=\"article:modified_time\" content=\"2013-01-14T11:35:39+00:00\" \/>\n<meta property=\"og:image\" content=\"http:\/\/www.terjeaamodt.com\/blog\/wp-content\/uploads\/2013\/01\/klatring_ostryggen_kirketaket_0001.jpg\" \/>\n<meta name=\"author\" content=\"Terje Aamodt\" \/>\n<meta name=\"twitter:card\" content=\"summary_large_image\" \/>\n<meta name=\"twitter:creator\" content=\"@aamodtfoto\" \/>\n<meta name=\"twitter:site\" content=\"@aamodtfoto\" \/>\n<meta name=\"twitter:label1\" content=\"Skrevet av\" \/>\n\t<meta name=\"twitter:data1\" content=\"Terje Aamodt\" \/>\n<script type=\"application\/ld+json\" class=\"yoast-schema-graph\">{\"@context\":\"https:\/\/schema.org\",\"@graph\":[{\"@type\":\"Article\",\"@id\":\"https:\/\/www.terjeaamodt.com\/blog\/2013\/01\/14\/klatring-pa-ostryggen-pa-kirketaket-ski-og-klatrefoto-norge\/#article\",\"isPartOf\":{\"@id\":\"https:\/\/www.terjeaamodt.com\/blog\/2013\/01\/14\/klatring-pa-ostryggen-pa-kirketaket-ski-og-klatrefoto-norge\/\"},\"author\":{\"name\":\"Terje Aamodt\",\"@id\":\"https:\/\/www.terjeaamodt.com\/blog\/#\/schema\/person\/421fe074073d41cf4e17a2aaa426f5bd\"},\"headline\":\"Klatring p\u00e5 \u00d8stryggen p\u00e5 Kirketaket | Ski og Klatrefoto Norge\",\"datePublished\":\"2013-01-14T11:34:48+00:00\",\"dateModified\":\"2013-01-14T11:35:39+00:00\",\"mainEntityOfPage\":{\"@id\":\"https:\/\/www.terjeaamodt.com\/blog\/2013\/01\/14\/klatring-pa-ostryggen-pa-kirketaket-ski-og-klatrefoto-norge\/\"},\"wordCount\":74,\"commentCount\":0,\"image\":{\"@id\":\"https:\/\/www.terjeaamodt.com\/blog\/2013\/01\/14\/klatring-pa-ostryggen-pa-kirketaket-ski-og-klatrefoto-norge\/#primaryimage\"},\"thumbnailUrl\":\"http:\/\/www.terjeaamodt.com\/blog\/wp-content\/uploads\/2013\/01\/klatring_ostryggen_kirketaket_0001.jpg\",\"keywords\":[\"Kirketaket\",\"klatre foto\",\"klatrebilder\",\"klatring\",\"Klatring I Romsdalen\",\"\u00f8stryggen kirketaket\",\"ski og klatrefoto\"],\"articleSection\":[\"klatring\",\"livsstil\",\"Natur\",\"Sport\"],\"inLanguage\":\"nb-NO\",\"potentialAction\":[{\"@type\":\"CommentAction\",\"name\":\"Comment\",\"target\":[\"https:\/\/www.terjeaamodt.com\/blog\/2013\/01\/14\/klatring-pa-ostryggen-pa-kirketaket-ski-og-klatrefoto-norge\/#respond\"]}]},{\"@type\":\"WebPage\",\"@id\":\"https:\/\/www.terjeaamodt.com\/blog\/2013\/01\/14\/klatring-pa-ostryggen-pa-kirketaket-ski-og-klatrefoto-norge\/\",\"url\":\"https:\/\/www.terjeaamodt.com\/blog\/2013\/01\/14\/klatring-pa-ostryggen-pa-kirketaket-ski-og-klatrefoto-norge\/\",\"name\":\"Klatring p\u00e5 \u00d8stryggen p\u00e5 Kirketaket | Ski og Klatrefoto Norge | Terje Aamodt Photography blog\",\"isPartOf\":{\"@id\":\"https:\/\/www.terjeaamodt.com\/blog\/#website\"},\"primaryImageOfPage\":{\"@id\":\"https:\/\/www.terjeaamodt.com\/blog\/2013\/01\/14\/klatring-pa-ostryggen-pa-kirketaket-ski-og-klatrefoto-norge\/#primaryimage\"},\"image\":{\"@id\":\"https:\/\/www.terjeaamodt.com\/blog\/2013\/01\/14\/klatring-pa-ostryggen-pa-kirketaket-ski-og-klatrefoto-norge\/#primaryimage\"},\"thumbnailUrl\":\"http:\/\/www.terjeaamodt.com\/blog\/wp-content\/uploads\/2013\/01\/klatring_ostryggen_kirketaket_0001.jpg\",\"datePublished\":\"2013-01-14T11:34:48+00:00\",\"dateModified\":\"2013-01-14T11:35:39+00:00\",\"author\":{\"@id\":\"https:\/\/www.terjeaamodt.com\/blog\/#\/schema\/person\/421fe074073d41cf4e17a2aaa426f5bd\"},\"breadcrumb\":{\"@id\":\"https:\/\/www.terjeaamodt.com\/blog\/2013\/01\/14\/klatring-pa-ostryggen-pa-kirketaket-ski-og-klatrefoto-norge\/#breadcrumb\"},\"inLanguage\":\"nb-NO\",\"potentialAction\":[{\"@type\":\"ReadAction\",\"target\":[\"https:\/\/www.terjeaamodt.com\/blog\/2013\/01\/14\/klatring-pa-ostryggen-pa-kirketaket-ski-og-klatrefoto-norge\/\"]}]},{\"@type\":\"ImageObject\",\"inLanguage\":\"nb-NO\",\"@id\":\"https:\/\/www.terjeaamodt.com\/blog\/2013\/01\/14\/klatring-pa-ostryggen-pa-kirketaket-ski-og-klatrefoto-norge\/#primaryimage\",\"url\":\"http:\/\/www.terjeaamodt.com\/blog\/wp-content\/uploads\/2013\/01\/klatring_ostryggen_kirketaket_0001.jpg\",\"contentUrl\":\"http:\/\/www.terjeaamodt.com\/blog\/wp-content\/uploads\/2013\/01\/klatring_ostryggen_kirketaket_0001.jpg\"},{\"@type\":\"BreadcrumbList\",\"@id\":\"https:\/\/www.terjeaamodt.com\/blog\/2013\/01\/14\/klatring-pa-ostryggen-pa-kirketaket-ski-og-klatrefoto-norge\/#breadcrumb\",\"itemListElement\":[{\"@type\":\"ListItem\",\"position\":1,\"name\":\"Home\",\"item\":\"https:\/\/www.terjeaamodt.com\/blog\/\"},{\"@type\":\"ListItem\",\"position\":2,\"name\":\"Klatring p\u00e5 \u00d8stryggen p\u00e5 Kirketaket | Ski og Klatrefoto Norge\"}]},{\"@type\":\"WebSite\",\"@id\":\"https:\/\/www.terjeaamodt.com\/blog\/#website\",\"url\":\"https:\/\/www.terjeaamodt.com\/blog\/\",\"name\":\"Terje Aamodt Photography blog\",\"description\":\"\",\"potentialAction\":[{\"@type\":\"SearchAction\",\"target\":{\"@type\":\"EntryPoint\",\"urlTemplate\":\"https:\/\/www.terjeaamodt.com\/blog\/?s={search_term_string}\"},\"query-input\":{\"@type\":\"PropertyValueSpecification\",\"valueRequired\":true,\"valueName\":\"search_term_string\"}}],\"inLanguage\":\"nb-NO\"},{\"@type\":\"Person\",\"@id\":\"https:\/\/www.terjeaamodt.com\/blog\/#\/schema\/person\/421fe074073d41cf4e17a2aaa426f5bd\",\"name\":\"Terje Aamodt\",\"image\":{\"@type\":\"ImageObject\",\"inLanguage\":\"nb-NO\",\"@id\":\"https:\/\/www.terjeaamodt.com\/blog\/#\/schema\/person\/image\/\",\"url\":\"https:\/\/secure.gravatar.com\/avatar\/42c15fcafccc8dea0466e1f48bbabee5d657af333b66d515f227538e430e6f37?s=96&d=mm&r=g\",\"contentUrl\":\"https:\/\/secure.gravatar.com\/avatar\/42c15fcafccc8dea0466e1f48bbabee5d657af333b66d515f227538e430e6f37?s=96&d=mm&r=g\",\"caption\":\"Terje Aamodt\"},\"description\":\"Terje Aamodt, fotograf og klattrer\",\"sameAs\":[\"http:\/\/www.terjeaamodt.com\"],\"url\":\"https:\/\/www.terjeaamodt.com\/blog\/author\/admin\/\"}]}<\/script>\n<!-- \/ Yoast SEO plugin. -->","yoast_head_json":{"title":"Klatring p\u00e5 \u00d8stryggen p\u00e5 Kirketaket | Ski og Klatrefoto Norge | Terje Aamodt Photography blog","robots":{"index":"index","follow":"follow","max-snippet":"max-snippet:-1","max-image-preview":"max-image-preview:large","max-video-preview":"max-video-preview:-1"},"canonical":"https:\/\/www.terjeaamodt.com\/blog\/2013\/01\/14\/klatring-pa-ostryggen-pa-kirketaket-ski-og-klatrefoto-norge\/","og_locale":"nb_NO","og_type":"article","og_title":"Klatring p\u00e5 \u00d8stryggen p\u00e5 Kirketaket | Ski og Klatrefoto Norge | Terje Aamodt Photography blog","og_description":"Selv om skif\u00f8ret ikke er det beste om dagen, g\u00e5r det helt fint \u00e5 komme seg p\u00e5 tur. Under kommer noen bilder fra en tur jeg hadde p\u00e5 \u00d8stryggen p\u00e5 Kirketaket sammen med Odd Tokle S\u00e6b\u00f8 og \u00d8yvind H\u00f8gset. \u00d8stryggen byr p\u00e5 eksponert klyving i majestetiske omgivelser og det kan v\u00e6re lurt \u00e5 ta med [&hellip;]","og_url":"https:\/\/www.terjeaamodt.com\/blog\/2013\/01\/14\/klatring-pa-ostryggen-pa-kirketaket-ski-og-klatrefoto-norge\/","og_site_name":"Terje Aamodt Photography blog","article_publisher":"https:\/\/www.facebook.com\/Terje-Aamodt-Photography-161544107229708\/?ref=hl","article_published_time":"2013-01-14T11:34:48+00:00","article_modified_time":"2013-01-14T11:35:39+00:00","og_image":[{"url":"http:\/\/www.terjeaamodt.com\/blog\/wp-content\/uploads\/2013\/01\/klatring_ostryggen_kirketaket_0001.jpg","type":"","width":"","height":""}],"author":"Terje Aamodt","twitter_card":"summary_large_image","twitter_creator":"@aamodtfoto","twitter_site":"@aamodtfoto","twitter_misc":{"Skrevet av":"Terje Aamodt"},"schema":{"@context":"https:\/\/schema.org","@graph":[{"@type":"Article","@id":"https:\/\/www.terjeaamodt.com\/blog\/2013\/01\/14\/klatring-pa-ostryggen-pa-kirketaket-ski-og-klatrefoto-norge\/#article","isPartOf":{"@id":"https:\/\/www.terjeaamodt.com\/blog\/2013\/01\/14\/klatring-pa-ostryggen-pa-kirketaket-ski-og-klatrefoto-norge\/"},"author":{"name":"Terje Aamodt","@id":"https:\/\/www.terjeaamodt.com\/blog\/#\/schema\/person\/421fe074073d41cf4e17a2aaa426f5bd"},"headline":"Klatring p\u00e5 \u00d8stryggen p\u00e5 Kirketaket | Ski og Klatrefoto Norge","datePublished":"2013-01-14T11:34:48+00:00","dateModified":"2013-01-14T11:35:39+00:00","mainEntityOfPage":{"@id":"https:\/\/www.terjeaamodt.com\/blog\/2013\/01\/14\/klatring-pa-ostryggen-pa-kirketaket-ski-og-klatrefoto-norge\/"},"wordCount":74,"commentCount":0,"image":{"@id":"https:\/\/www.terjeaamodt.com\/blog\/2013\/01\/14\/klatring-pa-ostryggen-pa-kirketaket-ski-og-klatrefoto-norge\/#primaryimage"},"thumbnailUrl":"http:\/\/www.terjeaamodt.com\/blog\/wp-content\/uploads\/2013\/01\/klatring_ostryggen_kirketaket_0001.jpg","keywords":["Kirketaket","klatre foto","klatrebilder","klatring","Klatring I Romsdalen","\u00f8stryggen kirketaket","ski og klatrefoto"],"articleSection":["klatring","livsstil","Natur","Sport"],"inLanguage":"nb-NO","potentialAction":[{"@type":"CommentAction","name":"Comment","target":["https:\/\/www.terjeaamodt.com\/blog\/2013\/01\/14\/klatring-pa-ostryggen-pa-kirketaket-ski-og-klatrefoto-norge\/#respond"]}]},{"@type":"WebPage","@id":"https:\/\/www.terjeaamodt.com\/blog\/2013\/01\/14\/klatring-pa-ostryggen-pa-kirketaket-ski-og-klatrefoto-norge\/","url":"https:\/\/www.terjeaamodt.com\/blog\/2013\/01\/14\/klatring-pa-ostryggen-pa-kirketaket-ski-og-klatrefoto-norge\/","name":"Klatring p\u00e5 \u00d8stryggen p\u00e5 Kirketaket | Ski og Klatrefoto Norge | Terje Aamodt Photography blog","isPartOf":{"@id":"https:\/\/www.terjeaamodt.com\/blog\/#website"},"primaryImageOfPage":{"@id":"https:\/\/www.terjeaamodt.com\/blog\/2013\/01\/14\/klatring-pa-ostryggen-pa-kirketaket-ski-og-klatrefoto-norge\/#primaryimage"},"image":{"@id":"https:\/\/www.terjeaamodt.com\/blog\/2013\/01\/14\/klatring-pa-ostryggen-pa-kirketaket-ski-og-klatrefoto-norge\/#primaryimage"},"thumbnailUrl":"http:\/\/www.terjeaamodt.com\/blog\/wp-content\/uploads\/2013\/01\/klatring_ostryggen_kirketaket_0001.jpg","datePublished":"2013-01-14T11:34:48+00:00","dateModified":"2013-01-14T11:35:39+00:00","author":{"@id":"https:\/\/www.terjeaamodt.com\/blog\/#\/schema\/person\/421fe074073d41cf4e17a2aaa426f5bd"},"breadcrumb":{"@id":"https:\/\/www.terjeaamodt.com\/blog\/2013\/01\/14\/klatring-pa-ostryggen-pa-kirketaket-ski-og-klatrefoto-norge\/#breadcrumb"},"inLanguage":"nb-NO","potentialAction":[{"@type":"ReadAction","target":["https:\/\/www.terjeaamodt.com\/blog\/2013\/01\/14\/klatring-pa-ostryggen-pa-kirketaket-ski-og-klatrefoto-norge\/"]}]},{"@type":"ImageObject","inLanguage":"nb-NO","@id":"https:\/\/www.terjeaamodt.com\/blog\/2013\/01\/14\/klatring-pa-ostryggen-pa-kirketaket-ski-og-klatrefoto-norge\/#primaryimage","url":"http:\/\/www.terjeaamodt.com\/blog\/wp-content\/uploads\/2013\/01\/klatring_ostryggen_kirketaket_0001.jpg","contentUrl":"http:\/\/www.terjeaamodt.com\/blog\/wp-content\/uploads\/2013\/01\/klatring_ostryggen_kirketaket_0001.jpg"},{"@type":"BreadcrumbList","@id":"https:\/\/www.terjeaamodt.com\/blog\/2013\/01\/14\/klatring-pa-ostryggen-pa-kirketaket-ski-og-klatrefoto-norge\/#breadcrumb","itemListElement":[{"@type":"ListItem","position":1,"name":"Home","item":"https:\/\/www.terjeaamodt.com\/blog\/"},{"@type":"ListItem","position":2,"name":"Klatring p\u00e5 \u00d8stryggen p\u00e5 Kirketaket | Ski og Klatrefoto Norge"}]},{"@type":"WebSite","@id":"https:\/\/www.terjeaamodt.com\/blog\/#website","url":"https:\/\/www.terjeaamodt.com\/blog\/","name":"Terje Aamodt Photography blog","description":"","potentialAction":[{"@type":"SearchAction","target":{"@type":"EntryPoint","urlTemplate":"https:\/\/www.terjeaamodt.com\/blog\/?s={search_term_string}"},"query-input":{"@type":"PropertyValueSpecification","valueRequired":true,"valueName":"search_term_string"}}],"inLanguage":"nb-NO"},{"@type":"Person","@id":"https:\/\/www.terjeaamodt.com\/blog\/#\/schema\/person\/421fe074073d41cf4e17a2aaa426f5bd","name":"Terje Aamodt","image":{"@type":"ImageObject","inLanguage":"nb-NO","@id":"https:\/\/www.terjeaamodt.com\/blog\/#\/schema\/person\/image\/","url":"https:\/\/secure.gravatar.com\/avatar\/42c15fcafccc8dea0466e1f48bbabee5d657af333b66d515f227538e430e6f37?s=96&d=mm&r=g","contentUrl":"https:\/\/secure.gravatar.com\/avatar\/42c15fcafccc8dea0466e1f48bbabee5d657af333b66d515f227538e430e6f37?s=96&d=mm&r=g","caption":"Terje Aamodt"},"description":"Terje Aamodt, fotograf og klattrer","sameAs":["http:\/\/www.terjeaamodt.com"],"url":"https:\/\/www.terjeaamodt.com\/blog\/author\/admin\/"}]}},"_links":{"self":[{"href":"https:\/\/www.terjeaamodt.com\/blog\/wp-json\/wp\/v2\/posts\/4366","targetHints":{"allow":["GET"]}}],"collection":[{"href":"https:\/\/www.terjeaamodt.com\/blog\/wp-json\/wp\/v2\/posts"}],"about":[{"href":"https:\/\/www.terjeaamodt.com\/blog\/wp-json\/wp\/v2\/types\/post"}],"author":[{"embeddable":true,"href":"https:\/\/www.terjeaamodt.com\/blog\/wp-json\/wp\/v2\/users\/1"}],"replies":[{"embeddable":true,"href":"https:\/\/www.terjeaamodt.com\/blog\/wp-json\/wp\/v2\/comments?post=4366"}],"version-history":[{"count":0,"href":"https:\/\/www.terjeaamodt.com\/blog\/wp-json\/wp\/v2\/posts\/4366\/revisions"}],"wp:attachment":[{"href":"https:\/\/www.terjeaamodt.com\/blog\/wp-json\/wp\/v2\/media?parent=4366"}],"wp:term":[{"taxonomy":"category","embeddable":true,"href":"https:\/\/www.terjeaamodt.com\/blog\/wp-json\/wp\/v2\/categories?post=4366"},{"taxonomy":"post_tag","embeddable":true,"href":"https:\/\/www.terjeaamodt.com\/blog\/wp-json\/wp\/v2\/tags?post=4366"}],"curies":[{"name":"wp","href":"https:\/\/api.w.org\/{rel}","templated":true}]}}