{"id":4430,"date":"2013-02-05T17:02:23","date_gmt":"2013-02-05T22:02:23","guid":{"rendered":"http:\/\/www.terjeaamodt.com\/blog\/?p=4430"},"modified":"2013-02-05T17:06:14","modified_gmt":"2013-02-05T22:06:14","slug":"kortreist-i-romsdals-budstikke","status":"publish","type":"post","link":"https:\/\/www.terjeaamodt.com\/blog\/2013\/02\/05\/kortreist-i-romsdals-budstikke\/","title":{"rendered":"Kortreist opplevelse i Romsdals Budstikke"},"content":{"rendered":"<p>Veldig kjekt \u00e5 f\u00e5 v\u00e6re med Iver Gjelstenli, Arild Monsen og Ole Kristian Silseth p\u00e5 kortreist tur over 6 islagte vann i Fr\u00e6na og Eide. Slik s\u00e5g artikkelen ut da den kom p\u00e5 trykk i l\u00f8rdagsutgaven av Romsdals Budstikke.<\/p>\n<p><img decoding=\"async\" src=\"http:\/\/www.terjeaamodt.com\/blog\/wp-content\/uploads\/2013\/02\/kortreistbilder_skoyter_sykkel_0001.jpg\" width=\"960\" height=\"642\" alt=\"kortreistbilder_skoyter_sykkel_0001.JPG\" \/><\/p>\n<p><img decoding=\"async\" src=\"http:\/\/www.terjeaamodt.com\/blog\/wp-content\/uploads\/2013\/02\/kortreistbilder_skoyter_sykkel_0002.jpg\" width=\"960\" height=\"642\" alt=\"kortreistbilder_skoyter_sykkel_0002.JPG\" \/><\/p>\n","protected":false},"excerpt":{"rendered":"<p>Veldig kjekt \u00e5 f\u00e5 v\u00e6re med Iver Gjelstenli, Arild Monsen og Ole Kristian Silseth p\u00e5 kortreist tur over 6 islagte vann i Fr\u00e6na og Eide. Slik s\u00e5g artikkelen ut da den kom p\u00e5 trykk i l\u00f8rdagsutgaven av Romsdals Budstikke.<\/p>\n","protected":false},"author":1,"featured_media":0,"comment_status":"open","ping_status":"closed","sticky":false,"template":"","format":"standard","meta":{"footnotes":""},"categories":[9,168,39,265],"tags":[191,125,470,471,469,400,424,269],"class_list":["post-4430","post","type-post","status-publish","format-standard","hentry","category-natur","category-presse","category-sport","category-sykkel","tag-kortreist","tag-romsdal-budstikke","tag-skoytebilder","tag-skoytefoto","tag-skoyter","tag-sykkel-2","tag-sykkel-foto","tag-sykkelbilder"],"yoast_head":"<!-- This site is optimized with the Yoast SEO plugin v27.1.1 - https:\/\/yoast.com\/product\/yoast-seo-wordpress\/ -->\n<title>Kortreist opplevelse i Romsdals Budstikke | Terje Aamodt Photography blog<\/title>\n<meta name=\"robots\" content=\"index, follow, max-snippet:-1, max-image-preview:large, max-video-preview:-1\" \/>\n<link rel=\"canonical\" href=\"https:\/\/www.terjeaamodt.com\/blog\/2013\/02\/05\/kortreist-i-romsdals-budstikke\/\" \/>\n<meta property=\"og:locale\" content=\"nb_NO\" \/>\n<meta property=\"og:type\" content=\"article\" \/>\n<meta property=\"og:title\" content=\"Kortreist opplevelse i Romsdals Budstikke | Terje Aamodt Photography blog\" \/>\n<meta property=\"og:description\" content=\"Veldig kjekt \u00e5 f\u00e5 v\u00e6re med Iver Gjelstenli, Arild Monsen og Ole Kristian Silseth p\u00e5 kortreist tur over 6 islagte vann i Fr\u00e6na og Eide. Slik s\u00e5g artikkelen ut da den kom p\u00e5 trykk i l\u00f8rdagsutgaven av Romsdals Budstikke.\" \/>\n<meta property=\"og:url\" content=\"https:\/\/www.terjeaamodt.com\/blog\/2013\/02\/05\/kortreist-i-romsdals-budstikke\/\" \/>\n<meta property=\"og:site_name\" content=\"Terje Aamodt Photography blog\" \/>\n<meta property=\"article:publisher\" content=\"https:\/\/www.facebook.com\/Terje-Aamodt-Photography-161544107229708\/?ref=hl\" \/>\n<meta property=\"article:published_time\" content=\"2013-02-05T22:02:23+00:00\" \/>\n<meta property=\"article:modified_time\" content=\"2013-02-05T22:06:14+00:00\" \/>\n<meta property=\"og:image\" content=\"http:\/\/www.terjeaamodt.com\/blog\/wp-content\/uploads\/2013\/02\/kortreistbilder_skoyter_sykkel_0001.jpg\" \/>\n<meta name=\"author\" content=\"Terje Aamodt\" \/>\n<meta name=\"twitter:card\" content=\"summary_large_image\" \/>\n<meta name=\"twitter:creator\" content=\"@aamodtfoto\" \/>\n<meta name=\"twitter:site\" content=\"@aamodtfoto\" \/>\n<meta name=\"twitter:label1\" content=\"Skrevet av\" \/>\n\t<meta name=\"twitter:data1\" content=\"Terje Aamodt\" \/>\n<script type=\"application\/ld+json\" class=\"yoast-schema-graph\">{\"@context\":\"https:\/\/schema.org\",\"@graph\":[{\"@type\":\"Article\",\"@id\":\"https:\/\/www.terjeaamodt.com\/blog\/2013\/02\/05\/kortreist-i-romsdals-budstikke\/#article\",\"isPartOf\":{\"@id\":\"https:\/\/www.terjeaamodt.com\/blog\/2013\/02\/05\/kortreist-i-romsdals-budstikke\/\"},\"author\":{\"name\":\"Terje Aamodt\",\"@id\":\"https:\/\/www.terjeaamodt.com\/blog\/#\/schema\/person\/421fe074073d41cf4e17a2aaa426f5bd\"},\"headline\":\"Kortreist opplevelse i Romsdals Budstikke\",\"datePublished\":\"2013-02-05T22:02:23+00:00\",\"dateModified\":\"2013-02-05T22:06:14+00:00\",\"mainEntityOfPage\":{\"@id\":\"https:\/\/www.terjeaamodt.com\/blog\/2013\/02\/05\/kortreist-i-romsdals-budstikke\/\"},\"wordCount\":46,\"commentCount\":0,\"image\":{\"@id\":\"https:\/\/www.terjeaamodt.com\/blog\/2013\/02\/05\/kortreist-i-romsdals-budstikke\/#primaryimage\"},\"thumbnailUrl\":\"http:\/\/www.terjeaamodt.com\/blog\/wp-content\/uploads\/2013\/02\/kortreistbilder_skoyter_sykkel_0001.jpg\",\"keywords\":[\"kortreist\",\"Romsdal Budstikke\",\"sk\u00f8ytebilder\",\"Sk\u00f8ytefoto\",\"Sk\u00f8yter\",\"sykkel\",\"sykkel foto\",\"sykkelbilder\"],\"articleSection\":[\"Natur\",\"Presse\",\"Sport\",\"Sykkel\"],\"inLanguage\":\"nb-NO\",\"potentialAction\":[{\"@type\":\"CommentAction\",\"name\":\"Comment\",\"target\":[\"https:\/\/www.terjeaamodt.com\/blog\/2013\/02\/05\/kortreist-i-romsdals-budstikke\/#respond\"]}]},{\"@type\":\"WebPage\",\"@id\":\"https:\/\/www.terjeaamodt.com\/blog\/2013\/02\/05\/kortreist-i-romsdals-budstikke\/\",\"url\":\"https:\/\/www.terjeaamodt.com\/blog\/2013\/02\/05\/kortreist-i-romsdals-budstikke\/\",\"name\":\"Kortreist opplevelse i Romsdals Budstikke | Terje Aamodt Photography blog\",\"isPartOf\":{\"@id\":\"https:\/\/www.terjeaamodt.com\/blog\/#website\"},\"primaryImageOfPage\":{\"@id\":\"https:\/\/www.terjeaamodt.com\/blog\/2013\/02\/05\/kortreist-i-romsdals-budstikke\/#primaryimage\"},\"image\":{\"@id\":\"https:\/\/www.terjeaamodt.com\/blog\/2013\/02\/05\/kortreist-i-romsdals-budstikke\/#primaryimage\"},\"thumbnailUrl\":\"http:\/\/www.terjeaamodt.com\/blog\/wp-content\/uploads\/2013\/02\/kortreistbilder_skoyter_sykkel_0001.jpg\",\"datePublished\":\"2013-02-05T22:02:23+00:00\",\"dateModified\":\"2013-02-05T22:06:14+00:00\",\"author\":{\"@id\":\"https:\/\/www.terjeaamodt.com\/blog\/#\/schema\/person\/421fe074073d41cf4e17a2aaa426f5bd\"},\"breadcrumb\":{\"@id\":\"https:\/\/www.terjeaamodt.com\/blog\/2013\/02\/05\/kortreist-i-romsdals-budstikke\/#breadcrumb\"},\"inLanguage\":\"nb-NO\",\"potentialAction\":[{\"@type\":\"ReadAction\",\"target\":[\"https:\/\/www.terjeaamodt.com\/blog\/2013\/02\/05\/kortreist-i-romsdals-budstikke\/\"]}]},{\"@type\":\"ImageObject\",\"inLanguage\":\"nb-NO\",\"@id\":\"https:\/\/www.terjeaamodt.com\/blog\/2013\/02\/05\/kortreist-i-romsdals-budstikke\/#primaryimage\",\"url\":\"http:\/\/www.terjeaamodt.com\/blog\/wp-content\/uploads\/2013\/02\/kortreistbilder_skoyter_sykkel_0001.jpg\",\"contentUrl\":\"http:\/\/www.terjeaamodt.com\/blog\/wp-content\/uploads\/2013\/02\/kortreistbilder_skoyter_sykkel_0001.jpg\"},{\"@type\":\"BreadcrumbList\",\"@id\":\"https:\/\/www.terjeaamodt.com\/blog\/2013\/02\/05\/kortreist-i-romsdals-budstikke\/#breadcrumb\",\"itemListElement\":[{\"@type\":\"ListItem\",\"position\":1,\"name\":\"Home\",\"item\":\"https:\/\/www.terjeaamodt.com\/blog\/\"},{\"@type\":\"ListItem\",\"position\":2,\"name\":\"Kortreist opplevelse i Romsdals Budstikke\"}]},{\"@type\":\"WebSite\",\"@id\":\"https:\/\/www.terjeaamodt.com\/blog\/#website\",\"url\":\"https:\/\/www.terjeaamodt.com\/blog\/\",\"name\":\"Terje Aamodt Photography blog\",\"description\":\"\",\"potentialAction\":[{\"@type\":\"SearchAction\",\"target\":{\"@type\":\"EntryPoint\",\"urlTemplate\":\"https:\/\/www.terjeaamodt.com\/blog\/?s={search_term_string}\"},\"query-input\":{\"@type\":\"PropertyValueSpecification\",\"valueRequired\":true,\"valueName\":\"search_term_string\"}}],\"inLanguage\":\"nb-NO\"},{\"@type\":\"Person\",\"@id\":\"https:\/\/www.terjeaamodt.com\/blog\/#\/schema\/person\/421fe074073d41cf4e17a2aaa426f5bd\",\"name\":\"Terje Aamodt\",\"image\":{\"@type\":\"ImageObject\",\"inLanguage\":\"nb-NO\",\"@id\":\"https:\/\/www.terjeaamodt.com\/blog\/#\/schema\/person\/image\/\",\"url\":\"https:\/\/secure.gravatar.com\/avatar\/42c15fcafccc8dea0466e1f48bbabee5d657af333b66d515f227538e430e6f37?s=96&d=mm&r=g\",\"contentUrl\":\"https:\/\/secure.gravatar.com\/avatar\/42c15fcafccc8dea0466e1f48bbabee5d657af333b66d515f227538e430e6f37?s=96&d=mm&r=g\",\"caption\":\"Terje Aamodt\"},\"description\":\"Terje Aamodt, fotograf og klattrer\",\"sameAs\":[\"http:\/\/www.terjeaamodt.com\"],\"url\":\"https:\/\/www.terjeaamodt.com\/blog\/author\/admin\/\"}]}<\/script>\n<!-- \/ Yoast SEO plugin. -->","yoast_head_json":{"title":"Kortreist opplevelse i Romsdals Budstikke | Terje Aamodt Photography blog","robots":{"index":"index","follow":"follow","max-snippet":"max-snippet:-1","max-image-preview":"max-image-preview:large","max-video-preview":"max-video-preview:-1"},"canonical":"https:\/\/www.terjeaamodt.com\/blog\/2013\/02\/05\/kortreist-i-romsdals-budstikke\/","og_locale":"nb_NO","og_type":"article","og_title":"Kortreist opplevelse i Romsdals Budstikke | Terje Aamodt Photography blog","og_description":"Veldig kjekt \u00e5 f\u00e5 v\u00e6re med Iver Gjelstenli, Arild Monsen og Ole Kristian Silseth p\u00e5 kortreist tur over 6 islagte vann i Fr\u00e6na og Eide. Slik s\u00e5g artikkelen ut da den kom p\u00e5 trykk i l\u00f8rdagsutgaven av Romsdals Budstikke.","og_url":"https:\/\/www.terjeaamodt.com\/blog\/2013\/02\/05\/kortreist-i-romsdals-budstikke\/","og_site_name":"Terje Aamodt Photography blog","article_publisher":"https:\/\/www.facebook.com\/Terje-Aamodt-Photography-161544107229708\/?ref=hl","article_published_time":"2013-02-05T22:02:23+00:00","article_modified_time":"2013-02-05T22:06:14+00:00","og_image":[{"url":"http:\/\/www.terjeaamodt.com\/blog\/wp-content\/uploads\/2013\/02\/kortreistbilder_skoyter_sykkel_0001.jpg","type":"","width":"","height":""}],"author":"Terje Aamodt","twitter_card":"summary_large_image","twitter_creator":"@aamodtfoto","twitter_site":"@aamodtfoto","twitter_misc":{"Skrevet av":"Terje Aamodt"},"schema":{"@context":"https:\/\/schema.org","@graph":[{"@type":"Article","@id":"https:\/\/www.terjeaamodt.com\/blog\/2013\/02\/05\/kortreist-i-romsdals-budstikke\/#article","isPartOf":{"@id":"https:\/\/www.terjeaamodt.com\/blog\/2013\/02\/05\/kortreist-i-romsdals-budstikke\/"},"author":{"name":"Terje Aamodt","@id":"https:\/\/www.terjeaamodt.com\/blog\/#\/schema\/person\/421fe074073d41cf4e17a2aaa426f5bd"},"headline":"Kortreist opplevelse i Romsdals Budstikke","datePublished":"2013-02-05T22:02:23+00:00","dateModified":"2013-02-05T22:06:14+00:00","mainEntityOfPage":{"@id":"https:\/\/www.terjeaamodt.com\/blog\/2013\/02\/05\/kortreist-i-romsdals-budstikke\/"},"wordCount":46,"commentCount":0,"image":{"@id":"https:\/\/www.terjeaamodt.com\/blog\/2013\/02\/05\/kortreist-i-romsdals-budstikke\/#primaryimage"},"thumbnailUrl":"http:\/\/www.terjeaamodt.com\/blog\/wp-content\/uploads\/2013\/02\/kortreistbilder_skoyter_sykkel_0001.jpg","keywords":["kortreist","Romsdal Budstikke","sk\u00f8ytebilder","Sk\u00f8ytefoto","Sk\u00f8yter","sykkel","sykkel foto","sykkelbilder"],"articleSection":["Natur","Presse","Sport","Sykkel"],"inLanguage":"nb-NO","potentialAction":[{"@type":"CommentAction","name":"Comment","target":["https:\/\/www.terjeaamodt.com\/blog\/2013\/02\/05\/kortreist-i-romsdals-budstikke\/#respond"]}]},{"@type":"WebPage","@id":"https:\/\/www.terjeaamodt.com\/blog\/2013\/02\/05\/kortreist-i-romsdals-budstikke\/","url":"https:\/\/www.terjeaamodt.com\/blog\/2013\/02\/05\/kortreist-i-romsdals-budstikke\/","name":"Kortreist opplevelse i Romsdals Budstikke | Terje Aamodt Photography blog","isPartOf":{"@id":"https:\/\/www.terjeaamodt.com\/blog\/#website"},"primaryImageOfPage":{"@id":"https:\/\/www.terjeaamodt.com\/blog\/2013\/02\/05\/kortreist-i-romsdals-budstikke\/#primaryimage"},"image":{"@id":"https:\/\/www.terjeaamodt.com\/blog\/2013\/02\/05\/kortreist-i-romsdals-budstikke\/#primaryimage"},"thumbnailUrl":"http:\/\/www.terjeaamodt.com\/blog\/wp-content\/uploads\/2013\/02\/kortreistbilder_skoyter_sykkel_0001.jpg","datePublished":"2013-02-05T22:02:23+00:00","dateModified":"2013-02-05T22:06:14+00:00","author":{"@id":"https:\/\/www.terjeaamodt.com\/blog\/#\/schema\/person\/421fe074073d41cf4e17a2aaa426f5bd"},"breadcrumb":{"@id":"https:\/\/www.terjeaamodt.com\/blog\/2013\/02\/05\/kortreist-i-romsdals-budstikke\/#breadcrumb"},"inLanguage":"nb-NO","potentialAction":[{"@type":"ReadAction","target":["https:\/\/www.terjeaamodt.com\/blog\/2013\/02\/05\/kortreist-i-romsdals-budstikke\/"]}]},{"@type":"ImageObject","inLanguage":"nb-NO","@id":"https:\/\/www.terjeaamodt.com\/blog\/2013\/02\/05\/kortreist-i-romsdals-budstikke\/#primaryimage","url":"http:\/\/www.terjeaamodt.com\/blog\/wp-content\/uploads\/2013\/02\/kortreistbilder_skoyter_sykkel_0001.jpg","contentUrl":"http:\/\/www.terjeaamodt.com\/blog\/wp-content\/uploads\/2013\/02\/kortreistbilder_skoyter_sykkel_0001.jpg"},{"@type":"BreadcrumbList","@id":"https:\/\/www.terjeaamodt.com\/blog\/2013\/02\/05\/kortreist-i-romsdals-budstikke\/#breadcrumb","itemListElement":[{"@type":"ListItem","position":1,"name":"Home","item":"https:\/\/www.terjeaamodt.com\/blog\/"},{"@type":"ListItem","position":2,"name":"Kortreist opplevelse i Romsdals Budstikke"}]},{"@type":"WebSite","@id":"https:\/\/www.terjeaamodt.com\/blog\/#website","url":"https:\/\/www.terjeaamodt.com\/blog\/","name":"Terje Aamodt Photography blog","description":"","potentialAction":[{"@type":"SearchAction","target":{"@type":"EntryPoint","urlTemplate":"https:\/\/www.terjeaamodt.com\/blog\/?s={search_term_string}"},"query-input":{"@type":"PropertyValueSpecification","valueRequired":true,"valueName":"search_term_string"}}],"inLanguage":"nb-NO"},{"@type":"Person","@id":"https:\/\/www.terjeaamodt.com\/blog\/#\/schema\/person\/421fe074073d41cf4e17a2aaa426f5bd","name":"Terje Aamodt","image":{"@type":"ImageObject","inLanguage":"nb-NO","@id":"https:\/\/www.terjeaamodt.com\/blog\/#\/schema\/person\/image\/","url":"https:\/\/secure.gravatar.com\/avatar\/42c15fcafccc8dea0466e1f48bbabee5d657af333b66d515f227538e430e6f37?s=96&d=mm&r=g","contentUrl":"https:\/\/secure.gravatar.com\/avatar\/42c15fcafccc8dea0466e1f48bbabee5d657af333b66d515f227538e430e6f37?s=96&d=mm&r=g","caption":"Terje Aamodt"},"description":"Terje Aamodt, fotograf og klattrer","sameAs":["http:\/\/www.terjeaamodt.com"],"url":"https:\/\/www.terjeaamodt.com\/blog\/author\/admin\/"}]}},"_links":{"self":[{"href":"https:\/\/www.terjeaamodt.com\/blog\/wp-json\/wp\/v2\/posts\/4430","targetHints":{"allow":["GET"]}}],"collection":[{"href":"https:\/\/www.terjeaamodt.com\/blog\/wp-json\/wp\/v2\/posts"}],"about":[{"href":"https:\/\/www.terjeaamodt.com\/blog\/wp-json\/wp\/v2\/types\/post"}],"author":[{"embeddable":true,"href":"https:\/\/www.terjeaamodt.com\/blog\/wp-json\/wp\/v2\/users\/1"}],"replies":[{"embeddable":true,"href":"https:\/\/www.terjeaamodt.com\/blog\/wp-json\/wp\/v2\/comments?post=4430"}],"version-history":[{"count":1,"href":"https:\/\/www.terjeaamodt.com\/blog\/wp-json\/wp\/v2\/posts\/4430\/revisions"}],"predecessor-version":[{"id":4431,"href":"https:\/\/www.terjeaamodt.com\/blog\/wp-json\/wp\/v2\/posts\/4430\/revisions\/4431"}],"wp:attachment":[{"href":"https:\/\/www.terjeaamodt.com\/blog\/wp-json\/wp\/v2\/media?parent=4430"}],"wp:term":[{"taxonomy":"category","embeddable":true,"href":"https:\/\/www.terjeaamodt.com\/blog\/wp-json\/wp\/v2\/categories?post=4430"},{"taxonomy":"post_tag","embeddable":true,"href":"https:\/\/www.terjeaamodt.com\/blog\/wp-json\/wp\/v2\/tags?post=4430"}],"curies":[{"name":"wp","href":"https:\/\/api.w.org\/{rel}","templated":true}]}}