{"id":5462,"date":"2014-06-17T07:24:44","date_gmt":"2014-06-17T12:24:44","guid":{"rendered":"http:\/\/www.terjeaamodt.com\/blog\/?p=5462"},"modified":"2014-06-17T07:25:01","modified_gmt":"2014-06-17T12:25:01","slug":"sykkelbilder-molde-moldepanorama","status":"publish","type":"post","link":"https:\/\/www.terjeaamodt.com\/blog\/2014\/06\/17\/sykkelbilder-molde-moldepanorama\/","title":{"rendered":"Sykkelbilder Molde | Moldepanorama"},"content":{"rendered":"<p>Super dag p\u00e5 jobb! Under kommer noen utvalgte bilder fra en fotoshoot vi hadde med sykkel i Molde. Det s\u00e5g lenge ut til at v\u00e6rgudene skulle spille oss ett puss, men da vi n\u00e6rmet oss toppen av Tusen\u00e5rsvarden skein det av og vi fikk tidenes v\u00e6r.<\/p>\n<p><img decoding=\"async\" src=\"http:\/\/www.terjeaamodt.com\/blog\/wp-content\/uploads\/2014\/06\/Sykkelbilder_molde_tusenarsvarden0001.jpg\" width=\"960\" height=\"351\" alt=\"Sykkelbilder_molde_tusenarsvarden0001.JPG\" \/><\/p>\n<p>Otto sykler ryggen ned fra Tusen\u00e5rsvaren med Moldepanoramaet som bakteppe.<\/p>\n<p><img decoding=\"async\" src=\"http:\/\/www.terjeaamodt.com\/blog\/wp-content\/uploads\/2014\/06\/Sykkelbilder_molde_tusenarsvarden0002.jpg\" width=\"960\" height=\"640\" alt=\"Sykkelbilder_molde_tusenarsvarden0002.JPG\" \/> <img decoding=\"async\" src=\"http:\/\/www.terjeaamodt.com\/blog\/wp-content\/uploads\/2014\/06\/Sykkelbilder_molde_tusenarsvarden0003.jpg\" width=\"960\" height=\"640\" alt=\"Sykkelbilder_molde_tusenarsvarden0003.JPG\" \/> <img decoding=\"async\" src=\"http:\/\/www.terjeaamodt.com\/blog\/wp-content\/uploads\/2014\/06\/Sykkelbilder_molde_tusenarsvarden0004.jpg\" width=\"960\" height=\"640\" alt=\"Sykkelbilder_molde_tusenarsvarden0004.JPG\" \/> <img decoding=\"async\" src=\"http:\/\/www.terjeaamodt.com\/blog\/wp-content\/uploads\/2014\/06\/Sykkelbilder_molde_tusenarsvarden0005.jpg\" width=\"960\" height=\"640\" alt=\"Sykkelbilder_molde_tusenarsvarden0005.JPG\" \/><\/p>\n","protected":false},"excerpt":{"rendered":"<p>Super dag p\u00e5 jobb! Under kommer noen utvalgte bilder fra en fotoshoot vi hadde med sykkel i Molde. Det s\u00e5g lenge ut til at v\u00e6rgudene skulle spille oss ett puss, men da vi n\u00e6rmet oss toppen av Tusen\u00e5rsvarden skein det av og vi fikk tidenes v\u00e6r. Otto sykler ryggen ned fra Tusen\u00e5rsvaren med Moldepanoramaet som [&hellip;]<\/p>\n","protected":false},"author":1,"featured_media":0,"comment_status":"open","ping_status":"closed","sticky":false,"template":"","format":"standard","meta":{"footnotes":""},"categories":[1],"tags":[424,565,116,269,566,416],"class_list":["post-5462","post","type-post","status-publish","format-standard","hentry","category-uncategorized","tag-sykkel-foto","tag-sykkel-fotograf","tag-sykkelbilde","tag-sykkelbilder","tag-sykkelbilder-molde","tag-sykkelfoto"],"yoast_head":"<!-- This site is optimized with the Yoast SEO plugin v27.1.1 - https:\/\/yoast.com\/product\/yoast-seo-wordpress\/ -->\n<title>Sykkelbilder Molde | Moldepanorama | Terje Aamodt Photography blog<\/title>\n<meta name=\"robots\" content=\"index, follow, max-snippet:-1, max-image-preview:large, max-video-preview:-1\" \/>\n<link rel=\"canonical\" href=\"https:\/\/www.terjeaamodt.com\/blog\/2014\/06\/17\/sykkelbilder-molde-moldepanorama\/\" \/>\n<meta property=\"og:locale\" content=\"nb_NO\" \/>\n<meta property=\"og:type\" content=\"article\" \/>\n<meta property=\"og:title\" content=\"Sykkelbilder Molde | Moldepanorama | Terje Aamodt Photography blog\" \/>\n<meta property=\"og:description\" content=\"Super dag p\u00e5 jobb! Under kommer noen utvalgte bilder fra en fotoshoot vi hadde med sykkel i Molde. Det s\u00e5g lenge ut til at v\u00e6rgudene skulle spille oss ett puss, men da vi n\u00e6rmet oss toppen av Tusen\u00e5rsvarden skein det av og vi fikk tidenes v\u00e6r. Otto sykler ryggen ned fra Tusen\u00e5rsvaren med Moldepanoramaet som [&hellip;]\" \/>\n<meta property=\"og:url\" content=\"https:\/\/www.terjeaamodt.com\/blog\/2014\/06\/17\/sykkelbilder-molde-moldepanorama\/\" \/>\n<meta property=\"og:site_name\" content=\"Terje Aamodt Photography blog\" \/>\n<meta property=\"article:publisher\" content=\"https:\/\/www.facebook.com\/Terje-Aamodt-Photography-161544107229708\/?ref=hl\" \/>\n<meta property=\"article:published_time\" content=\"2014-06-17T12:24:44+00:00\" \/>\n<meta property=\"article:modified_time\" content=\"2014-06-17T12:25:01+00:00\" \/>\n<meta property=\"og:image\" content=\"http:\/\/www.terjeaamodt.com\/blog\/wp-content\/uploads\/2014\/06\/Sykkelbilder_molde_tusenarsvarden0001.jpg\" \/>\n<meta name=\"author\" content=\"Terje Aamodt\" \/>\n<meta name=\"twitter:card\" content=\"summary_large_image\" \/>\n<meta name=\"twitter:creator\" content=\"@aamodtfoto\" \/>\n<meta name=\"twitter:site\" content=\"@aamodtfoto\" \/>\n<meta name=\"twitter:label1\" content=\"Skrevet av\" \/>\n\t<meta name=\"twitter:data1\" content=\"Terje Aamodt\" \/>\n<script type=\"application\/ld+json\" class=\"yoast-schema-graph\">{\"@context\":\"https:\/\/schema.org\",\"@graph\":[{\"@type\":\"Article\",\"@id\":\"https:\/\/www.terjeaamodt.com\/blog\/2014\/06\/17\/sykkelbilder-molde-moldepanorama\/#article\",\"isPartOf\":{\"@id\":\"https:\/\/www.terjeaamodt.com\/blog\/2014\/06\/17\/sykkelbilder-molde-moldepanorama\/\"},\"author\":{\"name\":\"Terje Aamodt\",\"@id\":\"https:\/\/www.terjeaamodt.com\/blog\/#\/schema\/person\/421fe074073d41cf4e17a2aaa426f5bd\"},\"headline\":\"Sykkelbilder Molde | Moldepanorama\",\"datePublished\":\"2014-06-17T12:24:44+00:00\",\"dateModified\":\"2014-06-17T12:25:01+00:00\",\"mainEntityOfPage\":{\"@id\":\"https:\/\/www.terjeaamodt.com\/blog\/2014\/06\/17\/sykkelbilder-molde-moldepanorama\/\"},\"wordCount\":65,\"commentCount\":0,\"image\":{\"@id\":\"https:\/\/www.terjeaamodt.com\/blog\/2014\/06\/17\/sykkelbilder-molde-moldepanorama\/#primaryimage\"},\"thumbnailUrl\":\"http:\/\/www.terjeaamodt.com\/blog\/wp-content\/uploads\/2014\/06\/Sykkelbilder_molde_tusenarsvarden0001.jpg\",\"keywords\":[\"sykkel foto\",\"Sykkel fotograf\",\"Sykkelbilde\",\"sykkelbilder\",\"Sykkelbilder Molde\",\"Sykkelfoto\"],\"articleSection\":[\"Uncategorized\"],\"inLanguage\":\"nb-NO\",\"potentialAction\":[{\"@type\":\"CommentAction\",\"name\":\"Comment\",\"target\":[\"https:\/\/www.terjeaamodt.com\/blog\/2014\/06\/17\/sykkelbilder-molde-moldepanorama\/#respond\"]}]},{\"@type\":\"WebPage\",\"@id\":\"https:\/\/www.terjeaamodt.com\/blog\/2014\/06\/17\/sykkelbilder-molde-moldepanorama\/\",\"url\":\"https:\/\/www.terjeaamodt.com\/blog\/2014\/06\/17\/sykkelbilder-molde-moldepanorama\/\",\"name\":\"Sykkelbilder Molde | Moldepanorama | Terje Aamodt Photography blog\",\"isPartOf\":{\"@id\":\"https:\/\/www.terjeaamodt.com\/blog\/#website\"},\"primaryImageOfPage\":{\"@id\":\"https:\/\/www.terjeaamodt.com\/blog\/2014\/06\/17\/sykkelbilder-molde-moldepanorama\/#primaryimage\"},\"image\":{\"@id\":\"https:\/\/www.terjeaamodt.com\/blog\/2014\/06\/17\/sykkelbilder-molde-moldepanorama\/#primaryimage\"},\"thumbnailUrl\":\"http:\/\/www.terjeaamodt.com\/blog\/wp-content\/uploads\/2014\/06\/Sykkelbilder_molde_tusenarsvarden0001.jpg\",\"datePublished\":\"2014-06-17T12:24:44+00:00\",\"dateModified\":\"2014-06-17T12:25:01+00:00\",\"author\":{\"@id\":\"https:\/\/www.terjeaamodt.com\/blog\/#\/schema\/person\/421fe074073d41cf4e17a2aaa426f5bd\"},\"breadcrumb\":{\"@id\":\"https:\/\/www.terjeaamodt.com\/blog\/2014\/06\/17\/sykkelbilder-molde-moldepanorama\/#breadcrumb\"},\"inLanguage\":\"nb-NO\",\"potentialAction\":[{\"@type\":\"ReadAction\",\"target\":[\"https:\/\/www.terjeaamodt.com\/blog\/2014\/06\/17\/sykkelbilder-molde-moldepanorama\/\"]}]},{\"@type\":\"ImageObject\",\"inLanguage\":\"nb-NO\",\"@id\":\"https:\/\/www.terjeaamodt.com\/blog\/2014\/06\/17\/sykkelbilder-molde-moldepanorama\/#primaryimage\",\"url\":\"http:\/\/www.terjeaamodt.com\/blog\/wp-content\/uploads\/2014\/06\/Sykkelbilder_molde_tusenarsvarden0001.jpg\",\"contentUrl\":\"http:\/\/www.terjeaamodt.com\/blog\/wp-content\/uploads\/2014\/06\/Sykkelbilder_molde_tusenarsvarden0001.jpg\"},{\"@type\":\"BreadcrumbList\",\"@id\":\"https:\/\/www.terjeaamodt.com\/blog\/2014\/06\/17\/sykkelbilder-molde-moldepanorama\/#breadcrumb\",\"itemListElement\":[{\"@type\":\"ListItem\",\"position\":1,\"name\":\"Home\",\"item\":\"https:\/\/www.terjeaamodt.com\/blog\/\"},{\"@type\":\"ListItem\",\"position\":2,\"name\":\"Sykkelbilder Molde | Moldepanorama\"}]},{\"@type\":\"WebSite\",\"@id\":\"https:\/\/www.terjeaamodt.com\/blog\/#website\",\"url\":\"https:\/\/www.terjeaamodt.com\/blog\/\",\"name\":\"Terje Aamodt Photography blog\",\"description\":\"\",\"potentialAction\":[{\"@type\":\"SearchAction\",\"target\":{\"@type\":\"EntryPoint\",\"urlTemplate\":\"https:\/\/www.terjeaamodt.com\/blog\/?s={search_term_string}\"},\"query-input\":{\"@type\":\"PropertyValueSpecification\",\"valueRequired\":true,\"valueName\":\"search_term_string\"}}],\"inLanguage\":\"nb-NO\"},{\"@type\":\"Person\",\"@id\":\"https:\/\/www.terjeaamodt.com\/blog\/#\/schema\/person\/421fe074073d41cf4e17a2aaa426f5bd\",\"name\":\"Terje Aamodt\",\"image\":{\"@type\":\"ImageObject\",\"inLanguage\":\"nb-NO\",\"@id\":\"https:\/\/www.terjeaamodt.com\/blog\/#\/schema\/person\/image\/\",\"url\":\"https:\/\/secure.gravatar.com\/avatar\/42c15fcafccc8dea0466e1f48bbabee5d657af333b66d515f227538e430e6f37?s=96&d=mm&r=g\",\"contentUrl\":\"https:\/\/secure.gravatar.com\/avatar\/42c15fcafccc8dea0466e1f48bbabee5d657af333b66d515f227538e430e6f37?s=96&d=mm&r=g\",\"caption\":\"Terje Aamodt\"},\"description\":\"Terje Aamodt, fotograf og klattrer\",\"sameAs\":[\"http:\/\/www.terjeaamodt.com\"],\"url\":\"https:\/\/www.terjeaamodt.com\/blog\/author\/admin\/\"}]}<\/script>\n<!-- \/ Yoast SEO plugin. -->","yoast_head_json":{"title":"Sykkelbilder Molde | Moldepanorama | Terje Aamodt Photography blog","robots":{"index":"index","follow":"follow","max-snippet":"max-snippet:-1","max-image-preview":"max-image-preview:large","max-video-preview":"max-video-preview:-1"},"canonical":"https:\/\/www.terjeaamodt.com\/blog\/2014\/06\/17\/sykkelbilder-molde-moldepanorama\/","og_locale":"nb_NO","og_type":"article","og_title":"Sykkelbilder Molde | Moldepanorama | Terje Aamodt Photography blog","og_description":"Super dag p\u00e5 jobb! Under kommer noen utvalgte bilder fra en fotoshoot vi hadde med sykkel i Molde. Det s\u00e5g lenge ut til at v\u00e6rgudene skulle spille oss ett puss, men da vi n\u00e6rmet oss toppen av Tusen\u00e5rsvarden skein det av og vi fikk tidenes v\u00e6r. Otto sykler ryggen ned fra Tusen\u00e5rsvaren med Moldepanoramaet som [&hellip;]","og_url":"https:\/\/www.terjeaamodt.com\/blog\/2014\/06\/17\/sykkelbilder-molde-moldepanorama\/","og_site_name":"Terje Aamodt Photography blog","article_publisher":"https:\/\/www.facebook.com\/Terje-Aamodt-Photography-161544107229708\/?ref=hl","article_published_time":"2014-06-17T12:24:44+00:00","article_modified_time":"2014-06-17T12:25:01+00:00","og_image":[{"url":"http:\/\/www.terjeaamodt.com\/blog\/wp-content\/uploads\/2014\/06\/Sykkelbilder_molde_tusenarsvarden0001.jpg","type":"","width":"","height":""}],"author":"Terje Aamodt","twitter_card":"summary_large_image","twitter_creator":"@aamodtfoto","twitter_site":"@aamodtfoto","twitter_misc":{"Skrevet av":"Terje Aamodt"},"schema":{"@context":"https:\/\/schema.org","@graph":[{"@type":"Article","@id":"https:\/\/www.terjeaamodt.com\/blog\/2014\/06\/17\/sykkelbilder-molde-moldepanorama\/#article","isPartOf":{"@id":"https:\/\/www.terjeaamodt.com\/blog\/2014\/06\/17\/sykkelbilder-molde-moldepanorama\/"},"author":{"name":"Terje Aamodt","@id":"https:\/\/www.terjeaamodt.com\/blog\/#\/schema\/person\/421fe074073d41cf4e17a2aaa426f5bd"},"headline":"Sykkelbilder Molde | Moldepanorama","datePublished":"2014-06-17T12:24:44+00:00","dateModified":"2014-06-17T12:25:01+00:00","mainEntityOfPage":{"@id":"https:\/\/www.terjeaamodt.com\/blog\/2014\/06\/17\/sykkelbilder-molde-moldepanorama\/"},"wordCount":65,"commentCount":0,"image":{"@id":"https:\/\/www.terjeaamodt.com\/blog\/2014\/06\/17\/sykkelbilder-molde-moldepanorama\/#primaryimage"},"thumbnailUrl":"http:\/\/www.terjeaamodt.com\/blog\/wp-content\/uploads\/2014\/06\/Sykkelbilder_molde_tusenarsvarden0001.jpg","keywords":["sykkel foto","Sykkel fotograf","Sykkelbilde","sykkelbilder","Sykkelbilder Molde","Sykkelfoto"],"articleSection":["Uncategorized"],"inLanguage":"nb-NO","potentialAction":[{"@type":"CommentAction","name":"Comment","target":["https:\/\/www.terjeaamodt.com\/blog\/2014\/06\/17\/sykkelbilder-molde-moldepanorama\/#respond"]}]},{"@type":"WebPage","@id":"https:\/\/www.terjeaamodt.com\/blog\/2014\/06\/17\/sykkelbilder-molde-moldepanorama\/","url":"https:\/\/www.terjeaamodt.com\/blog\/2014\/06\/17\/sykkelbilder-molde-moldepanorama\/","name":"Sykkelbilder Molde | Moldepanorama | Terje Aamodt Photography blog","isPartOf":{"@id":"https:\/\/www.terjeaamodt.com\/blog\/#website"},"primaryImageOfPage":{"@id":"https:\/\/www.terjeaamodt.com\/blog\/2014\/06\/17\/sykkelbilder-molde-moldepanorama\/#primaryimage"},"image":{"@id":"https:\/\/www.terjeaamodt.com\/blog\/2014\/06\/17\/sykkelbilder-molde-moldepanorama\/#primaryimage"},"thumbnailUrl":"http:\/\/www.terjeaamodt.com\/blog\/wp-content\/uploads\/2014\/06\/Sykkelbilder_molde_tusenarsvarden0001.jpg","datePublished":"2014-06-17T12:24:44+00:00","dateModified":"2014-06-17T12:25:01+00:00","author":{"@id":"https:\/\/www.terjeaamodt.com\/blog\/#\/schema\/person\/421fe074073d41cf4e17a2aaa426f5bd"},"breadcrumb":{"@id":"https:\/\/www.terjeaamodt.com\/blog\/2014\/06\/17\/sykkelbilder-molde-moldepanorama\/#breadcrumb"},"inLanguage":"nb-NO","potentialAction":[{"@type":"ReadAction","target":["https:\/\/www.terjeaamodt.com\/blog\/2014\/06\/17\/sykkelbilder-molde-moldepanorama\/"]}]},{"@type":"ImageObject","inLanguage":"nb-NO","@id":"https:\/\/www.terjeaamodt.com\/blog\/2014\/06\/17\/sykkelbilder-molde-moldepanorama\/#primaryimage","url":"http:\/\/www.terjeaamodt.com\/blog\/wp-content\/uploads\/2014\/06\/Sykkelbilder_molde_tusenarsvarden0001.jpg","contentUrl":"http:\/\/www.terjeaamodt.com\/blog\/wp-content\/uploads\/2014\/06\/Sykkelbilder_molde_tusenarsvarden0001.jpg"},{"@type":"BreadcrumbList","@id":"https:\/\/www.terjeaamodt.com\/blog\/2014\/06\/17\/sykkelbilder-molde-moldepanorama\/#breadcrumb","itemListElement":[{"@type":"ListItem","position":1,"name":"Home","item":"https:\/\/www.terjeaamodt.com\/blog\/"},{"@type":"ListItem","position":2,"name":"Sykkelbilder Molde | Moldepanorama"}]},{"@type":"WebSite","@id":"https:\/\/www.terjeaamodt.com\/blog\/#website","url":"https:\/\/www.terjeaamodt.com\/blog\/","name":"Terje Aamodt Photography blog","description":"","potentialAction":[{"@type":"SearchAction","target":{"@type":"EntryPoint","urlTemplate":"https:\/\/www.terjeaamodt.com\/blog\/?s={search_term_string}"},"query-input":{"@type":"PropertyValueSpecification","valueRequired":true,"valueName":"search_term_string"}}],"inLanguage":"nb-NO"},{"@type":"Person","@id":"https:\/\/www.terjeaamodt.com\/blog\/#\/schema\/person\/421fe074073d41cf4e17a2aaa426f5bd","name":"Terje Aamodt","image":{"@type":"ImageObject","inLanguage":"nb-NO","@id":"https:\/\/www.terjeaamodt.com\/blog\/#\/schema\/person\/image\/","url":"https:\/\/secure.gravatar.com\/avatar\/42c15fcafccc8dea0466e1f48bbabee5d657af333b66d515f227538e430e6f37?s=96&d=mm&r=g","contentUrl":"https:\/\/secure.gravatar.com\/avatar\/42c15fcafccc8dea0466e1f48bbabee5d657af333b66d515f227538e430e6f37?s=96&d=mm&r=g","caption":"Terje Aamodt"},"description":"Terje Aamodt, fotograf og klattrer","sameAs":["http:\/\/www.terjeaamodt.com"],"url":"https:\/\/www.terjeaamodt.com\/blog\/author\/admin\/"}]}},"_links":{"self":[{"href":"https:\/\/www.terjeaamodt.com\/blog\/wp-json\/wp\/v2\/posts\/5462","targetHints":{"allow":["GET"]}}],"collection":[{"href":"https:\/\/www.terjeaamodt.com\/blog\/wp-json\/wp\/v2\/posts"}],"about":[{"href":"https:\/\/www.terjeaamodt.com\/blog\/wp-json\/wp\/v2\/types\/post"}],"author":[{"embeddable":true,"href":"https:\/\/www.terjeaamodt.com\/blog\/wp-json\/wp\/v2\/users\/1"}],"replies":[{"embeddable":true,"href":"https:\/\/www.terjeaamodt.com\/blog\/wp-json\/wp\/v2\/comments?post=5462"}],"version-history":[{"count":1,"href":"https:\/\/www.terjeaamodt.com\/blog\/wp-json\/wp\/v2\/posts\/5462\/revisions"}],"predecessor-version":[{"id":5463,"href":"https:\/\/www.terjeaamodt.com\/blog\/wp-json\/wp\/v2\/posts\/5462\/revisions\/5463"}],"wp:attachment":[{"href":"https:\/\/www.terjeaamodt.com\/blog\/wp-json\/wp\/v2\/media?parent=5462"}],"wp:term":[{"taxonomy":"category","embeddable":true,"href":"https:\/\/www.terjeaamodt.com\/blog\/wp-json\/wp\/v2\/categories?post=5462"},{"taxonomy":"post_tag","embeddable":true,"href":"https:\/\/www.terjeaamodt.com\/blog\/wp-json\/wp\/v2\/tags?post=5462"}],"curies":[{"name":"wp","href":"https:\/\/api.w.org\/{rel}","templated":true}]}}