{"id":5706,"date":"2014-08-19T07:04:57","date_gmt":"2014-08-19T12:04:57","guid":{"rendered":"http:\/\/www.terjeaamodt.com\/blog\/?p=5706"},"modified":"2014-08-19T07:06:52","modified_gmt":"2014-08-19T12:06:52","slug":"stisykling%e2%8e%9cmtb%e2%8e%9coppdal","status":"publish","type":"post","link":"https:\/\/www.terjeaamodt.com\/blog\/2014\/08\/19\/stisykling%e2%8e%9cmtb%e2%8e%9coppdal\/","title":{"rendered":"Stisykling\u239cMTB\u239cOppdal"},"content":{"rendered":"<p>Alltid kjekt \u00e5 f\u00e5 teste ut nye steder \u00e5 sykle og i g\u00e5r fikk jeg v\u00e6re med Joakim G Eide og Anders Baatz p\u00e5 en tur opp til Liab\u00f8s\u00e6tra. For \u00e5 komme dit tar du av midt oppe i Gr\u00e5ura og kj\u00f8rer mot Klevgardan. Ved veis ende parkerer du bilen, og s\u00e5 er det bare \u00e5 f\u00f8lge merka sti opp til Liab\u00f8s\u00e6tra. Fra setra har du spektakul\u00e6r utsikt ned mot Gj\u00f8ra. Under kommer noen sykkelbilder fra turen ned.<\/p>\n<p><img decoding=\"async\" src=\"http:\/\/www.terjeaamodt.com\/blog\/wp-content\/uploads\/2014\/08\/stisykling_oppdal_0001.jpg\" width=\"960\" height=\"640\" alt=\"stisykling_oppdal_0001.JPG\" \/> <img decoding=\"async\" src=\"http:\/\/www.terjeaamodt.com\/blog\/wp-content\/uploads\/2014\/08\/stisykling_oppdal_0002.jpg\" width=\"960\" height=\"640\" alt=\"stisykling_oppdal_0002.JPG\" \/> <img decoding=\"async\" src=\"http:\/\/www.terjeaamodt.com\/blog\/wp-content\/uploads\/2014\/08\/stisykling_oppdal_0003.jpg\" width=\"960\" height=\"640\" alt=\"stisykling_oppdal_0003.JPG\" \/> <img decoding=\"async\" src=\"http:\/\/www.terjeaamodt.com\/blog\/wp-content\/uploads\/2014\/08\/stisykling_oppdal_0004.jpg\" width=\"960\" height=\"640\" alt=\"stisykling_oppdal_0004.JPG\" \/> <img decoding=\"async\" src=\"http:\/\/www.terjeaamodt.com\/blog\/wp-content\/uploads\/2014\/08\/stisykling_oppdal_0005.jpg\" width=\"960\" height=\"640\" alt=\"stisykling_oppdal_0005.JPG\" \/> <img decoding=\"async\" src=\"http:\/\/www.terjeaamodt.com\/blog\/wp-content\/uploads\/2014\/08\/stisykling_oppdal_0006.jpg\" width=\"960\" height=\"640\" alt=\"stisykling_oppdal_0006.JPG\" \/> <img decoding=\"async\" src=\"http:\/\/www.terjeaamodt.com\/blog\/wp-content\/uploads\/2014\/08\/stisykling_oppdal_0007.jpg\" width=\"960\" height=\"640\" alt=\"stisykling_oppdal_0007.JPG\" \/> <img decoding=\"async\" src=\"http:\/\/www.terjeaamodt.com\/blog\/wp-content\/uploads\/2014\/08\/stisykling_oppdal_0008.jpg\" width=\"960\" height=\"640\" alt=\"stisykling_oppdal_0008.JPG\" \/> <img decoding=\"async\" src=\"http:\/\/www.terjeaamodt.com\/blog\/wp-content\/uploads\/2014\/08\/stisykling_oppdal_0009.jpg\" width=\"960\" height=\"640\" alt=\"stisykling_oppdal_0009.JPG\" \/> <img decoding=\"async\" src=\"http:\/\/www.terjeaamodt.com\/blog\/wp-content\/uploads\/2014\/08\/stisykling_oppdal_0010.jpg\" width=\"960\" height=\"640\" alt=\"stisykling_oppdal_0010.JPG\" \/> <img decoding=\"async\" src=\"http:\/\/www.terjeaamodt.com\/blog\/wp-content\/uploads\/2014\/08\/stisykling_oppdal_0011.jpg\" width=\"960\" height=\"640\" alt=\"stisykling_oppdal_0011.JPG\" \/> <img decoding=\"async\" src=\"http:\/\/www.terjeaamodt.com\/blog\/wp-content\/uploads\/2014\/08\/stisykling_oppdal_0012.jpg\" width=\"960\" height=\"640\" alt=\"stisykling_oppdal_0012.JPG\" \/> <img decoding=\"async\" src=\"http:\/\/www.terjeaamodt.com\/blog\/wp-content\/uploads\/2014\/08\/stisykling_oppdal_0013.jpg\" width=\"960\" height=\"640\" alt=\"stisykling_oppdal_0013.JPG\" \/> <img decoding=\"async\" src=\"http:\/\/www.terjeaamodt.com\/blog\/wp-content\/uploads\/2014\/08\/stisykling_oppdal_0014.jpg\" width=\"960\" height=\"640\" alt=\"stisykling_oppdal_0014.JPG\" \/> <img decoding=\"async\" src=\"http:\/\/www.terjeaamodt.com\/blog\/wp-content\/uploads\/2014\/08\/stisykling_oppdal_0015.jpg\" width=\"960\" height=\"640\" alt=\"stisykling_oppdal_0015.JPG\" \/> <img decoding=\"async\" src=\"http:\/\/www.terjeaamodt.com\/blog\/wp-content\/uploads\/2014\/08\/stisykling_oppdal_0016.jpg\" width=\"960\" height=\"640\" alt=\"stisykling_oppdal_0016.JPG\" \/> <img decoding=\"async\" src=\"http:\/\/www.terjeaamodt.com\/blog\/wp-content\/uploads\/2014\/08\/stisykling_oppdal_0017.jpg\" width=\"960\" height=\"640\" alt=\"stisykling_oppdal_0017.JPG\" \/> <img decoding=\"async\" src=\"http:\/\/www.terjeaamodt.com\/blog\/wp-content\/uploads\/2014\/08\/stisykling_oppdal_0018.jpg\" width=\"960\" height=\"640\" alt=\"stisykling_oppdal_0018.JPG\" \/> <img decoding=\"async\" src=\"http:\/\/www.terjeaamodt.com\/blog\/wp-content\/uploads\/2014\/08\/stisykling_oppdal_0019.jpg\" width=\"960\" height=\"640\" alt=\"stisykling_oppdal_0019.JPG\" \/> <img decoding=\"async\" src=\"http:\/\/www.terjeaamodt.com\/blog\/wp-content\/uploads\/2014\/08\/stisykling_oppdal_0020.jpg\" width=\"960\" height=\"640\" alt=\"stisykling_oppdal_0020.JPG\" \/> <img decoding=\"async\" src=\"http:\/\/www.terjeaamodt.com\/blog\/wp-content\/uploads\/2014\/08\/stisykling_oppdal_0021.jpg\" width=\"960\" height=\"640\" alt=\"stisykling_oppdal_0021.JPG\" \/> <img decoding=\"async\" src=\"http:\/\/www.terjeaamodt.com\/blog\/wp-content\/uploads\/2014\/08\/stisykling_oppdal_0022.jpg\" width=\"960\" height=\"640\" alt=\"stisykling_oppdal_0022.JPG\" \/> <img decoding=\"async\" src=\"http:\/\/www.terjeaamodt.com\/blog\/wp-content\/uploads\/2014\/08\/stisykling_oppdal_0023.jpg\" width=\"960\" height=\"641\" alt=\"stisykling_oppdal_0023.JPG\" \/> <img decoding=\"async\" src=\"http:\/\/www.terjeaamodt.com\/blog\/wp-content\/uploads\/2014\/08\/stisykling_oppdal_0024.jpg\" width=\"960\" height=\"640\" alt=\"stisykling_oppdal_0024.JPG\" \/> <img decoding=\"async\" src=\"http:\/\/www.terjeaamodt.com\/blog\/wp-content\/uploads\/2014\/08\/stisykling_oppdal_0025.jpg\" width=\"960\" height=\"640\" alt=\"stisykling_oppdal_0025.JPG\" \/><\/p>\n","protected":false},"excerpt":{"rendered":"<p>Alltid kjekt \u00e5 f\u00e5 teste ut nye steder \u00e5 sykle og i g\u00e5r fikk jeg v\u00e6re med Joakim G Eide og Anders Baatz p\u00e5 en tur opp til Liab\u00f8s\u00e6tra. For \u00e5 komme dit tar du av midt oppe i Gr\u00e5ura og kj\u00f8rer mot Klevgardan. Ved veis ende parkerer du bilen, og s\u00e5 er det bare [&hellip;]<\/p>\n","protected":false},"author":1,"featured_media":0,"comment_status":"open","ping_status":"closed","sticky":false,"template":"","format":"standard","meta":{"footnotes":""},"categories":[1],"tags":[357,463,577,266,268,353,576],"class_list":["post-5706","post","type-post","status-publish","format-standard","hentry","category-uncategorized","tag-bike-photography-norway","tag-bike-pictures-norway","tag-liabosaetra","tag-stisykkel","tag-stisykkling","tag-stisykkling-norge","tag-sykling-oppdal"],"yoast_head":"<!-- This site is optimized with the Yoast SEO plugin v27.1.1 - https:\/\/yoast.com\/product\/yoast-seo-wordpress\/ -->\n<title>Stisykling\u239cMTB\u239cOppdal | Terje Aamodt Photography blog<\/title>\n<meta name=\"robots\" content=\"index, follow, max-snippet:-1, max-image-preview:large, max-video-preview:-1\" \/>\n<link rel=\"canonical\" href=\"https:\/\/www.terjeaamodt.com\/blog\/2014\/08\/19\/stisykling\u239cmtb\u239coppdal\/\" \/>\n<meta property=\"og:locale\" content=\"nb_NO\" \/>\n<meta property=\"og:type\" content=\"article\" \/>\n<meta property=\"og:title\" content=\"Stisykling\u239cMTB\u239cOppdal | Terje Aamodt Photography blog\" \/>\n<meta property=\"og:description\" content=\"Alltid kjekt \u00e5 f\u00e5 teste ut nye steder \u00e5 sykle og i g\u00e5r fikk jeg v\u00e6re med Joakim G Eide og Anders Baatz p\u00e5 en tur opp til Liab\u00f8s\u00e6tra. For \u00e5 komme dit tar du av midt oppe i Gr\u00e5ura og kj\u00f8rer mot Klevgardan. Ved veis ende parkerer du bilen, og s\u00e5 er det bare [&hellip;]\" \/>\n<meta property=\"og:url\" content=\"https:\/\/www.terjeaamodt.com\/blog\/2014\/08\/19\/stisykling\u239cmtb\u239coppdal\/\" \/>\n<meta property=\"og:site_name\" content=\"Terje Aamodt Photography blog\" \/>\n<meta property=\"article:publisher\" content=\"https:\/\/www.facebook.com\/Terje-Aamodt-Photography-161544107229708\/?ref=hl\" \/>\n<meta property=\"article:published_time\" content=\"2014-08-19T12:04:57+00:00\" \/>\n<meta property=\"article:modified_time\" content=\"2014-08-19T12:06:52+00:00\" \/>\n<meta property=\"og:image\" content=\"http:\/\/www.terjeaamodt.com\/blog\/wp-content\/uploads\/2014\/08\/stisykling_oppdal_0001.jpg\" \/>\n<meta name=\"author\" content=\"Terje Aamodt\" \/>\n<meta name=\"twitter:card\" content=\"summary_large_image\" \/>\n<meta name=\"twitter:creator\" content=\"@aamodtfoto\" \/>\n<meta name=\"twitter:site\" content=\"@aamodtfoto\" \/>\n<meta name=\"twitter:label1\" content=\"Skrevet av\" \/>\n\t<meta name=\"twitter:data1\" content=\"Terje Aamodt\" \/>\n<script type=\"application\/ld+json\" class=\"yoast-schema-graph\">{\"@context\":\"https:\/\/schema.org\",\"@graph\":[{\"@type\":\"Article\",\"@id\":\"https:\/\/www.terjeaamodt.com\/blog\/2014\/08\/19\/stisykling%e2%8e%9cmtb%e2%8e%9coppdal\/#article\",\"isPartOf\":{\"@id\":\"https:\/\/www.terjeaamodt.com\/blog\/2014\/08\/19\/stisykling%e2%8e%9cmtb%e2%8e%9coppdal\/\"},\"author\":{\"name\":\"Terje Aamodt\",\"@id\":\"https:\/\/www.terjeaamodt.com\/blog\/#\/schema\/person\/421fe074073d41cf4e17a2aaa426f5bd\"},\"headline\":\"Stisykling\u239cMTB\u239cOppdal\",\"datePublished\":\"2014-08-19T12:04:57+00:00\",\"dateModified\":\"2014-08-19T12:06:52+00:00\",\"mainEntityOfPage\":{\"@id\":\"https:\/\/www.terjeaamodt.com\/blog\/2014\/08\/19\/stisykling%e2%8e%9cmtb%e2%8e%9coppdal\/\"},\"wordCount\":88,\"commentCount\":0,\"image\":{\"@id\":\"https:\/\/www.terjeaamodt.com\/blog\/2014\/08\/19\/stisykling%e2%8e%9cmtb%e2%8e%9coppdal\/#primaryimage\"},\"thumbnailUrl\":\"http:\/\/www.terjeaamodt.com\/blog\/wp-content\/uploads\/2014\/08\/stisykling_oppdal_0001.jpg\",\"keywords\":[\"Bike photography Norway\",\"bike pictures Norway\",\"Liab\u00f8s\u00e6tra\",\"Stisykkel\",\"Stisykkling\",\"Stisykkling Norge\",\"sykling Oppdal\"],\"articleSection\":[\"Uncategorized\"],\"inLanguage\":\"nb-NO\",\"potentialAction\":[{\"@type\":\"CommentAction\",\"name\":\"Comment\",\"target\":[\"https:\/\/www.terjeaamodt.com\/blog\/2014\/08\/19\/stisykling%e2%8e%9cmtb%e2%8e%9coppdal\/#respond\"]}]},{\"@type\":\"WebPage\",\"@id\":\"https:\/\/www.terjeaamodt.com\/blog\/2014\/08\/19\/stisykling%e2%8e%9cmtb%e2%8e%9coppdal\/\",\"url\":\"https:\/\/www.terjeaamodt.com\/blog\/2014\/08\/19\/stisykling%e2%8e%9cmtb%e2%8e%9coppdal\/\",\"name\":\"Stisykling\u239cMTB\u239cOppdal | Terje Aamodt Photography blog\",\"isPartOf\":{\"@id\":\"https:\/\/www.terjeaamodt.com\/blog\/#website\"},\"primaryImageOfPage\":{\"@id\":\"https:\/\/www.terjeaamodt.com\/blog\/2014\/08\/19\/stisykling%e2%8e%9cmtb%e2%8e%9coppdal\/#primaryimage\"},\"image\":{\"@id\":\"https:\/\/www.terjeaamodt.com\/blog\/2014\/08\/19\/stisykling%e2%8e%9cmtb%e2%8e%9coppdal\/#primaryimage\"},\"thumbnailUrl\":\"http:\/\/www.terjeaamodt.com\/blog\/wp-content\/uploads\/2014\/08\/stisykling_oppdal_0001.jpg\",\"datePublished\":\"2014-08-19T12:04:57+00:00\",\"dateModified\":\"2014-08-19T12:06:52+00:00\",\"author\":{\"@id\":\"https:\/\/www.terjeaamodt.com\/blog\/#\/schema\/person\/421fe074073d41cf4e17a2aaa426f5bd\"},\"breadcrumb\":{\"@id\":\"https:\/\/www.terjeaamodt.com\/blog\/2014\/08\/19\/stisykling%e2%8e%9cmtb%e2%8e%9coppdal\/#breadcrumb\"},\"inLanguage\":\"nb-NO\",\"potentialAction\":[{\"@type\":\"ReadAction\",\"target\":[\"https:\/\/www.terjeaamodt.com\/blog\/2014\/08\/19\/stisykling%e2%8e%9cmtb%e2%8e%9coppdal\/\"]}]},{\"@type\":\"ImageObject\",\"inLanguage\":\"nb-NO\",\"@id\":\"https:\/\/www.terjeaamodt.com\/blog\/2014\/08\/19\/stisykling%e2%8e%9cmtb%e2%8e%9coppdal\/#primaryimage\",\"url\":\"http:\/\/www.terjeaamodt.com\/blog\/wp-content\/uploads\/2014\/08\/stisykling_oppdal_0001.jpg\",\"contentUrl\":\"http:\/\/www.terjeaamodt.com\/blog\/wp-content\/uploads\/2014\/08\/stisykling_oppdal_0001.jpg\"},{\"@type\":\"BreadcrumbList\",\"@id\":\"https:\/\/www.terjeaamodt.com\/blog\/2014\/08\/19\/stisykling%e2%8e%9cmtb%e2%8e%9coppdal\/#breadcrumb\",\"itemListElement\":[{\"@type\":\"ListItem\",\"position\":1,\"name\":\"Home\",\"item\":\"https:\/\/www.terjeaamodt.com\/blog\/\"},{\"@type\":\"ListItem\",\"position\":2,\"name\":\"Stisykling\u239cMTB\u239cOppdal\"}]},{\"@type\":\"WebSite\",\"@id\":\"https:\/\/www.terjeaamodt.com\/blog\/#website\",\"url\":\"https:\/\/www.terjeaamodt.com\/blog\/\",\"name\":\"Terje Aamodt Photography blog\",\"description\":\"\",\"potentialAction\":[{\"@type\":\"SearchAction\",\"target\":{\"@type\":\"EntryPoint\",\"urlTemplate\":\"https:\/\/www.terjeaamodt.com\/blog\/?s={search_term_string}\"},\"query-input\":{\"@type\":\"PropertyValueSpecification\",\"valueRequired\":true,\"valueName\":\"search_term_string\"}}],\"inLanguage\":\"nb-NO\"},{\"@type\":\"Person\",\"@id\":\"https:\/\/www.terjeaamodt.com\/blog\/#\/schema\/person\/421fe074073d41cf4e17a2aaa426f5bd\",\"name\":\"Terje Aamodt\",\"image\":{\"@type\":\"ImageObject\",\"inLanguage\":\"nb-NO\",\"@id\":\"https:\/\/www.terjeaamodt.com\/blog\/#\/schema\/person\/image\/\",\"url\":\"https:\/\/secure.gravatar.com\/avatar\/42c15fcafccc8dea0466e1f48bbabee5d657af333b66d515f227538e430e6f37?s=96&d=mm&r=g\",\"contentUrl\":\"https:\/\/secure.gravatar.com\/avatar\/42c15fcafccc8dea0466e1f48bbabee5d657af333b66d515f227538e430e6f37?s=96&d=mm&r=g\",\"caption\":\"Terje Aamodt\"},\"description\":\"Terje Aamodt, fotograf og klattrer\",\"sameAs\":[\"http:\/\/www.terjeaamodt.com\"],\"url\":\"https:\/\/www.terjeaamodt.com\/blog\/author\/admin\/\"}]}<\/script>\n<!-- \/ Yoast SEO plugin. -->","yoast_head_json":{"title":"Stisykling\u239cMTB\u239cOppdal | Terje Aamodt Photography blog","robots":{"index":"index","follow":"follow","max-snippet":"max-snippet:-1","max-image-preview":"max-image-preview:large","max-video-preview":"max-video-preview:-1"},"canonical":"https:\/\/www.terjeaamodt.com\/blog\/2014\/08\/19\/stisykling\u239cmtb\u239coppdal\/","og_locale":"nb_NO","og_type":"article","og_title":"Stisykling\u239cMTB\u239cOppdal | Terje Aamodt Photography blog","og_description":"Alltid kjekt \u00e5 f\u00e5 teste ut nye steder \u00e5 sykle og i g\u00e5r fikk jeg v\u00e6re med Joakim G Eide og Anders Baatz p\u00e5 en tur opp til Liab\u00f8s\u00e6tra. For \u00e5 komme dit tar du av midt oppe i Gr\u00e5ura og kj\u00f8rer mot Klevgardan. Ved veis ende parkerer du bilen, og s\u00e5 er det bare [&hellip;]","og_url":"https:\/\/www.terjeaamodt.com\/blog\/2014\/08\/19\/stisykling\u239cmtb\u239coppdal\/","og_site_name":"Terje Aamodt Photography blog","article_publisher":"https:\/\/www.facebook.com\/Terje-Aamodt-Photography-161544107229708\/?ref=hl","article_published_time":"2014-08-19T12:04:57+00:00","article_modified_time":"2014-08-19T12:06:52+00:00","og_image":[{"url":"http:\/\/www.terjeaamodt.com\/blog\/wp-content\/uploads\/2014\/08\/stisykling_oppdal_0001.jpg","type":"","width":"","height":""}],"author":"Terje Aamodt","twitter_card":"summary_large_image","twitter_creator":"@aamodtfoto","twitter_site":"@aamodtfoto","twitter_misc":{"Skrevet av":"Terje Aamodt"},"schema":{"@context":"https:\/\/schema.org","@graph":[{"@type":"Article","@id":"https:\/\/www.terjeaamodt.com\/blog\/2014\/08\/19\/stisykling%e2%8e%9cmtb%e2%8e%9coppdal\/#article","isPartOf":{"@id":"https:\/\/www.terjeaamodt.com\/blog\/2014\/08\/19\/stisykling%e2%8e%9cmtb%e2%8e%9coppdal\/"},"author":{"name":"Terje Aamodt","@id":"https:\/\/www.terjeaamodt.com\/blog\/#\/schema\/person\/421fe074073d41cf4e17a2aaa426f5bd"},"headline":"Stisykling\u239cMTB\u239cOppdal","datePublished":"2014-08-19T12:04:57+00:00","dateModified":"2014-08-19T12:06:52+00:00","mainEntityOfPage":{"@id":"https:\/\/www.terjeaamodt.com\/blog\/2014\/08\/19\/stisykling%e2%8e%9cmtb%e2%8e%9coppdal\/"},"wordCount":88,"commentCount":0,"image":{"@id":"https:\/\/www.terjeaamodt.com\/blog\/2014\/08\/19\/stisykling%e2%8e%9cmtb%e2%8e%9coppdal\/#primaryimage"},"thumbnailUrl":"http:\/\/www.terjeaamodt.com\/blog\/wp-content\/uploads\/2014\/08\/stisykling_oppdal_0001.jpg","keywords":["Bike photography Norway","bike pictures Norway","Liab\u00f8s\u00e6tra","Stisykkel","Stisykkling","Stisykkling Norge","sykling Oppdal"],"articleSection":["Uncategorized"],"inLanguage":"nb-NO","potentialAction":[{"@type":"CommentAction","name":"Comment","target":["https:\/\/www.terjeaamodt.com\/blog\/2014\/08\/19\/stisykling%e2%8e%9cmtb%e2%8e%9coppdal\/#respond"]}]},{"@type":"WebPage","@id":"https:\/\/www.terjeaamodt.com\/blog\/2014\/08\/19\/stisykling%e2%8e%9cmtb%e2%8e%9coppdal\/","url":"https:\/\/www.terjeaamodt.com\/blog\/2014\/08\/19\/stisykling%e2%8e%9cmtb%e2%8e%9coppdal\/","name":"Stisykling\u239cMTB\u239cOppdal | Terje Aamodt Photography blog","isPartOf":{"@id":"https:\/\/www.terjeaamodt.com\/blog\/#website"},"primaryImageOfPage":{"@id":"https:\/\/www.terjeaamodt.com\/blog\/2014\/08\/19\/stisykling%e2%8e%9cmtb%e2%8e%9coppdal\/#primaryimage"},"image":{"@id":"https:\/\/www.terjeaamodt.com\/blog\/2014\/08\/19\/stisykling%e2%8e%9cmtb%e2%8e%9coppdal\/#primaryimage"},"thumbnailUrl":"http:\/\/www.terjeaamodt.com\/blog\/wp-content\/uploads\/2014\/08\/stisykling_oppdal_0001.jpg","datePublished":"2014-08-19T12:04:57+00:00","dateModified":"2014-08-19T12:06:52+00:00","author":{"@id":"https:\/\/www.terjeaamodt.com\/blog\/#\/schema\/person\/421fe074073d41cf4e17a2aaa426f5bd"},"breadcrumb":{"@id":"https:\/\/www.terjeaamodt.com\/blog\/2014\/08\/19\/stisykling%e2%8e%9cmtb%e2%8e%9coppdal\/#breadcrumb"},"inLanguage":"nb-NO","potentialAction":[{"@type":"ReadAction","target":["https:\/\/www.terjeaamodt.com\/blog\/2014\/08\/19\/stisykling%e2%8e%9cmtb%e2%8e%9coppdal\/"]}]},{"@type":"ImageObject","inLanguage":"nb-NO","@id":"https:\/\/www.terjeaamodt.com\/blog\/2014\/08\/19\/stisykling%e2%8e%9cmtb%e2%8e%9coppdal\/#primaryimage","url":"http:\/\/www.terjeaamodt.com\/blog\/wp-content\/uploads\/2014\/08\/stisykling_oppdal_0001.jpg","contentUrl":"http:\/\/www.terjeaamodt.com\/blog\/wp-content\/uploads\/2014\/08\/stisykling_oppdal_0001.jpg"},{"@type":"BreadcrumbList","@id":"https:\/\/www.terjeaamodt.com\/blog\/2014\/08\/19\/stisykling%e2%8e%9cmtb%e2%8e%9coppdal\/#breadcrumb","itemListElement":[{"@type":"ListItem","position":1,"name":"Home","item":"https:\/\/www.terjeaamodt.com\/blog\/"},{"@type":"ListItem","position":2,"name":"Stisykling\u239cMTB\u239cOppdal"}]},{"@type":"WebSite","@id":"https:\/\/www.terjeaamodt.com\/blog\/#website","url":"https:\/\/www.terjeaamodt.com\/blog\/","name":"Terje Aamodt Photography blog","description":"","potentialAction":[{"@type":"SearchAction","target":{"@type":"EntryPoint","urlTemplate":"https:\/\/www.terjeaamodt.com\/blog\/?s={search_term_string}"},"query-input":{"@type":"PropertyValueSpecification","valueRequired":true,"valueName":"search_term_string"}}],"inLanguage":"nb-NO"},{"@type":"Person","@id":"https:\/\/www.terjeaamodt.com\/blog\/#\/schema\/person\/421fe074073d41cf4e17a2aaa426f5bd","name":"Terje Aamodt","image":{"@type":"ImageObject","inLanguage":"nb-NO","@id":"https:\/\/www.terjeaamodt.com\/blog\/#\/schema\/person\/image\/","url":"https:\/\/secure.gravatar.com\/avatar\/42c15fcafccc8dea0466e1f48bbabee5d657af333b66d515f227538e430e6f37?s=96&d=mm&r=g","contentUrl":"https:\/\/secure.gravatar.com\/avatar\/42c15fcafccc8dea0466e1f48bbabee5d657af333b66d515f227538e430e6f37?s=96&d=mm&r=g","caption":"Terje Aamodt"},"description":"Terje Aamodt, fotograf og klattrer","sameAs":["http:\/\/www.terjeaamodt.com"],"url":"https:\/\/www.terjeaamodt.com\/blog\/author\/admin\/"}]}},"_links":{"self":[{"href":"https:\/\/www.terjeaamodt.com\/blog\/wp-json\/wp\/v2\/posts\/5706","targetHints":{"allow":["GET"]}}],"collection":[{"href":"https:\/\/www.terjeaamodt.com\/blog\/wp-json\/wp\/v2\/posts"}],"about":[{"href":"https:\/\/www.terjeaamodt.com\/blog\/wp-json\/wp\/v2\/types\/post"}],"author":[{"embeddable":true,"href":"https:\/\/www.terjeaamodt.com\/blog\/wp-json\/wp\/v2\/users\/1"}],"replies":[{"embeddable":true,"href":"https:\/\/www.terjeaamodt.com\/blog\/wp-json\/wp\/v2\/comments?post=5706"}],"version-history":[{"count":1,"href":"https:\/\/www.terjeaamodt.com\/blog\/wp-json\/wp\/v2\/posts\/5706\/revisions"}],"predecessor-version":[{"id":5707,"href":"https:\/\/www.terjeaamodt.com\/blog\/wp-json\/wp\/v2\/posts\/5706\/revisions\/5707"}],"wp:attachment":[{"href":"https:\/\/www.terjeaamodt.com\/blog\/wp-json\/wp\/v2\/media?parent=5706"}],"wp:term":[{"taxonomy":"category","embeddable":true,"href":"https:\/\/www.terjeaamodt.com\/blog\/wp-json\/wp\/v2\/categories?post=5706"},{"taxonomy":"post_tag","embeddable":true,"href":"https:\/\/www.terjeaamodt.com\/blog\/wp-json\/wp\/v2\/tags?post=5706"}],"curies":[{"name":"wp","href":"https:\/\/api.w.org\/{rel}","templated":true}]}}