{"id":5775,"date":"2014-09-27T06:39:37","date_gmt":"2014-09-27T11:39:37","guid":{"rendered":"http:\/\/www.terjeaamodt.com\/blog\/?p=5775"},"modified":"2014-10-08T14:55:14","modified_gmt":"2014-10-08T19:55:14","slug":"om-fjelloperen-ola-hovdenak-i-romsdal-budstikke","status":"publish","type":"post","link":"https:\/\/www.terjeaamodt.com\/blog\/2014\/09\/27\/om-fjelloperen-ola-hovdenak-i-romsdal-budstikke\/","title":{"rendered":"Om Fjell\u00f8peren Ola Hovdenak i Romsdal Budstikke"},"content":{"rendered":"<p>Stor stas \u00e5 lese avisa i dag..<\/p>\n<p>I dagens utgave av Romsdals Budstikke kan du lese om Fjell\u00f8peren Ola Hovdenak som l\u00f8per dere andre klatrer. Iver Gjelstenli har skrevet tekst, og bildene ble tatt p\u00e5 en tur sammen med Ola p\u00e5 Kongen og Bispen.<\/p>\n<p><img decoding=\"async\" src=\"http:\/\/www.terjeaamodt.com\/blog\/wp-content\/uploads\/2014\/09\/skyrunning_romsdalen_kongen_bispen_0001.jpg\" width=\"960\" height=\"720\" alt=\"skyrunning_romsdalen_kongen_bispen_0001.JPG\" \/> <img decoding=\"async\" src=\"http:\/\/www.terjeaamodt.com\/blog\/wp-content\/uploads\/2014\/09\/skyrunning_romsdalen_kongen_bispen_0002.jpg\" width=\"960\" height=\"720\" alt=\"skyrunning_romsdalen_kongen_bispen_0002.JPG\" \/> <img decoding=\"async\" src=\"http:\/\/www.terjeaamodt.com\/blog\/wp-content\/uploads\/2014\/09\/skyrunning_romsdalen_kongen_bispen_0003.jpg\" width=\"960\" height=\"1280\" alt=\"skyrunning_romsdalen_kongen_bispen_0003.JPG\" \/><\/p>\n","protected":false},"excerpt":{"rendered":"<p>Stor stas \u00e5 lese avisa i dag.. I dagens utgave av Romsdals Budstikke kan du lese om Fjell\u00f8peren Ola Hovdenak som l\u00f8per dere andre klatrer. Iver Gjelstenli har skrevet tekst, og bildene ble tatt p\u00e5 en tur sammen med Ola p\u00e5 Kongen og Bispen.<\/p>\n","protected":false},"author":1,"featured_media":0,"comment_status":"open","ping_status":"closed","sticky":false,"template":"","format":"standard","meta":{"footnotes":""},"categories":[10,9,5,39],"tags":[213,590,592,365,591,587,586,641,589,585,588],"class_list":["post-5775","post","type-post","status-publish","format-standard","hentry","category-livsstil","category-natur","category-portrett","category-sport","tag-bispen","tag-fjellop","tag-fjelloping","tag-kongen","tag-loping","tag-motbakkelop","tag-ola-hovdenakk","tag-portrett","tag-romsdalen","tag-skyrunning","tag-ultralop"],"yoast_head":"<!-- This site is optimized with the Yoast SEO plugin v27.1.1 - https:\/\/yoast.com\/product\/yoast-seo-wordpress\/ -->\n<title>Om Fjell\u00f8peren Ola Hovdenak i Romsdal Budstikke | Terje Aamodt Photography blog<\/title>\n<meta name=\"robots\" content=\"index, follow, max-snippet:-1, max-image-preview:large, max-video-preview:-1\" \/>\n<link rel=\"canonical\" href=\"https:\/\/www.terjeaamodt.com\/blog\/2014\/09\/27\/om-fjelloperen-ola-hovdenak-i-romsdal-budstikke\/\" \/>\n<meta property=\"og:locale\" content=\"nb_NO\" \/>\n<meta property=\"og:type\" content=\"article\" \/>\n<meta property=\"og:title\" content=\"Om Fjell\u00f8peren Ola Hovdenak i Romsdal Budstikke | Terje Aamodt Photography blog\" \/>\n<meta property=\"og:description\" content=\"Stor stas \u00e5 lese avisa i dag.. I dagens utgave av Romsdals Budstikke kan du lese om Fjell\u00f8peren Ola Hovdenak som l\u00f8per dere andre klatrer. Iver Gjelstenli har skrevet tekst, og bildene ble tatt p\u00e5 en tur sammen med Ola p\u00e5 Kongen og Bispen.\" \/>\n<meta property=\"og:url\" content=\"https:\/\/www.terjeaamodt.com\/blog\/2014\/09\/27\/om-fjelloperen-ola-hovdenak-i-romsdal-budstikke\/\" \/>\n<meta property=\"og:site_name\" content=\"Terje Aamodt Photography blog\" \/>\n<meta property=\"article:publisher\" content=\"https:\/\/www.facebook.com\/Terje-Aamodt-Photography-161544107229708\/?ref=hl\" \/>\n<meta property=\"article:published_time\" content=\"2014-09-27T11:39:37+00:00\" \/>\n<meta property=\"article:modified_time\" content=\"2014-10-08T19:55:14+00:00\" \/>\n<meta property=\"og:image\" content=\"http:\/\/www.terjeaamodt.com\/blog\/wp-content\/uploads\/2014\/09\/skyrunning_romsdalen_kongen_bispen_0001.jpg\" \/>\n<meta name=\"author\" content=\"Terje Aamodt\" \/>\n<meta name=\"twitter:card\" content=\"summary_large_image\" \/>\n<meta name=\"twitter:creator\" content=\"@aamodtfoto\" \/>\n<meta name=\"twitter:site\" content=\"@aamodtfoto\" \/>\n<meta name=\"twitter:label1\" content=\"Skrevet av\" \/>\n\t<meta name=\"twitter:data1\" content=\"Terje Aamodt\" \/>\n<script type=\"application\/ld+json\" class=\"yoast-schema-graph\">{\"@context\":\"https:\/\/schema.org\",\"@graph\":[{\"@type\":\"Article\",\"@id\":\"https:\/\/www.terjeaamodt.com\/blog\/2014\/09\/27\/om-fjelloperen-ola-hovdenak-i-romsdal-budstikke\/#article\",\"isPartOf\":{\"@id\":\"https:\/\/www.terjeaamodt.com\/blog\/2014\/09\/27\/om-fjelloperen-ola-hovdenak-i-romsdal-budstikke\/\"},\"author\":{\"name\":\"Terje Aamodt\",\"@id\":\"https:\/\/www.terjeaamodt.com\/blog\/#\/schema\/person\/421fe074073d41cf4e17a2aaa426f5bd\"},\"headline\":\"Om Fjell\u00f8peren Ola Hovdenak i Romsdal Budstikke\",\"datePublished\":\"2014-09-27T11:39:37+00:00\",\"dateModified\":\"2014-10-08T19:55:14+00:00\",\"mainEntityOfPage\":{\"@id\":\"https:\/\/www.terjeaamodt.com\/blog\/2014\/09\/27\/om-fjelloperen-ola-hovdenak-i-romsdal-budstikke\/\"},\"wordCount\":53,\"commentCount\":0,\"image\":{\"@id\":\"https:\/\/www.terjeaamodt.com\/blog\/2014\/09\/27\/om-fjelloperen-ola-hovdenak-i-romsdal-budstikke\/#primaryimage\"},\"thumbnailUrl\":\"http:\/\/www.terjeaamodt.com\/blog\/wp-content\/uploads\/2014\/09\/skyrunning_romsdalen_kongen_bispen_0001.jpg\",\"keywords\":[\"Bispen\",\"fjell\u00f8p\",\"fjell\u00f8ping\",\"Kongen\",\"l\u00f8ping\",\"motbakkel\u00f8p\",\"Ola Hovdenakk\",\"Portrett\",\"Romsdalen\",\"skyrunning\",\"ultral\u00f8p\"],\"articleSection\":[\"livsstil\",\"Natur\",\"Portrett\",\"Sport\"],\"inLanguage\":\"nb-NO\",\"potentialAction\":[{\"@type\":\"CommentAction\",\"name\":\"Comment\",\"target\":[\"https:\/\/www.terjeaamodt.com\/blog\/2014\/09\/27\/om-fjelloperen-ola-hovdenak-i-romsdal-budstikke\/#respond\"]}]},{\"@type\":\"WebPage\",\"@id\":\"https:\/\/www.terjeaamodt.com\/blog\/2014\/09\/27\/om-fjelloperen-ola-hovdenak-i-romsdal-budstikke\/\",\"url\":\"https:\/\/www.terjeaamodt.com\/blog\/2014\/09\/27\/om-fjelloperen-ola-hovdenak-i-romsdal-budstikke\/\",\"name\":\"Om Fjell\u00f8peren Ola Hovdenak i Romsdal Budstikke | Terje Aamodt Photography blog\",\"isPartOf\":{\"@id\":\"https:\/\/www.terjeaamodt.com\/blog\/#website\"},\"primaryImageOfPage\":{\"@id\":\"https:\/\/www.terjeaamodt.com\/blog\/2014\/09\/27\/om-fjelloperen-ola-hovdenak-i-romsdal-budstikke\/#primaryimage\"},\"image\":{\"@id\":\"https:\/\/www.terjeaamodt.com\/blog\/2014\/09\/27\/om-fjelloperen-ola-hovdenak-i-romsdal-budstikke\/#primaryimage\"},\"thumbnailUrl\":\"http:\/\/www.terjeaamodt.com\/blog\/wp-content\/uploads\/2014\/09\/skyrunning_romsdalen_kongen_bispen_0001.jpg\",\"datePublished\":\"2014-09-27T11:39:37+00:00\",\"dateModified\":\"2014-10-08T19:55:14+00:00\",\"author\":{\"@id\":\"https:\/\/www.terjeaamodt.com\/blog\/#\/schema\/person\/421fe074073d41cf4e17a2aaa426f5bd\"},\"breadcrumb\":{\"@id\":\"https:\/\/www.terjeaamodt.com\/blog\/2014\/09\/27\/om-fjelloperen-ola-hovdenak-i-romsdal-budstikke\/#breadcrumb\"},\"inLanguage\":\"nb-NO\",\"potentialAction\":[{\"@type\":\"ReadAction\",\"target\":[\"https:\/\/www.terjeaamodt.com\/blog\/2014\/09\/27\/om-fjelloperen-ola-hovdenak-i-romsdal-budstikke\/\"]}]},{\"@type\":\"ImageObject\",\"inLanguage\":\"nb-NO\",\"@id\":\"https:\/\/www.terjeaamodt.com\/blog\/2014\/09\/27\/om-fjelloperen-ola-hovdenak-i-romsdal-budstikke\/#primaryimage\",\"url\":\"http:\/\/www.terjeaamodt.com\/blog\/wp-content\/uploads\/2014\/09\/skyrunning_romsdalen_kongen_bispen_0001.jpg\",\"contentUrl\":\"http:\/\/www.terjeaamodt.com\/blog\/wp-content\/uploads\/2014\/09\/skyrunning_romsdalen_kongen_bispen_0001.jpg\"},{\"@type\":\"BreadcrumbList\",\"@id\":\"https:\/\/www.terjeaamodt.com\/blog\/2014\/09\/27\/om-fjelloperen-ola-hovdenak-i-romsdal-budstikke\/#breadcrumb\",\"itemListElement\":[{\"@type\":\"ListItem\",\"position\":1,\"name\":\"Home\",\"item\":\"https:\/\/www.terjeaamodt.com\/blog\/\"},{\"@type\":\"ListItem\",\"position\":2,\"name\":\"Om Fjell\u00f8peren Ola Hovdenak i Romsdal Budstikke\"}]},{\"@type\":\"WebSite\",\"@id\":\"https:\/\/www.terjeaamodt.com\/blog\/#website\",\"url\":\"https:\/\/www.terjeaamodt.com\/blog\/\",\"name\":\"Terje Aamodt Photography blog\",\"description\":\"\",\"potentialAction\":[{\"@type\":\"SearchAction\",\"target\":{\"@type\":\"EntryPoint\",\"urlTemplate\":\"https:\/\/www.terjeaamodt.com\/blog\/?s={search_term_string}\"},\"query-input\":{\"@type\":\"PropertyValueSpecification\",\"valueRequired\":true,\"valueName\":\"search_term_string\"}}],\"inLanguage\":\"nb-NO\"},{\"@type\":\"Person\",\"@id\":\"https:\/\/www.terjeaamodt.com\/blog\/#\/schema\/person\/421fe074073d41cf4e17a2aaa426f5bd\",\"name\":\"Terje Aamodt\",\"image\":{\"@type\":\"ImageObject\",\"inLanguage\":\"nb-NO\",\"@id\":\"https:\/\/www.terjeaamodt.com\/blog\/#\/schema\/person\/image\/\",\"url\":\"https:\/\/secure.gravatar.com\/avatar\/42c15fcafccc8dea0466e1f48bbabee5d657af333b66d515f227538e430e6f37?s=96&d=mm&r=g\",\"contentUrl\":\"https:\/\/secure.gravatar.com\/avatar\/42c15fcafccc8dea0466e1f48bbabee5d657af333b66d515f227538e430e6f37?s=96&d=mm&r=g\",\"caption\":\"Terje Aamodt\"},\"description\":\"Terje Aamodt, fotograf og klattrer\",\"sameAs\":[\"http:\/\/www.terjeaamodt.com\"],\"url\":\"https:\/\/www.terjeaamodt.com\/blog\/author\/admin\/\"}]}<\/script>\n<!-- \/ Yoast SEO plugin. -->","yoast_head_json":{"title":"Om Fjell\u00f8peren Ola Hovdenak i Romsdal Budstikke | Terje Aamodt Photography blog","robots":{"index":"index","follow":"follow","max-snippet":"max-snippet:-1","max-image-preview":"max-image-preview:large","max-video-preview":"max-video-preview:-1"},"canonical":"https:\/\/www.terjeaamodt.com\/blog\/2014\/09\/27\/om-fjelloperen-ola-hovdenak-i-romsdal-budstikke\/","og_locale":"nb_NO","og_type":"article","og_title":"Om Fjell\u00f8peren Ola Hovdenak i Romsdal Budstikke | Terje Aamodt Photography blog","og_description":"Stor stas \u00e5 lese avisa i dag.. I dagens utgave av Romsdals Budstikke kan du lese om Fjell\u00f8peren Ola Hovdenak som l\u00f8per dere andre klatrer. Iver Gjelstenli har skrevet tekst, og bildene ble tatt p\u00e5 en tur sammen med Ola p\u00e5 Kongen og Bispen.","og_url":"https:\/\/www.terjeaamodt.com\/blog\/2014\/09\/27\/om-fjelloperen-ola-hovdenak-i-romsdal-budstikke\/","og_site_name":"Terje Aamodt Photography blog","article_publisher":"https:\/\/www.facebook.com\/Terje-Aamodt-Photography-161544107229708\/?ref=hl","article_published_time":"2014-09-27T11:39:37+00:00","article_modified_time":"2014-10-08T19:55:14+00:00","og_image":[{"url":"http:\/\/www.terjeaamodt.com\/blog\/wp-content\/uploads\/2014\/09\/skyrunning_romsdalen_kongen_bispen_0001.jpg","type":"","width":"","height":""}],"author":"Terje Aamodt","twitter_card":"summary_large_image","twitter_creator":"@aamodtfoto","twitter_site":"@aamodtfoto","twitter_misc":{"Skrevet av":"Terje Aamodt"},"schema":{"@context":"https:\/\/schema.org","@graph":[{"@type":"Article","@id":"https:\/\/www.terjeaamodt.com\/blog\/2014\/09\/27\/om-fjelloperen-ola-hovdenak-i-romsdal-budstikke\/#article","isPartOf":{"@id":"https:\/\/www.terjeaamodt.com\/blog\/2014\/09\/27\/om-fjelloperen-ola-hovdenak-i-romsdal-budstikke\/"},"author":{"name":"Terje Aamodt","@id":"https:\/\/www.terjeaamodt.com\/blog\/#\/schema\/person\/421fe074073d41cf4e17a2aaa426f5bd"},"headline":"Om Fjell\u00f8peren Ola Hovdenak i Romsdal Budstikke","datePublished":"2014-09-27T11:39:37+00:00","dateModified":"2014-10-08T19:55:14+00:00","mainEntityOfPage":{"@id":"https:\/\/www.terjeaamodt.com\/blog\/2014\/09\/27\/om-fjelloperen-ola-hovdenak-i-romsdal-budstikke\/"},"wordCount":53,"commentCount":0,"image":{"@id":"https:\/\/www.terjeaamodt.com\/blog\/2014\/09\/27\/om-fjelloperen-ola-hovdenak-i-romsdal-budstikke\/#primaryimage"},"thumbnailUrl":"http:\/\/www.terjeaamodt.com\/blog\/wp-content\/uploads\/2014\/09\/skyrunning_romsdalen_kongen_bispen_0001.jpg","keywords":["Bispen","fjell\u00f8p","fjell\u00f8ping","Kongen","l\u00f8ping","motbakkel\u00f8p","Ola Hovdenakk","Portrett","Romsdalen","skyrunning","ultral\u00f8p"],"articleSection":["livsstil","Natur","Portrett","Sport"],"inLanguage":"nb-NO","potentialAction":[{"@type":"CommentAction","name":"Comment","target":["https:\/\/www.terjeaamodt.com\/blog\/2014\/09\/27\/om-fjelloperen-ola-hovdenak-i-romsdal-budstikke\/#respond"]}]},{"@type":"WebPage","@id":"https:\/\/www.terjeaamodt.com\/blog\/2014\/09\/27\/om-fjelloperen-ola-hovdenak-i-romsdal-budstikke\/","url":"https:\/\/www.terjeaamodt.com\/blog\/2014\/09\/27\/om-fjelloperen-ola-hovdenak-i-romsdal-budstikke\/","name":"Om Fjell\u00f8peren Ola Hovdenak i Romsdal Budstikke | Terje Aamodt Photography blog","isPartOf":{"@id":"https:\/\/www.terjeaamodt.com\/blog\/#website"},"primaryImageOfPage":{"@id":"https:\/\/www.terjeaamodt.com\/blog\/2014\/09\/27\/om-fjelloperen-ola-hovdenak-i-romsdal-budstikke\/#primaryimage"},"image":{"@id":"https:\/\/www.terjeaamodt.com\/blog\/2014\/09\/27\/om-fjelloperen-ola-hovdenak-i-romsdal-budstikke\/#primaryimage"},"thumbnailUrl":"http:\/\/www.terjeaamodt.com\/blog\/wp-content\/uploads\/2014\/09\/skyrunning_romsdalen_kongen_bispen_0001.jpg","datePublished":"2014-09-27T11:39:37+00:00","dateModified":"2014-10-08T19:55:14+00:00","author":{"@id":"https:\/\/www.terjeaamodt.com\/blog\/#\/schema\/person\/421fe074073d41cf4e17a2aaa426f5bd"},"breadcrumb":{"@id":"https:\/\/www.terjeaamodt.com\/blog\/2014\/09\/27\/om-fjelloperen-ola-hovdenak-i-romsdal-budstikke\/#breadcrumb"},"inLanguage":"nb-NO","potentialAction":[{"@type":"ReadAction","target":["https:\/\/www.terjeaamodt.com\/blog\/2014\/09\/27\/om-fjelloperen-ola-hovdenak-i-romsdal-budstikke\/"]}]},{"@type":"ImageObject","inLanguage":"nb-NO","@id":"https:\/\/www.terjeaamodt.com\/blog\/2014\/09\/27\/om-fjelloperen-ola-hovdenak-i-romsdal-budstikke\/#primaryimage","url":"http:\/\/www.terjeaamodt.com\/blog\/wp-content\/uploads\/2014\/09\/skyrunning_romsdalen_kongen_bispen_0001.jpg","contentUrl":"http:\/\/www.terjeaamodt.com\/blog\/wp-content\/uploads\/2014\/09\/skyrunning_romsdalen_kongen_bispen_0001.jpg"},{"@type":"BreadcrumbList","@id":"https:\/\/www.terjeaamodt.com\/blog\/2014\/09\/27\/om-fjelloperen-ola-hovdenak-i-romsdal-budstikke\/#breadcrumb","itemListElement":[{"@type":"ListItem","position":1,"name":"Home","item":"https:\/\/www.terjeaamodt.com\/blog\/"},{"@type":"ListItem","position":2,"name":"Om Fjell\u00f8peren Ola Hovdenak i Romsdal Budstikke"}]},{"@type":"WebSite","@id":"https:\/\/www.terjeaamodt.com\/blog\/#website","url":"https:\/\/www.terjeaamodt.com\/blog\/","name":"Terje Aamodt Photography blog","description":"","potentialAction":[{"@type":"SearchAction","target":{"@type":"EntryPoint","urlTemplate":"https:\/\/www.terjeaamodt.com\/blog\/?s={search_term_string}"},"query-input":{"@type":"PropertyValueSpecification","valueRequired":true,"valueName":"search_term_string"}}],"inLanguage":"nb-NO"},{"@type":"Person","@id":"https:\/\/www.terjeaamodt.com\/blog\/#\/schema\/person\/421fe074073d41cf4e17a2aaa426f5bd","name":"Terje Aamodt","image":{"@type":"ImageObject","inLanguage":"nb-NO","@id":"https:\/\/www.terjeaamodt.com\/blog\/#\/schema\/person\/image\/","url":"https:\/\/secure.gravatar.com\/avatar\/42c15fcafccc8dea0466e1f48bbabee5d657af333b66d515f227538e430e6f37?s=96&d=mm&r=g","contentUrl":"https:\/\/secure.gravatar.com\/avatar\/42c15fcafccc8dea0466e1f48bbabee5d657af333b66d515f227538e430e6f37?s=96&d=mm&r=g","caption":"Terje Aamodt"},"description":"Terje Aamodt, fotograf og klattrer","sameAs":["http:\/\/www.terjeaamodt.com"],"url":"https:\/\/www.terjeaamodt.com\/blog\/author\/admin\/"}]}},"_links":{"self":[{"href":"https:\/\/www.terjeaamodt.com\/blog\/wp-json\/wp\/v2\/posts\/5775","targetHints":{"allow":["GET"]}}],"collection":[{"href":"https:\/\/www.terjeaamodt.com\/blog\/wp-json\/wp\/v2\/posts"}],"about":[{"href":"https:\/\/www.terjeaamodt.com\/blog\/wp-json\/wp\/v2\/types\/post"}],"author":[{"embeddable":true,"href":"https:\/\/www.terjeaamodt.com\/blog\/wp-json\/wp\/v2\/users\/1"}],"replies":[{"embeddable":true,"href":"https:\/\/www.terjeaamodt.com\/blog\/wp-json\/wp\/v2\/comments?post=5775"}],"version-history":[{"count":2,"href":"https:\/\/www.terjeaamodt.com\/blog\/wp-json\/wp\/v2\/posts\/5775\/revisions"}],"predecessor-version":[{"id":5777,"href":"https:\/\/www.terjeaamodt.com\/blog\/wp-json\/wp\/v2\/posts\/5775\/revisions\/5777"}],"wp:attachment":[{"href":"https:\/\/www.terjeaamodt.com\/blog\/wp-json\/wp\/v2\/media?parent=5775"}],"wp:term":[{"taxonomy":"category","embeddable":true,"href":"https:\/\/www.terjeaamodt.com\/blog\/wp-json\/wp\/v2\/categories?post=5775"},{"taxonomy":"post_tag","embeddable":true,"href":"https:\/\/www.terjeaamodt.com\/blog\/wp-json\/wp\/v2\/tags?post=5775"}],"curies":[{"name":"wp","href":"https:\/\/api.w.org\/{rel}","templated":true}]}}