{"id":5778,"date":"2014-10-08T16:04:04","date_gmt":"2014-10-08T21:04:04","guid":{"rendered":"http:\/\/www.terjeaamodt.com\/blog\/?p=5778"},"modified":"2014-10-09T08:40:43","modified_gmt":"2014-10-09T13:40:43","slug":"romsdalseggen-pa-sykkel-ekstremsykling","status":"publish","type":"post","link":"https:\/\/www.terjeaamodt.com\/blog\/2014\/10\/08\/romsdalseggen-pa-sykkel-ekstremsykling\/","title":{"rendered":"Romsdalseggen p\u00e5 sykkel | Ekstremsykling"},"content":{"rendered":"<p>Hei alle sammen. Pga av stor interesse for bruk av bildene i den opprinnelige blog posten, har jeg n\u00e5 tatt vekk mesteparten av bildene. Igjen er kun noen teasere. Tusen takk til alle som har kommentert og likt bildene. Bildene blir snart \u00e5 se igjen, s\u00e5 f\u00f8lg med \ud83d\ude42<\/p>\n<p>Etter \u00e5 ha sett den fantastiske videoen <a href=\"https:\/\/www.youtube.com\/watch?v=xQ_IQS3VKjA\" title=\"The Ridge\">The Ridge<\/a> med Danny Macaskill, ble jeg supergira p\u00e5 \u00e5 finne noe tilsvarende her hjemme. Romsdalseggen skulle vise seg \u00e5 v\u00e6re ett godt alternativ. For \u00e5 komme opp p\u00e5 ryggen er det en god del b\u00e6ring og trilling av sykkel, men n\u00e5r det f\u00f8rst er unnagjort er det mye fin og eksponert sykling langsmed eggen. Tusen takk til Magnus Espeland som gjerne syklet de mest utsatte pasasjene b\u00e5de to og tre ganger f\u00f8r fotografen sa seg forn\u00f8yd. Under kommer litt inspirasjon til alle dere som enda ikke er klar for \u00e5 legge vekk sykkelen for vinteren.<\/p>\n<p><img decoding=\"async\" src=\"http:\/\/www.terjeaamodt.com\/blog\/wp-content\/uploads\/2014\/10\/romsdalseggen_sykkel_0020.jpg\" width=\"960\" height=\"640\" alt=\"romsdalseggen_sykkel_0020.JPG\" \/><\/p>\n<p><img decoding=\"async\" src=\"http:\/\/www.terjeaamodt.com\/blog\/wp-content\/uploads\/2014\/10\/romsdalseggen_sykkel_0001.jpg\" width=\"960\" height=\"640\" alt=\"romsdalseggen_sykkel_0001.JPG\" \/><\/p>\n<p><img decoding=\"async\" src=\"http:\/\/www.terjeaamodt.com\/blog\/wp-content\/uploads\/2014\/10\/romsdalseggen_sykkel_0024.jpg\" width=\"960\" height=\"640\" alt=\"romsdalseggen_sykkel_0024.JPG\" \/><\/p>\n","protected":false},"excerpt":{"rendered":"<p>Hei alle sammen. Pga av stor interesse for bruk av bildene i den opprinnelige blog posten, har jeg n\u00e5 tatt vekk mesteparten av bildene. Igjen er kun noen teasere. Tusen takk til alle som har kommentert og likt bildene. Bildene blir snart \u00e5 se igjen, s\u00e5 f\u00f8lg med \ud83d\ude42 Etter \u00e5 ha sett den fantastiske [&hellip;]<\/p>\n","protected":false},"author":1,"featured_media":0,"comment_status":"open","ping_status":"closed","sticky":false,"template":"","format":"standard","meta":{"footnotes":""},"categories":[9,39,265],"tags":[595,594,593,424,116,269,596,446],"class_list":["post-5778","post","type-post","status-publish","format-standard","hentry","category-natur","category-sport","category-sykkel","tag-biking-in-romsdalen","tag-ekstremsykling","tag-romsdalseggen","tag-sykkel-foto","tag-sykkelbilde","tag-sykkelbilder","tag-sykkelbilder-romsdalen","tag-sykling-i-romsdalen"],"yoast_head":"<!-- This site is optimized with the Yoast SEO plugin v27.1.1 - https:\/\/yoast.com\/product\/yoast-seo-wordpress\/ -->\n<title>Romsdalseggen p\u00e5 sykkel | Ekstremsykling | Terje Aamodt Photography blog<\/title>\n<meta name=\"robots\" content=\"index, follow, max-snippet:-1, max-image-preview:large, max-video-preview:-1\" \/>\n<link rel=\"canonical\" href=\"https:\/\/www.terjeaamodt.com\/blog\/2014\/10\/08\/romsdalseggen-pa-sykkel-ekstremsykling\/\" \/>\n<meta property=\"og:locale\" content=\"nb_NO\" \/>\n<meta property=\"og:type\" content=\"article\" \/>\n<meta property=\"og:title\" content=\"Romsdalseggen p\u00e5 sykkel | Ekstremsykling | Terje Aamodt Photography blog\" \/>\n<meta property=\"og:description\" content=\"Hei alle sammen. Pga av stor interesse for bruk av bildene i den opprinnelige blog posten, har jeg n\u00e5 tatt vekk mesteparten av bildene. Igjen er kun noen teasere. Tusen takk til alle som har kommentert og likt bildene. Bildene blir snart \u00e5 se igjen, s\u00e5 f\u00f8lg med \ud83d\ude42 Etter \u00e5 ha sett den fantastiske [&hellip;]\" \/>\n<meta property=\"og:url\" content=\"https:\/\/www.terjeaamodt.com\/blog\/2014\/10\/08\/romsdalseggen-pa-sykkel-ekstremsykling\/\" \/>\n<meta property=\"og:site_name\" content=\"Terje Aamodt Photography blog\" \/>\n<meta property=\"article:publisher\" content=\"https:\/\/www.facebook.com\/Terje-Aamodt-Photography-161544107229708\/?ref=hl\" \/>\n<meta property=\"article:published_time\" content=\"2014-10-08T21:04:04+00:00\" \/>\n<meta property=\"article:modified_time\" content=\"2014-10-09T13:40:43+00:00\" \/>\n<meta property=\"og:image\" content=\"http:\/\/www.terjeaamodt.com\/blog\/wp-content\/uploads\/2014\/10\/romsdalseggen_sykkel_0020.jpg\" \/>\n<meta name=\"author\" content=\"Terje Aamodt\" \/>\n<meta name=\"twitter:card\" content=\"summary_large_image\" \/>\n<meta name=\"twitter:creator\" content=\"@aamodtfoto\" \/>\n<meta name=\"twitter:site\" content=\"@aamodtfoto\" \/>\n<meta name=\"twitter:label1\" content=\"Skrevet av\" \/>\n\t<meta name=\"twitter:data1\" content=\"Terje Aamodt\" \/>\n\t<meta name=\"twitter:label2\" content=\"Ansl. lesetid\" \/>\n\t<meta name=\"twitter:data2\" content=\"1 minutt\" \/>\n<script type=\"application\/ld+json\" class=\"yoast-schema-graph\">{\"@context\":\"https:\/\/schema.org\",\"@graph\":[{\"@type\":\"Article\",\"@id\":\"https:\/\/www.terjeaamodt.com\/blog\/2014\/10\/08\/romsdalseggen-pa-sykkel-ekstremsykling\/#article\",\"isPartOf\":{\"@id\":\"https:\/\/www.terjeaamodt.com\/blog\/2014\/10\/08\/romsdalseggen-pa-sykkel-ekstremsykling\/\"},\"author\":{\"name\":\"Terje Aamodt\",\"@id\":\"https:\/\/www.terjeaamodt.com\/blog\/#\/schema\/person\/421fe074073d41cf4e17a2aaa426f5bd\"},\"headline\":\"Romsdalseggen p\u00e5 sykkel | Ekstremsykling\",\"datePublished\":\"2014-10-08T21:04:04+00:00\",\"dateModified\":\"2014-10-09T13:40:43+00:00\",\"mainEntityOfPage\":{\"@id\":\"https:\/\/www.terjeaamodt.com\/blog\/2014\/10\/08\/romsdalseggen-pa-sykkel-ekstremsykling\/\"},\"wordCount\":158,\"commentCount\":7,\"image\":{\"@id\":\"https:\/\/www.terjeaamodt.com\/blog\/2014\/10\/08\/romsdalseggen-pa-sykkel-ekstremsykling\/#primaryimage\"},\"thumbnailUrl\":\"http:\/\/www.terjeaamodt.com\/blog\/wp-content\/uploads\/2014\/10\/romsdalseggen_sykkel_0020.jpg\",\"keywords\":[\"Biking in romsdalen\",\"ekstremsykling\",\"romsdalseggen\",\"sykkel foto\",\"Sykkelbilde\",\"sykkelbilder\",\"Sykkelbilder romsdalen\",\"sykling i Romsdalen\"],\"articleSection\":[\"Natur\",\"Sport\",\"Sykkel\"],\"inLanguage\":\"nb-NO\",\"potentialAction\":[{\"@type\":\"CommentAction\",\"name\":\"Comment\",\"target\":[\"https:\/\/www.terjeaamodt.com\/blog\/2014\/10\/08\/romsdalseggen-pa-sykkel-ekstremsykling\/#respond\"]}]},{\"@type\":\"WebPage\",\"@id\":\"https:\/\/www.terjeaamodt.com\/blog\/2014\/10\/08\/romsdalseggen-pa-sykkel-ekstremsykling\/\",\"url\":\"https:\/\/www.terjeaamodt.com\/blog\/2014\/10\/08\/romsdalseggen-pa-sykkel-ekstremsykling\/\",\"name\":\"Romsdalseggen p\u00e5 sykkel | Ekstremsykling | Terje Aamodt Photography blog\",\"isPartOf\":{\"@id\":\"https:\/\/www.terjeaamodt.com\/blog\/#website\"},\"primaryImageOfPage\":{\"@id\":\"https:\/\/www.terjeaamodt.com\/blog\/2014\/10\/08\/romsdalseggen-pa-sykkel-ekstremsykling\/#primaryimage\"},\"image\":{\"@id\":\"https:\/\/www.terjeaamodt.com\/blog\/2014\/10\/08\/romsdalseggen-pa-sykkel-ekstremsykling\/#primaryimage\"},\"thumbnailUrl\":\"http:\/\/www.terjeaamodt.com\/blog\/wp-content\/uploads\/2014\/10\/romsdalseggen_sykkel_0020.jpg\",\"datePublished\":\"2014-10-08T21:04:04+00:00\",\"dateModified\":\"2014-10-09T13:40:43+00:00\",\"author\":{\"@id\":\"https:\/\/www.terjeaamodt.com\/blog\/#\/schema\/person\/421fe074073d41cf4e17a2aaa426f5bd\"},\"breadcrumb\":{\"@id\":\"https:\/\/www.terjeaamodt.com\/blog\/2014\/10\/08\/romsdalseggen-pa-sykkel-ekstremsykling\/#breadcrumb\"},\"inLanguage\":\"nb-NO\",\"potentialAction\":[{\"@type\":\"ReadAction\",\"target\":[\"https:\/\/www.terjeaamodt.com\/blog\/2014\/10\/08\/romsdalseggen-pa-sykkel-ekstremsykling\/\"]}]},{\"@type\":\"ImageObject\",\"inLanguage\":\"nb-NO\",\"@id\":\"https:\/\/www.terjeaamodt.com\/blog\/2014\/10\/08\/romsdalseggen-pa-sykkel-ekstremsykling\/#primaryimage\",\"url\":\"http:\/\/www.terjeaamodt.com\/blog\/wp-content\/uploads\/2014\/10\/romsdalseggen_sykkel_0020.jpg\",\"contentUrl\":\"http:\/\/www.terjeaamodt.com\/blog\/wp-content\/uploads\/2014\/10\/romsdalseggen_sykkel_0020.jpg\"},{\"@type\":\"BreadcrumbList\",\"@id\":\"https:\/\/www.terjeaamodt.com\/blog\/2014\/10\/08\/romsdalseggen-pa-sykkel-ekstremsykling\/#breadcrumb\",\"itemListElement\":[{\"@type\":\"ListItem\",\"position\":1,\"name\":\"Home\",\"item\":\"https:\/\/www.terjeaamodt.com\/blog\/\"},{\"@type\":\"ListItem\",\"position\":2,\"name\":\"Romsdalseggen p\u00e5 sykkel | Ekstremsykling\"}]},{\"@type\":\"WebSite\",\"@id\":\"https:\/\/www.terjeaamodt.com\/blog\/#website\",\"url\":\"https:\/\/www.terjeaamodt.com\/blog\/\",\"name\":\"Terje Aamodt Photography blog\",\"description\":\"\",\"potentialAction\":[{\"@type\":\"SearchAction\",\"target\":{\"@type\":\"EntryPoint\",\"urlTemplate\":\"https:\/\/www.terjeaamodt.com\/blog\/?s={search_term_string}\"},\"query-input\":{\"@type\":\"PropertyValueSpecification\",\"valueRequired\":true,\"valueName\":\"search_term_string\"}}],\"inLanguage\":\"nb-NO\"},{\"@type\":\"Person\",\"@id\":\"https:\/\/www.terjeaamodt.com\/blog\/#\/schema\/person\/421fe074073d41cf4e17a2aaa426f5bd\",\"name\":\"Terje Aamodt\",\"image\":{\"@type\":\"ImageObject\",\"inLanguage\":\"nb-NO\",\"@id\":\"https:\/\/www.terjeaamodt.com\/blog\/#\/schema\/person\/image\/\",\"url\":\"https:\/\/secure.gravatar.com\/avatar\/42c15fcafccc8dea0466e1f48bbabee5d657af333b66d515f227538e430e6f37?s=96&d=mm&r=g\",\"contentUrl\":\"https:\/\/secure.gravatar.com\/avatar\/42c15fcafccc8dea0466e1f48bbabee5d657af333b66d515f227538e430e6f37?s=96&d=mm&r=g\",\"caption\":\"Terje Aamodt\"},\"description\":\"Terje Aamodt, fotograf og klattrer\",\"sameAs\":[\"http:\/\/www.terjeaamodt.com\"],\"url\":\"https:\/\/www.terjeaamodt.com\/blog\/author\/admin\/\"}]}<\/script>\n<!-- \/ Yoast SEO plugin. -->","yoast_head_json":{"title":"Romsdalseggen p\u00e5 sykkel | Ekstremsykling | Terje Aamodt Photography blog","robots":{"index":"index","follow":"follow","max-snippet":"max-snippet:-1","max-image-preview":"max-image-preview:large","max-video-preview":"max-video-preview:-1"},"canonical":"https:\/\/www.terjeaamodt.com\/blog\/2014\/10\/08\/romsdalseggen-pa-sykkel-ekstremsykling\/","og_locale":"nb_NO","og_type":"article","og_title":"Romsdalseggen p\u00e5 sykkel | Ekstremsykling | Terje Aamodt Photography blog","og_description":"Hei alle sammen. Pga av stor interesse for bruk av bildene i den opprinnelige blog posten, har jeg n\u00e5 tatt vekk mesteparten av bildene. Igjen er kun noen teasere. Tusen takk til alle som har kommentert og likt bildene. Bildene blir snart \u00e5 se igjen, s\u00e5 f\u00f8lg med \ud83d\ude42 Etter \u00e5 ha sett den fantastiske [&hellip;]","og_url":"https:\/\/www.terjeaamodt.com\/blog\/2014\/10\/08\/romsdalseggen-pa-sykkel-ekstremsykling\/","og_site_name":"Terje Aamodt Photography blog","article_publisher":"https:\/\/www.facebook.com\/Terje-Aamodt-Photography-161544107229708\/?ref=hl","article_published_time":"2014-10-08T21:04:04+00:00","article_modified_time":"2014-10-09T13:40:43+00:00","og_image":[{"url":"http:\/\/www.terjeaamodt.com\/blog\/wp-content\/uploads\/2014\/10\/romsdalseggen_sykkel_0020.jpg","type":"","width":"","height":""}],"author":"Terje Aamodt","twitter_card":"summary_large_image","twitter_creator":"@aamodtfoto","twitter_site":"@aamodtfoto","twitter_misc":{"Skrevet av":"Terje Aamodt","Ansl. lesetid":"1 minutt"},"schema":{"@context":"https:\/\/schema.org","@graph":[{"@type":"Article","@id":"https:\/\/www.terjeaamodt.com\/blog\/2014\/10\/08\/romsdalseggen-pa-sykkel-ekstremsykling\/#article","isPartOf":{"@id":"https:\/\/www.terjeaamodt.com\/blog\/2014\/10\/08\/romsdalseggen-pa-sykkel-ekstremsykling\/"},"author":{"name":"Terje Aamodt","@id":"https:\/\/www.terjeaamodt.com\/blog\/#\/schema\/person\/421fe074073d41cf4e17a2aaa426f5bd"},"headline":"Romsdalseggen p\u00e5 sykkel | Ekstremsykling","datePublished":"2014-10-08T21:04:04+00:00","dateModified":"2014-10-09T13:40:43+00:00","mainEntityOfPage":{"@id":"https:\/\/www.terjeaamodt.com\/blog\/2014\/10\/08\/romsdalseggen-pa-sykkel-ekstremsykling\/"},"wordCount":158,"commentCount":7,"image":{"@id":"https:\/\/www.terjeaamodt.com\/blog\/2014\/10\/08\/romsdalseggen-pa-sykkel-ekstremsykling\/#primaryimage"},"thumbnailUrl":"http:\/\/www.terjeaamodt.com\/blog\/wp-content\/uploads\/2014\/10\/romsdalseggen_sykkel_0020.jpg","keywords":["Biking in romsdalen","ekstremsykling","romsdalseggen","sykkel foto","Sykkelbilde","sykkelbilder","Sykkelbilder romsdalen","sykling i Romsdalen"],"articleSection":["Natur","Sport","Sykkel"],"inLanguage":"nb-NO","potentialAction":[{"@type":"CommentAction","name":"Comment","target":["https:\/\/www.terjeaamodt.com\/blog\/2014\/10\/08\/romsdalseggen-pa-sykkel-ekstremsykling\/#respond"]}]},{"@type":"WebPage","@id":"https:\/\/www.terjeaamodt.com\/blog\/2014\/10\/08\/romsdalseggen-pa-sykkel-ekstremsykling\/","url":"https:\/\/www.terjeaamodt.com\/blog\/2014\/10\/08\/romsdalseggen-pa-sykkel-ekstremsykling\/","name":"Romsdalseggen p\u00e5 sykkel | Ekstremsykling | Terje Aamodt Photography blog","isPartOf":{"@id":"https:\/\/www.terjeaamodt.com\/blog\/#website"},"primaryImageOfPage":{"@id":"https:\/\/www.terjeaamodt.com\/blog\/2014\/10\/08\/romsdalseggen-pa-sykkel-ekstremsykling\/#primaryimage"},"image":{"@id":"https:\/\/www.terjeaamodt.com\/blog\/2014\/10\/08\/romsdalseggen-pa-sykkel-ekstremsykling\/#primaryimage"},"thumbnailUrl":"http:\/\/www.terjeaamodt.com\/blog\/wp-content\/uploads\/2014\/10\/romsdalseggen_sykkel_0020.jpg","datePublished":"2014-10-08T21:04:04+00:00","dateModified":"2014-10-09T13:40:43+00:00","author":{"@id":"https:\/\/www.terjeaamodt.com\/blog\/#\/schema\/person\/421fe074073d41cf4e17a2aaa426f5bd"},"breadcrumb":{"@id":"https:\/\/www.terjeaamodt.com\/blog\/2014\/10\/08\/romsdalseggen-pa-sykkel-ekstremsykling\/#breadcrumb"},"inLanguage":"nb-NO","potentialAction":[{"@type":"ReadAction","target":["https:\/\/www.terjeaamodt.com\/blog\/2014\/10\/08\/romsdalseggen-pa-sykkel-ekstremsykling\/"]}]},{"@type":"ImageObject","inLanguage":"nb-NO","@id":"https:\/\/www.terjeaamodt.com\/blog\/2014\/10\/08\/romsdalseggen-pa-sykkel-ekstremsykling\/#primaryimage","url":"http:\/\/www.terjeaamodt.com\/blog\/wp-content\/uploads\/2014\/10\/romsdalseggen_sykkel_0020.jpg","contentUrl":"http:\/\/www.terjeaamodt.com\/blog\/wp-content\/uploads\/2014\/10\/romsdalseggen_sykkel_0020.jpg"},{"@type":"BreadcrumbList","@id":"https:\/\/www.terjeaamodt.com\/blog\/2014\/10\/08\/romsdalseggen-pa-sykkel-ekstremsykling\/#breadcrumb","itemListElement":[{"@type":"ListItem","position":1,"name":"Home","item":"https:\/\/www.terjeaamodt.com\/blog\/"},{"@type":"ListItem","position":2,"name":"Romsdalseggen p\u00e5 sykkel | Ekstremsykling"}]},{"@type":"WebSite","@id":"https:\/\/www.terjeaamodt.com\/blog\/#website","url":"https:\/\/www.terjeaamodt.com\/blog\/","name":"Terje Aamodt Photography blog","description":"","potentialAction":[{"@type":"SearchAction","target":{"@type":"EntryPoint","urlTemplate":"https:\/\/www.terjeaamodt.com\/blog\/?s={search_term_string}"},"query-input":{"@type":"PropertyValueSpecification","valueRequired":true,"valueName":"search_term_string"}}],"inLanguage":"nb-NO"},{"@type":"Person","@id":"https:\/\/www.terjeaamodt.com\/blog\/#\/schema\/person\/421fe074073d41cf4e17a2aaa426f5bd","name":"Terje Aamodt","image":{"@type":"ImageObject","inLanguage":"nb-NO","@id":"https:\/\/www.terjeaamodt.com\/blog\/#\/schema\/person\/image\/","url":"https:\/\/secure.gravatar.com\/avatar\/42c15fcafccc8dea0466e1f48bbabee5d657af333b66d515f227538e430e6f37?s=96&d=mm&r=g","contentUrl":"https:\/\/secure.gravatar.com\/avatar\/42c15fcafccc8dea0466e1f48bbabee5d657af333b66d515f227538e430e6f37?s=96&d=mm&r=g","caption":"Terje Aamodt"},"description":"Terje Aamodt, fotograf og klattrer","sameAs":["http:\/\/www.terjeaamodt.com"],"url":"https:\/\/www.terjeaamodt.com\/blog\/author\/admin\/"}]}},"_links":{"self":[{"href":"https:\/\/www.terjeaamodt.com\/blog\/wp-json\/wp\/v2\/posts\/5778","targetHints":{"allow":["GET"]}}],"collection":[{"href":"https:\/\/www.terjeaamodt.com\/blog\/wp-json\/wp\/v2\/posts"}],"about":[{"href":"https:\/\/www.terjeaamodt.com\/blog\/wp-json\/wp\/v2\/types\/post"}],"author":[{"embeddable":true,"href":"https:\/\/www.terjeaamodt.com\/blog\/wp-json\/wp\/v2\/users\/1"}],"replies":[{"embeddable":true,"href":"https:\/\/www.terjeaamodt.com\/blog\/wp-json\/wp\/v2\/comments?post=5778"}],"version-history":[{"count":4,"href":"https:\/\/www.terjeaamodt.com\/blog\/wp-json\/wp\/v2\/posts\/5778\/revisions"}],"predecessor-version":[{"id":5819,"href":"https:\/\/www.terjeaamodt.com\/blog\/wp-json\/wp\/v2\/posts\/5778\/revisions\/5819"}],"wp:attachment":[{"href":"https:\/\/www.terjeaamodt.com\/blog\/wp-json\/wp\/v2\/media?parent=5778"}],"wp:term":[{"taxonomy":"category","embeddable":true,"href":"https:\/\/www.terjeaamodt.com\/blog\/wp-json\/wp\/v2\/categories?post=5778"},{"taxonomy":"post_tag","embeddable":true,"href":"https:\/\/www.terjeaamodt.com\/blog\/wp-json\/wp\/v2\/tags?post=5778"}],"curies":[{"name":"wp","href":"https:\/\/api.w.org\/{rel}","templated":true}]}}