{"id":6837,"date":"2016-04-18T05:39:10","date_gmt":"2016-04-18T10:39:10","guid":{"rendered":"http:\/\/www.terjeaamodt.com\/blog\/?p=6837"},"modified":"2016-04-18T05:49:51","modified_gmt":"2016-04-18T10:49:51","slug":"6837","status":"publish","type":"post","link":"https:\/\/www.terjeaamodt.com\/blog\/2016\/04\/18\/6837\/","title":{"rendered":"Skibilder\u239f Midtflanken\u239f Lille Vengetind"},"content":{"rendered":"<p>Vengetind er ett av det mest majestetiske fjellet vi har i Romsdalen og de fleste\u00a0vil nok forbinde det med klatring, enten det v\u00e6re seg\u00a0sommer eller vinter. En tur opp Vesteggen p\u00e5 Store Vengetind, eller en travers langs hele tinderekka en varm sommerdag, er noe du sent glemmer. Selv om Vengetind kanskje f\u00f8rst og frems er ett klatrefjell, s\u00e5 hender det seg at\u00a0forholdene \u00e5pner opp for at at Vengetind ogs\u00e5 blir ett sted for bratt skikj\u00f8ring. Mesteparten av skikj\u00f8ringen her er sv\u00e6rt utsatt og krevende, og du b\u00f8r ha gode ferdigheter b\u00e5de p\u00e5 ski og til\u00a0\u00e5 vurdere forhold f\u00f8r du tar turen. Feil her kan fort bli katastrofalt. Under kommer noen bilder fra en tur p\u00e5 Lille Vengetind sammen med Anders Eide, Trond Orheim og Henki Flatlandsmo. Fine og trygge forhold gjorde at vi fikk kj\u00f8rt Midtflanken ned igjen.<\/p>\n<p>Dersom du \u00f8nsker \u00e5 lese om flere turer i Romsdal, sommer og vinterstid, s\u00e5 har jeg n\u00e5 gitt ut en bok sammen med Iver Gjelstenli som heter <a href=\"http:\/\/romsdaleksponert.no\">Romsdal Eksponert<\/a>. Dette er en STOR\u00a0bildebok med bilder av klatrere, skikj\u00f8rere, syklister, fjell\u00f8pere og basehoppere i aktivitet i de ville og vakre romsdalsfjella. Jeg har tatt alle bildene og Iver har skrevet tekstene. Boka er p\u00e5 b\u00e5de norsk og engelsk og du kan bestille den\u00a0<a href=\"http:\/\/romsdaleksponert.no\" target=\"_blank\">HER<\/a><\/p>\n<p><img decoding=\"async\" class=\"alignnone size-full wp-image-6838\" src=\"http:\/\/www.terjeaamodt.com\/blog\/wp-content\/uploads\/2016\/04\/18-6837-post\/Ski_Lille_vengetind_midtrenna_vengedalen0001.jpg\" alt=\"Ski_Lille_vengetind_midtrenna_vengedalen0001\" width=\"960\" height=\"640\" srcset=\"https:\/\/www.terjeaamodt.com\/blog\/wp-content\/uploads\/2016\/04\/18-6837-post\/Ski_Lille_vengetind_midtrenna_vengedalen0001.jpg 960w, https:\/\/www.terjeaamodt.com\/blog\/wp-content\/uploads\/2016\/04\/18-6837-post\/Ski_Lille_vengetind_midtrenna_vengedalen0001-300x200.jpg 300w, https:\/\/www.terjeaamodt.com\/blog\/wp-content\/uploads\/2016\/04\/18-6837-post\/Ski_Lille_vengetind_midtrenna_vengedalen0001-768x512.jpg 768w\" sizes=\"(max-width: 960px) 100vw, 960px\" \/><\/p>\n<p>Fra venstre: Bl\u00e5nebba, Store Vengetind, Lille Vengetind og S\u00f8rlige Vengetind.<\/p>\n<p><img decoding=\"async\" class=\"alignnone size-full wp-image-6839\" src=\"http:\/\/www.terjeaamodt.com\/blog\/wp-content\/uploads\/2016\/04\/18-6837-post\/Ski_Lille_vengetind_midtrenna_vengedalen0002.jpg\" alt=\"Ski_Lille_vengetind_midtrenna_vengedalen0002\" width=\"960\" height=\"640\" srcset=\"https:\/\/www.terjeaamodt.com\/blog\/wp-content\/uploads\/2016\/04\/18-6837-post\/Ski_Lille_vengetind_midtrenna_vengedalen0002.jpg 960w, https:\/\/www.terjeaamodt.com\/blog\/wp-content\/uploads\/2016\/04\/18-6837-post\/Ski_Lille_vengetind_midtrenna_vengedalen0002-300x200.jpg 300w, https:\/\/www.terjeaamodt.com\/blog\/wp-content\/uploads\/2016\/04\/18-6837-post\/Ski_Lille_vengetind_midtrenna_vengedalen0002-768x512.jpg 768w\" sizes=\"(max-width: 960px) 100vw, 960px\" \/><\/p>\n<p>P\u00e5 vei opp Vestrenna.<\/p>\n<p><img decoding=\"async\" class=\"alignnone size-full wp-image-6840\" src=\"http:\/\/www.terjeaamodt.com\/blog\/wp-content\/uploads\/2016\/04\/18-6837-post\/Ski_Lille_vengetind_midtrenna_vengedalen0003.jpg\" alt=\"Ski_Lille_vengetind_midtrenna_vengedalen0003\" width=\"960\" height=\"640\" srcset=\"https:\/\/www.terjeaamodt.com\/blog\/wp-content\/uploads\/2016\/04\/18-6837-post\/Ski_Lille_vengetind_midtrenna_vengedalen0003.jpg 960w, https:\/\/www.terjeaamodt.com\/blog\/wp-content\/uploads\/2016\/04\/18-6837-post\/Ski_Lille_vengetind_midtrenna_vengedalen0003-300x200.jpg 300w, https:\/\/www.terjeaamodt.com\/blog\/wp-content\/uploads\/2016\/04\/18-6837-post\/Ski_Lille_vengetind_midtrenna_vengedalen0003-768x512.jpg 768w\" sizes=\"(max-width: 960px) 100vw, 960px\" \/><\/p>\n<p>Trollveggen.<\/p>\n<p><img decoding=\"async\" class=\"alignnone size-full wp-image-6841\" src=\"http:\/\/www.terjeaamodt.com\/blog\/wp-content\/uploads\/2016\/04\/18-6837-post\/Ski_Lille_vengetind_midtrenna_vengedalen0004.jpg\" alt=\"Ski_Lille_vengetind_midtrenna_vengedalen0004\" width=\"960\" height=\"640\" srcset=\"https:\/\/www.terjeaamodt.com\/blog\/wp-content\/uploads\/2016\/04\/18-6837-post\/Ski_Lille_vengetind_midtrenna_vengedalen0004.jpg 960w, https:\/\/www.terjeaamodt.com\/blog\/wp-content\/uploads\/2016\/04\/18-6837-post\/Ski_Lille_vengetind_midtrenna_vengedalen0004-300x200.jpg 300w, https:\/\/www.terjeaamodt.com\/blog\/wp-content\/uploads\/2016\/04\/18-6837-post\/Ski_Lille_vengetind_midtrenna_vengedalen0004-768x512.jpg 768w\" sizes=\"(max-width: 960px) 100vw, 960px\" \/><img decoding=\"async\" class=\"alignnone size-full wp-image-6842\" src=\"http:\/\/www.terjeaamodt.com\/blog\/wp-content\/uploads\/2016\/04\/18-6837-post\/Ski_Lille_vengetind_midtrenna_vengedalen0005.jpg\" alt=\"Ski_Lille_vengetind_midtrenna_vengedalen0005\" width=\"960\" height=\"640\" srcset=\"https:\/\/www.terjeaamodt.com\/blog\/wp-content\/uploads\/2016\/04\/18-6837-post\/Ski_Lille_vengetind_midtrenna_vengedalen0005.jpg 960w, https:\/\/www.terjeaamodt.com\/blog\/wp-content\/uploads\/2016\/04\/18-6837-post\/Ski_Lille_vengetind_midtrenna_vengedalen0005-300x200.jpg 300w, https:\/\/www.terjeaamodt.com\/blog\/wp-content\/uploads\/2016\/04\/18-6837-post\/Ski_Lille_vengetind_midtrenna_vengedalen0005-768x512.jpg 768w\" sizes=\"(max-width: 960px) 100vw, 960px\" \/><\/p>\n<p>Store Trolltind med Nord\u00f8steggen i profil.<\/p>\n<p><img decoding=\"async\" class=\"alignnone size-full wp-image-6843\" src=\"http:\/\/www.terjeaamodt.com\/blog\/wp-content\/uploads\/2016\/04\/18-6837-post\/Ski_Lille_vengetind_midtrenna_vengedalen0006.jpg\" alt=\"Ski_Lille_vengetind_midtrenna_vengedalen0006\" width=\"960\" height=\"640\" srcset=\"https:\/\/www.terjeaamodt.com\/blog\/wp-content\/uploads\/2016\/04\/18-6837-post\/Ski_Lille_vengetind_midtrenna_vengedalen0006.jpg 960w, https:\/\/www.terjeaamodt.com\/blog\/wp-content\/uploads\/2016\/04\/18-6837-post\/Ski_Lille_vengetind_midtrenna_vengedalen0006-300x200.jpg 300w, https:\/\/www.terjeaamodt.com\/blog\/wp-content\/uploads\/2016\/04\/18-6837-post\/Ski_Lille_vengetind_midtrenna_vengedalen0006-768x512.jpg 768w\" sizes=\"(max-width: 960px) 100vw, 960px\" \/><img decoding=\"async\" class=\"alignnone size-full wp-image-6844\" src=\"http:\/\/www.terjeaamodt.com\/blog\/wp-content\/uploads\/2016\/04\/18-6837-post\/Ski_Lille_vengetind_midtrenna_vengedalen0007.jpg\" alt=\"Ski_Lille_vengetind_midtrenna_vengedalen0007\" width=\"960\" height=\"640\" srcset=\"https:\/\/www.terjeaamodt.com\/blog\/wp-content\/uploads\/2016\/04\/18-6837-post\/Ski_Lille_vengetind_midtrenna_vengedalen0007.jpg 960w, https:\/\/www.terjeaamodt.com\/blog\/wp-content\/uploads\/2016\/04\/18-6837-post\/Ski_Lille_vengetind_midtrenna_vengedalen0007-300x200.jpg 300w, https:\/\/www.terjeaamodt.com\/blog\/wp-content\/uploads\/2016\/04\/18-6837-post\/Ski_Lille_vengetind_midtrenna_vengedalen0007-768x512.jpg 768w\" sizes=\"(max-width: 960px) 100vw, 960px\" \/><img decoding=\"async\" class=\"alignnone size-full wp-image-6845\" src=\"http:\/\/www.terjeaamodt.com\/blog\/wp-content\/uploads\/2016\/04\/18-6837-post\/Ski_Lille_vengetind_midtrenna_vengedalen0008.jpg\" alt=\"Ski_Lille_vengetind_midtrenna_vengedalen0008\" width=\"960\" height=\"640\" srcset=\"https:\/\/www.terjeaamodt.com\/blog\/wp-content\/uploads\/2016\/04\/18-6837-post\/Ski_Lille_vengetind_midtrenna_vengedalen0008.jpg 960w, https:\/\/www.terjeaamodt.com\/blog\/wp-content\/uploads\/2016\/04\/18-6837-post\/Ski_Lille_vengetind_midtrenna_vengedalen0008-300x200.jpg 300w, https:\/\/www.terjeaamodt.com\/blog\/wp-content\/uploads\/2016\/04\/18-6837-post\/Ski_Lille_vengetind_midtrenna_vengedalen0008-768x512.jpg 768w\" sizes=\"(max-width: 960px) 100vw, 960px\" \/><img decoding=\"async\" class=\"alignnone size-full wp-image-6846\" src=\"http:\/\/www.terjeaamodt.com\/blog\/wp-content\/uploads\/2016\/04\/18-6837-post\/Ski_Lille_vengetind_midtrenna_vengedalen0009.jpg\" alt=\"Ski_Lille_vengetind_midtrenna_vengedalen0009\" width=\"960\" height=\"640\" srcset=\"https:\/\/www.terjeaamodt.com\/blog\/wp-content\/uploads\/2016\/04\/18-6837-post\/Ski_Lille_vengetind_midtrenna_vengedalen0009.jpg 960w, https:\/\/www.terjeaamodt.com\/blog\/wp-content\/uploads\/2016\/04\/18-6837-post\/Ski_Lille_vengetind_midtrenna_vengedalen0009-300x200.jpg 300w, https:\/\/www.terjeaamodt.com\/blog\/wp-content\/uploads\/2016\/04\/18-6837-post\/Ski_Lille_vengetind_midtrenna_vengedalen0009-768x512.jpg 768w\" sizes=\"(max-width: 960px) 100vw, 960px\" \/><\/p>\n<p>Utsikt fra toppen av Lille Vengetind. Til h\u00f8yre ser du Bl\u00e5nebba og videre langs Romsdalseggen. \u00c5ndalsnes og Molde i det fjerne.<\/p>\n<p><img decoding=\"async\" class=\"alignnone size-full wp-image-6847\" src=\"http:\/\/www.terjeaamodt.com\/blog\/wp-content\/uploads\/2016\/04\/18-6837-post\/Ski_Lille_vengetind_midtrenna_vengedalen0010.jpg\" alt=\"Ski_Lille_vengetind_midtrenna_vengedalen0010\" width=\"960\" height=\"640\" srcset=\"https:\/\/www.terjeaamodt.com\/blog\/wp-content\/uploads\/2016\/04\/18-6837-post\/Ski_Lille_vengetind_midtrenna_vengedalen0010.jpg 960w, https:\/\/www.terjeaamodt.com\/blog\/wp-content\/uploads\/2016\/04\/18-6837-post\/Ski_Lille_vengetind_midtrenna_vengedalen0010-300x200.jpg 300w, https:\/\/www.terjeaamodt.com\/blog\/wp-content\/uploads\/2016\/04\/18-6837-post\/Ski_Lille_vengetind_midtrenna_vengedalen0010-768x512.jpg 768w\" sizes=\"(max-width: 960px) 100vw, 960px\" \/><\/p>\n<p>Anders Eide p\u00e5 vei mot toppen. Store Vengetind i bakgrunnen.<\/p>\n<p><img decoding=\"async\" class=\"alignnone size-full wp-image-6848\" src=\"http:\/\/www.terjeaamodt.com\/blog\/wp-content\/uploads\/2016\/04\/18-6837-post\/Ski_Lille_vengetind_midtrenna_vengedalen0011.jpg\" alt=\"Ski_Lille_vengetind_midtrenna_vengedalen0011\" width=\"960\" height=\"640\" srcset=\"https:\/\/www.terjeaamodt.com\/blog\/wp-content\/uploads\/2016\/04\/18-6837-post\/Ski_Lille_vengetind_midtrenna_vengedalen0011.jpg 960w, https:\/\/www.terjeaamodt.com\/blog\/wp-content\/uploads\/2016\/04\/18-6837-post\/Ski_Lille_vengetind_midtrenna_vengedalen0011-300x200.jpg 300w, https:\/\/www.terjeaamodt.com\/blog\/wp-content\/uploads\/2016\/04\/18-6837-post\/Ski_Lille_vengetind_midtrenna_vengedalen0011-768x512.jpg 768w\" sizes=\"(max-width: 960px) 100vw, 960px\" \/><\/p>\n<p>Anders Eide i perfekte forhold ned Midtflanken.<\/p>\n<p><img decoding=\"async\" class=\"alignnone size-full wp-image-6849\" src=\"http:\/\/www.terjeaamodt.com\/blog\/wp-content\/uploads\/2016\/04\/18-6837-post\/Ski_Lille_vengetind_midtrenna_vengedalen0012.jpg\" alt=\"Ski_Lille_vengetind_midtrenna_vengedalen0012\" width=\"960\" height=\"640\" srcset=\"https:\/\/www.terjeaamodt.com\/blog\/wp-content\/uploads\/2016\/04\/18-6837-post\/Ski_Lille_vengetind_midtrenna_vengedalen0012.jpg 960w, https:\/\/www.terjeaamodt.com\/blog\/wp-content\/uploads\/2016\/04\/18-6837-post\/Ski_Lille_vengetind_midtrenna_vengedalen0012-300x200.jpg 300w, https:\/\/www.terjeaamodt.com\/blog\/wp-content\/uploads\/2016\/04\/18-6837-post\/Ski_Lille_vengetind_midtrenna_vengedalen0012-768x512.jpg 768w\" sizes=\"(max-width: 960px) 100vw, 960px\" \/><img decoding=\"async\" class=\"alignnone size-full wp-image-6850\" src=\"http:\/\/www.terjeaamodt.com\/blog\/wp-content\/uploads\/2016\/04\/18-6837-post\/Ski_Lille_vengetind_midtrenna_vengedalen0013.jpg\" alt=\"Ski_Lille_vengetind_midtrenna_vengedalen0013\" width=\"960\" height=\"640\" srcset=\"https:\/\/www.terjeaamodt.com\/blog\/wp-content\/uploads\/2016\/04\/18-6837-post\/Ski_Lille_vengetind_midtrenna_vengedalen0013.jpg 960w, https:\/\/www.terjeaamodt.com\/blog\/wp-content\/uploads\/2016\/04\/18-6837-post\/Ski_Lille_vengetind_midtrenna_vengedalen0013-300x200.jpg 300w, https:\/\/www.terjeaamodt.com\/blog\/wp-content\/uploads\/2016\/04\/18-6837-post\/Ski_Lille_vengetind_midtrenna_vengedalen0013-768x512.jpg 768w\" sizes=\"(max-width: 960px) 100vw, 960px\" \/><img decoding=\"async\" class=\"alignnone size-full wp-image-6851\" src=\"http:\/\/www.terjeaamodt.com\/blog\/wp-content\/uploads\/2016\/04\/18-6837-post\/Ski_Lille_vengetind_midtrenna_vengedalen0014.jpg\" alt=\"Ski_Lille_vengetind_midtrenna_vengedalen0014\" width=\"960\" height=\"640\" srcset=\"https:\/\/www.terjeaamodt.com\/blog\/wp-content\/uploads\/2016\/04\/18-6837-post\/Ski_Lille_vengetind_midtrenna_vengedalen0014.jpg 960w, https:\/\/www.terjeaamodt.com\/blog\/wp-content\/uploads\/2016\/04\/18-6837-post\/Ski_Lille_vengetind_midtrenna_vengedalen0014-300x200.jpg 300w, https:\/\/www.terjeaamodt.com\/blog\/wp-content\/uploads\/2016\/04\/18-6837-post\/Ski_Lille_vengetind_midtrenna_vengedalen0014-768x512.jpg 768w\" sizes=\"(max-width: 960px) 100vw, 960px\" \/><\/p>\n<p>Ned Vestrenna i sol \ud83d\ude42<\/p>\n","protected":false},"excerpt":{"rendered":"<p>Vengetind er ett av det mest majestetiske fjellet vi har i Romsdalen og de fleste\u00a0vil nok forbinde det med klatring, enten det v\u00e6re seg\u00a0sommer eller vinter. En tur opp Vesteggen p\u00e5 Store Vengetind, eller en travers langs hele tinderekka en varm sommerdag, er noe du sent glemmer. Selv om Vengetind kanskje f\u00f8rst og frems er [&hellip;]<\/p>\n","protected":false},"author":1,"featured_media":6848,"comment_status":"open","ping_status":"open","sticky":false,"template":"","format":"standard","meta":{"footnotes":""},"categories":[14,39],"tags":[661,643,117,663,662,118,43],"class_list":["post-6837","post","type-post","status-publish","format-standard","has-post-thumbnail","hentry","category-ski","category-sport","tag-lille-vengetind","tag-ski","tag-skibilder","tag-skibilder-lille-vengetind","tag-skibilder-vengetind","tag-skifoto","tag-vengedalen"],"yoast_head":"<!-- This site is optimized with the Yoast SEO plugin v27.1.1 - https:\/\/yoast.com\/product\/yoast-seo-wordpress\/ -->\n<title>Skibilder\u239f Midtflanken\u239f Lille Vengetind | Terje Aamodt Photography blog<\/title>\n<meta name=\"robots\" content=\"index, follow, max-snippet:-1, max-image-preview:large, max-video-preview:-1\" \/>\n<link rel=\"canonical\" href=\"https:\/\/www.terjeaamodt.com\/blog\/2016\/04\/18\/6837\/\" \/>\n<meta property=\"og:locale\" content=\"nb_NO\" \/>\n<meta property=\"og:type\" content=\"article\" \/>\n<meta property=\"og:title\" content=\"Skibilder\u239f Midtflanken\u239f Lille Vengetind | Terje Aamodt Photography blog\" \/>\n<meta property=\"og:description\" content=\"Vengetind er ett av det mest majestetiske fjellet vi har i Romsdalen og de fleste\u00a0vil nok forbinde det med klatring, enten det v\u00e6re seg\u00a0sommer eller vinter. En tur opp Vesteggen p\u00e5 Store Vengetind, eller en travers langs hele tinderekka en varm sommerdag, er noe du sent glemmer. Selv om Vengetind kanskje f\u00f8rst og frems er [&hellip;]\" \/>\n<meta property=\"og:url\" content=\"https:\/\/www.terjeaamodt.com\/blog\/2016\/04\/18\/6837\/\" \/>\n<meta property=\"og:site_name\" content=\"Terje Aamodt Photography blog\" \/>\n<meta property=\"article:publisher\" content=\"https:\/\/www.facebook.com\/Terje-Aamodt-Photography-161544107229708\/?ref=hl\" \/>\n<meta property=\"article:published_time\" content=\"2016-04-18T10:39:10+00:00\" \/>\n<meta property=\"article:modified_time\" content=\"2016-04-18T10:49:51+00:00\" \/>\n<meta property=\"og:image\" content=\"https:\/\/www.terjeaamodt.com\/blog\/wp-content\/uploads\/2016\/04\/18-6837-post\/Ski_Lille_vengetind_midtrenna_vengedalen0011.jpg\" \/>\n\t<meta property=\"og:image:width\" content=\"960\" \/>\n\t<meta property=\"og:image:height\" content=\"640\" \/>\n\t<meta property=\"og:image:type\" content=\"image\/jpeg\" \/>\n<meta name=\"author\" content=\"Terje Aamodt\" \/>\n<meta name=\"twitter:card\" content=\"summary_large_image\" \/>\n<meta name=\"twitter:creator\" content=\"@aamodtfoto\" \/>\n<meta name=\"twitter:site\" content=\"@aamodtfoto\" \/>\n<meta name=\"twitter:label1\" content=\"Skrevet av\" \/>\n\t<meta name=\"twitter:data1\" content=\"Terje Aamodt\" \/>\n\t<meta name=\"twitter:label2\" content=\"Ansl. lesetid\" \/>\n\t<meta name=\"twitter:data2\" content=\"1 minutt\" \/>\n<script type=\"application\/ld+json\" class=\"yoast-schema-graph\">{\"@context\":\"https:\/\/schema.org\",\"@graph\":[{\"@type\":\"Article\",\"@id\":\"https:\/\/www.terjeaamodt.com\/blog\/2016\/04\/18\/6837\/#article\",\"isPartOf\":{\"@id\":\"https:\/\/www.terjeaamodt.com\/blog\/2016\/04\/18\/6837\/\"},\"author\":{\"name\":\"Terje Aamodt\",\"@id\":\"https:\/\/www.terjeaamodt.com\/blog\/#\/schema\/person\/421fe074073d41cf4e17a2aaa426f5bd\"},\"headline\":\"Skibilder\u239f Midtflanken\u239f Lille Vengetind\",\"datePublished\":\"2016-04-18T10:39:10+00:00\",\"dateModified\":\"2016-04-18T10:49:51+00:00\",\"mainEntityOfPage\":{\"@id\":\"https:\/\/www.terjeaamodt.com\/blog\/2016\/04\/18\/6837\/\"},\"wordCount\":299,\"commentCount\":0,\"image\":{\"@id\":\"https:\/\/www.terjeaamodt.com\/blog\/2016\/04\/18\/6837\/#primaryimage\"},\"thumbnailUrl\":\"https:\/\/www.terjeaamodt.com\/blog\/wp-content\/uploads\/2016\/04\/18-6837-post\/Ski_Lille_vengetind_midtrenna_vengedalen0011.jpg\",\"keywords\":[\"Lille Vengetind\",\"Ski\",\"Skibilder\",\"skibilder Lille Vengetind\",\"skibilder vengetind\",\"Skifoto\",\"Vengedalen\"],\"articleSection\":[\"Ski\",\"Sport\"],\"inLanguage\":\"nb-NO\",\"potentialAction\":[{\"@type\":\"CommentAction\",\"name\":\"Comment\",\"target\":[\"https:\/\/www.terjeaamodt.com\/blog\/2016\/04\/18\/6837\/#respond\"]}]},{\"@type\":\"WebPage\",\"@id\":\"https:\/\/www.terjeaamodt.com\/blog\/2016\/04\/18\/6837\/\",\"url\":\"https:\/\/www.terjeaamodt.com\/blog\/2016\/04\/18\/6837\/\",\"name\":\"Skibilder\u239f Midtflanken\u239f Lille Vengetind | Terje Aamodt Photography blog\",\"isPartOf\":{\"@id\":\"https:\/\/www.terjeaamodt.com\/blog\/#website\"},\"primaryImageOfPage\":{\"@id\":\"https:\/\/www.terjeaamodt.com\/blog\/2016\/04\/18\/6837\/#primaryimage\"},\"image\":{\"@id\":\"https:\/\/www.terjeaamodt.com\/blog\/2016\/04\/18\/6837\/#primaryimage\"},\"thumbnailUrl\":\"https:\/\/www.terjeaamodt.com\/blog\/wp-content\/uploads\/2016\/04\/18-6837-post\/Ski_Lille_vengetind_midtrenna_vengedalen0011.jpg\",\"datePublished\":\"2016-04-18T10:39:10+00:00\",\"dateModified\":\"2016-04-18T10:49:51+00:00\",\"author\":{\"@id\":\"https:\/\/www.terjeaamodt.com\/blog\/#\/schema\/person\/421fe074073d41cf4e17a2aaa426f5bd\"},\"breadcrumb\":{\"@id\":\"https:\/\/www.terjeaamodt.com\/blog\/2016\/04\/18\/6837\/#breadcrumb\"},\"inLanguage\":\"nb-NO\",\"potentialAction\":[{\"@type\":\"ReadAction\",\"target\":[\"https:\/\/www.terjeaamodt.com\/blog\/2016\/04\/18\/6837\/\"]}]},{\"@type\":\"ImageObject\",\"inLanguage\":\"nb-NO\",\"@id\":\"https:\/\/www.terjeaamodt.com\/blog\/2016\/04\/18\/6837\/#primaryimage\",\"url\":\"https:\/\/www.terjeaamodt.com\/blog\/wp-content\/uploads\/2016\/04\/18-6837-post\/Ski_Lille_vengetind_midtrenna_vengedalen0011.jpg\",\"contentUrl\":\"https:\/\/www.terjeaamodt.com\/blog\/wp-content\/uploads\/2016\/04\/18-6837-post\/Ski_Lille_vengetind_midtrenna_vengedalen0011.jpg\",\"width\":960,\"height\":640},{\"@type\":\"BreadcrumbList\",\"@id\":\"https:\/\/www.terjeaamodt.com\/blog\/2016\/04\/18\/6837\/#breadcrumb\",\"itemListElement\":[{\"@type\":\"ListItem\",\"position\":1,\"name\":\"Home\",\"item\":\"https:\/\/www.terjeaamodt.com\/blog\/\"},{\"@type\":\"ListItem\",\"position\":2,\"name\":\"Skibilder\u239f Midtflanken\u239f Lille Vengetind\"}]},{\"@type\":\"WebSite\",\"@id\":\"https:\/\/www.terjeaamodt.com\/blog\/#website\",\"url\":\"https:\/\/www.terjeaamodt.com\/blog\/\",\"name\":\"Terje Aamodt Photography blog\",\"description\":\"\",\"potentialAction\":[{\"@type\":\"SearchAction\",\"target\":{\"@type\":\"EntryPoint\",\"urlTemplate\":\"https:\/\/www.terjeaamodt.com\/blog\/?s={search_term_string}\"},\"query-input\":{\"@type\":\"PropertyValueSpecification\",\"valueRequired\":true,\"valueName\":\"search_term_string\"}}],\"inLanguage\":\"nb-NO\"},{\"@type\":\"Person\",\"@id\":\"https:\/\/www.terjeaamodt.com\/blog\/#\/schema\/person\/421fe074073d41cf4e17a2aaa426f5bd\",\"name\":\"Terje Aamodt\",\"image\":{\"@type\":\"ImageObject\",\"inLanguage\":\"nb-NO\",\"@id\":\"https:\/\/www.terjeaamodt.com\/blog\/#\/schema\/person\/image\/\",\"url\":\"https:\/\/secure.gravatar.com\/avatar\/42c15fcafccc8dea0466e1f48bbabee5d657af333b66d515f227538e430e6f37?s=96&d=mm&r=g\",\"contentUrl\":\"https:\/\/secure.gravatar.com\/avatar\/42c15fcafccc8dea0466e1f48bbabee5d657af333b66d515f227538e430e6f37?s=96&d=mm&r=g\",\"caption\":\"Terje Aamodt\"},\"description\":\"Terje Aamodt, fotograf og klattrer\",\"sameAs\":[\"http:\/\/www.terjeaamodt.com\"],\"url\":\"https:\/\/www.terjeaamodt.com\/blog\/author\/admin\/\"}]}<\/script>\n<!-- \/ Yoast SEO plugin. -->","yoast_head_json":{"title":"Skibilder\u239f Midtflanken\u239f Lille Vengetind | Terje Aamodt Photography blog","robots":{"index":"index","follow":"follow","max-snippet":"max-snippet:-1","max-image-preview":"max-image-preview:large","max-video-preview":"max-video-preview:-1"},"canonical":"https:\/\/www.terjeaamodt.com\/blog\/2016\/04\/18\/6837\/","og_locale":"nb_NO","og_type":"article","og_title":"Skibilder\u239f Midtflanken\u239f Lille Vengetind | Terje Aamodt Photography blog","og_description":"Vengetind er ett av det mest majestetiske fjellet vi har i Romsdalen og de fleste\u00a0vil nok forbinde det med klatring, enten det v\u00e6re seg\u00a0sommer eller vinter. En tur opp Vesteggen p\u00e5 Store Vengetind, eller en travers langs hele tinderekka en varm sommerdag, er noe du sent glemmer. Selv om Vengetind kanskje f\u00f8rst og frems er [&hellip;]","og_url":"https:\/\/www.terjeaamodt.com\/blog\/2016\/04\/18\/6837\/","og_site_name":"Terje Aamodt Photography blog","article_publisher":"https:\/\/www.facebook.com\/Terje-Aamodt-Photography-161544107229708\/?ref=hl","article_published_time":"2016-04-18T10:39:10+00:00","article_modified_time":"2016-04-18T10:49:51+00:00","og_image":[{"width":960,"height":640,"url":"https:\/\/www.terjeaamodt.com\/blog\/wp-content\/uploads\/2016\/04\/18-6837-post\/Ski_Lille_vengetind_midtrenna_vengedalen0011.jpg","type":"image\/jpeg"}],"author":"Terje Aamodt","twitter_card":"summary_large_image","twitter_creator":"@aamodtfoto","twitter_site":"@aamodtfoto","twitter_misc":{"Skrevet av":"Terje Aamodt","Ansl. lesetid":"1 minutt"},"schema":{"@context":"https:\/\/schema.org","@graph":[{"@type":"Article","@id":"https:\/\/www.terjeaamodt.com\/blog\/2016\/04\/18\/6837\/#article","isPartOf":{"@id":"https:\/\/www.terjeaamodt.com\/blog\/2016\/04\/18\/6837\/"},"author":{"name":"Terje Aamodt","@id":"https:\/\/www.terjeaamodt.com\/blog\/#\/schema\/person\/421fe074073d41cf4e17a2aaa426f5bd"},"headline":"Skibilder\u239f Midtflanken\u239f Lille Vengetind","datePublished":"2016-04-18T10:39:10+00:00","dateModified":"2016-04-18T10:49:51+00:00","mainEntityOfPage":{"@id":"https:\/\/www.terjeaamodt.com\/blog\/2016\/04\/18\/6837\/"},"wordCount":299,"commentCount":0,"image":{"@id":"https:\/\/www.terjeaamodt.com\/blog\/2016\/04\/18\/6837\/#primaryimage"},"thumbnailUrl":"https:\/\/www.terjeaamodt.com\/blog\/wp-content\/uploads\/2016\/04\/18-6837-post\/Ski_Lille_vengetind_midtrenna_vengedalen0011.jpg","keywords":["Lille Vengetind","Ski","Skibilder","skibilder Lille Vengetind","skibilder vengetind","Skifoto","Vengedalen"],"articleSection":["Ski","Sport"],"inLanguage":"nb-NO","potentialAction":[{"@type":"CommentAction","name":"Comment","target":["https:\/\/www.terjeaamodt.com\/blog\/2016\/04\/18\/6837\/#respond"]}]},{"@type":"WebPage","@id":"https:\/\/www.terjeaamodt.com\/blog\/2016\/04\/18\/6837\/","url":"https:\/\/www.terjeaamodt.com\/blog\/2016\/04\/18\/6837\/","name":"Skibilder\u239f Midtflanken\u239f Lille Vengetind | Terje Aamodt Photography blog","isPartOf":{"@id":"https:\/\/www.terjeaamodt.com\/blog\/#website"},"primaryImageOfPage":{"@id":"https:\/\/www.terjeaamodt.com\/blog\/2016\/04\/18\/6837\/#primaryimage"},"image":{"@id":"https:\/\/www.terjeaamodt.com\/blog\/2016\/04\/18\/6837\/#primaryimage"},"thumbnailUrl":"https:\/\/www.terjeaamodt.com\/blog\/wp-content\/uploads\/2016\/04\/18-6837-post\/Ski_Lille_vengetind_midtrenna_vengedalen0011.jpg","datePublished":"2016-04-18T10:39:10+00:00","dateModified":"2016-04-18T10:49:51+00:00","author":{"@id":"https:\/\/www.terjeaamodt.com\/blog\/#\/schema\/person\/421fe074073d41cf4e17a2aaa426f5bd"},"breadcrumb":{"@id":"https:\/\/www.terjeaamodt.com\/blog\/2016\/04\/18\/6837\/#breadcrumb"},"inLanguage":"nb-NO","potentialAction":[{"@type":"ReadAction","target":["https:\/\/www.terjeaamodt.com\/blog\/2016\/04\/18\/6837\/"]}]},{"@type":"ImageObject","inLanguage":"nb-NO","@id":"https:\/\/www.terjeaamodt.com\/blog\/2016\/04\/18\/6837\/#primaryimage","url":"https:\/\/www.terjeaamodt.com\/blog\/wp-content\/uploads\/2016\/04\/18-6837-post\/Ski_Lille_vengetind_midtrenna_vengedalen0011.jpg","contentUrl":"https:\/\/www.terjeaamodt.com\/blog\/wp-content\/uploads\/2016\/04\/18-6837-post\/Ski_Lille_vengetind_midtrenna_vengedalen0011.jpg","width":960,"height":640},{"@type":"BreadcrumbList","@id":"https:\/\/www.terjeaamodt.com\/blog\/2016\/04\/18\/6837\/#breadcrumb","itemListElement":[{"@type":"ListItem","position":1,"name":"Home","item":"https:\/\/www.terjeaamodt.com\/blog\/"},{"@type":"ListItem","position":2,"name":"Skibilder\u239f Midtflanken\u239f Lille Vengetind"}]},{"@type":"WebSite","@id":"https:\/\/www.terjeaamodt.com\/blog\/#website","url":"https:\/\/www.terjeaamodt.com\/blog\/","name":"Terje Aamodt Photography blog","description":"","potentialAction":[{"@type":"SearchAction","target":{"@type":"EntryPoint","urlTemplate":"https:\/\/www.terjeaamodt.com\/blog\/?s={search_term_string}"},"query-input":{"@type":"PropertyValueSpecification","valueRequired":true,"valueName":"search_term_string"}}],"inLanguage":"nb-NO"},{"@type":"Person","@id":"https:\/\/www.terjeaamodt.com\/blog\/#\/schema\/person\/421fe074073d41cf4e17a2aaa426f5bd","name":"Terje Aamodt","image":{"@type":"ImageObject","inLanguage":"nb-NO","@id":"https:\/\/www.terjeaamodt.com\/blog\/#\/schema\/person\/image\/","url":"https:\/\/secure.gravatar.com\/avatar\/42c15fcafccc8dea0466e1f48bbabee5d657af333b66d515f227538e430e6f37?s=96&d=mm&r=g","contentUrl":"https:\/\/secure.gravatar.com\/avatar\/42c15fcafccc8dea0466e1f48bbabee5d657af333b66d515f227538e430e6f37?s=96&d=mm&r=g","caption":"Terje Aamodt"},"description":"Terje Aamodt, fotograf og klattrer","sameAs":["http:\/\/www.terjeaamodt.com"],"url":"https:\/\/www.terjeaamodt.com\/blog\/author\/admin\/"}]}},"_links":{"self":[{"href":"https:\/\/www.terjeaamodt.com\/blog\/wp-json\/wp\/v2\/posts\/6837","targetHints":{"allow":["GET"]}}],"collection":[{"href":"https:\/\/www.terjeaamodt.com\/blog\/wp-json\/wp\/v2\/posts"}],"about":[{"href":"https:\/\/www.terjeaamodt.com\/blog\/wp-json\/wp\/v2\/types\/post"}],"author":[{"embeddable":true,"href":"https:\/\/www.terjeaamodt.com\/blog\/wp-json\/wp\/v2\/users\/1"}],"replies":[{"embeddable":true,"href":"https:\/\/www.terjeaamodt.com\/blog\/wp-json\/wp\/v2\/comments?post=6837"}],"version-history":[{"count":3,"href":"https:\/\/www.terjeaamodt.com\/blog\/wp-json\/wp\/v2\/posts\/6837\/revisions"}],"predecessor-version":[{"id":6854,"href":"https:\/\/www.terjeaamodt.com\/blog\/wp-json\/wp\/v2\/posts\/6837\/revisions\/6854"}],"wp:featuredmedia":[{"embeddable":true,"href":"https:\/\/www.terjeaamodt.com\/blog\/wp-json\/wp\/v2\/media\/6848"}],"wp:attachment":[{"href":"https:\/\/www.terjeaamodt.com\/blog\/wp-json\/wp\/v2\/media?parent=6837"}],"wp:term":[{"taxonomy":"category","embeddable":true,"href":"https:\/\/www.terjeaamodt.com\/blog\/wp-json\/wp\/v2\/categories?post=6837"},{"taxonomy":"post_tag","embeddable":true,"href":"https:\/\/www.terjeaamodt.com\/blog\/wp-json\/wp\/v2\/tags?post=6837"}],"curies":[{"name":"wp","href":"https:\/\/api.w.org\/{rel}","templated":true}]}}