{"id":6918,"date":"2016-06-04T04:36:00","date_gmt":"2016-06-04T09:36:00","guid":{"rendered":"http:\/\/www.terjeaamodt.com\/blog\/?p=6918"},"modified":"2016-06-04T04:36:00","modified_gmt":"2016-06-04T09:36:00","slug":"6918","status":"publish","type":"post","link":"https:\/\/www.terjeaamodt.com\/blog\/2016\/06\/04\/6918\/","title":{"rendered":"Flyfotografering\u239fFlyfoto over Molde, H\u00e5holmen, Atlanterhavsvegen, Fr\u00e6na og Gjemnessundbrua"},"content":{"rendered":"<p>Her kommer noen flyfoto fra Molde, \u00a0H\u00e5holmen, Atlanterhavsvegen, Fr\u00e6na og Gjemnessundbrua. Skulle gjerne hatt litt bedre tid til \u00e5 ta bilder, men siden vi hadde det travelt var det her alt jeg rakk for denne gang.<\/p>\n<p><img decoding=\"async\" class=\"alignnone size-full wp-image-6931\" src=\"http:\/\/www.terjeaamodt.com\/blog\/wp-content\/uploads\/2016\/06\/04-6918-post\/fyfoto_molde_0002-1.jpg\" alt=\"fyfoto_molde_0002\" width=\"960\" height=\"640\" srcset=\"https:\/\/www.terjeaamodt.com\/blog\/wp-content\/uploads\/2016\/06\/04-6918-post\/fyfoto_molde_0002-1.jpg 960w, https:\/\/www.terjeaamodt.com\/blog\/wp-content\/uploads\/2016\/06\/04-6918-post\/fyfoto_molde_0002-1-300x200.jpg 300w, https:\/\/www.terjeaamodt.com\/blog\/wp-content\/uploads\/2016\/06\/04-6918-post\/fyfoto_molde_0002-1-768x512.jpg 768w\" sizes=\"(max-width: 960px) 100vw, 960px\" \/>Flyfoto over Molde by. I bildet ser du sentrum, Aker stadion og Seilet.<\/p>\n<p><img decoding=\"async\" class=\"alignnone size-full wp-image-6932\" src=\"http:\/\/www.terjeaamodt.com\/blog\/wp-content\/uploads\/2016\/06\/04-6918-post\/fyfoto_molde_0001-1.jpg\" alt=\"fyfoto_molde_0001\" width=\"960\" height=\"640\" srcset=\"https:\/\/www.terjeaamodt.com\/blog\/wp-content\/uploads\/2016\/06\/04-6918-post\/fyfoto_molde_0001-1.jpg 960w, https:\/\/www.terjeaamodt.com\/blog\/wp-content\/uploads\/2016\/06\/04-6918-post\/fyfoto_molde_0001-1-300x200.jpg 300w, https:\/\/www.terjeaamodt.com\/blog\/wp-content\/uploads\/2016\/06\/04-6918-post\/fyfoto_molde_0001-1-768x512.jpg 768w\" sizes=\"(max-width: 960px) 100vw, 960px\" \/><img decoding=\"async\" class=\"alignnone size-full wp-image-6933\" src=\"http:\/\/www.terjeaamodt.com\/blog\/wp-content\/uploads\/2016\/06\/04-6918-post\/fyfoto_haholmen_0009-1.jpg\" alt=\"fyfoto_haholmen_0009\" width=\"960\" height=\"640\" srcset=\"https:\/\/www.terjeaamodt.com\/blog\/wp-content\/uploads\/2016\/06\/04-6918-post\/fyfoto_haholmen_0009-1.jpg 960w, https:\/\/www.terjeaamodt.com\/blog\/wp-content\/uploads\/2016\/06\/04-6918-post\/fyfoto_haholmen_0009-1-300x200.jpg 300w, https:\/\/www.terjeaamodt.com\/blog\/wp-content\/uploads\/2016\/06\/04-6918-post\/fyfoto_haholmen_0009-1-768x512.jpg 768w\" sizes=\"(max-width: 960px) 100vw, 960px\" \/>Flyfoto over H\u00e5holmen.\u00a0Gleder meg til jeg skal fotografere bryllup her til sommeren \ud83d\ude42<\/p>\n<p><img decoding=\"async\" class=\"alignnone size-full wp-image-6934\" src=\"http:\/\/www.terjeaamodt.com\/blog\/wp-content\/uploads\/2016\/06\/04-6918-post\/fyfoto_haholmen_0010-1.jpg\" alt=\"fyfoto_haholmen_0010\" width=\"960\" height=\"640\" srcset=\"https:\/\/www.terjeaamodt.com\/blog\/wp-content\/uploads\/2016\/06\/04-6918-post\/fyfoto_haholmen_0010-1.jpg 960w, https:\/\/www.terjeaamodt.com\/blog\/wp-content\/uploads\/2016\/06\/04-6918-post\/fyfoto_haholmen_0010-1-300x200.jpg 300w, https:\/\/www.terjeaamodt.com\/blog\/wp-content\/uploads\/2016\/06\/04-6918-post\/fyfoto_haholmen_0010-1-768x512.jpg 768w\" sizes=\"(max-width: 960px) 100vw, 960px\" \/>Flyfoto over H\u00e5holmen med Atlanterhavsvegen, Sjurvarden og Melen i bakgrunnen.<\/p>\n<p><img decoding=\"async\" class=\"alignnone size-full wp-image-6935\" src=\"http:\/\/www.terjeaamodt.com\/blog\/wp-content\/uploads\/2016\/06\/04-6918-post\/fyfoto_melen_sjurvarden_0007-1.jpg\" alt=\"fyfoto_melen_sjurvarden_0007\" width=\"960\" height=\"640\" srcset=\"https:\/\/www.terjeaamodt.com\/blog\/wp-content\/uploads\/2016\/06\/04-6918-post\/fyfoto_melen_sjurvarden_0007-1.jpg 960w, https:\/\/www.terjeaamodt.com\/blog\/wp-content\/uploads\/2016\/06\/04-6918-post\/fyfoto_melen_sjurvarden_0007-1-300x200.jpg 300w, https:\/\/www.terjeaamodt.com\/blog\/wp-content\/uploads\/2016\/06\/04-6918-post\/fyfoto_melen_sjurvarden_0007-1-768x512.jpg 768w\" sizes=\"(max-width: 960px) 100vw, 960px\" \/>Melen og Sjurvarden.<\/p>\n<p><img decoding=\"async\" class=\"alignnone size-full wp-image-6936\" src=\"http:\/\/www.terjeaamodt.com\/blog\/wp-content\/uploads\/2016\/06\/04-6918-post\/fyfoto_molde_otteroya_0003-1.jpg\" alt=\"fyfoto_molde_otteroya_0003\" width=\"960\" height=\"640\" srcset=\"https:\/\/www.terjeaamodt.com\/blog\/wp-content\/uploads\/2016\/06\/04-6918-post\/fyfoto_molde_otteroya_0003-1.jpg 960w, https:\/\/www.terjeaamodt.com\/blog\/wp-content\/uploads\/2016\/06\/04-6918-post\/fyfoto_molde_otteroya_0003-1-300x200.jpg 300w, https:\/\/www.terjeaamodt.com\/blog\/wp-content\/uploads\/2016\/06\/04-6918-post\/fyfoto_molde_otteroya_0003-1-768x512.jpg 768w\" sizes=\"(max-width: 960px) 100vw, 960px\" \/><img decoding=\"async\" class=\"alignnone size-full wp-image-6937\" src=\"http:\/\/www.terjeaamodt.com\/blog\/wp-content\/uploads\/2016\/06\/04-6918-post\/fyfoto_gjendemsfjellet_bud_frena_0004-1.jpg\" alt=\"fyfoto_gjendemsfjellet_bud_frena_0004\" width=\"960\" height=\"640\" srcset=\"https:\/\/www.terjeaamodt.com\/blog\/wp-content\/uploads\/2016\/06\/04-6918-post\/fyfoto_gjendemsfjellet_bud_frena_0004-1.jpg 960w, https:\/\/www.terjeaamodt.com\/blog\/wp-content\/uploads\/2016\/06\/04-6918-post\/fyfoto_gjendemsfjellet_bud_frena_0004-1-300x200.jpg 300w, https:\/\/www.terjeaamodt.com\/blog\/wp-content\/uploads\/2016\/06\/04-6918-post\/fyfoto_gjendemsfjellet_bud_frena_0004-1-768x512.jpg 768w\" sizes=\"(max-width: 960px) 100vw, 960px\" \/><img decoding=\"async\" class=\"alignnone size-full wp-image-6938\" src=\"http:\/\/www.terjeaamodt.com\/blog\/wp-content\/uploads\/2016\/06\/04-6918-post\/fyfoto_gjendemsfjellet_bud_frena_0005-1.jpg\" alt=\"fyfoto_gjendemsfjellet_bud_frena_0005\" width=\"960\" height=\"640\" srcset=\"https:\/\/www.terjeaamodt.com\/blog\/wp-content\/uploads\/2016\/06\/04-6918-post\/fyfoto_gjendemsfjellet_bud_frena_0005-1.jpg 960w, https:\/\/www.terjeaamodt.com\/blog\/wp-content\/uploads\/2016\/06\/04-6918-post\/fyfoto_gjendemsfjellet_bud_frena_0005-1-300x200.jpg 300w, https:\/\/www.terjeaamodt.com\/blog\/wp-content\/uploads\/2016\/06\/04-6918-post\/fyfoto_gjendemsfjellet_bud_frena_0005-1-768x512.jpg 768w\" sizes=\"(max-width: 960px) 100vw, 960px\" \/>Gjendemsfjellet.<\/p>\n<p><img decoding=\"async\" class=\"alignnone size-full wp-image-6939\" src=\"http:\/\/www.terjeaamodt.com\/blog\/wp-content\/uploads\/2016\/06\/04-6918-post\/fyfoto_skalten_raudtua_langvatnet_0006-1.jpg\" alt=\"fyfoto_skalten_raudtua_langvatnet_0006\" width=\"960\" height=\"640\" srcset=\"https:\/\/www.terjeaamodt.com\/blog\/wp-content\/uploads\/2016\/06\/04-6918-post\/fyfoto_skalten_raudtua_langvatnet_0006-1.jpg 960w, https:\/\/www.terjeaamodt.com\/blog\/wp-content\/uploads\/2016\/06\/04-6918-post\/fyfoto_skalten_raudtua_langvatnet_0006-1-300x200.jpg 300w, https:\/\/www.terjeaamodt.com\/blog\/wp-content\/uploads\/2016\/06\/04-6918-post\/fyfoto_skalten_raudtua_langvatnet_0006-1-768x512.jpg 768w\" sizes=\"(max-width: 960px) 100vw, 960px\" \/><img decoding=\"async\" class=\"alignnone size-full wp-image-6940\" src=\"http:\/\/www.terjeaamodt.com\/blog\/wp-content\/uploads\/2016\/06\/04-6918-post\/fyfoto_atlanterhavsvegen_0008-1.jpg\" alt=\"fyfoto_atlanterhavsvegen_0008\" width=\"960\" height=\"640\" srcset=\"https:\/\/www.terjeaamodt.com\/blog\/wp-content\/uploads\/2016\/06\/04-6918-post\/fyfoto_atlanterhavsvegen_0008-1.jpg 960w, https:\/\/www.terjeaamodt.com\/blog\/wp-content\/uploads\/2016\/06\/04-6918-post\/fyfoto_atlanterhavsvegen_0008-1-300x200.jpg 300w, https:\/\/www.terjeaamodt.com\/blog\/wp-content\/uploads\/2016\/06\/04-6918-post\/fyfoto_atlanterhavsvegen_0008-1-768x512.jpg 768w\" sizes=\"(max-width: 960px) 100vw, 960px\" \/>Atlanterhavsvegen sett fra lufta<\/p>\n<p><img decoding=\"async\" class=\"alignnone size-full wp-image-6941\" src=\"http:\/\/www.terjeaamodt.com\/blog\/wp-content\/uploads\/2016\/06\/04-6918-post\/fyfoto_gjemnessundbrua_0011-1.jpg\" alt=\"fyfoto_gjemnessundbrua_0011\" width=\"960\" height=\"640\" srcset=\"https:\/\/www.terjeaamodt.com\/blog\/wp-content\/uploads\/2016\/06\/04-6918-post\/fyfoto_gjemnessundbrua_0011-1.jpg 960w, https:\/\/www.terjeaamodt.com\/blog\/wp-content\/uploads\/2016\/06\/04-6918-post\/fyfoto_gjemnessundbrua_0011-1-300x200.jpg 300w, https:\/\/www.terjeaamodt.com\/blog\/wp-content\/uploads\/2016\/06\/04-6918-post\/fyfoto_gjemnessundbrua_0011-1-768x512.jpg 768w\" sizes=\"(max-width: 960px) 100vw, 960px\" \/>Gjemnessundbrua med Frei i bakgrunnen.<\/p>\n<p><img decoding=\"async\" class=\"alignnone size-full wp-image-6942\" src=\"http:\/\/www.terjeaamodt.com\/blog\/wp-content\/uploads\/2016\/06\/04-6918-post\/fyfoto_gjemnessundbrua_0012-1.jpg\" alt=\"fyfoto_gjemnessundbrua_0012\" width=\"960\" height=\"640\" srcset=\"https:\/\/www.terjeaamodt.com\/blog\/wp-content\/uploads\/2016\/06\/04-6918-post\/fyfoto_gjemnessundbrua_0012-1.jpg 960w, https:\/\/www.terjeaamodt.com\/blog\/wp-content\/uploads\/2016\/06\/04-6918-post\/fyfoto_gjemnessundbrua_0012-1-300x200.jpg 300w, https:\/\/www.terjeaamodt.com\/blog\/wp-content\/uploads\/2016\/06\/04-6918-post\/fyfoto_gjemnessundbrua_0012-1-768x512.jpg 768w\" sizes=\"(max-width: 960px) 100vw, 960px\" \/><\/p>\n","protected":false},"excerpt":{"rendered":"<p>Her kommer noen flyfoto fra Molde, \u00a0H\u00e5holmen, Atlanterhavsvegen, Fr\u00e6na og Gjemnessundbrua. Skulle gjerne hatt litt bedre tid til \u00e5 ta bilder, men siden vi hadde det travelt var det her alt jeg rakk for denne gang. Flyfoto over Molde by. I bildet ser du sentrum, Aker stadion og Seilet. Flyfoto over H\u00e5holmen.\u00a0Gleder meg til jeg [&hellip;]<\/p>\n","protected":false},"author":1,"featured_media":6934,"comment_status":"open","ping_status":"open","sticky":false,"template":"","format":"standard","meta":{"footnotes":""},"categories":[12,9],"tags":[666,667,65,366,665,38],"class_list":["post-6918","post","type-post","status-publish","format-standard","has-post-thumbnail","hentry","category-diverse","category-natur","tag-flyfoto","tag-flyfotografering","tag-frna","tag-gjemnessundbrua","tag-haholmen","tag-molde"],"yoast_head":"<!-- This site is optimized with the Yoast SEO plugin v27.1.1 - https:\/\/yoast.com\/product\/yoast-seo-wordpress\/ -->\n<title>Flyfotografering\u239fFlyfoto over Molde, H\u00e5holmen, Atlanterhavsvegen, Fr\u00e6na og Gjemnessundbrua | Terje Aamodt Photography blog<\/title>\n<meta name=\"robots\" content=\"index, follow, max-snippet:-1, max-image-preview:large, max-video-preview:-1\" \/>\n<link rel=\"canonical\" href=\"https:\/\/www.terjeaamodt.com\/blog\/2016\/06\/04\/6918\/\" \/>\n<meta property=\"og:locale\" content=\"nb_NO\" \/>\n<meta property=\"og:type\" content=\"article\" \/>\n<meta property=\"og:title\" content=\"Flyfotografering\u239fFlyfoto over Molde, H\u00e5holmen, Atlanterhavsvegen, Fr\u00e6na og Gjemnessundbrua | Terje Aamodt Photography blog\" \/>\n<meta property=\"og:description\" content=\"Her kommer noen flyfoto fra Molde, \u00a0H\u00e5holmen, Atlanterhavsvegen, Fr\u00e6na og Gjemnessundbrua. Skulle gjerne hatt litt bedre tid til \u00e5 ta bilder, men siden vi hadde det travelt var det her alt jeg rakk for denne gang. Flyfoto over Molde by. I bildet ser du sentrum, Aker stadion og Seilet. Flyfoto over H\u00e5holmen.\u00a0Gleder meg til jeg [&hellip;]\" \/>\n<meta property=\"og:url\" content=\"https:\/\/www.terjeaamodt.com\/blog\/2016\/06\/04\/6918\/\" \/>\n<meta property=\"og:site_name\" content=\"Terje Aamodt Photography blog\" \/>\n<meta property=\"article:publisher\" content=\"https:\/\/www.facebook.com\/Terje-Aamodt-Photography-161544107229708\/?ref=hl\" \/>\n<meta property=\"article:published_time\" content=\"2016-06-04T09:36:00+00:00\" \/>\n<meta property=\"og:image\" content=\"https:\/\/www.terjeaamodt.com\/blog\/wp-content\/uploads\/2016\/06\/04-6918-post\/fyfoto_haholmen_0010-1.jpg\" \/>\n\t<meta property=\"og:image:width\" content=\"960\" \/>\n\t<meta property=\"og:image:height\" content=\"640\" \/>\n\t<meta property=\"og:image:type\" content=\"image\/jpeg\" \/>\n<meta name=\"author\" content=\"Terje Aamodt\" \/>\n<meta name=\"twitter:card\" content=\"summary_large_image\" \/>\n<meta name=\"twitter:creator\" content=\"@aamodtfoto\" \/>\n<meta name=\"twitter:site\" content=\"@aamodtfoto\" \/>\n<meta name=\"twitter:label1\" content=\"Skrevet av\" \/>\n\t<meta name=\"twitter:data1\" content=\"Terje Aamodt\" \/>\n<script type=\"application\/ld+json\" class=\"yoast-schema-graph\">{\"@context\":\"https:\/\/schema.org\",\"@graph\":[{\"@type\":\"Article\",\"@id\":\"https:\/\/www.terjeaamodt.com\/blog\/2016\/06\/04\/6918\/#article\",\"isPartOf\":{\"@id\":\"https:\/\/www.terjeaamodt.com\/blog\/2016\/06\/04\/6918\/\"},\"author\":{\"name\":\"Terje Aamodt\",\"@id\":\"https:\/\/www.terjeaamodt.com\/blog\/#\/schema\/person\/421fe074073d41cf4e17a2aaa426f5bd\"},\"headline\":\"Flyfotografering\u239fFlyfoto over Molde, H\u00e5holmen, Atlanterhavsvegen, Fr\u00e6na og Gjemnessundbrua\",\"datePublished\":\"2016-06-04T09:36:00+00:00\",\"mainEntityOfPage\":{\"@id\":\"https:\/\/www.terjeaamodt.com\/blog\/2016\/06\/04\/6918\/\"},\"wordCount\":100,\"commentCount\":0,\"image\":{\"@id\":\"https:\/\/www.terjeaamodt.com\/blog\/2016\/06\/04\/6918\/#primaryimage\"},\"thumbnailUrl\":\"https:\/\/www.terjeaamodt.com\/blog\/wp-content\/uploads\/2016\/06\/04-6918-post\/fyfoto_haholmen_0010-1.jpg\",\"keywords\":[\"Flyfoto\",\"Flyfotografering\",\"Fr\u00e6na\",\"Gjemnessundbrua\",\"H\u00e5holmen\",\"Molde\"],\"articleSection\":[\"Diverse\",\"Natur\"],\"inLanguage\":\"nb-NO\",\"potentialAction\":[{\"@type\":\"CommentAction\",\"name\":\"Comment\",\"target\":[\"https:\/\/www.terjeaamodt.com\/blog\/2016\/06\/04\/6918\/#respond\"]}]},{\"@type\":\"WebPage\",\"@id\":\"https:\/\/www.terjeaamodt.com\/blog\/2016\/06\/04\/6918\/\",\"url\":\"https:\/\/www.terjeaamodt.com\/blog\/2016\/06\/04\/6918\/\",\"name\":\"Flyfotografering\u239fFlyfoto over Molde, H\u00e5holmen, Atlanterhavsvegen, Fr\u00e6na og Gjemnessundbrua | Terje Aamodt Photography blog\",\"isPartOf\":{\"@id\":\"https:\/\/www.terjeaamodt.com\/blog\/#website\"},\"primaryImageOfPage\":{\"@id\":\"https:\/\/www.terjeaamodt.com\/blog\/2016\/06\/04\/6918\/#primaryimage\"},\"image\":{\"@id\":\"https:\/\/www.terjeaamodt.com\/blog\/2016\/06\/04\/6918\/#primaryimage\"},\"thumbnailUrl\":\"https:\/\/www.terjeaamodt.com\/blog\/wp-content\/uploads\/2016\/06\/04-6918-post\/fyfoto_haholmen_0010-1.jpg\",\"datePublished\":\"2016-06-04T09:36:00+00:00\",\"author\":{\"@id\":\"https:\/\/www.terjeaamodt.com\/blog\/#\/schema\/person\/421fe074073d41cf4e17a2aaa426f5bd\"},\"breadcrumb\":{\"@id\":\"https:\/\/www.terjeaamodt.com\/blog\/2016\/06\/04\/6918\/#breadcrumb\"},\"inLanguage\":\"nb-NO\",\"potentialAction\":[{\"@type\":\"ReadAction\",\"target\":[\"https:\/\/www.terjeaamodt.com\/blog\/2016\/06\/04\/6918\/\"]}]},{\"@type\":\"ImageObject\",\"inLanguage\":\"nb-NO\",\"@id\":\"https:\/\/www.terjeaamodt.com\/blog\/2016\/06\/04\/6918\/#primaryimage\",\"url\":\"https:\/\/www.terjeaamodt.com\/blog\/wp-content\/uploads\/2016\/06\/04-6918-post\/fyfoto_haholmen_0010-1.jpg\",\"contentUrl\":\"https:\/\/www.terjeaamodt.com\/blog\/wp-content\/uploads\/2016\/06\/04-6918-post\/fyfoto_haholmen_0010-1.jpg\",\"width\":960,\"height\":640},{\"@type\":\"BreadcrumbList\",\"@id\":\"https:\/\/www.terjeaamodt.com\/blog\/2016\/06\/04\/6918\/#breadcrumb\",\"itemListElement\":[{\"@type\":\"ListItem\",\"position\":1,\"name\":\"Home\",\"item\":\"https:\/\/www.terjeaamodt.com\/blog\/\"},{\"@type\":\"ListItem\",\"position\":2,\"name\":\"Flyfotografering\u239fFlyfoto over Molde, H\u00e5holmen, Atlanterhavsvegen, Fr\u00e6na og Gjemnessundbrua\"}]},{\"@type\":\"WebSite\",\"@id\":\"https:\/\/www.terjeaamodt.com\/blog\/#website\",\"url\":\"https:\/\/www.terjeaamodt.com\/blog\/\",\"name\":\"Terje Aamodt Photography blog\",\"description\":\"\",\"potentialAction\":[{\"@type\":\"SearchAction\",\"target\":{\"@type\":\"EntryPoint\",\"urlTemplate\":\"https:\/\/www.terjeaamodt.com\/blog\/?s={search_term_string}\"},\"query-input\":{\"@type\":\"PropertyValueSpecification\",\"valueRequired\":true,\"valueName\":\"search_term_string\"}}],\"inLanguage\":\"nb-NO\"},{\"@type\":\"Person\",\"@id\":\"https:\/\/www.terjeaamodt.com\/blog\/#\/schema\/person\/421fe074073d41cf4e17a2aaa426f5bd\",\"name\":\"Terje Aamodt\",\"image\":{\"@type\":\"ImageObject\",\"inLanguage\":\"nb-NO\",\"@id\":\"https:\/\/www.terjeaamodt.com\/blog\/#\/schema\/person\/image\/\",\"url\":\"https:\/\/secure.gravatar.com\/avatar\/42c15fcafccc8dea0466e1f48bbabee5d657af333b66d515f227538e430e6f37?s=96&d=mm&r=g\",\"contentUrl\":\"https:\/\/secure.gravatar.com\/avatar\/42c15fcafccc8dea0466e1f48bbabee5d657af333b66d515f227538e430e6f37?s=96&d=mm&r=g\",\"caption\":\"Terje Aamodt\"},\"description\":\"Terje Aamodt, fotograf og klattrer\",\"sameAs\":[\"http:\/\/www.terjeaamodt.com\"],\"url\":\"https:\/\/www.terjeaamodt.com\/blog\/author\/admin\/\"}]}<\/script>\n<!-- \/ Yoast SEO plugin. -->","yoast_head_json":{"title":"Flyfotografering\u239fFlyfoto over Molde, H\u00e5holmen, Atlanterhavsvegen, Fr\u00e6na og Gjemnessundbrua | Terje Aamodt Photography blog","robots":{"index":"index","follow":"follow","max-snippet":"max-snippet:-1","max-image-preview":"max-image-preview:large","max-video-preview":"max-video-preview:-1"},"canonical":"https:\/\/www.terjeaamodt.com\/blog\/2016\/06\/04\/6918\/","og_locale":"nb_NO","og_type":"article","og_title":"Flyfotografering\u239fFlyfoto over Molde, H\u00e5holmen, Atlanterhavsvegen, Fr\u00e6na og Gjemnessundbrua | Terje Aamodt Photography blog","og_description":"Her kommer noen flyfoto fra Molde, \u00a0H\u00e5holmen, Atlanterhavsvegen, Fr\u00e6na og Gjemnessundbrua. Skulle gjerne hatt litt bedre tid til \u00e5 ta bilder, men siden vi hadde det travelt var det her alt jeg rakk for denne gang. Flyfoto over Molde by. I bildet ser du sentrum, Aker stadion og Seilet. Flyfoto over H\u00e5holmen.\u00a0Gleder meg til jeg [&hellip;]","og_url":"https:\/\/www.terjeaamodt.com\/blog\/2016\/06\/04\/6918\/","og_site_name":"Terje Aamodt Photography blog","article_publisher":"https:\/\/www.facebook.com\/Terje-Aamodt-Photography-161544107229708\/?ref=hl","article_published_time":"2016-06-04T09:36:00+00:00","og_image":[{"width":960,"height":640,"url":"https:\/\/www.terjeaamodt.com\/blog\/wp-content\/uploads\/2016\/06\/04-6918-post\/fyfoto_haholmen_0010-1.jpg","type":"image\/jpeg"}],"author":"Terje Aamodt","twitter_card":"summary_large_image","twitter_creator":"@aamodtfoto","twitter_site":"@aamodtfoto","twitter_misc":{"Skrevet av":"Terje Aamodt"},"schema":{"@context":"https:\/\/schema.org","@graph":[{"@type":"Article","@id":"https:\/\/www.terjeaamodt.com\/blog\/2016\/06\/04\/6918\/#article","isPartOf":{"@id":"https:\/\/www.terjeaamodt.com\/blog\/2016\/06\/04\/6918\/"},"author":{"name":"Terje Aamodt","@id":"https:\/\/www.terjeaamodt.com\/blog\/#\/schema\/person\/421fe074073d41cf4e17a2aaa426f5bd"},"headline":"Flyfotografering\u239fFlyfoto over Molde, H\u00e5holmen, Atlanterhavsvegen, Fr\u00e6na og Gjemnessundbrua","datePublished":"2016-06-04T09:36:00+00:00","mainEntityOfPage":{"@id":"https:\/\/www.terjeaamodt.com\/blog\/2016\/06\/04\/6918\/"},"wordCount":100,"commentCount":0,"image":{"@id":"https:\/\/www.terjeaamodt.com\/blog\/2016\/06\/04\/6918\/#primaryimage"},"thumbnailUrl":"https:\/\/www.terjeaamodt.com\/blog\/wp-content\/uploads\/2016\/06\/04-6918-post\/fyfoto_haholmen_0010-1.jpg","keywords":["Flyfoto","Flyfotografering","Fr\u00e6na","Gjemnessundbrua","H\u00e5holmen","Molde"],"articleSection":["Diverse","Natur"],"inLanguage":"nb-NO","potentialAction":[{"@type":"CommentAction","name":"Comment","target":["https:\/\/www.terjeaamodt.com\/blog\/2016\/06\/04\/6918\/#respond"]}]},{"@type":"WebPage","@id":"https:\/\/www.terjeaamodt.com\/blog\/2016\/06\/04\/6918\/","url":"https:\/\/www.terjeaamodt.com\/blog\/2016\/06\/04\/6918\/","name":"Flyfotografering\u239fFlyfoto over Molde, H\u00e5holmen, Atlanterhavsvegen, Fr\u00e6na og Gjemnessundbrua | Terje Aamodt Photography blog","isPartOf":{"@id":"https:\/\/www.terjeaamodt.com\/blog\/#website"},"primaryImageOfPage":{"@id":"https:\/\/www.terjeaamodt.com\/blog\/2016\/06\/04\/6918\/#primaryimage"},"image":{"@id":"https:\/\/www.terjeaamodt.com\/blog\/2016\/06\/04\/6918\/#primaryimage"},"thumbnailUrl":"https:\/\/www.terjeaamodt.com\/blog\/wp-content\/uploads\/2016\/06\/04-6918-post\/fyfoto_haholmen_0010-1.jpg","datePublished":"2016-06-04T09:36:00+00:00","author":{"@id":"https:\/\/www.terjeaamodt.com\/blog\/#\/schema\/person\/421fe074073d41cf4e17a2aaa426f5bd"},"breadcrumb":{"@id":"https:\/\/www.terjeaamodt.com\/blog\/2016\/06\/04\/6918\/#breadcrumb"},"inLanguage":"nb-NO","potentialAction":[{"@type":"ReadAction","target":["https:\/\/www.terjeaamodt.com\/blog\/2016\/06\/04\/6918\/"]}]},{"@type":"ImageObject","inLanguage":"nb-NO","@id":"https:\/\/www.terjeaamodt.com\/blog\/2016\/06\/04\/6918\/#primaryimage","url":"https:\/\/www.terjeaamodt.com\/blog\/wp-content\/uploads\/2016\/06\/04-6918-post\/fyfoto_haholmen_0010-1.jpg","contentUrl":"https:\/\/www.terjeaamodt.com\/blog\/wp-content\/uploads\/2016\/06\/04-6918-post\/fyfoto_haholmen_0010-1.jpg","width":960,"height":640},{"@type":"BreadcrumbList","@id":"https:\/\/www.terjeaamodt.com\/blog\/2016\/06\/04\/6918\/#breadcrumb","itemListElement":[{"@type":"ListItem","position":1,"name":"Home","item":"https:\/\/www.terjeaamodt.com\/blog\/"},{"@type":"ListItem","position":2,"name":"Flyfotografering\u239fFlyfoto over Molde, H\u00e5holmen, Atlanterhavsvegen, Fr\u00e6na og Gjemnessundbrua"}]},{"@type":"WebSite","@id":"https:\/\/www.terjeaamodt.com\/blog\/#website","url":"https:\/\/www.terjeaamodt.com\/blog\/","name":"Terje Aamodt Photography blog","description":"","potentialAction":[{"@type":"SearchAction","target":{"@type":"EntryPoint","urlTemplate":"https:\/\/www.terjeaamodt.com\/blog\/?s={search_term_string}"},"query-input":{"@type":"PropertyValueSpecification","valueRequired":true,"valueName":"search_term_string"}}],"inLanguage":"nb-NO"},{"@type":"Person","@id":"https:\/\/www.terjeaamodt.com\/blog\/#\/schema\/person\/421fe074073d41cf4e17a2aaa426f5bd","name":"Terje Aamodt","image":{"@type":"ImageObject","inLanguage":"nb-NO","@id":"https:\/\/www.terjeaamodt.com\/blog\/#\/schema\/person\/image\/","url":"https:\/\/secure.gravatar.com\/avatar\/42c15fcafccc8dea0466e1f48bbabee5d657af333b66d515f227538e430e6f37?s=96&d=mm&r=g","contentUrl":"https:\/\/secure.gravatar.com\/avatar\/42c15fcafccc8dea0466e1f48bbabee5d657af333b66d515f227538e430e6f37?s=96&d=mm&r=g","caption":"Terje Aamodt"},"description":"Terje Aamodt, fotograf og klattrer","sameAs":["http:\/\/www.terjeaamodt.com"],"url":"https:\/\/www.terjeaamodt.com\/blog\/author\/admin\/"}]}},"_links":{"self":[{"href":"https:\/\/www.terjeaamodt.com\/blog\/wp-json\/wp\/v2\/posts\/6918","targetHints":{"allow":["GET"]}}],"collection":[{"href":"https:\/\/www.terjeaamodt.com\/blog\/wp-json\/wp\/v2\/posts"}],"about":[{"href":"https:\/\/www.terjeaamodt.com\/blog\/wp-json\/wp\/v2\/types\/post"}],"author":[{"embeddable":true,"href":"https:\/\/www.terjeaamodt.com\/blog\/wp-json\/wp\/v2\/users\/1"}],"replies":[{"embeddable":true,"href":"https:\/\/www.terjeaamodt.com\/blog\/wp-json\/wp\/v2\/comments?post=6918"}],"version-history":[{"count":1,"href":"https:\/\/www.terjeaamodt.com\/blog\/wp-json\/wp\/v2\/posts\/6918\/revisions"}],"predecessor-version":[{"id":6943,"href":"https:\/\/www.terjeaamodt.com\/blog\/wp-json\/wp\/v2\/posts\/6918\/revisions\/6943"}],"wp:featuredmedia":[{"embeddable":true,"href":"https:\/\/www.terjeaamodt.com\/blog\/wp-json\/wp\/v2\/media\/6934"}],"wp:attachment":[{"href":"https:\/\/www.terjeaamodt.com\/blog\/wp-json\/wp\/v2\/media?parent=6918"}],"wp:term":[{"taxonomy":"category","embeddable":true,"href":"https:\/\/www.terjeaamodt.com\/blog\/wp-json\/wp\/v2\/categories?post=6918"},{"taxonomy":"post_tag","embeddable":true,"href":"https:\/\/www.terjeaamodt.com\/blog\/wp-json\/wp\/v2\/tags?post=6918"}],"curies":[{"name":"wp","href":"https:\/\/api.w.org\/{rel}","templated":true}]}}