{"id":6997,"date":"2016-07-11T05:15:40","date_gmt":"2016-07-11T10:15:40","guid":{"rendered":"http:\/\/www.terjeaamodt.com\/blog\/?p=6997"},"modified":"2017-01-23T10:49:45","modified_gmt":"2017-01-23T15:49:45","slug":"en-biltur-fra-molde-til-andalsnes%e2%8e%9fnaturbilder%e2%8e%9fnaturfotograf","status":"publish","type":"post","link":"https:\/\/www.terjeaamodt.com\/blog\/2016\/07\/11\/en-biltur-fra-molde-til-andalsnes%e2%8e%9fnaturbilder%e2%8e%9fnaturfotograf\/","title":{"rendered":"En biltur fra Molde til \u00c5ndalsnes\u239fNaturbilder"},"content":{"rendered":"<p>P\u00e5 vei til bryllup i helga kj\u00f8rte jeg fra Molde til \u00c5ndalsnes. Dette er en tur jeg har kj\u00f8rt utallige ganger men som likevell \u00a0aldri slutter \u00e5 imponere.<\/p>\n<p><img decoding=\"async\" class=\"alignnone size-full wp-image-6998\" src=\"http:\/\/www.terjeaamodt.com\/blog\/wp-content\/uploads\/2016\/07\/11-6997-post\/naturbilde_andalsnes_eidsbygda0001.jpg\" alt=\"naturbilde_andalsnes_eidsbygda0001\" width=\"960\" height=\"640\" srcset=\"https:\/\/www.terjeaamodt.com\/blog\/wp-content\/uploads\/2016\/07\/11-6997-post\/naturbilde_andalsnes_eidsbygda0001.jpg 960w, https:\/\/www.terjeaamodt.com\/blog\/wp-content\/uploads\/2016\/07\/11-6997-post\/naturbilde_andalsnes_eidsbygda0001-300x200.jpg 300w, https:\/\/www.terjeaamodt.com\/blog\/wp-content\/uploads\/2016\/07\/11-6997-post\/naturbilde_andalsnes_eidsbygda0001-768x512.jpg 768w\" sizes=\"(max-width: 960px) 100vw, 960px\" \/><\/p>\n<p>\u00c5ndalsnes med Bl\u00e5nebba,Vengetindene og Romsdalshorn i bakgrunnen.<\/p>\n<p><img decoding=\"async\" class=\"alignnone size-full wp-image-6999\" src=\"http:\/\/www.terjeaamodt.com\/blog\/wp-content\/uploads\/2016\/07\/11-6997-post\/naturbilde_andalsnes_eidsbygda0002.jpg\" alt=\"naturbilde_andalsnes_eidsbygda0002\" width=\"960\" height=\"518\" srcset=\"https:\/\/www.terjeaamodt.com\/blog\/wp-content\/uploads\/2016\/07\/11-6997-post\/naturbilde_andalsnes_eidsbygda0002.jpg 960w, https:\/\/www.terjeaamodt.com\/blog\/wp-content\/uploads\/2016\/07\/11-6997-post\/naturbilde_andalsnes_eidsbygda0002-300x162.jpg 300w, https:\/\/www.terjeaamodt.com\/blog\/wp-content\/uploads\/2016\/07\/11-6997-post\/naturbilde_andalsnes_eidsbygda0002-768x414.jpg 768w\" sizes=\"(max-width: 960px) 100vw, 960px\" \/><img decoding=\"async\" class=\"alignnone size-full wp-image-7000\" src=\"http:\/\/www.terjeaamodt.com\/blog\/wp-content\/uploads\/2016\/07\/11-6997-post\/naturbilde_andalsnes_eidsbygda0003.jpg\" alt=\"naturbilde_andalsnes_eidsbygda0003\" width=\"960\" height=\"641\" srcset=\"https:\/\/www.terjeaamodt.com\/blog\/wp-content\/uploads\/2016\/07\/11-6997-post\/naturbilde_andalsnes_eidsbygda0003.jpg 960w, https:\/\/www.terjeaamodt.com\/blog\/wp-content\/uploads\/2016\/07\/11-6997-post\/naturbilde_andalsnes_eidsbygda0003-300x200.jpg 300w, https:\/\/www.terjeaamodt.com\/blog\/wp-content\/uploads\/2016\/07\/11-6997-post\/naturbilde_andalsnes_eidsbygda0003-768x513.jpg 768w\" sizes=\"(max-width: 960px) 100vw, 960px\" \/><img decoding=\"async\" class=\"alignnone size-full wp-image-7001\" src=\"http:\/\/www.terjeaamodt.com\/blog\/wp-content\/uploads\/2016\/07\/11-6997-post\/naturbilde_andalsnes_eidsbygda0004.jpg\" alt=\"naturbilde_andalsnes_eidsbygda0004\" width=\"960\" height=\"640\" srcset=\"https:\/\/www.terjeaamodt.com\/blog\/wp-content\/uploads\/2016\/07\/11-6997-post\/naturbilde_andalsnes_eidsbygda0004.jpg 960w, https:\/\/www.terjeaamodt.com\/blog\/wp-content\/uploads\/2016\/07\/11-6997-post\/naturbilde_andalsnes_eidsbygda0004-300x200.jpg 300w, https:\/\/www.terjeaamodt.com\/blog\/wp-content\/uploads\/2016\/07\/11-6997-post\/naturbilde_andalsnes_eidsbygda0004-768x512.jpg 768w\" sizes=\"(max-width: 960px) 100vw, 960px\" \/><\/p>\n","protected":false},"excerpt":{"rendered":"<p>P\u00e5 vei til bryllup i helga kj\u00f8rte jeg fra Molde til \u00c5ndalsnes. Dette er en tur jeg har kj\u00f8rt utallige ganger men som likevell \u00a0aldri slutter \u00e5 imponere. \u00c5ndalsnes med Bl\u00e5nebba,Vengetindene og Romsdalshorn i bakgrunnen.<\/p>\n","protected":false},"author":1,"featured_media":6998,"comment_status":"open","ping_status":"open","sticky":false,"template":"","format":"standard","meta":{"footnotes":""},"categories":[9,11],"tags":[82,81,76,367,160],"class_list":["post-6997","post","type-post","status-publish","format-standard","has-post-thumbnail","hentry","category-natur","category-reise","tag-naturbilder","tag-naturfoto","tag-naturfotograf","tag-naturfotograf-norge","tag-naturfotografering"],"yoast_head":"<!-- This site is optimized with the Yoast SEO plugin v27.1.1 - https:\/\/yoast.com\/product\/yoast-seo-wordpress\/ -->\n<title>En biltur fra Molde til \u00c5ndalsnes\u239fNaturbilder | Terje Aamodt Photography blog<\/title>\n<meta name=\"robots\" content=\"index, follow, max-snippet:-1, max-image-preview:large, max-video-preview:-1\" \/>\n<link rel=\"canonical\" href=\"https:\/\/www.terjeaamodt.com\/blog\/2016\/07\/11\/en-biltur-fra-molde-til-andalsnes\u239fnaturbilder\u239fnaturfotograf\/\" \/>\n<meta property=\"og:locale\" content=\"nb_NO\" \/>\n<meta property=\"og:type\" content=\"article\" \/>\n<meta property=\"og:title\" content=\"En biltur fra Molde til \u00c5ndalsnes\u239fNaturbilder | Terje Aamodt Photography blog\" \/>\n<meta property=\"og:description\" content=\"P\u00e5 vei til bryllup i helga kj\u00f8rte jeg fra Molde til \u00c5ndalsnes. Dette er en tur jeg har kj\u00f8rt utallige ganger men som likevell \u00a0aldri slutter \u00e5 imponere. \u00c5ndalsnes med Bl\u00e5nebba,Vengetindene og Romsdalshorn i bakgrunnen.\" \/>\n<meta property=\"og:url\" content=\"https:\/\/www.terjeaamodt.com\/blog\/2016\/07\/11\/en-biltur-fra-molde-til-andalsnes\u239fnaturbilder\u239fnaturfotograf\/\" \/>\n<meta property=\"og:site_name\" content=\"Terje Aamodt Photography blog\" \/>\n<meta property=\"article:publisher\" content=\"https:\/\/www.facebook.com\/Terje-Aamodt-Photography-161544107229708\/?ref=hl\" \/>\n<meta property=\"article:published_time\" content=\"2016-07-11T10:15:40+00:00\" \/>\n<meta property=\"article:modified_time\" content=\"2017-01-23T15:49:45+00:00\" \/>\n<meta property=\"og:image\" content=\"https:\/\/www.terjeaamodt.com\/blog\/wp-content\/uploads\/2016\/07\/11-6997-post\/naturbilde_andalsnes_eidsbygda0001.jpg\" \/>\n\t<meta property=\"og:image:width\" content=\"960\" \/>\n\t<meta property=\"og:image:height\" content=\"640\" \/>\n\t<meta property=\"og:image:type\" content=\"image\/jpeg\" \/>\n<meta name=\"author\" content=\"Terje Aamodt\" \/>\n<meta name=\"twitter:card\" content=\"summary_large_image\" \/>\n<meta name=\"twitter:creator\" content=\"@aamodtfoto\" \/>\n<meta name=\"twitter:site\" content=\"@aamodtfoto\" \/>\n<meta name=\"twitter:label1\" content=\"Skrevet av\" \/>\n\t<meta name=\"twitter:data1\" content=\"Terje Aamodt\" \/>\n<script type=\"application\/ld+json\" class=\"yoast-schema-graph\">{\"@context\":\"https:\/\/schema.org\",\"@graph\":[{\"@type\":\"Article\",\"@id\":\"https:\/\/www.terjeaamodt.com\/blog\/2016\/07\/11\/en-biltur-fra-molde-til-andalsnes%e2%8e%9fnaturbilder%e2%8e%9fnaturfotograf\/#article\",\"isPartOf\":{\"@id\":\"https:\/\/www.terjeaamodt.com\/blog\/2016\/07\/11\/en-biltur-fra-molde-til-andalsnes%e2%8e%9fnaturbilder%e2%8e%9fnaturfotograf\/\"},\"author\":{\"name\":\"Terje Aamodt\",\"@id\":\"https:\/\/www.terjeaamodt.com\/blog\/#\/schema\/person\/421fe074073d41cf4e17a2aaa426f5bd\"},\"headline\":\"En biltur fra Molde til \u00c5ndalsnes\u239fNaturbilder\",\"datePublished\":\"2016-07-11T10:15:40+00:00\",\"dateModified\":\"2017-01-23T15:49:45+00:00\",\"mainEntityOfPage\":{\"@id\":\"https:\/\/www.terjeaamodt.com\/blog\/2016\/07\/11\/en-biltur-fra-molde-til-andalsnes%e2%8e%9fnaturbilder%e2%8e%9fnaturfotograf\/\"},\"wordCount\":45,\"commentCount\":0,\"image\":{\"@id\":\"https:\/\/www.terjeaamodt.com\/blog\/2016\/07\/11\/en-biltur-fra-molde-til-andalsnes%e2%8e%9fnaturbilder%e2%8e%9fnaturfotograf\/#primaryimage\"},\"thumbnailUrl\":\"https:\/\/www.terjeaamodt.com\/blog\/wp-content\/uploads\/2016\/07\/11-6997-post\/naturbilde_andalsnes_eidsbygda0001.jpg\",\"keywords\":[\"Naturbilder\",\"Naturfoto\",\"Naturfotograf\",\"naturfotograf Norge\",\"naturfotografering\"],\"articleSection\":[\"Natur\",\"Reise\"],\"inLanguage\":\"nb-NO\",\"potentialAction\":[{\"@type\":\"CommentAction\",\"name\":\"Comment\",\"target\":[\"https:\/\/www.terjeaamodt.com\/blog\/2016\/07\/11\/en-biltur-fra-molde-til-andalsnes%e2%8e%9fnaturbilder%e2%8e%9fnaturfotograf\/#respond\"]}]},{\"@type\":\"WebPage\",\"@id\":\"https:\/\/www.terjeaamodt.com\/blog\/2016\/07\/11\/en-biltur-fra-molde-til-andalsnes%e2%8e%9fnaturbilder%e2%8e%9fnaturfotograf\/\",\"url\":\"https:\/\/www.terjeaamodt.com\/blog\/2016\/07\/11\/en-biltur-fra-molde-til-andalsnes%e2%8e%9fnaturbilder%e2%8e%9fnaturfotograf\/\",\"name\":\"En biltur fra Molde til \u00c5ndalsnes\u239fNaturbilder | Terje Aamodt Photography blog\",\"isPartOf\":{\"@id\":\"https:\/\/www.terjeaamodt.com\/blog\/#website\"},\"primaryImageOfPage\":{\"@id\":\"https:\/\/www.terjeaamodt.com\/blog\/2016\/07\/11\/en-biltur-fra-molde-til-andalsnes%e2%8e%9fnaturbilder%e2%8e%9fnaturfotograf\/#primaryimage\"},\"image\":{\"@id\":\"https:\/\/www.terjeaamodt.com\/blog\/2016\/07\/11\/en-biltur-fra-molde-til-andalsnes%e2%8e%9fnaturbilder%e2%8e%9fnaturfotograf\/#primaryimage\"},\"thumbnailUrl\":\"https:\/\/www.terjeaamodt.com\/blog\/wp-content\/uploads\/2016\/07\/11-6997-post\/naturbilde_andalsnes_eidsbygda0001.jpg\",\"datePublished\":\"2016-07-11T10:15:40+00:00\",\"dateModified\":\"2017-01-23T15:49:45+00:00\",\"author\":{\"@id\":\"https:\/\/www.terjeaamodt.com\/blog\/#\/schema\/person\/421fe074073d41cf4e17a2aaa426f5bd\"},\"breadcrumb\":{\"@id\":\"https:\/\/www.terjeaamodt.com\/blog\/2016\/07\/11\/en-biltur-fra-molde-til-andalsnes%e2%8e%9fnaturbilder%e2%8e%9fnaturfotograf\/#breadcrumb\"},\"inLanguage\":\"nb-NO\",\"potentialAction\":[{\"@type\":\"ReadAction\",\"target\":[\"https:\/\/www.terjeaamodt.com\/blog\/2016\/07\/11\/en-biltur-fra-molde-til-andalsnes%e2%8e%9fnaturbilder%e2%8e%9fnaturfotograf\/\"]}]},{\"@type\":\"ImageObject\",\"inLanguage\":\"nb-NO\",\"@id\":\"https:\/\/www.terjeaamodt.com\/blog\/2016\/07\/11\/en-biltur-fra-molde-til-andalsnes%e2%8e%9fnaturbilder%e2%8e%9fnaturfotograf\/#primaryimage\",\"url\":\"https:\/\/www.terjeaamodt.com\/blog\/wp-content\/uploads\/2016\/07\/11-6997-post\/naturbilde_andalsnes_eidsbygda0001.jpg\",\"contentUrl\":\"https:\/\/www.terjeaamodt.com\/blog\/wp-content\/uploads\/2016\/07\/11-6997-post\/naturbilde_andalsnes_eidsbygda0001.jpg\",\"width\":960,\"height\":640},{\"@type\":\"BreadcrumbList\",\"@id\":\"https:\/\/www.terjeaamodt.com\/blog\/2016\/07\/11\/en-biltur-fra-molde-til-andalsnes%e2%8e%9fnaturbilder%e2%8e%9fnaturfotograf\/#breadcrumb\",\"itemListElement\":[{\"@type\":\"ListItem\",\"position\":1,\"name\":\"Home\",\"item\":\"https:\/\/www.terjeaamodt.com\/blog\/\"},{\"@type\":\"ListItem\",\"position\":2,\"name\":\"En biltur fra Molde til \u00c5ndalsnes\u239fNaturbilder\"}]},{\"@type\":\"WebSite\",\"@id\":\"https:\/\/www.terjeaamodt.com\/blog\/#website\",\"url\":\"https:\/\/www.terjeaamodt.com\/blog\/\",\"name\":\"Terje Aamodt Photography blog\",\"description\":\"\",\"potentialAction\":[{\"@type\":\"SearchAction\",\"target\":{\"@type\":\"EntryPoint\",\"urlTemplate\":\"https:\/\/www.terjeaamodt.com\/blog\/?s={search_term_string}\"},\"query-input\":{\"@type\":\"PropertyValueSpecification\",\"valueRequired\":true,\"valueName\":\"search_term_string\"}}],\"inLanguage\":\"nb-NO\"},{\"@type\":\"Person\",\"@id\":\"https:\/\/www.terjeaamodt.com\/blog\/#\/schema\/person\/421fe074073d41cf4e17a2aaa426f5bd\",\"name\":\"Terje Aamodt\",\"image\":{\"@type\":\"ImageObject\",\"inLanguage\":\"nb-NO\",\"@id\":\"https:\/\/www.terjeaamodt.com\/blog\/#\/schema\/person\/image\/\",\"url\":\"https:\/\/secure.gravatar.com\/avatar\/42c15fcafccc8dea0466e1f48bbabee5d657af333b66d515f227538e430e6f37?s=96&d=mm&r=g\",\"contentUrl\":\"https:\/\/secure.gravatar.com\/avatar\/42c15fcafccc8dea0466e1f48bbabee5d657af333b66d515f227538e430e6f37?s=96&d=mm&r=g\",\"caption\":\"Terje Aamodt\"},\"description\":\"Terje Aamodt, fotograf og klattrer\",\"sameAs\":[\"http:\/\/www.terjeaamodt.com\"],\"url\":\"https:\/\/www.terjeaamodt.com\/blog\/author\/admin\/\"}]}<\/script>\n<!-- \/ Yoast SEO plugin. -->","yoast_head_json":{"title":"En biltur fra Molde til \u00c5ndalsnes\u239fNaturbilder | Terje Aamodt Photography blog","robots":{"index":"index","follow":"follow","max-snippet":"max-snippet:-1","max-image-preview":"max-image-preview:large","max-video-preview":"max-video-preview:-1"},"canonical":"https:\/\/www.terjeaamodt.com\/blog\/2016\/07\/11\/en-biltur-fra-molde-til-andalsnes\u239fnaturbilder\u239fnaturfotograf\/","og_locale":"nb_NO","og_type":"article","og_title":"En biltur fra Molde til \u00c5ndalsnes\u239fNaturbilder | Terje Aamodt Photography blog","og_description":"P\u00e5 vei til bryllup i helga kj\u00f8rte jeg fra Molde til \u00c5ndalsnes. Dette er en tur jeg har kj\u00f8rt utallige ganger men som likevell \u00a0aldri slutter \u00e5 imponere. \u00c5ndalsnes med Bl\u00e5nebba,Vengetindene og Romsdalshorn i bakgrunnen.","og_url":"https:\/\/www.terjeaamodt.com\/blog\/2016\/07\/11\/en-biltur-fra-molde-til-andalsnes\u239fnaturbilder\u239fnaturfotograf\/","og_site_name":"Terje Aamodt Photography blog","article_publisher":"https:\/\/www.facebook.com\/Terje-Aamodt-Photography-161544107229708\/?ref=hl","article_published_time":"2016-07-11T10:15:40+00:00","article_modified_time":"2017-01-23T15:49:45+00:00","og_image":[{"width":960,"height":640,"url":"https:\/\/www.terjeaamodt.com\/blog\/wp-content\/uploads\/2016\/07\/11-6997-post\/naturbilde_andalsnes_eidsbygda0001.jpg","type":"image\/jpeg"}],"author":"Terje Aamodt","twitter_card":"summary_large_image","twitter_creator":"@aamodtfoto","twitter_site":"@aamodtfoto","twitter_misc":{"Skrevet av":"Terje Aamodt"},"schema":{"@context":"https:\/\/schema.org","@graph":[{"@type":"Article","@id":"https:\/\/www.terjeaamodt.com\/blog\/2016\/07\/11\/en-biltur-fra-molde-til-andalsnes%e2%8e%9fnaturbilder%e2%8e%9fnaturfotograf\/#article","isPartOf":{"@id":"https:\/\/www.terjeaamodt.com\/blog\/2016\/07\/11\/en-biltur-fra-molde-til-andalsnes%e2%8e%9fnaturbilder%e2%8e%9fnaturfotograf\/"},"author":{"name":"Terje Aamodt","@id":"https:\/\/www.terjeaamodt.com\/blog\/#\/schema\/person\/421fe074073d41cf4e17a2aaa426f5bd"},"headline":"En biltur fra Molde til \u00c5ndalsnes\u239fNaturbilder","datePublished":"2016-07-11T10:15:40+00:00","dateModified":"2017-01-23T15:49:45+00:00","mainEntityOfPage":{"@id":"https:\/\/www.terjeaamodt.com\/blog\/2016\/07\/11\/en-biltur-fra-molde-til-andalsnes%e2%8e%9fnaturbilder%e2%8e%9fnaturfotograf\/"},"wordCount":45,"commentCount":0,"image":{"@id":"https:\/\/www.terjeaamodt.com\/blog\/2016\/07\/11\/en-biltur-fra-molde-til-andalsnes%e2%8e%9fnaturbilder%e2%8e%9fnaturfotograf\/#primaryimage"},"thumbnailUrl":"https:\/\/www.terjeaamodt.com\/blog\/wp-content\/uploads\/2016\/07\/11-6997-post\/naturbilde_andalsnes_eidsbygda0001.jpg","keywords":["Naturbilder","Naturfoto","Naturfotograf","naturfotograf Norge","naturfotografering"],"articleSection":["Natur","Reise"],"inLanguage":"nb-NO","potentialAction":[{"@type":"CommentAction","name":"Comment","target":["https:\/\/www.terjeaamodt.com\/blog\/2016\/07\/11\/en-biltur-fra-molde-til-andalsnes%e2%8e%9fnaturbilder%e2%8e%9fnaturfotograf\/#respond"]}]},{"@type":"WebPage","@id":"https:\/\/www.terjeaamodt.com\/blog\/2016\/07\/11\/en-biltur-fra-molde-til-andalsnes%e2%8e%9fnaturbilder%e2%8e%9fnaturfotograf\/","url":"https:\/\/www.terjeaamodt.com\/blog\/2016\/07\/11\/en-biltur-fra-molde-til-andalsnes%e2%8e%9fnaturbilder%e2%8e%9fnaturfotograf\/","name":"En biltur fra Molde til \u00c5ndalsnes\u239fNaturbilder | Terje Aamodt Photography blog","isPartOf":{"@id":"https:\/\/www.terjeaamodt.com\/blog\/#website"},"primaryImageOfPage":{"@id":"https:\/\/www.terjeaamodt.com\/blog\/2016\/07\/11\/en-biltur-fra-molde-til-andalsnes%e2%8e%9fnaturbilder%e2%8e%9fnaturfotograf\/#primaryimage"},"image":{"@id":"https:\/\/www.terjeaamodt.com\/blog\/2016\/07\/11\/en-biltur-fra-molde-til-andalsnes%e2%8e%9fnaturbilder%e2%8e%9fnaturfotograf\/#primaryimage"},"thumbnailUrl":"https:\/\/www.terjeaamodt.com\/blog\/wp-content\/uploads\/2016\/07\/11-6997-post\/naturbilde_andalsnes_eidsbygda0001.jpg","datePublished":"2016-07-11T10:15:40+00:00","dateModified":"2017-01-23T15:49:45+00:00","author":{"@id":"https:\/\/www.terjeaamodt.com\/blog\/#\/schema\/person\/421fe074073d41cf4e17a2aaa426f5bd"},"breadcrumb":{"@id":"https:\/\/www.terjeaamodt.com\/blog\/2016\/07\/11\/en-biltur-fra-molde-til-andalsnes%e2%8e%9fnaturbilder%e2%8e%9fnaturfotograf\/#breadcrumb"},"inLanguage":"nb-NO","potentialAction":[{"@type":"ReadAction","target":["https:\/\/www.terjeaamodt.com\/blog\/2016\/07\/11\/en-biltur-fra-molde-til-andalsnes%e2%8e%9fnaturbilder%e2%8e%9fnaturfotograf\/"]}]},{"@type":"ImageObject","inLanguage":"nb-NO","@id":"https:\/\/www.terjeaamodt.com\/blog\/2016\/07\/11\/en-biltur-fra-molde-til-andalsnes%e2%8e%9fnaturbilder%e2%8e%9fnaturfotograf\/#primaryimage","url":"https:\/\/www.terjeaamodt.com\/blog\/wp-content\/uploads\/2016\/07\/11-6997-post\/naturbilde_andalsnes_eidsbygda0001.jpg","contentUrl":"https:\/\/www.terjeaamodt.com\/blog\/wp-content\/uploads\/2016\/07\/11-6997-post\/naturbilde_andalsnes_eidsbygda0001.jpg","width":960,"height":640},{"@type":"BreadcrumbList","@id":"https:\/\/www.terjeaamodt.com\/blog\/2016\/07\/11\/en-biltur-fra-molde-til-andalsnes%e2%8e%9fnaturbilder%e2%8e%9fnaturfotograf\/#breadcrumb","itemListElement":[{"@type":"ListItem","position":1,"name":"Home","item":"https:\/\/www.terjeaamodt.com\/blog\/"},{"@type":"ListItem","position":2,"name":"En biltur fra Molde til \u00c5ndalsnes\u239fNaturbilder"}]},{"@type":"WebSite","@id":"https:\/\/www.terjeaamodt.com\/blog\/#website","url":"https:\/\/www.terjeaamodt.com\/blog\/","name":"Terje Aamodt Photography blog","description":"","potentialAction":[{"@type":"SearchAction","target":{"@type":"EntryPoint","urlTemplate":"https:\/\/www.terjeaamodt.com\/blog\/?s={search_term_string}"},"query-input":{"@type":"PropertyValueSpecification","valueRequired":true,"valueName":"search_term_string"}}],"inLanguage":"nb-NO"},{"@type":"Person","@id":"https:\/\/www.terjeaamodt.com\/blog\/#\/schema\/person\/421fe074073d41cf4e17a2aaa426f5bd","name":"Terje Aamodt","image":{"@type":"ImageObject","inLanguage":"nb-NO","@id":"https:\/\/www.terjeaamodt.com\/blog\/#\/schema\/person\/image\/","url":"https:\/\/secure.gravatar.com\/avatar\/42c15fcafccc8dea0466e1f48bbabee5d657af333b66d515f227538e430e6f37?s=96&d=mm&r=g","contentUrl":"https:\/\/secure.gravatar.com\/avatar\/42c15fcafccc8dea0466e1f48bbabee5d657af333b66d515f227538e430e6f37?s=96&d=mm&r=g","caption":"Terje Aamodt"},"description":"Terje Aamodt, fotograf og klattrer","sameAs":["http:\/\/www.terjeaamodt.com"],"url":"https:\/\/www.terjeaamodt.com\/blog\/author\/admin\/"}]}},"_links":{"self":[{"href":"https:\/\/www.terjeaamodt.com\/blog\/wp-json\/wp\/v2\/posts\/6997","targetHints":{"allow":["GET"]}}],"collection":[{"href":"https:\/\/www.terjeaamodt.com\/blog\/wp-json\/wp\/v2\/posts"}],"about":[{"href":"https:\/\/www.terjeaamodt.com\/blog\/wp-json\/wp\/v2\/types\/post"}],"author":[{"embeddable":true,"href":"https:\/\/www.terjeaamodt.com\/blog\/wp-json\/wp\/v2\/users\/1"}],"replies":[{"embeddable":true,"href":"https:\/\/www.terjeaamodt.com\/blog\/wp-json\/wp\/v2\/comments?post=6997"}],"version-history":[{"count":2,"href":"https:\/\/www.terjeaamodt.com\/blog\/wp-json\/wp\/v2\/posts\/6997\/revisions"}],"predecessor-version":[{"id":7176,"href":"https:\/\/www.terjeaamodt.com\/blog\/wp-json\/wp\/v2\/posts\/6997\/revisions\/7176"}],"wp:featuredmedia":[{"embeddable":true,"href":"https:\/\/www.terjeaamodt.com\/blog\/wp-json\/wp\/v2\/media\/6998"}],"wp:attachment":[{"href":"https:\/\/www.terjeaamodt.com\/blog\/wp-json\/wp\/v2\/media?parent=6997"}],"wp:term":[{"taxonomy":"category","embeddable":true,"href":"https:\/\/www.terjeaamodt.com\/blog\/wp-json\/wp\/v2\/categories?post=6997"},{"taxonomy":"post_tag","embeddable":true,"href":"https:\/\/www.terjeaamodt.com\/blog\/wp-json\/wp\/v2\/tags?post=6997"}],"curies":[{"name":"wp","href":"https:\/\/api.w.org\/{rel}","templated":true}]}}