{"id":7278,"date":"2017-03-15T05:47:54","date_gmt":"2017-03-15T10:47:54","guid":{"rendered":"http:\/\/www.terjeaamodt.com\/blog\/?p=7278"},"modified":"2017-03-15T05:47:54","modified_gmt":"2017-03-15T10:47:54","slug":"bryllupet-til-lisa-daniel-alesund%e2%8e%9fbryllupsfotograf-alesund","status":"publish","type":"post","link":"https:\/\/www.terjeaamodt.com\/blog\/2017\/03\/15\/bryllupet-til-lisa-daniel-alesund%e2%8e%9fbryllupsfotograf-alesund\/","title":{"rendered":"Bryllupet til Lisa &#038; Daniel i \u00c5lesund\u239fbryllupsfotograf \u00c5lesund"},"content":{"rendered":"<p>I fjor fikk jeg nok en gang gleden av \u00e5 v\u00e6re bryllupsfotograf i \u00c5lesund og for en dag det skulle bli. Etter vielsen i Borgund Kirke kj\u00f8rte vi ut til Molnes for fotosession. V\u00e6ret viste seg fra sin beste side og vi kunne ikke dr\u00f8mt om\u00a0bedre forhold for \u00e5 ta bryllupsbilder en det vi fikk. Sol, lett skydekke og litt vind &#8211; perfekt for \u00e5 f\u00e5 liv i sl\u00f8ret &#8211; er alt jeg kan h\u00e5pe p\u00e5 f\u00f8r en dag med bryllupsfotografering. Etter at vi var ferdig \u00e5 ta bilder tok vi turen til Vardehuset. Veldig stilig var det at de hadde brukt Alice in wonderland som tema for pyntingen og det er lenge siden jeg har sett noe s\u00e5 gjennomf\u00f8rt som det her.<\/p>\n<p>Under kommer noen bilder fra dagen etterfulgt av ett slideshow. Husk \u00e5 sl\u00e5 p\u00e5 fullskjerm \ud83d\ude42<\/p>\n<p><em>Lisa og Daniel; tusen takk for en fantastisk dag sammen. Det var utrolig g\u00f8y\u00a0\u00e5 fotografere bryllupet deres \ud83d\ude42<\/em><\/p>\n<p>&nbsp;<\/p>\n<p><a href=\"http:\/\/www.terjeaamodt.com\"><img decoding=\"async\" class=\"alignnone size-full wp-image-7279\" src=\"http:\/\/www.terjeaamodt.com\/blog\/wp-content\/uploads\/2017\/03\/15-7278-post\/bryllupsbilder_bryllupsfoto_alesund_0080.jpg\" alt=\"\" width=\"960\" height=\"720\" srcset=\"https:\/\/www.terjeaamodt.com\/blog\/wp-content\/uploads\/2017\/03\/15-7278-post\/bryllupsbilder_bryllupsfoto_alesund_0080.jpg 960w, https:\/\/www.terjeaamodt.com\/blog\/wp-content\/uploads\/2017\/03\/15-7278-post\/bryllupsbilder_bryllupsfoto_alesund_0080-300x225.jpg 300w, https:\/\/www.terjeaamodt.com\/blog\/wp-content\/uploads\/2017\/03\/15-7278-post\/bryllupsbilder_bryllupsfoto_alesund_0080-768x576.jpg 768w, https:\/\/www.terjeaamodt.com\/blog\/wp-content\/uploads\/2017\/03\/15-7278-post\/bryllupsbilder_bryllupsfoto_alesund_0080-50x38.jpg 50w\" sizes=\"(max-width: 960px) 100vw, 960px\" \/><\/a> <img decoding=\"async\" class=\"alignnone size-full wp-image-7280\" src=\"http:\/\/www.terjeaamodt.com\/blog\/wp-content\/uploads\/2017\/03\/15-7278-post\/bryllupsbilder_bryllupsfoto_alesund_0081.jpg\" alt=\"\" width=\"960\" height=\"640\" srcset=\"https:\/\/www.terjeaamodt.com\/blog\/wp-content\/uploads\/2017\/03\/15-7278-post\/bryllupsbilder_bryllupsfoto_alesund_0081.jpg 960w, https:\/\/www.terjeaamodt.com\/blog\/wp-content\/uploads\/2017\/03\/15-7278-post\/bryllupsbilder_bryllupsfoto_alesund_0081-300x200.jpg 300w, https:\/\/www.terjeaamodt.com\/blog\/wp-content\/uploads\/2017\/03\/15-7278-post\/bryllupsbilder_bryllupsfoto_alesund_0081-768x512.jpg 768w, https:\/\/www.terjeaamodt.com\/blog\/wp-content\/uploads\/2017\/03\/15-7278-post\/bryllupsbilder_bryllupsfoto_alesund_0081-50x33.jpg 50w\" sizes=\"(max-width: 960px) 100vw, 960px\" \/> <img decoding=\"async\" class=\"alignnone size-full wp-image-7281\" src=\"http:\/\/www.terjeaamodt.com\/blog\/wp-content\/uploads\/2017\/03\/15-7278-post\/bryllupsbilder_bryllupsfoto_alesund_0082.jpg\" alt=\"\" width=\"960\" height=\"641\" srcset=\"https:\/\/www.terjeaamodt.com\/blog\/wp-content\/uploads\/2017\/03\/15-7278-post\/bryllupsbilder_bryllupsfoto_alesund_0082.jpg 960w, https:\/\/www.terjeaamodt.com\/blog\/wp-content\/uploads\/2017\/03\/15-7278-post\/bryllupsbilder_bryllupsfoto_alesund_0082-300x200.jpg 300w, https:\/\/www.terjeaamodt.com\/blog\/wp-content\/uploads\/2017\/03\/15-7278-post\/bryllupsbilder_bryllupsfoto_alesund_0082-768x513.jpg 768w, https:\/\/www.terjeaamodt.com\/blog\/wp-content\/uploads\/2017\/03\/15-7278-post\/bryllupsbilder_bryllupsfoto_alesund_0082-50x33.jpg 50w\" sizes=\"(max-width: 960px) 100vw, 960px\" \/> <img decoding=\"async\" class=\"alignnone size-full wp-image-7282\" src=\"http:\/\/www.terjeaamodt.com\/blog\/wp-content\/uploads\/2017\/03\/15-7278-post\/bryllupsbilder_bryllupsfoto_alesund_0083.jpg\" alt=\"\" width=\"960\" height=\"640\" srcset=\"https:\/\/www.terjeaamodt.com\/blog\/wp-content\/uploads\/2017\/03\/15-7278-post\/bryllupsbilder_bryllupsfoto_alesund_0083.jpg 960w, https:\/\/www.terjeaamodt.com\/blog\/wp-content\/uploads\/2017\/03\/15-7278-post\/bryllupsbilder_bryllupsfoto_alesund_0083-300x200.jpg 300w, https:\/\/www.terjeaamodt.com\/blog\/wp-content\/uploads\/2017\/03\/15-7278-post\/bryllupsbilder_bryllupsfoto_alesund_0083-768x512.jpg 768w, https:\/\/www.terjeaamodt.com\/blog\/wp-content\/uploads\/2017\/03\/15-7278-post\/bryllupsbilder_bryllupsfoto_alesund_0083-50x33.jpg 50w\" sizes=\"(max-width: 960px) 100vw, 960px\" \/> <img decoding=\"async\" class=\"alignnone size-full wp-image-7283\" src=\"http:\/\/www.terjeaamodt.com\/blog\/wp-content\/uploads\/2017\/03\/15-7278-post\/bryllupsbilder_bryllupsfoto_alesund_0084.jpg\" alt=\"\" width=\"960\" height=\"640\" srcset=\"https:\/\/www.terjeaamodt.com\/blog\/wp-content\/uploads\/2017\/03\/15-7278-post\/bryllupsbilder_bryllupsfoto_alesund_0084.jpg 960w, https:\/\/www.terjeaamodt.com\/blog\/wp-content\/uploads\/2017\/03\/15-7278-post\/bryllupsbilder_bryllupsfoto_alesund_0084-300x200.jpg 300w, https:\/\/www.terjeaamodt.com\/blog\/wp-content\/uploads\/2017\/03\/15-7278-post\/bryllupsbilder_bryllupsfoto_alesund_0084-768x512.jpg 768w, https:\/\/www.terjeaamodt.com\/blog\/wp-content\/uploads\/2017\/03\/15-7278-post\/bryllupsbilder_bryllupsfoto_alesund_0084-50x33.jpg 50w\" sizes=\"(max-width: 960px) 100vw, 960px\" \/> <img decoding=\"async\" class=\"alignnone size-full wp-image-7284\" src=\"http:\/\/www.terjeaamodt.com\/blog\/wp-content\/uploads\/2017\/03\/15-7278-post\/bryllupsbilder_bryllupsfoto_alesund_0085.jpg\" alt=\"\" width=\"960\" height=\"640\" srcset=\"https:\/\/www.terjeaamodt.com\/blog\/wp-content\/uploads\/2017\/03\/15-7278-post\/bryllupsbilder_bryllupsfoto_alesund_0085.jpg 960w, https:\/\/www.terjeaamodt.com\/blog\/wp-content\/uploads\/2017\/03\/15-7278-post\/bryllupsbilder_bryllupsfoto_alesund_0085-300x200.jpg 300w, https:\/\/www.terjeaamodt.com\/blog\/wp-content\/uploads\/2017\/03\/15-7278-post\/bryllupsbilder_bryllupsfoto_alesund_0085-768x512.jpg 768w, https:\/\/www.terjeaamodt.com\/blog\/wp-content\/uploads\/2017\/03\/15-7278-post\/bryllupsbilder_bryllupsfoto_alesund_0085-50x33.jpg 50w\" sizes=\"(max-width: 960px) 100vw, 960px\" \/> <img decoding=\"async\" class=\"alignnone size-full wp-image-7285\" src=\"http:\/\/www.terjeaamodt.com\/blog\/wp-content\/uploads\/2017\/03\/15-7278-post\/bryllupsbilder_bryllupsfoto_alesund_0086.jpg\" alt=\"\" width=\"960\" height=\"640\" srcset=\"https:\/\/www.terjeaamodt.com\/blog\/wp-content\/uploads\/2017\/03\/15-7278-post\/bryllupsbilder_bryllupsfoto_alesund_0086.jpg 960w, https:\/\/www.terjeaamodt.com\/blog\/wp-content\/uploads\/2017\/03\/15-7278-post\/bryllupsbilder_bryllupsfoto_alesund_0086-300x200.jpg 300w, https:\/\/www.terjeaamodt.com\/blog\/wp-content\/uploads\/2017\/03\/15-7278-post\/bryllupsbilder_bryllupsfoto_alesund_0086-768x512.jpg 768w, https:\/\/www.terjeaamodt.com\/blog\/wp-content\/uploads\/2017\/03\/15-7278-post\/bryllupsbilder_bryllupsfoto_alesund_0086-50x33.jpg 50w\" sizes=\"(max-width: 960px) 100vw, 960px\" \/> <img decoding=\"async\" class=\"alignnone size-full wp-image-7286\" src=\"http:\/\/www.terjeaamodt.com\/blog\/wp-content\/uploads\/2017\/03\/15-7278-post\/bryllupsbilder_bryllupsfoto_alesund_0087.jpg\" alt=\"\" width=\"960\" height=\"640\" srcset=\"https:\/\/www.terjeaamodt.com\/blog\/wp-content\/uploads\/2017\/03\/15-7278-post\/bryllupsbilder_bryllupsfoto_alesund_0087.jpg 960w, https:\/\/www.terjeaamodt.com\/blog\/wp-content\/uploads\/2017\/03\/15-7278-post\/bryllupsbilder_bryllupsfoto_alesund_0087-300x200.jpg 300w, https:\/\/www.terjeaamodt.com\/blog\/wp-content\/uploads\/2017\/03\/15-7278-post\/bryllupsbilder_bryllupsfoto_alesund_0087-768x512.jpg 768w, https:\/\/www.terjeaamodt.com\/blog\/wp-content\/uploads\/2017\/03\/15-7278-post\/bryllupsbilder_bryllupsfoto_alesund_0087-50x33.jpg 50w\" sizes=\"(max-width: 960px) 100vw, 960px\" \/><\/p>\n<p><iframe loading=\"lazy\" src=\"https:\/\/terje-aamodt-photography.smartslides.com\/lisa-daniel?pt=ed\" width=\"960\" height=\"640\" frameborder=\"0\" allowfullscreen=\"allowfullscreen\"><\/iframe><\/p>\n","protected":false},"excerpt":{"rendered":"<p>I fjor fikk jeg nok en gang gleden av \u00e5 v\u00e6re bryllupsfotograf i \u00c5lesund og for en dag det skulle bli. Etter vielsen i Borgund Kirke kj\u00f8rte vi ut til Molnes for fotosession. V\u00e6ret viste seg fra sin beste side og vi kunne ikke dr\u00f8mt om\u00a0bedre forhold for \u00e5 ta bryllupsbilder en det vi fikk. [&hellip;]<\/p>\n","protected":false},"author":1,"featured_media":7284,"comment_status":"open","ping_status":"open","sticky":false,"template":"","format":"standard","meta":{"footnotes":""},"categories":[3],"tags":[528,640,234,25,19],"class_list":["post-7278","post","type-post","status-publish","format-standard","has-post-thumbnail","hentry","category-bryllup","tag-alesund","tag-bryllup","tag-bryllupsbilder-alesund","tag-bryllupsfoto","tag-bryllupsfotograf"],"yoast_head":"<!-- This site is optimized with the Yoast SEO plugin v27.1.1 - https:\/\/yoast.com\/product\/yoast-seo-wordpress\/ -->\n<title>Bryllupet til Lisa &amp; Daniel i \u00c5lesund\u239fbryllupsfotograf \u00c5lesund | Terje Aamodt Photography blog<\/title>\n<meta name=\"robots\" content=\"index, follow, max-snippet:-1, max-image-preview:large, max-video-preview:-1\" \/>\n<link rel=\"canonical\" href=\"https:\/\/www.terjeaamodt.com\/blog\/2017\/03\/15\/bryllupet-til-lisa-daniel-alesund\u239fbryllupsfotograf-alesund\/\" \/>\n<meta property=\"og:locale\" content=\"nb_NO\" \/>\n<meta property=\"og:type\" content=\"article\" \/>\n<meta property=\"og:title\" content=\"Bryllupet til Lisa &amp; Daniel i \u00c5lesund\u239fbryllupsfotograf \u00c5lesund | Terje Aamodt Photography blog\" \/>\n<meta property=\"og:description\" content=\"I fjor fikk jeg nok en gang gleden av \u00e5 v\u00e6re bryllupsfotograf i \u00c5lesund og for en dag det skulle bli. Etter vielsen i Borgund Kirke kj\u00f8rte vi ut til Molnes for fotosession. V\u00e6ret viste seg fra sin beste side og vi kunne ikke dr\u00f8mt om\u00a0bedre forhold for \u00e5 ta bryllupsbilder en det vi fikk. [&hellip;]\" \/>\n<meta property=\"og:url\" content=\"https:\/\/www.terjeaamodt.com\/blog\/2017\/03\/15\/bryllupet-til-lisa-daniel-alesund\u239fbryllupsfotograf-alesund\/\" \/>\n<meta property=\"og:site_name\" content=\"Terje Aamodt Photography blog\" \/>\n<meta property=\"article:publisher\" content=\"https:\/\/www.facebook.com\/Terje-Aamodt-Photography-161544107229708\/?ref=hl\" \/>\n<meta property=\"article:published_time\" content=\"2017-03-15T10:47:54+00:00\" \/>\n<meta property=\"og:image\" content=\"https:\/\/www.terjeaamodt.com\/blog\/wp-content\/uploads\/2017\/03\/15-7278-post\/bryllupsbilder_bryllupsfoto_alesund_0085.jpg\" \/>\n\t<meta property=\"og:image:width\" content=\"960\" \/>\n\t<meta property=\"og:image:height\" content=\"640\" \/>\n\t<meta property=\"og:image:type\" content=\"image\/jpeg\" \/>\n<meta name=\"author\" content=\"Terje Aamodt\" \/>\n<meta name=\"twitter:card\" content=\"summary_large_image\" \/>\n<meta name=\"twitter:creator\" content=\"@aamodtfoto\" \/>\n<meta name=\"twitter:site\" content=\"@aamodtfoto\" \/>\n<meta name=\"twitter:label1\" content=\"Skrevet av\" \/>\n\t<meta name=\"twitter:data1\" content=\"Terje Aamodt\" \/>\n\t<meta name=\"twitter:label2\" content=\"Ansl. lesetid\" \/>\n\t<meta name=\"twitter:data2\" content=\"1 minutt\" \/>\n<script type=\"application\/ld+json\" class=\"yoast-schema-graph\">{\"@context\":\"https:\/\/schema.org\",\"@graph\":[{\"@type\":\"Article\",\"@id\":\"https:\/\/www.terjeaamodt.com\/blog\/2017\/03\/15\/bryllupet-til-lisa-daniel-alesund%e2%8e%9fbryllupsfotograf-alesund\/#article\",\"isPartOf\":{\"@id\":\"https:\/\/www.terjeaamodt.com\/blog\/2017\/03\/15\/bryllupet-til-lisa-daniel-alesund%e2%8e%9fbryllupsfotograf-alesund\/\"},\"author\":{\"name\":\"Terje Aamodt\",\"@id\":\"https:\/\/www.terjeaamodt.com\/blog\/#\/schema\/person\/421fe074073d41cf4e17a2aaa426f5bd\"},\"headline\":\"Bryllupet til Lisa &#038; Daniel i \u00c5lesund\u239fbryllupsfotograf \u00c5lesund\",\"datePublished\":\"2017-03-15T10:47:54+00:00\",\"mainEntityOfPage\":{\"@id\":\"https:\/\/www.terjeaamodt.com\/blog\/2017\/03\/15\/bryllupet-til-lisa-daniel-alesund%e2%8e%9fbryllupsfotograf-alesund\/\"},\"wordCount\":171,\"commentCount\":0,\"image\":{\"@id\":\"https:\/\/www.terjeaamodt.com\/blog\/2017\/03\/15\/bryllupet-til-lisa-daniel-alesund%e2%8e%9fbryllupsfotograf-alesund\/#primaryimage\"},\"thumbnailUrl\":\"https:\/\/www.terjeaamodt.com\/blog\/wp-content\/uploads\/2017\/03\/15-7278-post\/bryllupsbilder_bryllupsfoto_alesund_0085.jpg\",\"keywords\":[\"\u00e5lesund\",\"Bryllup\",\"bryllupsbilder \u00c5lesund\",\"Bryllupsfoto\",\"Bryllupsfotograf\"],\"articleSection\":[\"Bryllup\"],\"inLanguage\":\"nb-NO\",\"potentialAction\":[{\"@type\":\"CommentAction\",\"name\":\"Comment\",\"target\":[\"https:\/\/www.terjeaamodt.com\/blog\/2017\/03\/15\/bryllupet-til-lisa-daniel-alesund%e2%8e%9fbryllupsfotograf-alesund\/#respond\"]}]},{\"@type\":\"WebPage\",\"@id\":\"https:\/\/www.terjeaamodt.com\/blog\/2017\/03\/15\/bryllupet-til-lisa-daniel-alesund%e2%8e%9fbryllupsfotograf-alesund\/\",\"url\":\"https:\/\/www.terjeaamodt.com\/blog\/2017\/03\/15\/bryllupet-til-lisa-daniel-alesund%e2%8e%9fbryllupsfotograf-alesund\/\",\"name\":\"Bryllupet til Lisa & Daniel i \u00c5lesund\u239fbryllupsfotograf \u00c5lesund | Terje Aamodt Photography blog\",\"isPartOf\":{\"@id\":\"https:\/\/www.terjeaamodt.com\/blog\/#website\"},\"primaryImageOfPage\":{\"@id\":\"https:\/\/www.terjeaamodt.com\/blog\/2017\/03\/15\/bryllupet-til-lisa-daniel-alesund%e2%8e%9fbryllupsfotograf-alesund\/#primaryimage\"},\"image\":{\"@id\":\"https:\/\/www.terjeaamodt.com\/blog\/2017\/03\/15\/bryllupet-til-lisa-daniel-alesund%e2%8e%9fbryllupsfotograf-alesund\/#primaryimage\"},\"thumbnailUrl\":\"https:\/\/www.terjeaamodt.com\/blog\/wp-content\/uploads\/2017\/03\/15-7278-post\/bryllupsbilder_bryllupsfoto_alesund_0085.jpg\",\"datePublished\":\"2017-03-15T10:47:54+00:00\",\"author\":{\"@id\":\"https:\/\/www.terjeaamodt.com\/blog\/#\/schema\/person\/421fe074073d41cf4e17a2aaa426f5bd\"},\"breadcrumb\":{\"@id\":\"https:\/\/www.terjeaamodt.com\/blog\/2017\/03\/15\/bryllupet-til-lisa-daniel-alesund%e2%8e%9fbryllupsfotograf-alesund\/#breadcrumb\"},\"inLanguage\":\"nb-NO\",\"potentialAction\":[{\"@type\":\"ReadAction\",\"target\":[\"https:\/\/www.terjeaamodt.com\/blog\/2017\/03\/15\/bryllupet-til-lisa-daniel-alesund%e2%8e%9fbryllupsfotograf-alesund\/\"]}]},{\"@type\":\"ImageObject\",\"inLanguage\":\"nb-NO\",\"@id\":\"https:\/\/www.terjeaamodt.com\/blog\/2017\/03\/15\/bryllupet-til-lisa-daniel-alesund%e2%8e%9fbryllupsfotograf-alesund\/#primaryimage\",\"url\":\"https:\/\/www.terjeaamodt.com\/blog\/wp-content\/uploads\/2017\/03\/15-7278-post\/bryllupsbilder_bryllupsfoto_alesund_0085.jpg\",\"contentUrl\":\"https:\/\/www.terjeaamodt.com\/blog\/wp-content\/uploads\/2017\/03\/15-7278-post\/bryllupsbilder_bryllupsfoto_alesund_0085.jpg\",\"width\":960,\"height\":640},{\"@type\":\"BreadcrumbList\",\"@id\":\"https:\/\/www.terjeaamodt.com\/blog\/2017\/03\/15\/bryllupet-til-lisa-daniel-alesund%e2%8e%9fbryllupsfotograf-alesund\/#breadcrumb\",\"itemListElement\":[{\"@type\":\"ListItem\",\"position\":1,\"name\":\"Home\",\"item\":\"https:\/\/www.terjeaamodt.com\/blog\/\"},{\"@type\":\"ListItem\",\"position\":2,\"name\":\"Bryllupet til Lisa &#038; Daniel i \u00c5lesund\u239fbryllupsfotograf \u00c5lesund\"}]},{\"@type\":\"WebSite\",\"@id\":\"https:\/\/www.terjeaamodt.com\/blog\/#website\",\"url\":\"https:\/\/www.terjeaamodt.com\/blog\/\",\"name\":\"Terje Aamodt Photography blog\",\"description\":\"\",\"potentialAction\":[{\"@type\":\"SearchAction\",\"target\":{\"@type\":\"EntryPoint\",\"urlTemplate\":\"https:\/\/www.terjeaamodt.com\/blog\/?s={search_term_string}\"},\"query-input\":{\"@type\":\"PropertyValueSpecification\",\"valueRequired\":true,\"valueName\":\"search_term_string\"}}],\"inLanguage\":\"nb-NO\"},{\"@type\":\"Person\",\"@id\":\"https:\/\/www.terjeaamodt.com\/blog\/#\/schema\/person\/421fe074073d41cf4e17a2aaa426f5bd\",\"name\":\"Terje Aamodt\",\"image\":{\"@type\":\"ImageObject\",\"inLanguage\":\"nb-NO\",\"@id\":\"https:\/\/www.terjeaamodt.com\/blog\/#\/schema\/person\/image\/\",\"url\":\"https:\/\/secure.gravatar.com\/avatar\/42c15fcafccc8dea0466e1f48bbabee5d657af333b66d515f227538e430e6f37?s=96&d=mm&r=g\",\"contentUrl\":\"https:\/\/secure.gravatar.com\/avatar\/42c15fcafccc8dea0466e1f48bbabee5d657af333b66d515f227538e430e6f37?s=96&d=mm&r=g\",\"caption\":\"Terje Aamodt\"},\"description\":\"Terje Aamodt, fotograf og klattrer\",\"sameAs\":[\"http:\/\/www.terjeaamodt.com\"],\"url\":\"https:\/\/www.terjeaamodt.com\/blog\/author\/admin\/\"}]}<\/script>\n<!-- \/ Yoast SEO plugin. -->","yoast_head_json":{"title":"Bryllupet til Lisa & Daniel i \u00c5lesund\u239fbryllupsfotograf \u00c5lesund | Terje Aamodt Photography blog","robots":{"index":"index","follow":"follow","max-snippet":"max-snippet:-1","max-image-preview":"max-image-preview:large","max-video-preview":"max-video-preview:-1"},"canonical":"https:\/\/www.terjeaamodt.com\/blog\/2017\/03\/15\/bryllupet-til-lisa-daniel-alesund\u239fbryllupsfotograf-alesund\/","og_locale":"nb_NO","og_type":"article","og_title":"Bryllupet til Lisa & Daniel i \u00c5lesund\u239fbryllupsfotograf \u00c5lesund | Terje Aamodt Photography blog","og_description":"I fjor fikk jeg nok en gang gleden av \u00e5 v\u00e6re bryllupsfotograf i \u00c5lesund og for en dag det skulle bli. Etter vielsen i Borgund Kirke kj\u00f8rte vi ut til Molnes for fotosession. V\u00e6ret viste seg fra sin beste side og vi kunne ikke dr\u00f8mt om\u00a0bedre forhold for \u00e5 ta bryllupsbilder en det vi fikk. [&hellip;]","og_url":"https:\/\/www.terjeaamodt.com\/blog\/2017\/03\/15\/bryllupet-til-lisa-daniel-alesund\u239fbryllupsfotograf-alesund\/","og_site_name":"Terje Aamodt Photography blog","article_publisher":"https:\/\/www.facebook.com\/Terje-Aamodt-Photography-161544107229708\/?ref=hl","article_published_time":"2017-03-15T10:47:54+00:00","og_image":[{"width":960,"height":640,"url":"https:\/\/www.terjeaamodt.com\/blog\/wp-content\/uploads\/2017\/03\/15-7278-post\/bryllupsbilder_bryllupsfoto_alesund_0085.jpg","type":"image\/jpeg"}],"author":"Terje Aamodt","twitter_card":"summary_large_image","twitter_creator":"@aamodtfoto","twitter_site":"@aamodtfoto","twitter_misc":{"Skrevet av":"Terje Aamodt","Ansl. lesetid":"1 minutt"},"schema":{"@context":"https:\/\/schema.org","@graph":[{"@type":"Article","@id":"https:\/\/www.terjeaamodt.com\/blog\/2017\/03\/15\/bryllupet-til-lisa-daniel-alesund%e2%8e%9fbryllupsfotograf-alesund\/#article","isPartOf":{"@id":"https:\/\/www.terjeaamodt.com\/blog\/2017\/03\/15\/bryllupet-til-lisa-daniel-alesund%e2%8e%9fbryllupsfotograf-alesund\/"},"author":{"name":"Terje Aamodt","@id":"https:\/\/www.terjeaamodt.com\/blog\/#\/schema\/person\/421fe074073d41cf4e17a2aaa426f5bd"},"headline":"Bryllupet til Lisa &#038; Daniel i \u00c5lesund\u239fbryllupsfotograf \u00c5lesund","datePublished":"2017-03-15T10:47:54+00:00","mainEntityOfPage":{"@id":"https:\/\/www.terjeaamodt.com\/blog\/2017\/03\/15\/bryllupet-til-lisa-daniel-alesund%e2%8e%9fbryllupsfotograf-alesund\/"},"wordCount":171,"commentCount":0,"image":{"@id":"https:\/\/www.terjeaamodt.com\/blog\/2017\/03\/15\/bryllupet-til-lisa-daniel-alesund%e2%8e%9fbryllupsfotograf-alesund\/#primaryimage"},"thumbnailUrl":"https:\/\/www.terjeaamodt.com\/blog\/wp-content\/uploads\/2017\/03\/15-7278-post\/bryllupsbilder_bryllupsfoto_alesund_0085.jpg","keywords":["\u00e5lesund","Bryllup","bryllupsbilder \u00c5lesund","Bryllupsfoto","Bryllupsfotograf"],"articleSection":["Bryllup"],"inLanguage":"nb-NO","potentialAction":[{"@type":"CommentAction","name":"Comment","target":["https:\/\/www.terjeaamodt.com\/blog\/2017\/03\/15\/bryllupet-til-lisa-daniel-alesund%e2%8e%9fbryllupsfotograf-alesund\/#respond"]}]},{"@type":"WebPage","@id":"https:\/\/www.terjeaamodt.com\/blog\/2017\/03\/15\/bryllupet-til-lisa-daniel-alesund%e2%8e%9fbryllupsfotograf-alesund\/","url":"https:\/\/www.terjeaamodt.com\/blog\/2017\/03\/15\/bryllupet-til-lisa-daniel-alesund%e2%8e%9fbryllupsfotograf-alesund\/","name":"Bryllupet til Lisa & Daniel i \u00c5lesund\u239fbryllupsfotograf \u00c5lesund | Terje Aamodt Photography blog","isPartOf":{"@id":"https:\/\/www.terjeaamodt.com\/blog\/#website"},"primaryImageOfPage":{"@id":"https:\/\/www.terjeaamodt.com\/blog\/2017\/03\/15\/bryllupet-til-lisa-daniel-alesund%e2%8e%9fbryllupsfotograf-alesund\/#primaryimage"},"image":{"@id":"https:\/\/www.terjeaamodt.com\/blog\/2017\/03\/15\/bryllupet-til-lisa-daniel-alesund%e2%8e%9fbryllupsfotograf-alesund\/#primaryimage"},"thumbnailUrl":"https:\/\/www.terjeaamodt.com\/blog\/wp-content\/uploads\/2017\/03\/15-7278-post\/bryllupsbilder_bryllupsfoto_alesund_0085.jpg","datePublished":"2017-03-15T10:47:54+00:00","author":{"@id":"https:\/\/www.terjeaamodt.com\/blog\/#\/schema\/person\/421fe074073d41cf4e17a2aaa426f5bd"},"breadcrumb":{"@id":"https:\/\/www.terjeaamodt.com\/blog\/2017\/03\/15\/bryllupet-til-lisa-daniel-alesund%e2%8e%9fbryllupsfotograf-alesund\/#breadcrumb"},"inLanguage":"nb-NO","potentialAction":[{"@type":"ReadAction","target":["https:\/\/www.terjeaamodt.com\/blog\/2017\/03\/15\/bryllupet-til-lisa-daniel-alesund%e2%8e%9fbryllupsfotograf-alesund\/"]}]},{"@type":"ImageObject","inLanguage":"nb-NO","@id":"https:\/\/www.terjeaamodt.com\/blog\/2017\/03\/15\/bryllupet-til-lisa-daniel-alesund%e2%8e%9fbryllupsfotograf-alesund\/#primaryimage","url":"https:\/\/www.terjeaamodt.com\/blog\/wp-content\/uploads\/2017\/03\/15-7278-post\/bryllupsbilder_bryllupsfoto_alesund_0085.jpg","contentUrl":"https:\/\/www.terjeaamodt.com\/blog\/wp-content\/uploads\/2017\/03\/15-7278-post\/bryllupsbilder_bryllupsfoto_alesund_0085.jpg","width":960,"height":640},{"@type":"BreadcrumbList","@id":"https:\/\/www.terjeaamodt.com\/blog\/2017\/03\/15\/bryllupet-til-lisa-daniel-alesund%e2%8e%9fbryllupsfotograf-alesund\/#breadcrumb","itemListElement":[{"@type":"ListItem","position":1,"name":"Home","item":"https:\/\/www.terjeaamodt.com\/blog\/"},{"@type":"ListItem","position":2,"name":"Bryllupet til Lisa &#038; Daniel i \u00c5lesund\u239fbryllupsfotograf \u00c5lesund"}]},{"@type":"WebSite","@id":"https:\/\/www.terjeaamodt.com\/blog\/#website","url":"https:\/\/www.terjeaamodt.com\/blog\/","name":"Terje Aamodt Photography blog","description":"","potentialAction":[{"@type":"SearchAction","target":{"@type":"EntryPoint","urlTemplate":"https:\/\/www.terjeaamodt.com\/blog\/?s={search_term_string}"},"query-input":{"@type":"PropertyValueSpecification","valueRequired":true,"valueName":"search_term_string"}}],"inLanguage":"nb-NO"},{"@type":"Person","@id":"https:\/\/www.terjeaamodt.com\/blog\/#\/schema\/person\/421fe074073d41cf4e17a2aaa426f5bd","name":"Terje Aamodt","image":{"@type":"ImageObject","inLanguage":"nb-NO","@id":"https:\/\/www.terjeaamodt.com\/blog\/#\/schema\/person\/image\/","url":"https:\/\/secure.gravatar.com\/avatar\/42c15fcafccc8dea0466e1f48bbabee5d657af333b66d515f227538e430e6f37?s=96&d=mm&r=g","contentUrl":"https:\/\/secure.gravatar.com\/avatar\/42c15fcafccc8dea0466e1f48bbabee5d657af333b66d515f227538e430e6f37?s=96&d=mm&r=g","caption":"Terje Aamodt"},"description":"Terje Aamodt, fotograf og klattrer","sameAs":["http:\/\/www.terjeaamodt.com"],"url":"https:\/\/www.terjeaamodt.com\/blog\/author\/admin\/"}]}},"_links":{"self":[{"href":"https:\/\/www.terjeaamodt.com\/blog\/wp-json\/wp\/v2\/posts\/7278","targetHints":{"allow":["GET"]}}],"collection":[{"href":"https:\/\/www.terjeaamodt.com\/blog\/wp-json\/wp\/v2\/posts"}],"about":[{"href":"https:\/\/www.terjeaamodt.com\/blog\/wp-json\/wp\/v2\/types\/post"}],"author":[{"embeddable":true,"href":"https:\/\/www.terjeaamodt.com\/blog\/wp-json\/wp\/v2\/users\/1"}],"replies":[{"embeddable":true,"href":"https:\/\/www.terjeaamodt.com\/blog\/wp-json\/wp\/v2\/comments?post=7278"}],"version-history":[{"count":1,"href":"https:\/\/www.terjeaamodt.com\/blog\/wp-json\/wp\/v2\/posts\/7278\/revisions"}],"predecessor-version":[{"id":7287,"href":"https:\/\/www.terjeaamodt.com\/blog\/wp-json\/wp\/v2\/posts\/7278\/revisions\/7287"}],"wp:featuredmedia":[{"embeddable":true,"href":"https:\/\/www.terjeaamodt.com\/blog\/wp-json\/wp\/v2\/media\/7284"}],"wp:attachment":[{"href":"https:\/\/www.terjeaamodt.com\/blog\/wp-json\/wp\/v2\/media?parent=7278"}],"wp:term":[{"taxonomy":"category","embeddable":true,"href":"https:\/\/www.terjeaamodt.com\/blog\/wp-json\/wp\/v2\/categories?post=7278"},{"taxonomy":"post_tag","embeddable":true,"href":"https:\/\/www.terjeaamodt.com\/blog\/wp-json\/wp\/v2\/tags?post=7278"}],"curies":[{"name":"wp","href":"https:\/\/api.w.org\/{rel}","templated":true}]}}