{"id":7320,"date":"2017-06-21T07:40:13","date_gmt":"2017-06-21T12:40:13","guid":{"rendered":"http:\/\/www.terjeaamodt.com\/blog\/?p=7320"},"modified":"2017-06-21T07:43:40","modified_gmt":"2017-06-21T12:43:40","slug":"bryllup-pa-vianvang%e2%8e%9ftore-kristina","status":"publish","type":"post","link":"https:\/\/www.terjeaamodt.com\/blog\/2017\/06\/21\/bryllup-pa-vianvang%e2%8e%9ftore-kristina\/","title":{"rendered":"Bryllup p\u00e5 Vianvang\u239fTore &#038; Kristina"},"content":{"rendered":"<p>Tore og Kristina giftet seg i fjor sommer og jeg og Maja fikk gleden av av \u00e5 v\u00e6re med til <a href=\"http:\/\/www.brimiland.no\/vianvang\/\">Vianvang<\/a> og Brimiland for \u00e5 forevige dagen deres. En finere ramme for \u00e5 feire bryllup skal du lete lenge etter og det ble en opplevelse for oss\u00a0bare \u00e5 f\u00e5 v\u00e6re der sammen med de.<\/p>\n<p>Under har jeg satt sammen ett slideshow fra dagen deres.<\/p>\n<p>Tusen takk Tore og Kristina for at jeg fikk v\u00e6re med og dele den store dagen med dere. \u00d8nsker dere alt hell og lykke til med fremtiden.<\/p>\n<style>.ss-embed-container {position:relative; padding-bottom:640px; height:0; overflow:hidden; max-width:960px} .ss-embed-container iframe {position:absolute; top:0;left:0; width:100%!important; height:100%!important;} <\/style>\n<div class=\"ss-embed-container\"><iframe loading=\"lazy\" src=\"https:\/\/terje-aamodt-photography.smartslides.com\/tore-kristina?pt=ed\" width=\"300\" height=\"150\" frameborder=\"0\" allowfullscreen=\"allowfullscreen\"><\/iframe><\/div>\n<p>PS: Anbefales \u00e5 se slideshowet stort \ud83d\ude42<\/p>\n<p>&nbsp;<\/p>\n<div id=\"attachment_7325\" style=\"width: 970px\" class=\"wp-caption alignnone\"><img decoding=\"async\" aria-describedby=\"caption-attachment-7325\" class=\"size-full wp-image-7325\" src=\"http:\/\/www.terjeaamodt.com\/blog\/wp-content\/uploads\/2017\/06\/21-7320-post\/bryllup_vianvang_brimiland_0082-1.jpg\" alt=\"\" width=\"960\" height=\"640\" srcset=\"https:\/\/www.terjeaamodt.com\/blog\/wp-content\/uploads\/2017\/06\/21-7320-post\/bryllup_vianvang_brimiland_0082-1.jpg 960w, https:\/\/www.terjeaamodt.com\/blog\/wp-content\/uploads\/2017\/06\/21-7320-post\/bryllup_vianvang_brimiland_0082-1-300x200.jpg 300w, https:\/\/www.terjeaamodt.com\/blog\/wp-content\/uploads\/2017\/06\/21-7320-post\/bryllup_vianvang_brimiland_0082-1-768x512.jpg 768w, https:\/\/www.terjeaamodt.com\/blog\/wp-content\/uploads\/2017\/06\/21-7320-post\/bryllup_vianvang_brimiland_0082-1-50x33.jpg 50w\" sizes=\"(max-width: 960px) 100vw, 960px\" \/><p id=\"caption-attachment-7325\" class=\"wp-caption-text\">ew<\/p><\/div>\n<p><img decoding=\"async\" class=\"alignnone size-full wp-image-7326\" src=\"http:\/\/www.terjeaamodt.com\/blog\/wp-content\/uploads\/2017\/06\/21-7320-post\/bryllup_vianvang_brimiland_0083-1.jpg\" alt=\"\" width=\"960\" height=\"640\" srcset=\"https:\/\/www.terjeaamodt.com\/blog\/wp-content\/uploads\/2017\/06\/21-7320-post\/bryllup_vianvang_brimiland_0083-1.jpg 960w, https:\/\/www.terjeaamodt.com\/blog\/wp-content\/uploads\/2017\/06\/21-7320-post\/bryllup_vianvang_brimiland_0083-1-300x200.jpg 300w, https:\/\/www.terjeaamodt.com\/blog\/wp-content\/uploads\/2017\/06\/21-7320-post\/bryllup_vianvang_brimiland_0083-1-768x512.jpg 768w, https:\/\/www.terjeaamodt.com\/blog\/wp-content\/uploads\/2017\/06\/21-7320-post\/bryllup_vianvang_brimiland_0083-1-50x33.jpg 50w\" sizes=\"(max-width: 960px) 100vw, 960px\" \/><img decoding=\"async\" class=\"alignnone size-full wp-image-7327\" src=\"http:\/\/www.terjeaamodt.com\/blog\/wp-content\/uploads\/2017\/06\/21-7320-post\/bryllup_vianvang_brimiland_0084-1.jpg\" alt=\"\" width=\"960\" height=\"640\" srcset=\"https:\/\/www.terjeaamodt.com\/blog\/wp-content\/uploads\/2017\/06\/21-7320-post\/bryllup_vianvang_brimiland_0084-1.jpg 960w, https:\/\/www.terjeaamodt.com\/blog\/wp-content\/uploads\/2017\/06\/21-7320-post\/bryllup_vianvang_brimiland_0084-1-300x200.jpg 300w, https:\/\/www.terjeaamodt.com\/blog\/wp-content\/uploads\/2017\/06\/21-7320-post\/bryllup_vianvang_brimiland_0084-1-768x512.jpg 768w, https:\/\/www.terjeaamodt.com\/blog\/wp-content\/uploads\/2017\/06\/21-7320-post\/bryllup_vianvang_brimiland_0084-1-50x33.jpg 50w\" sizes=\"(max-width: 960px) 100vw, 960px\" \/><img decoding=\"async\" class=\"alignnone size-full wp-image-7328\" src=\"http:\/\/www.terjeaamodt.com\/blog\/wp-content\/uploads\/2017\/06\/21-7320-post\/bryllup_vianvang_brimiland_0085-1.jpg\" alt=\"\" width=\"960\" height=\"640\" srcset=\"https:\/\/www.terjeaamodt.com\/blog\/wp-content\/uploads\/2017\/06\/21-7320-post\/bryllup_vianvang_brimiland_0085-1.jpg 960w, https:\/\/www.terjeaamodt.com\/blog\/wp-content\/uploads\/2017\/06\/21-7320-post\/bryllup_vianvang_brimiland_0085-1-300x200.jpg 300w, https:\/\/www.terjeaamodt.com\/blog\/wp-content\/uploads\/2017\/06\/21-7320-post\/bryllup_vianvang_brimiland_0085-1-768x512.jpg 768w, https:\/\/www.terjeaamodt.com\/blog\/wp-content\/uploads\/2017\/06\/21-7320-post\/bryllup_vianvang_brimiland_0085-1-50x33.jpg 50w\" sizes=\"(max-width: 960px) 100vw, 960px\" \/><img decoding=\"async\" class=\"alignnone size-full wp-image-7329\" src=\"http:\/\/www.terjeaamodt.com\/blog\/wp-content\/uploads\/2017\/06\/21-7320-post\/bryllup_vianvang_brimiland_0086.jpg\" alt=\"\" width=\"960\" height=\"640\" srcset=\"https:\/\/www.terjeaamodt.com\/blog\/wp-content\/uploads\/2017\/06\/21-7320-post\/bryllup_vianvang_brimiland_0086.jpg 960w, https:\/\/www.terjeaamodt.com\/blog\/wp-content\/uploads\/2017\/06\/21-7320-post\/bryllup_vianvang_brimiland_0086-300x200.jpg 300w, https:\/\/www.terjeaamodt.com\/blog\/wp-content\/uploads\/2017\/06\/21-7320-post\/bryllup_vianvang_brimiland_0086-768x512.jpg 768w, https:\/\/www.terjeaamodt.com\/blog\/wp-content\/uploads\/2017\/06\/21-7320-post\/bryllup_vianvang_brimiland_0086-50x33.jpg 50w\" sizes=\"(max-width: 960px) 100vw, 960px\" \/><img decoding=\"async\" class=\"alignnone size-full wp-image-7330\" src=\"http:\/\/www.terjeaamodt.com\/blog\/wp-content\/uploads\/2017\/06\/21-7320-post\/bryllup_vianvang_brimiland_0087.jpg\" alt=\"\" width=\"960\" height=\"640\" srcset=\"https:\/\/www.terjeaamodt.com\/blog\/wp-content\/uploads\/2017\/06\/21-7320-post\/bryllup_vianvang_brimiland_0087.jpg 960w, https:\/\/www.terjeaamodt.com\/blog\/wp-content\/uploads\/2017\/06\/21-7320-post\/bryllup_vianvang_brimiland_0087-300x200.jpg 300w, https:\/\/www.terjeaamodt.com\/blog\/wp-content\/uploads\/2017\/06\/21-7320-post\/bryllup_vianvang_brimiland_0087-768x512.jpg 768w, https:\/\/www.terjeaamodt.com\/blog\/wp-content\/uploads\/2017\/06\/21-7320-post\/bryllup_vianvang_brimiland_0087-50x33.jpg 50w\" sizes=\"(max-width: 960px) 100vw, 960px\" \/><img decoding=\"async\" class=\"alignnone size-full wp-image-7331\" src=\"http:\/\/www.terjeaamodt.com\/blog\/wp-content\/uploads\/2017\/06\/21-7320-post\/bryllup_vianvang_brimiland_0088.jpg\" alt=\"\" width=\"960\" height=\"640\" srcset=\"https:\/\/www.terjeaamodt.com\/blog\/wp-content\/uploads\/2017\/06\/21-7320-post\/bryllup_vianvang_brimiland_0088.jpg 960w, https:\/\/www.terjeaamodt.com\/blog\/wp-content\/uploads\/2017\/06\/21-7320-post\/bryllup_vianvang_brimiland_0088-300x200.jpg 300w, https:\/\/www.terjeaamodt.com\/blog\/wp-content\/uploads\/2017\/06\/21-7320-post\/bryllup_vianvang_brimiland_0088-768x512.jpg 768w, https:\/\/www.terjeaamodt.com\/blog\/wp-content\/uploads\/2017\/06\/21-7320-post\/bryllup_vianvang_brimiland_0088-50x33.jpg 50w\" sizes=\"(max-width: 960px) 100vw, 960px\" \/><img decoding=\"async\" class=\"alignnone size-full wp-image-7332\" src=\"http:\/\/www.terjeaamodt.com\/blog\/wp-content\/uploads\/2017\/06\/21-7320-post\/bryllup_vianvang_brimiland_0089.jpg\" alt=\"\" width=\"960\" height=\"640\" srcset=\"https:\/\/www.terjeaamodt.com\/blog\/wp-content\/uploads\/2017\/06\/21-7320-post\/bryllup_vianvang_brimiland_0089.jpg 960w, https:\/\/www.terjeaamodt.com\/blog\/wp-content\/uploads\/2017\/06\/21-7320-post\/bryllup_vianvang_brimiland_0089-300x200.jpg 300w, https:\/\/www.terjeaamodt.com\/blog\/wp-content\/uploads\/2017\/06\/21-7320-post\/bryllup_vianvang_brimiland_0089-768x512.jpg 768w, https:\/\/www.terjeaamodt.com\/blog\/wp-content\/uploads\/2017\/06\/21-7320-post\/bryllup_vianvang_brimiland_0089-50x33.jpg 50w\" sizes=\"(max-width: 960px) 100vw, 960px\" \/><img decoding=\"async\" class=\"alignnone size-full wp-image-7333\" src=\"http:\/\/www.terjeaamodt.com\/blog\/wp-content\/uploads\/2017\/06\/21-7320-post\/bryllup_vianvang_brimiland_0090.jpg\" alt=\"\" width=\"960\" height=\"640\" srcset=\"https:\/\/www.terjeaamodt.com\/blog\/wp-content\/uploads\/2017\/06\/21-7320-post\/bryllup_vianvang_brimiland_0090.jpg 960w, https:\/\/www.terjeaamodt.com\/blog\/wp-content\/uploads\/2017\/06\/21-7320-post\/bryllup_vianvang_brimiland_0090-300x200.jpg 300w, https:\/\/www.terjeaamodt.com\/blog\/wp-content\/uploads\/2017\/06\/21-7320-post\/bryllup_vianvang_brimiland_0090-768x512.jpg 768w, https:\/\/www.terjeaamodt.com\/blog\/wp-content\/uploads\/2017\/06\/21-7320-post\/bryllup_vianvang_brimiland_0090-50x33.jpg 50w\" sizes=\"(max-width: 960px) 100vw, 960px\" \/><img decoding=\"async\" class=\"alignnone size-full wp-image-7334\" src=\"http:\/\/www.terjeaamodt.com\/blog\/wp-content\/uploads\/2017\/06\/21-7320-post\/bryllup_vianvang_brimiland_0091.jpg\" alt=\"\" width=\"960\" height=\"640\" srcset=\"https:\/\/www.terjeaamodt.com\/blog\/wp-content\/uploads\/2017\/06\/21-7320-post\/bryllup_vianvang_brimiland_0091.jpg 960w, https:\/\/www.terjeaamodt.com\/blog\/wp-content\/uploads\/2017\/06\/21-7320-post\/bryllup_vianvang_brimiland_0091-300x200.jpg 300w, https:\/\/www.terjeaamodt.com\/blog\/wp-content\/uploads\/2017\/06\/21-7320-post\/bryllup_vianvang_brimiland_0091-768x512.jpg 768w, https:\/\/www.terjeaamodt.com\/blog\/wp-content\/uploads\/2017\/06\/21-7320-post\/bryllup_vianvang_brimiland_0091-50x33.jpg 50w\" sizes=\"(max-width: 960px) 100vw, 960px\" \/><img decoding=\"async\" class=\"alignnone size-full wp-image-7335\" src=\"http:\/\/www.terjeaamodt.com\/blog\/wp-content\/uploads\/2017\/06\/21-7320-post\/bryllup_vianvang_brimiland_0092.jpg\" alt=\"\" width=\"960\" height=\"640\" srcset=\"https:\/\/www.terjeaamodt.com\/blog\/wp-content\/uploads\/2017\/06\/21-7320-post\/bryllup_vianvang_brimiland_0092.jpg 960w, https:\/\/www.terjeaamodt.com\/blog\/wp-content\/uploads\/2017\/06\/21-7320-post\/bryllup_vianvang_brimiland_0092-300x200.jpg 300w, https:\/\/www.terjeaamodt.com\/blog\/wp-content\/uploads\/2017\/06\/21-7320-post\/bryllup_vianvang_brimiland_0092-768x512.jpg 768w, https:\/\/www.terjeaamodt.com\/blog\/wp-content\/uploads\/2017\/06\/21-7320-post\/bryllup_vianvang_brimiland_0092-50x33.jpg 50w\" sizes=\"(max-width: 960px) 100vw, 960px\" \/><img decoding=\"async\" class=\"alignnone size-full wp-image-7336\" src=\"http:\/\/www.terjeaamodt.com\/blog\/wp-content\/uploads\/2017\/06\/21-7320-post\/bryllup_vianvang_brimiland_0093.jpg\" alt=\"\" width=\"960\" height=\"640\" srcset=\"https:\/\/www.terjeaamodt.com\/blog\/wp-content\/uploads\/2017\/06\/21-7320-post\/bryllup_vianvang_brimiland_0093.jpg 960w, https:\/\/www.terjeaamodt.com\/blog\/wp-content\/uploads\/2017\/06\/21-7320-post\/bryllup_vianvang_brimiland_0093-300x200.jpg 300w, https:\/\/www.terjeaamodt.com\/blog\/wp-content\/uploads\/2017\/06\/21-7320-post\/bryllup_vianvang_brimiland_0093-768x512.jpg 768w, https:\/\/www.terjeaamodt.com\/blog\/wp-content\/uploads\/2017\/06\/21-7320-post\/bryllup_vianvang_brimiland_0093-50x33.jpg 50w\" sizes=\"(max-width: 960px) 100vw, 960px\" \/><img decoding=\"async\" class=\"alignnone size-full wp-image-7337\" src=\"http:\/\/www.terjeaamodt.com\/blog\/wp-content\/uploads\/2017\/06\/21-7320-post\/bryllup_vianvang_brimiland_0094.jpg\" alt=\"\" width=\"960\" height=\"640\" srcset=\"https:\/\/www.terjeaamodt.com\/blog\/wp-content\/uploads\/2017\/06\/21-7320-post\/bryllup_vianvang_brimiland_0094.jpg 960w, https:\/\/www.terjeaamodt.com\/blog\/wp-content\/uploads\/2017\/06\/21-7320-post\/bryllup_vianvang_brimiland_0094-300x200.jpg 300w, https:\/\/www.terjeaamodt.com\/blog\/wp-content\/uploads\/2017\/06\/21-7320-post\/bryllup_vianvang_brimiland_0094-768x512.jpg 768w, https:\/\/www.terjeaamodt.com\/blog\/wp-content\/uploads\/2017\/06\/21-7320-post\/bryllup_vianvang_brimiland_0094-50x33.jpg 50w\" sizes=\"(max-width: 960px) 100vw, 960px\" \/><img decoding=\"async\" class=\"alignnone size-full wp-image-7338\" src=\"http:\/\/www.terjeaamodt.com\/blog\/wp-content\/uploads\/2017\/06\/21-7320-post\/bryllup_vianvang_brimiland_0095.jpg\" alt=\"\" width=\"960\" height=\"640\" srcset=\"https:\/\/www.terjeaamodt.com\/blog\/wp-content\/uploads\/2017\/06\/21-7320-post\/bryllup_vianvang_brimiland_0095.jpg 960w, https:\/\/www.terjeaamodt.com\/blog\/wp-content\/uploads\/2017\/06\/21-7320-post\/bryllup_vianvang_brimiland_0095-300x200.jpg 300w, https:\/\/www.terjeaamodt.com\/blog\/wp-content\/uploads\/2017\/06\/21-7320-post\/bryllup_vianvang_brimiland_0095-768x512.jpg 768w, https:\/\/www.terjeaamodt.com\/blog\/wp-content\/uploads\/2017\/06\/21-7320-post\/bryllup_vianvang_brimiland_0095-50x33.jpg 50w\" sizes=\"(max-width: 960px) 100vw, 960px\" \/><img decoding=\"async\" class=\"alignnone size-full wp-image-7339\" src=\"http:\/\/www.terjeaamodt.com\/blog\/wp-content\/uploads\/2017\/06\/21-7320-post\/bryllup_vianvang_brimiland_0096.jpg\" alt=\"\" width=\"960\" height=\"640\" srcset=\"https:\/\/www.terjeaamodt.com\/blog\/wp-content\/uploads\/2017\/06\/21-7320-post\/bryllup_vianvang_brimiland_0096.jpg 960w, https:\/\/www.terjeaamodt.com\/blog\/wp-content\/uploads\/2017\/06\/21-7320-post\/bryllup_vianvang_brimiland_0096-300x200.jpg 300w, https:\/\/www.terjeaamodt.com\/blog\/wp-content\/uploads\/2017\/06\/21-7320-post\/bryllup_vianvang_brimiland_0096-768x512.jpg 768w, https:\/\/www.terjeaamodt.com\/blog\/wp-content\/uploads\/2017\/06\/21-7320-post\/bryllup_vianvang_brimiland_0096-50x33.jpg 50w\" sizes=\"(max-width: 960px) 100vw, 960px\" \/><\/p>\n","protected":false},"excerpt":{"rendered":"<p>Tore og Kristina giftet seg i fjor sommer og jeg og Maja fikk gleden av av \u00e5 v\u00e6re med til Vianvang og Brimiland for \u00e5 forevige dagen deres. En finere ramme for \u00e5 feire bryllup skal du lete lenge etter og det ble en opplevelse for oss\u00a0bare \u00e5 f\u00e5 v\u00e6re der sammen med de. Under [&hellip;]<\/p>\n","protected":false},"author":1,"featured_media":0,"comment_status":"open","ping_status":"open","sticky":false,"template":"","format":"standard","meta":{"footnotes":""},"categories":[1],"tags":[],"class_list":["post-7320","post","type-post","status-publish","format-standard","hentry","category-uncategorized"],"yoast_head":"<!-- This site is optimized with the Yoast SEO plugin v27.1.1 - https:\/\/yoast.com\/product\/yoast-seo-wordpress\/ -->\n<title>Bryllup p\u00e5 Vianvang\u239fTore &amp; Kristina | Terje Aamodt Photography blog<\/title>\n<meta name=\"robots\" content=\"index, follow, max-snippet:-1, max-image-preview:large, max-video-preview:-1\" \/>\n<link rel=\"canonical\" href=\"https:\/\/www.terjeaamodt.com\/blog\/2017\/06\/21\/bryllup-pa-vianvang\u239ftore-kristina\/\" \/>\n<meta property=\"og:locale\" content=\"nb_NO\" \/>\n<meta property=\"og:type\" content=\"article\" \/>\n<meta property=\"og:title\" content=\"Bryllup p\u00e5 Vianvang\u239fTore &amp; Kristina | Terje Aamodt Photography blog\" \/>\n<meta property=\"og:description\" content=\"Tore og Kristina giftet seg i fjor sommer og jeg og Maja fikk gleden av av \u00e5 v\u00e6re med til Vianvang og Brimiland for \u00e5 forevige dagen deres. En finere ramme for \u00e5 feire bryllup skal du lete lenge etter og det ble en opplevelse for oss\u00a0bare \u00e5 f\u00e5 v\u00e6re der sammen med de. Under [&hellip;]\" \/>\n<meta property=\"og:url\" content=\"https:\/\/www.terjeaamodt.com\/blog\/2017\/06\/21\/bryllup-pa-vianvang\u239ftore-kristina\/\" \/>\n<meta property=\"og:site_name\" content=\"Terje Aamodt Photography blog\" \/>\n<meta property=\"article:publisher\" content=\"https:\/\/www.facebook.com\/Terje-Aamodt-Photography-161544107229708\/?ref=hl\" \/>\n<meta property=\"article:published_time\" content=\"2017-06-21T12:40:13+00:00\" \/>\n<meta property=\"article:modified_time\" content=\"2017-06-21T12:43:40+00:00\" \/>\n<meta property=\"og:image\" content=\"http:\/\/www.terjeaamodt.com\/blog\/wp-content\/uploads\/2017\/06\/21-7320-post\/bryllup_vianvang_brimiland_0082-1.jpg\" \/>\n<meta name=\"author\" content=\"Terje Aamodt\" \/>\n<meta name=\"twitter:card\" content=\"summary_large_image\" \/>\n<meta name=\"twitter:creator\" content=\"@aamodtfoto\" \/>\n<meta name=\"twitter:site\" content=\"@aamodtfoto\" \/>\n<meta name=\"twitter:label1\" content=\"Skrevet av\" \/>\n\t<meta name=\"twitter:data1\" content=\"Terje Aamodt\" \/>\n\t<meta name=\"twitter:label2\" content=\"Ansl. lesetid\" \/>\n\t<meta name=\"twitter:data2\" content=\"1 minutt\" \/>\n<script type=\"application\/ld+json\" class=\"yoast-schema-graph\">{\"@context\":\"https:\/\/schema.org\",\"@graph\":[{\"@type\":\"Article\",\"@id\":\"https:\/\/www.terjeaamodt.com\/blog\/2017\/06\/21\/bryllup-pa-vianvang%e2%8e%9ftore-kristina\/#article\",\"isPartOf\":{\"@id\":\"https:\/\/www.terjeaamodt.com\/blog\/2017\/06\/21\/bryllup-pa-vianvang%e2%8e%9ftore-kristina\/\"},\"author\":{\"name\":\"Terje Aamodt\",\"@id\":\"https:\/\/www.terjeaamodt.com\/blog\/#\/schema\/person\/421fe074073d41cf4e17a2aaa426f5bd\"},\"headline\":\"Bryllup p\u00e5 Vianvang\u239fTore &#038; Kristina\",\"datePublished\":\"2017-06-21T12:40:13+00:00\",\"dateModified\":\"2017-06-21T12:43:40+00:00\",\"mainEntityOfPage\":{\"@id\":\"https:\/\/www.terjeaamodt.com\/blog\/2017\/06\/21\/bryllup-pa-vianvang%e2%8e%9ftore-kristina\/\"},\"wordCount\":111,\"commentCount\":0,\"image\":{\"@id\":\"https:\/\/www.terjeaamodt.com\/blog\/2017\/06\/21\/bryllup-pa-vianvang%e2%8e%9ftore-kristina\/#primaryimage\"},\"thumbnailUrl\":\"http:\/\/www.terjeaamodt.com\/blog\/wp-content\/uploads\/2017\/06\/21-7320-post\/bryllup_vianvang_brimiland_0082-1.jpg\",\"articleSection\":[\"Uncategorized\"],\"inLanguage\":\"nb-NO\",\"potentialAction\":[{\"@type\":\"CommentAction\",\"name\":\"Comment\",\"target\":[\"https:\/\/www.terjeaamodt.com\/blog\/2017\/06\/21\/bryllup-pa-vianvang%e2%8e%9ftore-kristina\/#respond\"]}]},{\"@type\":\"WebPage\",\"@id\":\"https:\/\/www.terjeaamodt.com\/blog\/2017\/06\/21\/bryllup-pa-vianvang%e2%8e%9ftore-kristina\/\",\"url\":\"https:\/\/www.terjeaamodt.com\/blog\/2017\/06\/21\/bryllup-pa-vianvang%e2%8e%9ftore-kristina\/\",\"name\":\"Bryllup p\u00e5 Vianvang\u239fTore & Kristina | Terje Aamodt Photography blog\",\"isPartOf\":{\"@id\":\"https:\/\/www.terjeaamodt.com\/blog\/#website\"},\"primaryImageOfPage\":{\"@id\":\"https:\/\/www.terjeaamodt.com\/blog\/2017\/06\/21\/bryllup-pa-vianvang%e2%8e%9ftore-kristina\/#primaryimage\"},\"image\":{\"@id\":\"https:\/\/www.terjeaamodt.com\/blog\/2017\/06\/21\/bryllup-pa-vianvang%e2%8e%9ftore-kristina\/#primaryimage\"},\"thumbnailUrl\":\"http:\/\/www.terjeaamodt.com\/blog\/wp-content\/uploads\/2017\/06\/21-7320-post\/bryllup_vianvang_brimiland_0082-1.jpg\",\"datePublished\":\"2017-06-21T12:40:13+00:00\",\"dateModified\":\"2017-06-21T12:43:40+00:00\",\"author\":{\"@id\":\"https:\/\/www.terjeaamodt.com\/blog\/#\/schema\/person\/421fe074073d41cf4e17a2aaa426f5bd\"},\"breadcrumb\":{\"@id\":\"https:\/\/www.terjeaamodt.com\/blog\/2017\/06\/21\/bryllup-pa-vianvang%e2%8e%9ftore-kristina\/#breadcrumb\"},\"inLanguage\":\"nb-NO\",\"potentialAction\":[{\"@type\":\"ReadAction\",\"target\":[\"https:\/\/www.terjeaamodt.com\/blog\/2017\/06\/21\/bryllup-pa-vianvang%e2%8e%9ftore-kristina\/\"]}]},{\"@type\":\"ImageObject\",\"inLanguage\":\"nb-NO\",\"@id\":\"https:\/\/www.terjeaamodt.com\/blog\/2017\/06\/21\/bryllup-pa-vianvang%e2%8e%9ftore-kristina\/#primaryimage\",\"url\":\"http:\/\/www.terjeaamodt.com\/blog\/wp-content\/uploads\/2017\/06\/21-7320-post\/bryllup_vianvang_brimiland_0082-1.jpg\",\"contentUrl\":\"http:\/\/www.terjeaamodt.com\/blog\/wp-content\/uploads\/2017\/06\/21-7320-post\/bryllup_vianvang_brimiland_0082-1.jpg\"},{\"@type\":\"BreadcrumbList\",\"@id\":\"https:\/\/www.terjeaamodt.com\/blog\/2017\/06\/21\/bryllup-pa-vianvang%e2%8e%9ftore-kristina\/#breadcrumb\",\"itemListElement\":[{\"@type\":\"ListItem\",\"position\":1,\"name\":\"Home\",\"item\":\"https:\/\/www.terjeaamodt.com\/blog\/\"},{\"@type\":\"ListItem\",\"position\":2,\"name\":\"Bryllup p\u00e5 Vianvang\u239fTore &#038; Kristina\"}]},{\"@type\":\"WebSite\",\"@id\":\"https:\/\/www.terjeaamodt.com\/blog\/#website\",\"url\":\"https:\/\/www.terjeaamodt.com\/blog\/\",\"name\":\"Terje Aamodt Photography blog\",\"description\":\"\",\"potentialAction\":[{\"@type\":\"SearchAction\",\"target\":{\"@type\":\"EntryPoint\",\"urlTemplate\":\"https:\/\/www.terjeaamodt.com\/blog\/?s={search_term_string}\"},\"query-input\":{\"@type\":\"PropertyValueSpecification\",\"valueRequired\":true,\"valueName\":\"search_term_string\"}}],\"inLanguage\":\"nb-NO\"},{\"@type\":\"Person\",\"@id\":\"https:\/\/www.terjeaamodt.com\/blog\/#\/schema\/person\/421fe074073d41cf4e17a2aaa426f5bd\",\"name\":\"Terje Aamodt\",\"image\":{\"@type\":\"ImageObject\",\"inLanguage\":\"nb-NO\",\"@id\":\"https:\/\/www.terjeaamodt.com\/blog\/#\/schema\/person\/image\/\",\"url\":\"https:\/\/secure.gravatar.com\/avatar\/42c15fcafccc8dea0466e1f48bbabee5d657af333b66d515f227538e430e6f37?s=96&d=mm&r=g\",\"contentUrl\":\"https:\/\/secure.gravatar.com\/avatar\/42c15fcafccc8dea0466e1f48bbabee5d657af333b66d515f227538e430e6f37?s=96&d=mm&r=g\",\"caption\":\"Terje Aamodt\"},\"description\":\"Terje Aamodt, fotograf og klattrer\",\"sameAs\":[\"http:\/\/www.terjeaamodt.com\"],\"url\":\"https:\/\/www.terjeaamodt.com\/blog\/author\/admin\/\"}]}<\/script>\n<!-- \/ Yoast SEO plugin. -->","yoast_head_json":{"title":"Bryllup p\u00e5 Vianvang\u239fTore & Kristina | Terje Aamodt Photography blog","robots":{"index":"index","follow":"follow","max-snippet":"max-snippet:-1","max-image-preview":"max-image-preview:large","max-video-preview":"max-video-preview:-1"},"canonical":"https:\/\/www.terjeaamodt.com\/blog\/2017\/06\/21\/bryllup-pa-vianvang\u239ftore-kristina\/","og_locale":"nb_NO","og_type":"article","og_title":"Bryllup p\u00e5 Vianvang\u239fTore & Kristina | Terje Aamodt Photography blog","og_description":"Tore og Kristina giftet seg i fjor sommer og jeg og Maja fikk gleden av av \u00e5 v\u00e6re med til Vianvang og Brimiland for \u00e5 forevige dagen deres. En finere ramme for \u00e5 feire bryllup skal du lete lenge etter og det ble en opplevelse for oss\u00a0bare \u00e5 f\u00e5 v\u00e6re der sammen med de. Under [&hellip;]","og_url":"https:\/\/www.terjeaamodt.com\/blog\/2017\/06\/21\/bryllup-pa-vianvang\u239ftore-kristina\/","og_site_name":"Terje Aamodt Photography blog","article_publisher":"https:\/\/www.facebook.com\/Terje-Aamodt-Photography-161544107229708\/?ref=hl","article_published_time":"2017-06-21T12:40:13+00:00","article_modified_time":"2017-06-21T12:43:40+00:00","og_image":[{"url":"http:\/\/www.terjeaamodt.com\/blog\/wp-content\/uploads\/2017\/06\/21-7320-post\/bryllup_vianvang_brimiland_0082-1.jpg","type":"","width":"","height":""}],"author":"Terje Aamodt","twitter_card":"summary_large_image","twitter_creator":"@aamodtfoto","twitter_site":"@aamodtfoto","twitter_misc":{"Skrevet av":"Terje Aamodt","Ansl. lesetid":"1 minutt"},"schema":{"@context":"https:\/\/schema.org","@graph":[{"@type":"Article","@id":"https:\/\/www.terjeaamodt.com\/blog\/2017\/06\/21\/bryllup-pa-vianvang%e2%8e%9ftore-kristina\/#article","isPartOf":{"@id":"https:\/\/www.terjeaamodt.com\/blog\/2017\/06\/21\/bryllup-pa-vianvang%e2%8e%9ftore-kristina\/"},"author":{"name":"Terje Aamodt","@id":"https:\/\/www.terjeaamodt.com\/blog\/#\/schema\/person\/421fe074073d41cf4e17a2aaa426f5bd"},"headline":"Bryllup p\u00e5 Vianvang\u239fTore &#038; Kristina","datePublished":"2017-06-21T12:40:13+00:00","dateModified":"2017-06-21T12:43:40+00:00","mainEntityOfPage":{"@id":"https:\/\/www.terjeaamodt.com\/blog\/2017\/06\/21\/bryllup-pa-vianvang%e2%8e%9ftore-kristina\/"},"wordCount":111,"commentCount":0,"image":{"@id":"https:\/\/www.terjeaamodt.com\/blog\/2017\/06\/21\/bryllup-pa-vianvang%e2%8e%9ftore-kristina\/#primaryimage"},"thumbnailUrl":"http:\/\/www.terjeaamodt.com\/blog\/wp-content\/uploads\/2017\/06\/21-7320-post\/bryllup_vianvang_brimiland_0082-1.jpg","articleSection":["Uncategorized"],"inLanguage":"nb-NO","potentialAction":[{"@type":"CommentAction","name":"Comment","target":["https:\/\/www.terjeaamodt.com\/blog\/2017\/06\/21\/bryllup-pa-vianvang%e2%8e%9ftore-kristina\/#respond"]}]},{"@type":"WebPage","@id":"https:\/\/www.terjeaamodt.com\/blog\/2017\/06\/21\/bryllup-pa-vianvang%e2%8e%9ftore-kristina\/","url":"https:\/\/www.terjeaamodt.com\/blog\/2017\/06\/21\/bryllup-pa-vianvang%e2%8e%9ftore-kristina\/","name":"Bryllup p\u00e5 Vianvang\u239fTore & Kristina | Terje Aamodt Photography blog","isPartOf":{"@id":"https:\/\/www.terjeaamodt.com\/blog\/#website"},"primaryImageOfPage":{"@id":"https:\/\/www.terjeaamodt.com\/blog\/2017\/06\/21\/bryllup-pa-vianvang%e2%8e%9ftore-kristina\/#primaryimage"},"image":{"@id":"https:\/\/www.terjeaamodt.com\/blog\/2017\/06\/21\/bryllup-pa-vianvang%e2%8e%9ftore-kristina\/#primaryimage"},"thumbnailUrl":"http:\/\/www.terjeaamodt.com\/blog\/wp-content\/uploads\/2017\/06\/21-7320-post\/bryllup_vianvang_brimiland_0082-1.jpg","datePublished":"2017-06-21T12:40:13+00:00","dateModified":"2017-06-21T12:43:40+00:00","author":{"@id":"https:\/\/www.terjeaamodt.com\/blog\/#\/schema\/person\/421fe074073d41cf4e17a2aaa426f5bd"},"breadcrumb":{"@id":"https:\/\/www.terjeaamodt.com\/blog\/2017\/06\/21\/bryllup-pa-vianvang%e2%8e%9ftore-kristina\/#breadcrumb"},"inLanguage":"nb-NO","potentialAction":[{"@type":"ReadAction","target":["https:\/\/www.terjeaamodt.com\/blog\/2017\/06\/21\/bryllup-pa-vianvang%e2%8e%9ftore-kristina\/"]}]},{"@type":"ImageObject","inLanguage":"nb-NO","@id":"https:\/\/www.terjeaamodt.com\/blog\/2017\/06\/21\/bryllup-pa-vianvang%e2%8e%9ftore-kristina\/#primaryimage","url":"http:\/\/www.terjeaamodt.com\/blog\/wp-content\/uploads\/2017\/06\/21-7320-post\/bryllup_vianvang_brimiland_0082-1.jpg","contentUrl":"http:\/\/www.terjeaamodt.com\/blog\/wp-content\/uploads\/2017\/06\/21-7320-post\/bryllup_vianvang_brimiland_0082-1.jpg"},{"@type":"BreadcrumbList","@id":"https:\/\/www.terjeaamodt.com\/blog\/2017\/06\/21\/bryllup-pa-vianvang%e2%8e%9ftore-kristina\/#breadcrumb","itemListElement":[{"@type":"ListItem","position":1,"name":"Home","item":"https:\/\/www.terjeaamodt.com\/blog\/"},{"@type":"ListItem","position":2,"name":"Bryllup p\u00e5 Vianvang\u239fTore &#038; Kristina"}]},{"@type":"WebSite","@id":"https:\/\/www.terjeaamodt.com\/blog\/#website","url":"https:\/\/www.terjeaamodt.com\/blog\/","name":"Terje Aamodt Photography blog","description":"","potentialAction":[{"@type":"SearchAction","target":{"@type":"EntryPoint","urlTemplate":"https:\/\/www.terjeaamodt.com\/blog\/?s={search_term_string}"},"query-input":{"@type":"PropertyValueSpecification","valueRequired":true,"valueName":"search_term_string"}}],"inLanguage":"nb-NO"},{"@type":"Person","@id":"https:\/\/www.terjeaamodt.com\/blog\/#\/schema\/person\/421fe074073d41cf4e17a2aaa426f5bd","name":"Terje Aamodt","image":{"@type":"ImageObject","inLanguage":"nb-NO","@id":"https:\/\/www.terjeaamodt.com\/blog\/#\/schema\/person\/image\/","url":"https:\/\/secure.gravatar.com\/avatar\/42c15fcafccc8dea0466e1f48bbabee5d657af333b66d515f227538e430e6f37?s=96&d=mm&r=g","contentUrl":"https:\/\/secure.gravatar.com\/avatar\/42c15fcafccc8dea0466e1f48bbabee5d657af333b66d515f227538e430e6f37?s=96&d=mm&r=g","caption":"Terje Aamodt"},"description":"Terje Aamodt, fotograf og klattrer","sameAs":["http:\/\/www.terjeaamodt.com"],"url":"https:\/\/www.terjeaamodt.com\/blog\/author\/admin\/"}]}},"_links":{"self":[{"href":"https:\/\/www.terjeaamodt.com\/blog\/wp-json\/wp\/v2\/posts\/7320","targetHints":{"allow":["GET"]}}],"collection":[{"href":"https:\/\/www.terjeaamodt.com\/blog\/wp-json\/wp\/v2\/posts"}],"about":[{"href":"https:\/\/www.terjeaamodt.com\/blog\/wp-json\/wp\/v2\/types\/post"}],"author":[{"embeddable":true,"href":"https:\/\/www.terjeaamodt.com\/blog\/wp-json\/wp\/v2\/users\/1"}],"replies":[{"embeddable":true,"href":"https:\/\/www.terjeaamodt.com\/blog\/wp-json\/wp\/v2\/comments?post=7320"}],"version-history":[{"count":3,"href":"https:\/\/www.terjeaamodt.com\/blog\/wp-json\/wp\/v2\/posts\/7320\/revisions"}],"predecessor-version":[{"id":7342,"href":"https:\/\/www.terjeaamodt.com\/blog\/wp-json\/wp\/v2\/posts\/7320\/revisions\/7342"}],"wp:attachment":[{"href":"https:\/\/www.terjeaamodt.com\/blog\/wp-json\/wp\/v2\/media?parent=7320"}],"wp:term":[{"taxonomy":"category","embeddable":true,"href":"https:\/\/www.terjeaamodt.com\/blog\/wp-json\/wp\/v2\/categories?post=7320"},{"taxonomy":"post_tag","embeddable":true,"href":"https:\/\/www.terjeaamodt.com\/blog\/wp-json\/wp\/v2\/tags?post=7320"}],"curies":[{"name":"wp","href":"https:\/\/api.w.org\/{rel}","templated":true}]}}